{"id":122007,"date":"2023-02-28T21:36:58","date_gmt":"2023-03-01T04:36:58","guid":{"rendered":"https:\/\/nbcs.mx\/?p=122007"},"modified":"2023-02-28T21:36:58","modified_gmt":"2023-03-01T04:36:58","slug":"presentan-a-gobernador-victor-castro-cosio-analisis-de-politicas-y-acciones-que-fortalecen-trabajo-en-comunidades","status":"publish","type":"post","link":"https:\/\/nbcs.mx\/?p=122007","title":{"rendered":"Presentan a gobernador V\u00edctor Castro Cos\u00edo, an\u00e1lisis de pol\u00edticas y acciones que fortalecen trabajo en comunidades"},"content":{"rendered":"<p style=\"font-weight: 400; text-align: justify;\"><img loading=\"lazy\" decoding=\"async\" class=\" wp-image-122008 alignleft\" src=\"https:\/\/nbcs.mx\/wp-content\/uploads\/2023\/02\/FOTO-BOLETIN-692-ANALISIS-POLITICAS-738x492.jpg\" alt=\"\" width=\"323\" height=\"215\" \/>El gobernador del estado, V\u00edctor Castro Cos\u00edo, asisti\u00f3 a la presentaci\u00f3n del an\u00e1lisis de intervenci\u00f3n comunitaria, con el objetivo de orientar las pol\u00edticas y acciones del gobierno hacia el fortalecimiento en la integraci\u00f3n de comunidades, trabajando de manera coordinada con principios y valores como la gratitud, solidaridad y fraternidad .<\/p>\n<p style=\"font-weight: 400; text-align: justify;\">\n<p style=\"font-weight: 400; text-align: justify;\">La presentaci\u00f3n fue impartida por el maestro Alejandro Rojas, quien es experto en el tema; durante su intervenci\u00f3n, resalt\u00f3 la importancia de involucrar a la ciudadan\u00eda en la toma de decisiones y en la implementaci\u00f3n de soluciones efectivas, atendiendo los compromisos contemplados en el Plan Estatal de Desarrollo 2021-2027, el cual define el compromiso de ofrecer mejores oportunidades y condiciones de vida a las y los sudcalifornianos, a trav\u00e9s de un progreso econ\u00f3mico sostenible y un desarrollo social incluyente.<\/p>\n<p style=\"font-weight: 400; text-align: justify;\">\n<p style=\"font-weight: 400; text-align: justify;\">Acompa\u00f1ado por la presidenta honor\u00edfica del sistema estatal DIF, Patricia L\u00f3pez Navarro, por funcionarios estatales y municipales, as\u00ed como por diputados integrantes de la legislatura local, la alcaldesa de La Paz, Milena Quiroga, los titulares de las instituciones de educaci\u00f3n superior en la entidad y participantes de los tres \u00f3rdenes de gobierno v\u00eda zoom, el Mandatario sudcaliforniano destac\u00f3 la participaci\u00f3n del maestro Alejandro Rojas, porque es necesario tener mayor conocimiento sobre este importante tema, pues no se debe perder de vista que esta transformaci\u00f3n trabaja por los que m\u00e1s lo necesitan.<\/p>\n<p style=\"font-weight: 400; text-align: justify;\">\n<p style=\"font-weight: 400; text-align: justify;\">\u201cNo tendr\u00eda sentido s\u00f3lo ocupar un puesto si no se tiene el sentido de servir, de acercar el Gobierno a quienes m\u00e1s necesitan de sus autoridades. Lo principal es atender a la gente, hay que entender para qu\u00e9 y para qui\u00e9nes trabajamos\u201d, reiter\u00f3 durante la reuni\u00f3n sostenida en la sala de Gobernadores de Palacio de Gobierno.<\/p>\n<p style=\"font-weight: 400; text-align: justify;\">\n<p style=\"font-weight: 400; text-align: justify;\">Castro Cos\u00edo convoc\u00f3 a los presentes a seguir fortaleciendo la esperanza, a reavivar los principios de no mentir, no robar y no traicionar al pueblo y tener una autocr\u00edtica permanente, el trabajo decente y la entrega.<\/p>\n<p style=\"font-weight: 400; text-align: justify;\">\n<p style=\"font-weight: 400; text-align: justify;\">\u201cNo dejar a nadie atr\u00e1s, no dejar a nadie fuera, es prop\u00f3sito prioritario de este gobierno\u00bb, puntualiz\u00f3.<\/p>\n","protected":false},"excerpt":{"rendered":"<p>El gobernador del estado, V\u00edctor Castro Cos\u00edo, asisti\u00f3 a la presentaci\u00f3n del an\u00e1lisis de intervenci\u00f3n comunitaria, con el objetivo de<\/p>\n","protected":false},"author":1,"featured_media":0,"comment_status":"open","ping_status":"closed","sticky":false,"template":"","format":"standard","meta":{"colormag_page_container_layout":"default_layout","colormag_page_sidebar_layout":"default_layout","_jetpack_newsletter_access":"","_jetpack_dont_email_post_to_subs":false,"_jetpack_newsletter_tier_id":0,"_jetpack_memberships_contains_paywalled_content":false,"_jetpack_feature_clip_id":0,"_jetpack_memberships_contains_paid_content":false,"footnotes":"","jetpack_publicize_message":"","jetpack_publicize_feature_enabled":true,"jetpack_social_post_already_shared":true,"jetpack_social_options":{"image_generator_settings":{"template":"highway","default_image_id":0,"font":"","enabled":false},"version":2},"jetpack_post_was_ever_published":false},"categories":[1],"tags":[],"class_list":["post-122007","post","type-post","status-publish","format-standard","hentry","category-noticias"],"yoast_head":"<!-- This site is optimized with the Yoast SEO plugin v28.4 - https:\/\/yoast.com\/product\/yoast-seo-wordpress\/ -->\n<title>Presentan a gobernador V\u00edctor Castro Cos\u00edo, an\u00e1lisis de pol\u00edticas y acciones que fortalecen trabajo en comunidades - NBCS Noticias<\/title>\n<meta name=\"robots\" content=\"index, follow, max-snippet:-1, max-image-preview:large, max-video-preview:-1\" \/>\n<link rel=\"canonical\" href=\"https:\/\/nbcs.mx\/?p=122007\" \/>\n<meta property=\"og:locale\" content=\"es_ES\" \/>\n<meta property=\"og:type\" content=\"article\" \/>\n<meta property=\"og:title\" content=\"Presentan a gobernador V\u00edctor Castro Cos\u00edo, an\u00e1lisis de pol\u00edticas y acciones que fortalecen trabajo en comunidades - NBCS Noticias\" \/>\n<meta property=\"og:description\" content=\"El gobernador del estado, V\u00edctor Castro Cos\u00edo, asisti\u00f3 a la presentaci\u00f3n del an\u00e1lisis de intervenci\u00f3n comunitaria, con el objetivo de\" \/>\n<meta property=\"og:url\" content=\"https:\/\/nbcs.mx\/?p=122007\" \/>\n<meta property=\"og:site_name\" content=\"NBCS Noticias\" \/>\n<meta property=\"article:publisher\" content=\"https:\/\/www.facebook.com\/NBCSnoticias\" \/>\n<meta property=\"article:author\" content=\"https:\/\/www.facebook.com\/NBCSnoticias\" \/>\n<meta property=\"article:published_time\" content=\"2023-03-01T04:36:58+00:00\" \/>\n<meta property=\"og:image\" content=\"https:\/\/nbcs.mx\/wp-content\/uploads\/2023\/02\/FOTO-BOLETIN-692-ANALISIS-POLITICAS-738x492.jpg\" \/>\n<meta name=\"author\" content=\"NBCS Noticias\" \/>\n<meta name=\"twitter:card\" content=\"summary_large_image\" \/>\n<meta name=\"twitter:creator\" content=\"@https:\/\/twitter.com\/NBCSnoticias\" \/>\n<meta name=\"twitter:site\" content=\"@NBCSnoticias\" \/>\n<meta name=\"twitter:label1\" content=\"Escrito por\" \/>\n\t<meta name=\"twitter:data1\" content=\"NBCS Noticias\" \/>\n\t<meta name=\"twitter:label2\" content=\"Tiempo de lectura\" \/>\n\t<meta name=\"twitter:data2\" content=\"2 minutos\" \/>\n<script type=\"application\/ld+json\" class=\"yoast-schema-graph\">{\"@context\":\"https:\\\/\\\/schema.org\",\"@graph\":[{\"@type\":\"Article\",\"@id\":\"https:\\\/\\\/nbcs.mx\\\/?p=122007#article\",\"isPartOf\":{\"@id\":\"https:\\\/\\\/nbcs.mx\\\/?p=122007\"},\"author\":{\"name\":\"NBCS Noticias\",\"@id\":\"https:\\\/\\\/nbcs.mx\\\/#\\\/schema\\\/person\\\/ece58bab9a7c1e87a4d28ec9ecd79ff4\"},\"headline\":\"Presentan a gobernador V\u00edctor Castro Cos\u00edo, an\u00e1lisis de pol\u00edticas y acciones que fortalecen trabajo en comunidades\",\"datePublished\":\"2023-03-01T04:36:58+00:00\",\"mainEntityOfPage\":{\"@id\":\"https:\\\/\\\/nbcs.mx\\\/?p=122007\"},\"wordCount\":378,\"commentCount\":0,\"publisher\":{\"@id\":\"https:\\\/\\\/nbcs.mx\\\/#organization\"},\"image\":{\"@id\":\"https:\\\/\\\/nbcs.mx\\\/?p=122007#primaryimage\"},\"thumbnailUrl\":\"https:\\\/\\\/nbcs.mx\\\/wp-content\\\/uploads\\\/2023\\\/02\\\/FOTO-BOLETIN-692-ANALISIS-POLITICAS-738x492.jpg\",\"articleSection\":[\"Noticias\"],\"inLanguage\":\"es\",\"potentialAction\":[{\"@type\":\"CommentAction\",\"name\":\"Comment\",\"target\":[\"https:\\\/\\\/nbcs.mx\\\/?p=122007#respond\"]}]},{\"@type\":\"WebPage\",\"@id\":\"https:\\\/\\\/nbcs.mx\\\/?p=122007\",\"url\":\"https:\\\/\\\/nbcs.mx\\\/?p=122007\",\"name\":\"Presentan a gobernador V\u00edctor Castro Cos\u00edo, an\u00e1lisis de pol\u00edticas y acciones que fortalecen trabajo en comunidades - NBCS Noticias\",\"isPartOf\":{\"@id\":\"https:\\\/\\\/nbcs.mx\\\/#website\"},\"primaryImageOfPage\":{\"@id\":\"https:\\\/\\\/nbcs.mx\\\/?p=122007#primaryimage\"},\"image\":{\"@id\":\"https:\\\/\\\/nbcs.mx\\\/?p=122007#primaryimage\"},\"thumbnailUrl\":\"https:\\\/\\\/nbcs.mx\\\/wp-content\\\/uploads\\\/2023\\\/02\\\/FOTO-BOLETIN-692-ANALISIS-POLITICAS-738x492.jpg\",\"datePublished\":\"2023-03-01T04:36:58+00:00\",\"breadcrumb\":{\"@id\":\"https:\\\/\\\/nbcs.mx\\\/?p=122007#breadcrumb\"},\"inLanguage\":\"es\",\"potentialAction\":[{\"@type\":\"ReadAction\",\"target\":[\"https:\\\/\\\/nbcs.mx\\\/?p=122007\"]}]},{\"@type\":\"ImageObject\",\"inLanguage\":\"es\",\"@id\":\"https:\\\/\\\/nbcs.mx\\\/?p=122007#primaryimage\",\"url\":\"https:\\\/\\\/nbcs.mx\\\/wp-content\\\/uploads\\\/2023\\\/02\\\/FOTO-BOLETIN-692-ANALISIS-POLITICAS-738x492.jpg\",\"contentUrl\":\"https:\\\/\\\/nbcs.mx\\\/wp-content\\\/uploads\\\/2023\\\/02\\\/FOTO-BOLETIN-692-ANALISIS-POLITICAS-738x492.jpg\"},{\"@type\":\"BreadcrumbList\",\"@id\":\"https:\\\/\\\/nbcs.mx\\\/?p=122007#breadcrumb\",\"itemListElement\":[{\"@type\":\"ListItem\",\"position\":1,\"name\":\"Portada\",\"item\":\"https:\\\/\\\/nbcs.mx\\\/\"},{\"@type\":\"ListItem\",\"position\":2,\"name\":\"Presentan a gobernador V\u00edctor Castro Cos\u00edo, an\u00e1lisis de pol\u00edticas y acciones que fortalecen trabajo en comunidades\"}]},{\"@type\":\"WebSite\",\"@id\":\"https:\\\/\\\/nbcs.mx\\\/#website\",\"url\":\"https:\\\/\\\/nbcs.mx\\\/\",\"name\":\"NBCS Noticias\",\"description\":\"Sitio web de noticias en Baja California Sur\",\"publisher\":{\"@id\":\"https:\\\/\\\/nbcs.mx\\\/#organization\"},\"potentialAction\":[{\"@type\":\"SearchAction\",\"target\":{\"@type\":\"EntryPoint\",\"urlTemplate\":\"https:\\\/\\\/nbcs.mx\\\/?s={search_term_string}\"},\"query-input\":{\"@type\":\"PropertyValueSpecification\",\"valueRequired\":true,\"valueName\":\"search_term_string\"}}],\"inLanguage\":\"es\"},{\"@type\":\"Organization\",\"@id\":\"https:\\\/\\\/nbcs.mx\\\/#organization\",\"name\":\"NBCS Noticias\",\"url\":\"https:\\\/\\\/nbcs.mx\\\/\",\"logo\":{\"@type\":\"ImageObject\",\"inLanguage\":\"es\",\"@id\":\"https:\\\/\\\/nbcs.mx\\\/#\\\/schema\\\/logo\\\/image\\\/\",\"url\":\"https:\\\/\\\/nbcs.mx\\\/wp-content\\\/uploads\\\/2018\\\/09\\\/057b69485e93575a5c2b1c1dde2dd297.jpeg\",\"contentUrl\":\"https:\\\/\\\/nbcs.mx\\\/wp-content\\\/uploads\\\/2018\\\/09\\\/057b69485e93575a5c2b1c1dde2dd297.jpeg\",\"width\":64,\"height\":64,\"caption\":\"NBCS Noticias\"},\"image\":{\"@id\":\"https:\\\/\\\/nbcs.mx\\\/#\\\/schema\\\/logo\\\/image\\\/\"},\"sameAs\":[\"https:\\\/\\\/www.facebook.com\\\/NBCSnoticias\",\"https:\\\/\\\/x.com\\\/NBCSnoticias\"]},{\"@type\":\"Person\",\"@id\":\"https:\\\/\\\/nbcs.mx\\\/#\\\/schema\\\/person\\\/ece58bab9a7c1e87a4d28ec9ecd79ff4\",\"name\":\"NBCS Noticias\",\"image\":{\"@type\":\"ImageObject\",\"inLanguage\":\"es\",\"@id\":\"https:\\\/\\\/secure.gravatar.com\\\/avatar\\\/4e52110cad1c4054b43271a0d14bbe9e2ea76aecd0e1097edfc670798d9ca1d4?s=96&d=blank&r=g\",\"url\":\"https:\\\/\\\/secure.gravatar.com\\\/avatar\\\/4e52110cad1c4054b43271a0d14bbe9e2ea76aecd0e1097edfc670798d9ca1d4?s=96&d=blank&r=g\",\"contentUrl\":\"https:\\\/\\\/secure.gravatar.com\\\/avatar\\\/4e52110cad1c4054b43271a0d14bbe9e2ea76aecd0e1097edfc670798d9ca1d4?s=96&d=blank&r=g\",\"caption\":\"NBCS Noticias\"},\"description\":\"\u00bfTienes fotos o video de alg\u00fan acto de posible negligencia, corrupci\u00f3n y abuso de autoridad? M\u00e1ndalo al WhatsApp de NBCS Noticias: 612 141 98 08\",\"sameAs\":[\"https:\\\/\\\/www.nbcs.mx\",\"https:\\\/\\\/www.facebook.com\\\/NBCSnoticias\",\"https:\\\/\\\/www.instagram.com\\\/nbcsnoticias\\\/\",\"https:\\\/\\\/x.com\\\/https:\\\/\\\/twitter.com\\\/NBCSnoticias\"]}]}<\/script>\n<!-- \/ Yoast SEO plugin. -->","yoast_head_json":{"title":"Presentan a gobernador V\u00edctor Castro Cos\u00edo, an\u00e1lisis de pol\u00edticas y acciones que fortalecen trabajo en comunidades - NBCS Noticias","robots":{"index":"index","follow":"follow","max-snippet":"max-snippet:-1","max-image-preview":"max-image-preview:large","max-video-preview":"max-video-preview:-1"},"canonical":"https:\/\/nbcs.mx\/?p=122007","og_locale":"es_ES","og_type":"article","og_title":"Presentan a gobernador V\u00edctor Castro Cos\u00edo, an\u00e1lisis de pol\u00edticas y acciones que fortalecen trabajo en comunidades - NBCS Noticias","og_description":"El gobernador del estado, V\u00edctor Castro Cos\u00edo, asisti\u00f3 a la presentaci\u00f3n del an\u00e1lisis de intervenci\u00f3n comunitaria, con el objetivo de","og_url":"https:\/\/nbcs.mx\/?p=122007","og_site_name":"NBCS Noticias","article_publisher":"https:\/\/www.facebook.com\/NBCSnoticias","article_author":"https:\/\/www.facebook.com\/NBCSnoticias","article_published_time":"2023-03-01T04:36:58+00:00","og_image":[{"url":"https:\/\/nbcs.mx\/wp-content\/uploads\/2023\/02\/FOTO-BOLETIN-692-ANALISIS-POLITICAS-738x492.jpg","type":"","width":"","height":""}],"author":"NBCS Noticias","twitter_card":"summary_large_image","twitter_creator":"@https:\/\/twitter.com\/NBCSnoticias","twitter_site":"@NBCSnoticias","twitter_misc":{"Escrito por":"NBCS Noticias","Tiempo de lectura":"2 minutos"},"schema":{"@context":"https:\/\/schema.org","@graph":[{"@type":"Article","@id":"https:\/\/nbcs.mx\/?p=122007#article","isPartOf":{"@id":"https:\/\/nbcs.mx\/?p=122007"},"author":{"name":"NBCS Noticias","@id":"https:\/\/nbcs.mx\/#\/schema\/person\/ece58bab9a7c1e87a4d28ec9ecd79ff4"},"headline":"Presentan a gobernador V\u00edctor Castro Cos\u00edo, an\u00e1lisis de pol\u00edticas y acciones que fortalecen trabajo en comunidades","datePublished":"2023-03-01T04:36:58+00:00","mainEntityOfPage":{"@id":"https:\/\/nbcs.mx\/?p=122007"},"wordCount":378,"commentCount":0,"publisher":{"@id":"https:\/\/nbcs.mx\/#organization"},"image":{"@id":"https:\/\/nbcs.mx\/?p=122007#primaryimage"},"thumbnailUrl":"https:\/\/nbcs.mx\/wp-content\/uploads\/2023\/02\/FOTO-BOLETIN-692-ANALISIS-POLITICAS-738x492.jpg","articleSection":["Noticias"],"inLanguage":"es","potentialAction":[{"@type":"CommentAction","name":"Comment","target":["https:\/\/nbcs.mx\/?p=122007#respond"]}]},{"@type":"WebPage","@id":"https:\/\/nbcs.mx\/?p=122007","url":"https:\/\/nbcs.mx\/?p=122007","name":"Presentan a gobernador V\u00edctor Castro Cos\u00edo, an\u00e1lisis de pol\u00edticas y acciones que fortalecen trabajo en comunidades - NBCS Noticias","isPartOf":{"@id":"https:\/\/nbcs.mx\/#website"},"primaryImageOfPage":{"@id":"https:\/\/nbcs.mx\/?p=122007#primaryimage"},"image":{"@id":"https:\/\/nbcs.mx\/?p=122007#primaryimage"},"thumbnailUrl":"https:\/\/nbcs.mx\/wp-content\/uploads\/2023\/02\/FOTO-BOLETIN-692-ANALISIS-POLITICAS-738x492.jpg","datePublished":"2023-03-01T04:36:58+00:00","breadcrumb":{"@id":"https:\/\/nbcs.mx\/?p=122007#breadcrumb"},"inLanguage":"es","potentialAction":[{"@type":"ReadAction","target":["https:\/\/nbcs.mx\/?p=122007"]}]},{"@type":"ImageObject","inLanguage":"es","@id":"https:\/\/nbcs.mx\/?p=122007#primaryimage","url":"https:\/\/nbcs.mx\/wp-content\/uploads\/2023\/02\/FOTO-BOLETIN-692-ANALISIS-POLITICAS-738x492.jpg","contentUrl":"https:\/\/nbcs.mx\/wp-content\/uploads\/2023\/02\/FOTO-BOLETIN-692-ANALISIS-POLITICAS-738x492.jpg"},{"@type":"BreadcrumbList","@id":"https:\/\/nbcs.mx\/?p=122007#breadcrumb","itemListElement":[{"@type":"ListItem","position":1,"name":"Portada","item":"https:\/\/nbcs.mx\/"},{"@type":"ListItem","position":2,"name":"Presentan a gobernador V\u00edctor Castro Cos\u00edo, an\u00e1lisis de pol\u00edticas y acciones que fortalecen trabajo en comunidades"}]},{"@type":"WebSite","@id":"https:\/\/nbcs.mx\/#website","url":"https:\/\/nbcs.mx\/","name":"NBCS Noticias","description":"Sitio web de noticias en Baja California Sur","publisher":{"@id":"https:\/\/nbcs.mx\/#organization"},"potentialAction":[{"@type":"SearchAction","target":{"@type":"EntryPoint","urlTemplate":"https:\/\/nbcs.mx\/?s={search_term_string}"},"query-input":{"@type":"PropertyValueSpecification","valueRequired":true,"valueName":"search_term_string"}}],"inLanguage":"es"},{"@type":"Organization","@id":"https:\/\/nbcs.mx\/#organization","name":"NBCS Noticias","url":"https:\/\/nbcs.mx\/","logo":{"@type":"ImageObject","inLanguage":"es","@id":"https:\/\/nbcs.mx\/#\/schema\/logo\/image\/","url":"https:\/\/nbcs.mx\/wp-content\/uploads\/2018\/09\/057b69485e93575a5c2b1c1dde2dd297.jpeg","contentUrl":"https:\/\/nbcs.mx\/wp-content\/uploads\/2018\/09\/057b69485e93575a5c2b1c1dde2dd297.jpeg","width":64,"height":64,"caption":"NBCS Noticias"},"image":{"@id":"https:\/\/nbcs.mx\/#\/schema\/logo\/image\/"},"sameAs":["https:\/\/www.facebook.com\/NBCSnoticias","https:\/\/x.com\/NBCSnoticias"]},{"@type":"Person","@id":"https:\/\/nbcs.mx\/#\/schema\/person\/ece58bab9a7c1e87a4d28ec9ecd79ff4","name":"NBCS Noticias","image":{"@type":"ImageObject","inLanguage":"es","@id":"https:\/\/secure.gravatar.com\/avatar\/4e52110cad1c4054b43271a0d14bbe9e2ea76aecd0e1097edfc670798d9ca1d4?s=96&d=blank&r=g","url":"https:\/\/secure.gravatar.com\/avatar\/4e52110cad1c4054b43271a0d14bbe9e2ea76aecd0e1097edfc670798d9ca1d4?s=96&d=blank&r=g","contentUrl":"https:\/\/secure.gravatar.com\/avatar\/4e52110cad1c4054b43271a0d14bbe9e2ea76aecd0e1097edfc670798d9ca1d4?s=96&d=blank&r=g","caption":"NBCS Noticias"},"description":"\u00bfTienes fotos o video de alg\u00fan acto de posible negligencia, corrupci\u00f3n y abuso de autoridad? M\u00e1ndalo al WhatsApp de NBCS Noticias: 612 141 98 08","sameAs":["https:\/\/www.nbcs.mx","https:\/\/www.facebook.com\/NBCSnoticias","https:\/\/www.instagram.com\/nbcsnoticias\/","https:\/\/x.com\/https:\/\/twitter.com\/NBCSnoticias"]}]}},"jetpack_publicize_connections":[],"jetpack_sharing_enabled":true,"jetpack_featured_media_url":"","_links":{"self":[{"href":"https:\/\/nbcs.mx\/index.php?rest_route=\/wp\/v2\/posts\/122007","targetHints":{"allow":["GET"]}}],"collection":[{"href":"https:\/\/nbcs.mx\/index.php?rest_route=\/wp\/v2\/posts"}],"about":[{"href":"https:\/\/nbcs.mx\/index.php?rest_route=\/wp\/v2\/types\/post"}],"author":[{"embeddable":true,"href":"https:\/\/nbcs.mx\/index.php?rest_route=\/wp\/v2\/users\/1"}],"replies":[{"embeddable":true,"href":"https:\/\/nbcs.mx\/index.php?rest_route=%2Fwp%2Fv2%2Fcomments&post=122007"}],"version-history":[{"count":1,"href":"https:\/\/nbcs.mx\/index.php?rest_route=\/wp\/v2\/posts\/122007\/revisions"}],"predecessor-version":[{"id":122009,"href":"https:\/\/nbcs.mx\/index.php?rest_route=\/wp\/v2\/posts\/122007\/revisions\/122009"}],"wp:attachment":[{"href":"https:\/\/nbcs.mx\/index.php?rest_route=%2Fwp%2Fv2%2Fmedia&parent=122007"}],"wp:term":[{"taxonomy":"category","embeddable":true,"href":"https:\/\/nbcs.mx\/index.php?rest_route=%2Fwp%2Fv2%2Fcategories&post=122007"},{"taxonomy":"post_tag","embeddable":true,"href":"https:\/\/nbcs.mx\/index.php?rest_route=%2Fwp%2Fv2%2Ftags&post=122007"}],"curies":[{"name":"wp","href":"https:\/\/api.w.org\/{rel}","templated":true}]}}