{"id":122183,"date":"2023-03-05T19:22:39","date_gmt":"2023-03-06T02:22:39","guid":{"rendered":"https:\/\/nbcs.mx\/?p=122183"},"modified":"2023-03-05T19:22:39","modified_gmt":"2023-03-06T02:22:39","slug":"convoca-ayuntamiento-al-concurso-municipal-juvenil-de-oratoria-2023","status":"publish","type":"post","link":"https:\/\/nbcs.mx\/?p=122183","title":{"rendered":"Convoca Ayuntamiento al \u201cConcurso Municipal Juvenil de Oratoria 2023&#8243;"},"content":{"rendered":"<p style=\"font-weight: 400; text-align: justify;\"><img loading=\"lazy\" decoding=\"async\" class=\" wp-image-122184 alignleft\" src=\"https:\/\/nbcs.mx\/wp-content\/uploads\/2023\/03\/Convoca-Ayuntamiento-al-Concurso-Municipal-Juvenil-de-Oratoria-2023-2-701x492.jpg\" alt=\"\" width=\"348\" height=\"244\" srcset=\"https:\/\/nbcs.mx\/wp-content\/uploads\/2023\/03\/Convoca-Ayuntamiento-al-Concurso-Municipal-Juvenil-de-Oratoria-2023-2-701x492.jpg 701w, https:\/\/nbcs.mx\/wp-content\/uploads\/2023\/03\/Convoca-Ayuntamiento-al-Concurso-Municipal-Juvenil-de-Oratoria-2023-2-150x105.jpg 150w, https:\/\/nbcs.mx\/wp-content\/uploads\/2023\/03\/Convoca-Ayuntamiento-al-Concurso-Municipal-Juvenil-de-Oratoria-2023-2-768x539.jpg 768w, https:\/\/nbcs.mx\/wp-content\/uploads\/2023\/03\/Convoca-Ayuntamiento-al-Concurso-Municipal-Juvenil-de-Oratoria-2023-2-130x90.jpg 130w, https:\/\/nbcs.mx\/wp-content\/uploads\/2023\/03\/Convoca-Ayuntamiento-al-Concurso-Municipal-Juvenil-de-Oratoria-2023-2.jpg 1024w\" sizes=\"auto, (max-width: 348px) 100vw, 348px\" \/>En el marco de la conmemoraci\u00f3n del \u201cD\u00eda Internacional de la Mujer\u201d, la Direcci\u00f3n Municipal de la Juventud invita a las y los j\u00f3venes pace\u00f1os que estudian el nivel Medio Superior\u00a0 a participar en el \u201cConcurso Municipal Juvenil de Oratoria 2023&#8243;, el cual se celebrar\u00e1 el pr\u00f3ximo 15 de marzo.<\/p>\n<p style=\"font-weight: 400; text-align: justify;\">\n<p style=\"font-weight: 400; text-align: justify;\">As\u00ed lo dio a conocer su titualr, Zamir Patr\u00f3n Murillo, quien invita a todos los j\u00f3venes que est\u00e9n cursando la preparatoria, ya sea p\u00fablica o privada y tengan gusto por el g\u00e9nero literario formado por el discurso, a participar en el Concurso de Oratoria en su Etapa Municipal, que en esta ocasi\u00f3n los ejes tem\u00e1ticos ser\u00e1n alusivos\u00a0 al \u00abD\u00eda Internacional de la Mujer\u00bb.<\/p>\n<p style=\"font-weight: 400; text-align: justify;\">\n<p style=\"font-weight: 400; text-align: justify;\">Expres\u00f3 \u00abinvitamos a las y los j\u00f3venes que tengan el arte de hablar en p\u00fablico, a que se animen a participar, tendremos premios econ\u00f3micos, as\u00ed como tambi\u00e9n los primeros lugares representaran al municipio de La Paz en este Concurso\u00bb.<\/p>\n<p style=\"font-weight: 400; text-align: justify;\">\n<p style=\"font-weight: 400; text-align: justify;\">Dentro de los temas a presentar las y los j\u00f3venes participantes, destacan temas como \u00abla lucha por la igualdad de g\u00e9nero en las juventudes\u00bb, \u00abla importancia del papel de la mujer en la vida pol\u00edtica del pa\u00eds, \u00abmovimientos hist\u00f3ricos sobre la erradicaci\u00f3n de la violencia a la mujer\u00bb y \u00abla lucha por el derecho al voto de la mujer en M\u00e9xico\u00bb,\u00a0 donde las y los j\u00f3venes competidores ser\u00e1n evaluados en la dicci\u00f3n, entonaci\u00f3n, manejo de discurso, gesticulaci\u00f3n y capacidad de improvisaci\u00f3n, para que el jurado calificador dictamine un ganador.<\/p>\n<p style=\"font-weight: 400; text-align: justify;\">\n<p style=\"font-weight: 400; text-align: justify;\">Finalmente, Patr\u00f3n Murillo indic\u00f3 que los tres primeros lugares en dicho concurso, ser\u00e1n premiados econ\u00f3micamente y tendr\u00e1n el derecho de representar al municipio de La Paz en el Concurso Estatal de Oratoria organizado por el Instituto Sudcaliforniano de la Juventud (ISJ).<\/p>\n","protected":false},"excerpt":{"rendered":"<p>En el marco de la conmemoraci\u00f3n del \u201cD\u00eda Internacional de la Mujer\u201d, la Direcci\u00f3n Municipal de la Juventud invita a<\/p>\n","protected":false},"author":1,"featured_media":122184,"comment_status":"open","ping_status":"closed","sticky":false,"template":"","format":"standard","meta":{"colormag_page_container_layout":"default_layout","colormag_page_sidebar_layout":"default_layout","_jetpack_memberships_contains_paid_content":false,"footnotes":"","jetpack_publicize_message":"","jetpack_publicize_feature_enabled":true,"jetpack_social_post_already_shared":true,"jetpack_social_options":{"image_generator_settings":{"template":"highway","default_image_id":0,"font":"","enabled":false},"version":2}},"categories":[40],"tags":[],"class_list":["post-122183","post","type-post","status-publish","format-standard","has-post-thumbnail","hentry","category-municipios"],"yoast_head":"<!-- This site is optimized with the Yoast SEO plugin v27.5 - https:\/\/yoast.com\/product\/yoast-seo-wordpress\/ -->\n<title>Convoca Ayuntamiento al \u201cConcurso Municipal Juvenil de Oratoria 2023&quot; - NBCS Noticias<\/title>\n<meta name=\"robots\" content=\"index, follow, max-snippet:-1, max-image-preview:large, max-video-preview:-1\" \/>\n<link rel=\"canonical\" href=\"https:\/\/nbcs.mx\/?p=122183\" \/>\n<meta property=\"og:locale\" content=\"es_ES\" \/>\n<meta property=\"og:type\" content=\"article\" \/>\n<meta property=\"og:title\" content=\"Convoca Ayuntamiento al \u201cConcurso Municipal Juvenil de Oratoria 2023&quot; - NBCS Noticias\" \/>\n<meta property=\"og:description\" content=\"En el marco de la conmemoraci\u00f3n del \u201cD\u00eda Internacional de la Mujer\u201d, la Direcci\u00f3n Municipal de la Juventud invita a\" \/>\n<meta property=\"og:url\" content=\"https:\/\/nbcs.mx\/?p=122183\" \/>\n<meta property=\"og:site_name\" content=\"NBCS Noticias\" \/>\n<meta property=\"article:publisher\" content=\"https:\/\/www.facebook.com\/NBCSnoticias\" \/>\n<meta property=\"article:author\" content=\"https:\/\/www.facebook.com\/NBCSnoticias\" \/>\n<meta property=\"article:published_time\" content=\"2023-03-06T02:22:39+00:00\" \/>\n<meta property=\"og:image\" content=\"https:\/\/nbcs.mx\/wp-content\/uploads\/2023\/03\/Convoca-Ayuntamiento-al-Concurso-Municipal-Juvenil-de-Oratoria-2023-2.jpg\" \/>\n\t<meta property=\"og:image:width\" content=\"1024\" \/>\n\t<meta property=\"og:image:height\" content=\"719\" \/>\n\t<meta property=\"og:image:type\" content=\"image\/jpeg\" \/>\n<meta name=\"author\" content=\"NBCS Noticias\" \/>\n<meta name=\"twitter:card\" content=\"summary_large_image\" \/>\n<meta name=\"twitter:creator\" content=\"@https:\/\/twitter.com\/NBCSnoticias\" \/>\n<meta name=\"twitter:site\" content=\"@NBCSnoticias\" \/>\n<meta name=\"twitter:label1\" content=\"Escrito por\" \/>\n\t<meta name=\"twitter:data1\" content=\"NBCS Noticias\" \/>\n\t<meta name=\"twitter:label2\" content=\"Tiempo de lectura\" \/>\n\t<meta name=\"twitter:data2\" content=\"2 minutos\" \/>\n<script type=\"application\/ld+json\" class=\"yoast-schema-graph\">{\"@context\":\"https:\\\/\\\/schema.org\",\"@graph\":[{\"@type\":\"Article\",\"@id\":\"https:\\\/\\\/nbcs.mx\\\/?p=122183#article\",\"isPartOf\":{\"@id\":\"https:\\\/\\\/nbcs.mx\\\/?p=122183\"},\"author\":{\"name\":\"NBCS Noticias\",\"@id\":\"https:\\\/\\\/nbcs.mx\\\/#\\\/schema\\\/person\\\/ece58bab9a7c1e87a4d28ec9ecd79ff4\"},\"headline\":\"Convoca Ayuntamiento al \u201cConcurso Municipal Juvenil de Oratoria 2023&#8243;\",\"datePublished\":\"2023-03-06T02:22:39+00:00\",\"mainEntityOfPage\":{\"@id\":\"https:\\\/\\\/nbcs.mx\\\/?p=122183\"},\"wordCount\":324,\"commentCount\":0,\"publisher\":{\"@id\":\"https:\\\/\\\/nbcs.mx\\\/#organization\"},\"image\":{\"@id\":\"https:\\\/\\\/nbcs.mx\\\/?p=122183#primaryimage\"},\"thumbnailUrl\":\"https:\\\/\\\/nbcs.mx\\\/wp-content\\\/uploads\\\/2023\\\/03\\\/Convoca-Ayuntamiento-al-Concurso-Municipal-Juvenil-de-Oratoria-2023-2.jpg\",\"articleSection\":[\"Municipios\"],\"inLanguage\":\"es\",\"potentialAction\":[{\"@type\":\"CommentAction\",\"name\":\"Comment\",\"target\":[\"https:\\\/\\\/nbcs.mx\\\/?p=122183#respond\"]}]},{\"@type\":\"WebPage\",\"@id\":\"https:\\\/\\\/nbcs.mx\\\/?p=122183\",\"url\":\"https:\\\/\\\/nbcs.mx\\\/?p=122183\",\"name\":\"Convoca Ayuntamiento al \u201cConcurso Municipal Juvenil de Oratoria 2023\\\" - NBCS Noticias\",\"isPartOf\":{\"@id\":\"https:\\\/\\\/nbcs.mx\\\/#website\"},\"primaryImageOfPage\":{\"@id\":\"https:\\\/\\\/nbcs.mx\\\/?p=122183#primaryimage\"},\"image\":{\"@id\":\"https:\\\/\\\/nbcs.mx\\\/?p=122183#primaryimage\"},\"thumbnailUrl\":\"https:\\\/\\\/nbcs.mx\\\/wp-content\\\/uploads\\\/2023\\\/03\\\/Convoca-Ayuntamiento-al-Concurso-Municipal-Juvenil-de-Oratoria-2023-2.jpg\",\"datePublished\":\"2023-03-06T02:22:39+00:00\",\"breadcrumb\":{\"@id\":\"https:\\\/\\\/nbcs.mx\\\/?p=122183#breadcrumb\"},\"inLanguage\":\"es\",\"potentialAction\":[{\"@type\":\"ReadAction\",\"target\":[\"https:\\\/\\\/nbcs.mx\\\/?p=122183\"]}]},{\"@type\":\"ImageObject\",\"inLanguage\":\"es\",\"@id\":\"https:\\\/\\\/nbcs.mx\\\/?p=122183#primaryimage\",\"url\":\"https:\\\/\\\/nbcs.mx\\\/wp-content\\\/uploads\\\/2023\\\/03\\\/Convoca-Ayuntamiento-al-Concurso-Municipal-Juvenil-de-Oratoria-2023-2.jpg\",\"contentUrl\":\"https:\\\/\\\/nbcs.mx\\\/wp-content\\\/uploads\\\/2023\\\/03\\\/Convoca-Ayuntamiento-al-Concurso-Municipal-Juvenil-de-Oratoria-2023-2.jpg\",\"width\":1024,\"height\":719},{\"@type\":\"BreadcrumbList\",\"@id\":\"https:\\\/\\\/nbcs.mx\\\/?p=122183#breadcrumb\",\"itemListElement\":[{\"@type\":\"ListItem\",\"position\":1,\"name\":\"Portada\",\"item\":\"https:\\\/\\\/nbcs.mx\\\/\"},{\"@type\":\"ListItem\",\"position\":2,\"name\":\"Convoca Ayuntamiento al \u201cConcurso Municipal Juvenil de Oratoria 2023&#8243;\"}]},{\"@type\":\"WebSite\",\"@id\":\"https:\\\/\\\/nbcs.mx\\\/#website\",\"url\":\"https:\\\/\\\/nbcs.mx\\\/\",\"name\":\"NBCS Noticias\",\"description\":\"Sitio web de noticias en Baja California Sur\",\"publisher\":{\"@id\":\"https:\\\/\\\/nbcs.mx\\\/#organization\"},\"potentialAction\":[{\"@type\":\"SearchAction\",\"target\":{\"@type\":\"EntryPoint\",\"urlTemplate\":\"https:\\\/\\\/nbcs.mx\\\/?s={search_term_string}\"},\"query-input\":{\"@type\":\"PropertyValueSpecification\",\"valueRequired\":true,\"valueName\":\"search_term_string\"}}],\"inLanguage\":\"es\"},{\"@type\":\"Organization\",\"@id\":\"https:\\\/\\\/nbcs.mx\\\/#organization\",\"name\":\"NBCS Noticias\",\"url\":\"https:\\\/\\\/nbcs.mx\\\/\",\"logo\":{\"@type\":\"ImageObject\",\"inLanguage\":\"es\",\"@id\":\"https:\\\/\\\/nbcs.mx\\\/#\\\/schema\\\/logo\\\/image\\\/\",\"url\":\"https:\\\/\\\/nbcs.mx\\\/wp-content\\\/uploads\\\/2018\\\/09\\\/057b69485e93575a5c2b1c1dde2dd297.jpeg\",\"contentUrl\":\"https:\\\/\\\/nbcs.mx\\\/wp-content\\\/uploads\\\/2018\\\/09\\\/057b69485e93575a5c2b1c1dde2dd297.jpeg\",\"width\":64,\"height\":64,\"caption\":\"NBCS Noticias\"},\"image\":{\"@id\":\"https:\\\/\\\/nbcs.mx\\\/#\\\/schema\\\/logo\\\/image\\\/\"},\"sameAs\":[\"https:\\\/\\\/www.facebook.com\\\/NBCSnoticias\",\"https:\\\/\\\/x.com\\\/NBCSnoticias\"]},{\"@type\":\"Person\",\"@id\":\"https:\\\/\\\/nbcs.mx\\\/#\\\/schema\\\/person\\\/ece58bab9a7c1e87a4d28ec9ecd79ff4\",\"name\":\"NBCS Noticias\",\"image\":{\"@type\":\"ImageObject\",\"inLanguage\":\"es\",\"@id\":\"https:\\\/\\\/secure.gravatar.com\\\/avatar\\\/4e52110cad1c4054b43271a0d14bbe9e2ea76aecd0e1097edfc670798d9ca1d4?s=96&d=blank&r=g\",\"url\":\"https:\\\/\\\/secure.gravatar.com\\\/avatar\\\/4e52110cad1c4054b43271a0d14bbe9e2ea76aecd0e1097edfc670798d9ca1d4?s=96&d=blank&r=g\",\"contentUrl\":\"https:\\\/\\\/secure.gravatar.com\\\/avatar\\\/4e52110cad1c4054b43271a0d14bbe9e2ea76aecd0e1097edfc670798d9ca1d4?s=96&d=blank&r=g\",\"caption\":\"NBCS Noticias\"},\"description\":\"\u00bfTienes fotos o video de alg\u00fan acto de posible negligencia, corrupci\u00f3n y abuso de autoridad? M\u00e1ndalo al WhatsApp de NBCS Noticias: 612 141 98 08\",\"sameAs\":[\"https:\\\/\\\/www.nbcs.mx\",\"https:\\\/\\\/www.facebook.com\\\/NBCSnoticias\",\"https:\\\/\\\/www.instagram.com\\\/nbcsnoticias\\\/\",\"https:\\\/\\\/x.com\\\/https:\\\/\\\/twitter.com\\\/NBCSnoticias\"]}]}<\/script>\n<!-- \/ Yoast SEO plugin. -->","yoast_head_json":{"title":"Convoca Ayuntamiento al \u201cConcurso Municipal Juvenil de Oratoria 2023\" - NBCS Noticias","robots":{"index":"index","follow":"follow","max-snippet":"max-snippet:-1","max-image-preview":"max-image-preview:large","max-video-preview":"max-video-preview:-1"},"canonical":"https:\/\/nbcs.mx\/?p=122183","og_locale":"es_ES","og_type":"article","og_title":"Convoca Ayuntamiento al \u201cConcurso Municipal Juvenil de Oratoria 2023\" - NBCS Noticias","og_description":"En el marco de la conmemoraci\u00f3n del \u201cD\u00eda Internacional de la Mujer\u201d, la Direcci\u00f3n Municipal de la Juventud invita a","og_url":"https:\/\/nbcs.mx\/?p=122183","og_site_name":"NBCS Noticias","article_publisher":"https:\/\/www.facebook.com\/NBCSnoticias","article_author":"https:\/\/www.facebook.com\/NBCSnoticias","article_published_time":"2023-03-06T02:22:39+00:00","og_image":[{"width":1024,"height":719,"url":"https:\/\/nbcs.mx\/wp-content\/uploads\/2023\/03\/Convoca-Ayuntamiento-al-Concurso-Municipal-Juvenil-de-Oratoria-2023-2.jpg","type":"image\/jpeg"}],"author":"NBCS Noticias","twitter_card":"summary_large_image","twitter_creator":"@https:\/\/twitter.com\/NBCSnoticias","twitter_site":"@NBCSnoticias","twitter_misc":{"Escrito por":"NBCS Noticias","Tiempo de lectura":"2 minutos"},"schema":{"@context":"https:\/\/schema.org","@graph":[{"@type":"Article","@id":"https:\/\/nbcs.mx\/?p=122183#article","isPartOf":{"@id":"https:\/\/nbcs.mx\/?p=122183"},"author":{"name":"NBCS Noticias","@id":"https:\/\/nbcs.mx\/#\/schema\/person\/ece58bab9a7c1e87a4d28ec9ecd79ff4"},"headline":"Convoca Ayuntamiento al \u201cConcurso Municipal Juvenil de Oratoria 2023&#8243;","datePublished":"2023-03-06T02:22:39+00:00","mainEntityOfPage":{"@id":"https:\/\/nbcs.mx\/?p=122183"},"wordCount":324,"commentCount":0,"publisher":{"@id":"https:\/\/nbcs.mx\/#organization"},"image":{"@id":"https:\/\/nbcs.mx\/?p=122183#primaryimage"},"thumbnailUrl":"https:\/\/nbcs.mx\/wp-content\/uploads\/2023\/03\/Convoca-Ayuntamiento-al-Concurso-Municipal-Juvenil-de-Oratoria-2023-2.jpg","articleSection":["Municipios"],"inLanguage":"es","potentialAction":[{"@type":"CommentAction","name":"Comment","target":["https:\/\/nbcs.mx\/?p=122183#respond"]}]},{"@type":"WebPage","@id":"https:\/\/nbcs.mx\/?p=122183","url":"https:\/\/nbcs.mx\/?p=122183","name":"Convoca Ayuntamiento al \u201cConcurso Municipal Juvenil de Oratoria 2023\" - NBCS Noticias","isPartOf":{"@id":"https:\/\/nbcs.mx\/#website"},"primaryImageOfPage":{"@id":"https:\/\/nbcs.mx\/?p=122183#primaryimage"},"image":{"@id":"https:\/\/nbcs.mx\/?p=122183#primaryimage"},"thumbnailUrl":"https:\/\/nbcs.mx\/wp-content\/uploads\/2023\/03\/Convoca-Ayuntamiento-al-Concurso-Municipal-Juvenil-de-Oratoria-2023-2.jpg","datePublished":"2023-03-06T02:22:39+00:00","breadcrumb":{"@id":"https:\/\/nbcs.mx\/?p=122183#breadcrumb"},"inLanguage":"es","potentialAction":[{"@type":"ReadAction","target":["https:\/\/nbcs.mx\/?p=122183"]}]},{"@type":"ImageObject","inLanguage":"es","@id":"https:\/\/nbcs.mx\/?p=122183#primaryimage","url":"https:\/\/nbcs.mx\/wp-content\/uploads\/2023\/03\/Convoca-Ayuntamiento-al-Concurso-Municipal-Juvenil-de-Oratoria-2023-2.jpg","contentUrl":"https:\/\/nbcs.mx\/wp-content\/uploads\/2023\/03\/Convoca-Ayuntamiento-al-Concurso-Municipal-Juvenil-de-Oratoria-2023-2.jpg","width":1024,"height":719},{"@type":"BreadcrumbList","@id":"https:\/\/nbcs.mx\/?p=122183#breadcrumb","itemListElement":[{"@type":"ListItem","position":1,"name":"Portada","item":"https:\/\/nbcs.mx\/"},{"@type":"ListItem","position":2,"name":"Convoca Ayuntamiento al \u201cConcurso Municipal Juvenil de Oratoria 2023&#8243;"}]},{"@type":"WebSite","@id":"https:\/\/nbcs.mx\/#website","url":"https:\/\/nbcs.mx\/","name":"NBCS Noticias","description":"Sitio web de noticias en Baja California Sur","publisher":{"@id":"https:\/\/nbcs.mx\/#organization"},"potentialAction":[{"@type":"SearchAction","target":{"@type":"EntryPoint","urlTemplate":"https:\/\/nbcs.mx\/?s={search_term_string}"},"query-input":{"@type":"PropertyValueSpecification","valueRequired":true,"valueName":"search_term_string"}}],"inLanguage":"es"},{"@type":"Organization","@id":"https:\/\/nbcs.mx\/#organization","name":"NBCS Noticias","url":"https:\/\/nbcs.mx\/","logo":{"@type":"ImageObject","inLanguage":"es","@id":"https:\/\/nbcs.mx\/#\/schema\/logo\/image\/","url":"https:\/\/nbcs.mx\/wp-content\/uploads\/2018\/09\/057b69485e93575a5c2b1c1dde2dd297.jpeg","contentUrl":"https:\/\/nbcs.mx\/wp-content\/uploads\/2018\/09\/057b69485e93575a5c2b1c1dde2dd297.jpeg","width":64,"height":64,"caption":"NBCS Noticias"},"image":{"@id":"https:\/\/nbcs.mx\/#\/schema\/logo\/image\/"},"sameAs":["https:\/\/www.facebook.com\/NBCSnoticias","https:\/\/x.com\/NBCSnoticias"]},{"@type":"Person","@id":"https:\/\/nbcs.mx\/#\/schema\/person\/ece58bab9a7c1e87a4d28ec9ecd79ff4","name":"NBCS Noticias","image":{"@type":"ImageObject","inLanguage":"es","@id":"https:\/\/secure.gravatar.com\/avatar\/4e52110cad1c4054b43271a0d14bbe9e2ea76aecd0e1097edfc670798d9ca1d4?s=96&d=blank&r=g","url":"https:\/\/secure.gravatar.com\/avatar\/4e52110cad1c4054b43271a0d14bbe9e2ea76aecd0e1097edfc670798d9ca1d4?s=96&d=blank&r=g","contentUrl":"https:\/\/secure.gravatar.com\/avatar\/4e52110cad1c4054b43271a0d14bbe9e2ea76aecd0e1097edfc670798d9ca1d4?s=96&d=blank&r=g","caption":"NBCS Noticias"},"description":"\u00bfTienes fotos o video de alg\u00fan acto de posible negligencia, corrupci\u00f3n y abuso de autoridad? M\u00e1ndalo al WhatsApp de NBCS Noticias: 612 141 98 08","sameAs":["https:\/\/www.nbcs.mx","https:\/\/www.facebook.com\/NBCSnoticias","https:\/\/www.instagram.com\/nbcsnoticias\/","https:\/\/x.com\/https:\/\/twitter.com\/NBCSnoticias"]}]}},"jetpack_publicize_connections":[],"jetpack_featured_media_url":"https:\/\/nbcs.mx\/wp-content\/uploads\/2023\/03\/Convoca-Ayuntamiento-al-Concurso-Municipal-Juvenil-de-Oratoria-2023-2.jpg","jetpack_sharing_enabled":true,"_links":{"self":[{"href":"https:\/\/nbcs.mx\/index.php?rest_route=\/wp\/v2\/posts\/122183","targetHints":{"allow":["GET"]}}],"collection":[{"href":"https:\/\/nbcs.mx\/index.php?rest_route=\/wp\/v2\/posts"}],"about":[{"href":"https:\/\/nbcs.mx\/index.php?rest_route=\/wp\/v2\/types\/post"}],"author":[{"embeddable":true,"href":"https:\/\/nbcs.mx\/index.php?rest_route=\/wp\/v2\/users\/1"}],"replies":[{"embeddable":true,"href":"https:\/\/nbcs.mx\/index.php?rest_route=%2Fwp%2Fv2%2Fcomments&post=122183"}],"version-history":[{"count":1,"href":"https:\/\/nbcs.mx\/index.php?rest_route=\/wp\/v2\/posts\/122183\/revisions"}],"predecessor-version":[{"id":122185,"href":"https:\/\/nbcs.mx\/index.php?rest_route=\/wp\/v2\/posts\/122183\/revisions\/122185"}],"wp:featuredmedia":[{"embeddable":true,"href":"https:\/\/nbcs.mx\/index.php?rest_route=\/wp\/v2\/media\/122184"}],"wp:attachment":[{"href":"https:\/\/nbcs.mx\/index.php?rest_route=%2Fwp%2Fv2%2Fmedia&parent=122183"}],"wp:term":[{"taxonomy":"category","embeddable":true,"href":"https:\/\/nbcs.mx\/index.php?rest_route=%2Fwp%2Fv2%2Fcategories&post=122183"},{"taxonomy":"post_tag","embeddable":true,"href":"https:\/\/nbcs.mx\/index.php?rest_route=%2Fwp%2Fv2%2Ftags&post=122183"}],"curies":[{"name":"wp","href":"https:\/\/api.w.org\/{rel}","templated":true}]}}