{"id":122569,"date":"2023-03-16T19:25:39","date_gmt":"2023-03-17T02:25:39","guid":{"rendered":"https:\/\/nbcs.mx\/?p=122569"},"modified":"2023-03-16T19:25:39","modified_gmt":"2023-03-17T02:25:39","slug":"presenta-sepada-programa-de-inclusion-financiera-de-poblacion-prioritaria","status":"publish","type":"post","link":"https:\/\/nbcs.mx\/?p=122569","title":{"rendered":"Presenta SEPADA Programa de Inclusi\u00f3n Financiera de Poblaci\u00f3n Prioritaria"},"content":{"rendered":"<p style=\"font-weight: 400; text-align: justify;\"><img loading=\"lazy\" decoding=\"async\" class=\" wp-image-122570 alignleft\" src=\"https:\/\/nbcs.mx\/wp-content\/uploads\/2023\/03\/FOTO-BOLETIN-SEPADA-PROGRAMA-FINANCIERO-755x430.jpeg\" alt=\"\" width=\"341\" height=\"194\" srcset=\"https:\/\/nbcs.mx\/wp-content\/uploads\/2023\/03\/FOTO-BOLETIN-SEPADA-PROGRAMA-FINANCIERO-755x430.jpeg 755w, https:\/\/nbcs.mx\/wp-content\/uploads\/2023\/03\/FOTO-BOLETIN-SEPADA-PROGRAMA-FINANCIERO-1024x583.jpeg 1024w, https:\/\/nbcs.mx\/wp-content\/uploads\/2023\/03\/FOTO-BOLETIN-SEPADA-PROGRAMA-FINANCIERO-150x85.jpeg 150w, https:\/\/nbcs.mx\/wp-content\/uploads\/2023\/03\/FOTO-BOLETIN-SEPADA-PROGRAMA-FINANCIERO-768x437.jpeg 768w, https:\/\/nbcs.mx\/wp-content\/uploads\/2023\/03\/FOTO-BOLETIN-SEPADA-PROGRAMA-FINANCIERO-1536x875.jpeg 1536w, https:\/\/nbcs.mx\/wp-content\/uploads\/2023\/03\/FOTO-BOLETIN-SEPADA-PROGRAMA-FINANCIERO.jpeg 1600w\" sizes=\"auto, (max-width: 341px) 100vw, 341px\" \/>Para la administraci\u00f3n que encabeza el gobernador V\u00edctor Manuel Castro Cos\u00edo, el acceso a fuentes de financiamiento a favor de las y los productores primarios de Baja California Sur es estrat\u00e9gico para la consolidaci\u00f3n de proyectos que favorezcan el desarrollo productivo de la entidad, se\u00f1al\u00f3 el secretario de Pesca, Acuacultura y Desarrollo Agropecuario (SEPADA), Jos\u00e9 Alfredo Berm\u00fadez Beltr\u00e1n.<\/p>\n<p style=\"font-weight: 400; text-align: justify;\">El servidor p\u00fablico estatal encabez\u00f3 junto con los representantes de la Secretar\u00eda de Agricultura y Desarrollo Rural (SADER), Armando Ram\u00edrez G\u00e1lvez; y de Fideicomisos Instituidos en Relaci\u00f3n a la Agricultura (FIRA) en Comond\u00fa, Gustavo Hern\u00e1ndez, una reuni\u00f3n de trabajo con la Asociaci\u00f3n Agr\u00edcola del Valle de Santo Domingo, en la que se present\u00f3 el Programa para la Inclusi\u00f3n Financiera de Poblaci\u00f3n Prioritaria (PROIF).<\/p>\n<p style=\"font-weight: 400; text-align: justify;\">Ante la presencia de la Presidenta de la organizaci\u00f3n de productores referida, Ana Karen Tinajero Torres; Berm\u00fadez Beltr\u00e1n precis\u00f3 que a trav\u00e9s del PROIF, y con la aportaci\u00f3n de una garant\u00eda l\u00edquida de 10 millones de pesos por parte del Gobierno Estatal ante FIRA, se integr\u00f3 una bolsa de hasta 127.5 millones de pesos para financiar a los peque\u00f1os productores primarios con cr\u00e9ditos que van de un monto de 70 mil a 1.3 millones de pesos.<\/p>\n<p style=\"font-weight: 400; text-align: justify;\">En ese sentido, estableci\u00f3 que el PROIF ya est\u00e1 en operaci\u00f3n, pues a la fecha se cuenta con contratos de adhesi\u00f3n de intermediarios financieros como BanBajio, Proaktiva, Tepeyac y ASP Financiera; recomendando que los productores interesados deber\u00e1n acercarse primeramente a la SEPADA o a FIRA, para la definici\u00f3n del proyecto que presentar\u00e1n ante los intermediarios y as\u00ed, poder acceder al financiamiento que m\u00e1s les convenga.<\/p>\n<p style=\"font-weight: 400; text-align: justify;\">Del mismo modo se\u00f1al\u00f3 que, se trabajar\u00e1 con las y los productores, para que a trav\u00e9s de la Asociaci\u00f3n Agr\u00edcola del Valle de Santo Domingo, se organice a los solicitantes por l\u00edneas de producci\u00f3n, esto a fin de obtener mejores condiciones crediticias que favorezcan la consolidaci\u00f3n de los proyectos que se emprendan para fortalecer la actividad productiva y generar mayor bienestar a favor de las familias vinculadas a \u00e9sta.<\/p>\n<p style=\"font-weight: 400; text-align: justify;\">Por otra parte, agreg\u00f3 que actualmente se trabaja con FIRA en la conformaci\u00f3n del Programa de Financiamiento a la Mediana Empresa Agroalimentaria y Rural (PROEM), en el cual, con una garant\u00eda l\u00edquida similar por parte del Gobierno Estatal de 10 millones de pesos, se podr\u00e1n ofrecer cr\u00e9ditos de 1.3 a 29.5 millones de pesos, tambi\u00e9n con una bolsa de 127.5 millones de pesos.<\/p>\n<p style=\"font-weight: 400; text-align: justify;\">En el encuentro se cont\u00f3 con la presencia del subsecretario de Desarrollo Agropecuario de la SEPADA, Ram\u00f3n Gonz\u00e1lez L\u00f3pez, as\u00ed como los directores de Inversiones de la Secretar\u00eda de Finanzas, del Fondo para el Desarrollo Social de Baja California Sur (FOSDEBCS), y del Fondo de Reconversi\u00f3n Productiva del Valle de Santo Domingo; Armando Cota N\u00fa\u00f1ez, Guillermo \u00c1lvarez G\u00e1mez y Jaime L\u00f3pez Villase\u00f1or, respectivamente.<\/p>\n<p style=\"font-weight: 400; text-align: justify;\">\n","protected":false},"excerpt":{"rendered":"<p>Para la administraci\u00f3n que encabeza el gobernador V\u00edctor Manuel Castro Cos\u00edo, el acceso a fuentes de financiamiento a favor de<\/p>\n","protected":false},"author":1,"featured_media":122570,"comment_status":"open","ping_status":"closed","sticky":false,"template":"","format":"standard","meta":{"colormag_page_container_layout":"default_layout","colormag_page_sidebar_layout":"default_layout","_jetpack_newsletter_access":"","_jetpack_dont_email_post_to_subs":false,"_jetpack_newsletter_tier_id":0,"_jetpack_memberships_contains_paywalled_content":false,"_jetpack_feature_clip_id":0,"_jetpack_memberships_contains_paid_content":false,"footnotes":"","jetpack_publicize_message":"","jetpack_publicize_feature_enabled":true,"jetpack_social_post_already_shared":true,"jetpack_social_options":{"image_generator_settings":{"template":"highway","default_image_id":0,"font":"","enabled":false},"version":2},"jetpack_post_was_ever_published":false},"categories":[1],"tags":[],"class_list":["post-122569","post","type-post","status-publish","format-standard","has-post-thumbnail","hentry","category-noticias"],"yoast_head":"<!-- This site is optimized with the Yoast SEO plugin v28.4 - https:\/\/yoast.com\/product\/yoast-seo-wordpress\/ -->\n<title>Presenta SEPADA Programa de Inclusi\u00f3n Financiera de Poblaci\u00f3n Prioritaria - NBCS Noticias<\/title>\n<meta name=\"robots\" content=\"index, follow, max-snippet:-1, max-image-preview:large, max-video-preview:-1\" \/>\n<link rel=\"canonical\" href=\"https:\/\/nbcs.mx\/?p=122569\" \/>\n<meta property=\"og:locale\" content=\"es_ES\" \/>\n<meta property=\"og:type\" content=\"article\" \/>\n<meta property=\"og:title\" content=\"Presenta SEPADA Programa de Inclusi\u00f3n Financiera de Poblaci\u00f3n Prioritaria - NBCS Noticias\" \/>\n<meta property=\"og:description\" content=\"Para la administraci\u00f3n que encabeza el gobernador V\u00edctor Manuel Castro Cos\u00edo, el acceso a fuentes de financiamiento a favor de\" \/>\n<meta property=\"og:url\" content=\"https:\/\/nbcs.mx\/?p=122569\" \/>\n<meta property=\"og:site_name\" content=\"NBCS Noticias\" \/>\n<meta property=\"article:publisher\" content=\"https:\/\/www.facebook.com\/NBCSnoticias\" \/>\n<meta property=\"article:author\" content=\"https:\/\/www.facebook.com\/NBCSnoticias\" \/>\n<meta property=\"article:published_time\" content=\"2023-03-17T02:25:39+00:00\" \/>\n<meta property=\"og:image\" content=\"https:\/\/nbcs.mx\/wp-content\/uploads\/2023\/03\/FOTO-BOLETIN-SEPADA-PROGRAMA-FINANCIERO.jpeg\" \/>\n\t<meta property=\"og:image:width\" content=\"1600\" \/>\n\t<meta property=\"og:image:height\" content=\"911\" \/>\n\t<meta property=\"og:image:type\" content=\"image\/jpeg\" \/>\n<meta name=\"author\" content=\"NBCS Noticias\" \/>\n<meta name=\"twitter:card\" content=\"summary_large_image\" \/>\n<meta name=\"twitter:creator\" content=\"@https:\/\/twitter.com\/NBCSnoticias\" \/>\n<meta name=\"twitter:site\" content=\"@NBCSnoticias\" \/>\n<meta name=\"twitter:label1\" content=\"Escrito por\" \/>\n\t<meta name=\"twitter:data1\" content=\"NBCS Noticias\" \/>\n\t<meta name=\"twitter:label2\" content=\"Tiempo de lectura\" \/>\n\t<meta name=\"twitter:data2\" content=\"3 minutos\" \/>\n<script type=\"application\/ld+json\" class=\"yoast-schema-graph\">{\"@context\":\"https:\\\/\\\/schema.org\",\"@graph\":[{\"@type\":\"Article\",\"@id\":\"https:\\\/\\\/nbcs.mx\\\/?p=122569#article\",\"isPartOf\":{\"@id\":\"https:\\\/\\\/nbcs.mx\\\/?p=122569\"},\"author\":{\"name\":\"NBCS Noticias\",\"@id\":\"https:\\\/\\\/nbcs.mx\\\/#\\\/schema\\\/person\\\/ece58bab9a7c1e87a4d28ec9ecd79ff4\"},\"headline\":\"Presenta SEPADA Programa de Inclusi\u00f3n Financiera de Poblaci\u00f3n Prioritaria\",\"datePublished\":\"2023-03-17T02:25:39+00:00\",\"mainEntityOfPage\":{\"@id\":\"https:\\\/\\\/nbcs.mx\\\/?p=122569\"},\"wordCount\":516,\"commentCount\":0,\"publisher\":{\"@id\":\"https:\\\/\\\/nbcs.mx\\\/#organization\"},\"image\":{\"@id\":\"https:\\\/\\\/nbcs.mx\\\/?p=122569#primaryimage\"},\"thumbnailUrl\":\"https:\\\/\\\/nbcs.mx\\\/wp-content\\\/uploads\\\/2023\\\/03\\\/FOTO-BOLETIN-SEPADA-PROGRAMA-FINANCIERO.jpeg\",\"articleSection\":[\"Noticias\"],\"inLanguage\":\"es\",\"potentialAction\":[{\"@type\":\"CommentAction\",\"name\":\"Comment\",\"target\":[\"https:\\\/\\\/nbcs.mx\\\/?p=122569#respond\"]}]},{\"@type\":\"WebPage\",\"@id\":\"https:\\\/\\\/nbcs.mx\\\/?p=122569\",\"url\":\"https:\\\/\\\/nbcs.mx\\\/?p=122569\",\"name\":\"Presenta SEPADA Programa de Inclusi\u00f3n Financiera de Poblaci\u00f3n Prioritaria - NBCS Noticias\",\"isPartOf\":{\"@id\":\"https:\\\/\\\/nbcs.mx\\\/#website\"},\"primaryImageOfPage\":{\"@id\":\"https:\\\/\\\/nbcs.mx\\\/?p=122569#primaryimage\"},\"image\":{\"@id\":\"https:\\\/\\\/nbcs.mx\\\/?p=122569#primaryimage\"},\"thumbnailUrl\":\"https:\\\/\\\/nbcs.mx\\\/wp-content\\\/uploads\\\/2023\\\/03\\\/FOTO-BOLETIN-SEPADA-PROGRAMA-FINANCIERO.jpeg\",\"datePublished\":\"2023-03-17T02:25:39+00:00\",\"breadcrumb\":{\"@id\":\"https:\\\/\\\/nbcs.mx\\\/?p=122569#breadcrumb\"},\"inLanguage\":\"es\",\"potentialAction\":[{\"@type\":\"ReadAction\",\"target\":[\"https:\\\/\\\/nbcs.mx\\\/?p=122569\"]}]},{\"@type\":\"ImageObject\",\"inLanguage\":\"es\",\"@id\":\"https:\\\/\\\/nbcs.mx\\\/?p=122569#primaryimage\",\"url\":\"https:\\\/\\\/nbcs.mx\\\/wp-content\\\/uploads\\\/2023\\\/03\\\/FOTO-BOLETIN-SEPADA-PROGRAMA-FINANCIERO.jpeg\",\"contentUrl\":\"https:\\\/\\\/nbcs.mx\\\/wp-content\\\/uploads\\\/2023\\\/03\\\/FOTO-BOLETIN-SEPADA-PROGRAMA-FINANCIERO.jpeg\",\"width\":1600,\"height\":911},{\"@type\":\"BreadcrumbList\",\"@id\":\"https:\\\/\\\/nbcs.mx\\\/?p=122569#breadcrumb\",\"itemListElement\":[{\"@type\":\"ListItem\",\"position\":1,\"name\":\"Portada\",\"item\":\"https:\\\/\\\/nbcs.mx\\\/\"},{\"@type\":\"ListItem\",\"position\":2,\"name\":\"Presenta SEPADA Programa de Inclusi\u00f3n Financiera de Poblaci\u00f3n Prioritaria\"}]},{\"@type\":\"WebSite\",\"@id\":\"https:\\\/\\\/nbcs.mx\\\/#website\",\"url\":\"https:\\\/\\\/nbcs.mx\\\/\",\"name\":\"NBCS Noticias\",\"description\":\"Sitio web de noticias en Baja California Sur\",\"publisher\":{\"@id\":\"https:\\\/\\\/nbcs.mx\\\/#organization\"},\"potentialAction\":[{\"@type\":\"SearchAction\",\"target\":{\"@type\":\"EntryPoint\",\"urlTemplate\":\"https:\\\/\\\/nbcs.mx\\\/?s={search_term_string}\"},\"query-input\":{\"@type\":\"PropertyValueSpecification\",\"valueRequired\":true,\"valueName\":\"search_term_string\"}}],\"inLanguage\":\"es\"},{\"@type\":\"Organization\",\"@id\":\"https:\\\/\\\/nbcs.mx\\\/#organization\",\"name\":\"NBCS Noticias\",\"url\":\"https:\\\/\\\/nbcs.mx\\\/\",\"logo\":{\"@type\":\"ImageObject\",\"inLanguage\":\"es\",\"@id\":\"https:\\\/\\\/nbcs.mx\\\/#\\\/schema\\\/logo\\\/image\\\/\",\"url\":\"https:\\\/\\\/nbcs.mx\\\/wp-content\\\/uploads\\\/2018\\\/09\\\/057b69485e93575a5c2b1c1dde2dd297.jpeg\",\"contentUrl\":\"https:\\\/\\\/nbcs.mx\\\/wp-content\\\/uploads\\\/2018\\\/09\\\/057b69485e93575a5c2b1c1dde2dd297.jpeg\",\"width\":64,\"height\":64,\"caption\":\"NBCS Noticias\"},\"image\":{\"@id\":\"https:\\\/\\\/nbcs.mx\\\/#\\\/schema\\\/logo\\\/image\\\/\"},\"sameAs\":[\"https:\\\/\\\/www.facebook.com\\\/NBCSnoticias\",\"https:\\\/\\\/x.com\\\/NBCSnoticias\"]},{\"@type\":\"Person\",\"@id\":\"https:\\\/\\\/nbcs.mx\\\/#\\\/schema\\\/person\\\/ece58bab9a7c1e87a4d28ec9ecd79ff4\",\"name\":\"NBCS Noticias\",\"image\":{\"@type\":\"ImageObject\",\"inLanguage\":\"es\",\"@id\":\"https:\\\/\\\/secure.gravatar.com\\\/avatar\\\/4e52110cad1c4054b43271a0d14bbe9e2ea76aecd0e1097edfc670798d9ca1d4?s=96&d=blank&r=g\",\"url\":\"https:\\\/\\\/secure.gravatar.com\\\/avatar\\\/4e52110cad1c4054b43271a0d14bbe9e2ea76aecd0e1097edfc670798d9ca1d4?s=96&d=blank&r=g\",\"contentUrl\":\"https:\\\/\\\/secure.gravatar.com\\\/avatar\\\/4e52110cad1c4054b43271a0d14bbe9e2ea76aecd0e1097edfc670798d9ca1d4?s=96&d=blank&r=g\",\"caption\":\"NBCS Noticias\"},\"description\":\"\u00bfTienes fotos o video de alg\u00fan acto de posible negligencia, corrupci\u00f3n y abuso de autoridad? M\u00e1ndalo al WhatsApp de NBCS Noticias: 612 141 98 08\",\"sameAs\":[\"https:\\\/\\\/www.nbcs.mx\",\"https:\\\/\\\/www.facebook.com\\\/NBCSnoticias\",\"https:\\\/\\\/www.instagram.com\\\/nbcsnoticias\\\/\",\"https:\\\/\\\/x.com\\\/https:\\\/\\\/twitter.com\\\/NBCSnoticias\"]}]}<\/script>\n<!-- \/ Yoast SEO plugin. -->","yoast_head_json":{"title":"Presenta SEPADA Programa de Inclusi\u00f3n Financiera de Poblaci\u00f3n Prioritaria - NBCS Noticias","robots":{"index":"index","follow":"follow","max-snippet":"max-snippet:-1","max-image-preview":"max-image-preview:large","max-video-preview":"max-video-preview:-1"},"canonical":"https:\/\/nbcs.mx\/?p=122569","og_locale":"es_ES","og_type":"article","og_title":"Presenta SEPADA Programa de Inclusi\u00f3n Financiera de Poblaci\u00f3n Prioritaria - NBCS Noticias","og_description":"Para la administraci\u00f3n que encabeza el gobernador V\u00edctor Manuel Castro Cos\u00edo, el acceso a fuentes de financiamiento a favor de","og_url":"https:\/\/nbcs.mx\/?p=122569","og_site_name":"NBCS Noticias","article_publisher":"https:\/\/www.facebook.com\/NBCSnoticias","article_author":"https:\/\/www.facebook.com\/NBCSnoticias","article_published_time":"2023-03-17T02:25:39+00:00","og_image":[{"width":1600,"height":911,"url":"https:\/\/nbcs.mx\/wp-content\/uploads\/2023\/03\/FOTO-BOLETIN-SEPADA-PROGRAMA-FINANCIERO.jpeg","type":"image\/jpeg"}],"author":"NBCS Noticias","twitter_card":"summary_large_image","twitter_creator":"@https:\/\/twitter.com\/NBCSnoticias","twitter_site":"@NBCSnoticias","twitter_misc":{"Escrito por":"NBCS Noticias","Tiempo de lectura":"3 minutos"},"schema":{"@context":"https:\/\/schema.org","@graph":[{"@type":"Article","@id":"https:\/\/nbcs.mx\/?p=122569#article","isPartOf":{"@id":"https:\/\/nbcs.mx\/?p=122569"},"author":{"name":"NBCS Noticias","@id":"https:\/\/nbcs.mx\/#\/schema\/person\/ece58bab9a7c1e87a4d28ec9ecd79ff4"},"headline":"Presenta SEPADA Programa de Inclusi\u00f3n Financiera de Poblaci\u00f3n Prioritaria","datePublished":"2023-03-17T02:25:39+00:00","mainEntityOfPage":{"@id":"https:\/\/nbcs.mx\/?p=122569"},"wordCount":516,"commentCount":0,"publisher":{"@id":"https:\/\/nbcs.mx\/#organization"},"image":{"@id":"https:\/\/nbcs.mx\/?p=122569#primaryimage"},"thumbnailUrl":"https:\/\/nbcs.mx\/wp-content\/uploads\/2023\/03\/FOTO-BOLETIN-SEPADA-PROGRAMA-FINANCIERO.jpeg","articleSection":["Noticias"],"inLanguage":"es","potentialAction":[{"@type":"CommentAction","name":"Comment","target":["https:\/\/nbcs.mx\/?p=122569#respond"]}]},{"@type":"WebPage","@id":"https:\/\/nbcs.mx\/?p=122569","url":"https:\/\/nbcs.mx\/?p=122569","name":"Presenta SEPADA Programa de Inclusi\u00f3n Financiera de Poblaci\u00f3n Prioritaria - NBCS Noticias","isPartOf":{"@id":"https:\/\/nbcs.mx\/#website"},"primaryImageOfPage":{"@id":"https:\/\/nbcs.mx\/?p=122569#primaryimage"},"image":{"@id":"https:\/\/nbcs.mx\/?p=122569#primaryimage"},"thumbnailUrl":"https:\/\/nbcs.mx\/wp-content\/uploads\/2023\/03\/FOTO-BOLETIN-SEPADA-PROGRAMA-FINANCIERO.jpeg","datePublished":"2023-03-17T02:25:39+00:00","breadcrumb":{"@id":"https:\/\/nbcs.mx\/?p=122569#breadcrumb"},"inLanguage":"es","potentialAction":[{"@type":"ReadAction","target":["https:\/\/nbcs.mx\/?p=122569"]}]},{"@type":"ImageObject","inLanguage":"es","@id":"https:\/\/nbcs.mx\/?p=122569#primaryimage","url":"https:\/\/nbcs.mx\/wp-content\/uploads\/2023\/03\/FOTO-BOLETIN-SEPADA-PROGRAMA-FINANCIERO.jpeg","contentUrl":"https:\/\/nbcs.mx\/wp-content\/uploads\/2023\/03\/FOTO-BOLETIN-SEPADA-PROGRAMA-FINANCIERO.jpeg","width":1600,"height":911},{"@type":"BreadcrumbList","@id":"https:\/\/nbcs.mx\/?p=122569#breadcrumb","itemListElement":[{"@type":"ListItem","position":1,"name":"Portada","item":"https:\/\/nbcs.mx\/"},{"@type":"ListItem","position":2,"name":"Presenta SEPADA Programa de Inclusi\u00f3n Financiera de Poblaci\u00f3n Prioritaria"}]},{"@type":"WebSite","@id":"https:\/\/nbcs.mx\/#website","url":"https:\/\/nbcs.mx\/","name":"NBCS Noticias","description":"Sitio web de noticias en Baja California Sur","publisher":{"@id":"https:\/\/nbcs.mx\/#organization"},"potentialAction":[{"@type":"SearchAction","target":{"@type":"EntryPoint","urlTemplate":"https:\/\/nbcs.mx\/?s={search_term_string}"},"query-input":{"@type":"PropertyValueSpecification","valueRequired":true,"valueName":"search_term_string"}}],"inLanguage":"es"},{"@type":"Organization","@id":"https:\/\/nbcs.mx\/#organization","name":"NBCS Noticias","url":"https:\/\/nbcs.mx\/","logo":{"@type":"ImageObject","inLanguage":"es","@id":"https:\/\/nbcs.mx\/#\/schema\/logo\/image\/","url":"https:\/\/nbcs.mx\/wp-content\/uploads\/2018\/09\/057b69485e93575a5c2b1c1dde2dd297.jpeg","contentUrl":"https:\/\/nbcs.mx\/wp-content\/uploads\/2018\/09\/057b69485e93575a5c2b1c1dde2dd297.jpeg","width":64,"height":64,"caption":"NBCS Noticias"},"image":{"@id":"https:\/\/nbcs.mx\/#\/schema\/logo\/image\/"},"sameAs":["https:\/\/www.facebook.com\/NBCSnoticias","https:\/\/x.com\/NBCSnoticias"]},{"@type":"Person","@id":"https:\/\/nbcs.mx\/#\/schema\/person\/ece58bab9a7c1e87a4d28ec9ecd79ff4","name":"NBCS Noticias","image":{"@type":"ImageObject","inLanguage":"es","@id":"https:\/\/secure.gravatar.com\/avatar\/4e52110cad1c4054b43271a0d14bbe9e2ea76aecd0e1097edfc670798d9ca1d4?s=96&d=blank&r=g","url":"https:\/\/secure.gravatar.com\/avatar\/4e52110cad1c4054b43271a0d14bbe9e2ea76aecd0e1097edfc670798d9ca1d4?s=96&d=blank&r=g","contentUrl":"https:\/\/secure.gravatar.com\/avatar\/4e52110cad1c4054b43271a0d14bbe9e2ea76aecd0e1097edfc670798d9ca1d4?s=96&d=blank&r=g","caption":"NBCS Noticias"},"description":"\u00bfTienes fotos o video de alg\u00fan acto de posible negligencia, corrupci\u00f3n y abuso de autoridad? M\u00e1ndalo al WhatsApp de NBCS Noticias: 612 141 98 08","sameAs":["https:\/\/www.nbcs.mx","https:\/\/www.facebook.com\/NBCSnoticias","https:\/\/www.instagram.com\/nbcsnoticias\/","https:\/\/x.com\/https:\/\/twitter.com\/NBCSnoticias"]}]}},"jetpack_publicize_connections":[],"jetpack_sharing_enabled":true,"jetpack_featured_media_url":"https:\/\/nbcs.mx\/wp-content\/uploads\/2023\/03\/FOTO-BOLETIN-SEPADA-PROGRAMA-FINANCIERO.jpeg","_links":{"self":[{"href":"https:\/\/nbcs.mx\/index.php?rest_route=\/wp\/v2\/posts\/122569","targetHints":{"allow":["GET"]}}],"collection":[{"href":"https:\/\/nbcs.mx\/index.php?rest_route=\/wp\/v2\/posts"}],"about":[{"href":"https:\/\/nbcs.mx\/index.php?rest_route=\/wp\/v2\/types\/post"}],"author":[{"embeddable":true,"href":"https:\/\/nbcs.mx\/index.php?rest_route=\/wp\/v2\/users\/1"}],"replies":[{"embeddable":true,"href":"https:\/\/nbcs.mx\/index.php?rest_route=%2Fwp%2Fv2%2Fcomments&post=122569"}],"version-history":[{"count":1,"href":"https:\/\/nbcs.mx\/index.php?rest_route=\/wp\/v2\/posts\/122569\/revisions"}],"predecessor-version":[{"id":122571,"href":"https:\/\/nbcs.mx\/index.php?rest_route=\/wp\/v2\/posts\/122569\/revisions\/122571"}],"wp:featuredmedia":[{"embeddable":true,"href":"https:\/\/nbcs.mx\/index.php?rest_route=\/wp\/v2\/media\/122570"}],"wp:attachment":[{"href":"https:\/\/nbcs.mx\/index.php?rest_route=%2Fwp%2Fv2%2Fmedia&parent=122569"}],"wp:term":[{"taxonomy":"category","embeddable":true,"href":"https:\/\/nbcs.mx\/index.php?rest_route=%2Fwp%2Fv2%2Fcategories&post=122569"},{"taxonomy":"post_tag","embeddable":true,"href":"https:\/\/nbcs.mx\/index.php?rest_route=%2Fwp%2Fv2%2Ftags&post=122569"}],"curies":[{"name":"wp","href":"https:\/\/api.w.org\/{rel}","templated":true}]}}