{"id":122916,"date":"2023-03-26T20:31:43","date_gmt":"2023-03-27T03:31:43","guid":{"rendered":"https:\/\/nbcs.mx\/?p=122916"},"modified":"2023-03-26T20:31:43","modified_gmt":"2023-03-27T03:31:43","slug":"karatecas-de-bcs-clasifican-a-los-nacionales-conade","status":"publish","type":"post","link":"https:\/\/nbcs.mx\/?p=122916","title":{"rendered":"Karatecas de BCS clasifican a los Nacionales CONADE"},"content":{"rendered":"<p style=\"font-weight: 400; text-align: justify;\">Un total de 16 karatecas individuales y 2 equipos de la disciplina lograron clasificar a los Nacionales CONADE 2023 despu\u00e9s de haber participado en el Macroregional en el Polideportivo de la ciudad. Estos atletas vestir\u00e1n los colores de Baja California Sur en la justa que se llevar\u00e1 a cabo en Tabasco en mayo y junio.<\/p>\n<p style=\"font-weight: 400; text-align: justify;\">\n<p style=\"font-weight: 400; text-align: justify;\">La Comisi\u00f3n Nacional de Cultura F\u00edsica y Deporte (CONADE) estableci\u00f3 que el pa\u00eds estar\u00eda conformado por 3 macrorregiones, y Baja California Sur qued\u00f3 en la zona \u00abA\u00bb con los estados de Nuevo Le\u00f3n, Tamaulipas, Zacatecas, Sonora, Sinaloa, Baja California, San Luis Potos\u00ed y Chihuahua. Los atletas lograron asegurar lugares tanto en la modalidad de kata como en kumite, tanto en forma individual como por equipos.<\/p>\n<p style=\"font-weight: 400; text-align: justify;\">\n<p style=\"font-weight: 400; text-align: justify;\">Los atletas continuar\u00e1n con los entrenamientos f\u00edsicos y t\u00e9cnicos para mantener su nivel y buscar la conquista de medallas para el estado. Su objetivo es superar los resultados que se han registrado en las \u00faltimas ediciones del evento multideportivo organizado por la CONADE.<\/p>\n<p style=\"font-weight: 400; text-align: justify;\">\n<p style=\"font-weight: 400; text-align: justify;\">Los atletas clasificados son Carlos Salgado Ochoa en kata, Marely Guadalupe Cordero en la categor\u00eda de 14-15 a\u00f1os, -61 Kg, Romina Ayleen Verdugo Armenta en la categor\u00eda de 14-15 a\u00f1os, +63 Kg, Carlos Armando Mart\u00ednez Sol\u00eds en la categor\u00eda de 14-15 a\u00f1os, -63 Kg, Jorge Isaac Suarez Nieve en la categor\u00eda de 14-15 a\u00f1os, -70 Kg, Santiago El\u00edas Urquidez Ojeda en la categor\u00eda de 14-15 a\u00f1os, +70 Kg, Deborah Lizeth Mendoza Arnaut en la categor\u00eda de 16-17 a\u00f1os, -53 Kg, Gloria Yesenia Cabrera G\u00f3mez en la categor\u00eda de 16-17 a\u00f1os, -66 Kg, Karla Ashly V\u00e1zquez G\u00f3mez en la categor\u00eda de 16-17 a\u00f1os, -66 Kg, Rosa Lucia Z\u00fa\u00f1iga Gonz\u00e1lez en la categor\u00eda de 16-17 a\u00f1os, +66 Kg y Daniel Alejandro Cruz Romero en la categor\u00eda de 16-17 a\u00f1os, -55 Kg.<\/p>\n<p style=\"font-weight: 400; text-align: justify;\">\n<p style=\"font-weight: 400; text-align: justify;\">Por otro lado, los equipos de combate femenil conformado por Deborah Lizeth Mendoza Arnaut, Rosa Lucia Z\u00fa\u00f1iga Gonz\u00e1lez, Karla Ashly V\u00e1zquez G\u00f3mez y Gloria Yesenia Cabrera Palomino, en la categor\u00eda de 16-17 a\u00f1os, as\u00ed como el equipo de la categor\u00eda de 18-20 a\u00f1os conformado por Alison Nahomy Mart\u00ednez Covarrubias, Valeria Nicole Vel\u00e1zquez Romero, M\u00f3nica Rivero Casta\u00f1eda y Sofia Cervantes Ruiz, tambi\u00e9n lograron clasificar a los Nacionales CONADE.<\/p>\n<p style=\"font-weight: 400; text-align: justify;\">\n","protected":false},"excerpt":{"rendered":"<p>Un total de 16 karatecas individuales y 2 equipos de la disciplina lograron clasificar a los Nacionales CONADE 2023 despu\u00e9s<\/p>\n","protected":false},"author":1,"featured_media":122917,"comment_status":"open","ping_status":"closed","sticky":false,"template":"","format":"standard","meta":{"colormag_page_container_layout":"default_layout","colormag_page_sidebar_layout":"default_layout","_jetpack_memberships_contains_paid_content":false,"footnotes":"","jetpack_publicize_message":"","jetpack_publicize_feature_enabled":true,"jetpack_social_post_already_shared":true,"jetpack_social_options":{"image_generator_settings":{"template":"highway","default_image_id":0,"font":"","enabled":false},"version":2}},"categories":[23],"tags":[],"class_list":["post-122916","post","type-post","status-publish","format-standard","has-post-thumbnail","hentry","category-deportes"],"yoast_head":"<!-- This site is optimized with the Yoast SEO plugin v27.5 - https:\/\/yoast.com\/product\/yoast-seo-wordpress\/ -->\n<title>Karatecas de BCS clasifican a los Nacionales CONADE - NBCS Noticias<\/title>\n<meta name=\"robots\" content=\"index, follow, max-snippet:-1, max-image-preview:large, max-video-preview:-1\" \/>\n<link rel=\"canonical\" href=\"https:\/\/nbcs.mx\/?p=122916\" \/>\n<meta property=\"og:locale\" content=\"es_ES\" \/>\n<meta property=\"og:type\" content=\"article\" \/>\n<meta property=\"og:title\" content=\"Karatecas de BCS clasifican a los Nacionales CONADE - NBCS Noticias\" \/>\n<meta property=\"og:description\" content=\"Un total de 16 karatecas individuales y 2 equipos de la disciplina lograron clasificar a los Nacionales CONADE 2023 despu\u00e9s\" \/>\n<meta property=\"og:url\" content=\"https:\/\/nbcs.mx\/?p=122916\" \/>\n<meta property=\"og:site_name\" content=\"NBCS Noticias\" \/>\n<meta property=\"article:publisher\" content=\"https:\/\/www.facebook.com\/NBCSnoticias\" \/>\n<meta property=\"article:author\" content=\"https:\/\/www.facebook.com\/NBCSnoticias\" \/>\n<meta property=\"article:published_time\" content=\"2023-03-27T03:31:43+00:00\" \/>\n<meta property=\"og:image\" content=\"https:\/\/nbcs.mx\/wp-content\/uploads\/2023\/03\/16-KARATECAS-Y-2-EQUIPOS-CLASIFICAN-A-LOS-NACIONALES-CONADE.jpg\" \/>\n\t<meta property=\"og:image:width\" content=\"1024\" \/>\n\t<meta property=\"og:image:height\" content=\"571\" \/>\n\t<meta property=\"og:image:type\" content=\"image\/jpeg\" \/>\n<meta name=\"author\" content=\"NBCS Noticias\" \/>\n<meta name=\"twitter:card\" content=\"summary_large_image\" \/>\n<meta name=\"twitter:creator\" content=\"@https:\/\/twitter.com\/NBCSnoticias\" \/>\n<meta name=\"twitter:site\" content=\"@NBCSnoticias\" \/>\n<meta name=\"twitter:label1\" content=\"Escrito por\" \/>\n\t<meta name=\"twitter:data1\" content=\"NBCS Noticias\" \/>\n\t<meta name=\"twitter:label2\" content=\"Tiempo de lectura\" \/>\n\t<meta name=\"twitter:data2\" content=\"2 minutos\" \/>\n<script type=\"application\/ld+json\" class=\"yoast-schema-graph\">{\"@context\":\"https:\\\/\\\/schema.org\",\"@graph\":[{\"@type\":\"Article\",\"@id\":\"https:\\\/\\\/nbcs.mx\\\/?p=122916#article\",\"isPartOf\":{\"@id\":\"https:\\\/\\\/nbcs.mx\\\/?p=122916\"},\"author\":{\"name\":\"NBCS Noticias\",\"@id\":\"https:\\\/\\\/nbcs.mx\\\/#\\\/schema\\\/person\\\/ece58bab9a7c1e87a4d28ec9ecd79ff4\"},\"headline\":\"Karatecas de BCS clasifican a los Nacionales CONADE\",\"datePublished\":\"2023-03-27T03:31:43+00:00\",\"mainEntityOfPage\":{\"@id\":\"https:\\\/\\\/nbcs.mx\\\/?p=122916\"},\"wordCount\":411,\"commentCount\":0,\"publisher\":{\"@id\":\"https:\\\/\\\/nbcs.mx\\\/#organization\"},\"image\":{\"@id\":\"https:\\\/\\\/nbcs.mx\\\/?p=122916#primaryimage\"},\"thumbnailUrl\":\"https:\\\/\\\/nbcs.mx\\\/wp-content\\\/uploads\\\/2023\\\/03\\\/16-KARATECAS-Y-2-EQUIPOS-CLASIFICAN-A-LOS-NACIONALES-CONADE.jpg\",\"articleSection\":[\"Deportes\"],\"inLanguage\":\"es\",\"potentialAction\":[{\"@type\":\"CommentAction\",\"name\":\"Comment\",\"target\":[\"https:\\\/\\\/nbcs.mx\\\/?p=122916#respond\"]}]},{\"@type\":\"WebPage\",\"@id\":\"https:\\\/\\\/nbcs.mx\\\/?p=122916\",\"url\":\"https:\\\/\\\/nbcs.mx\\\/?p=122916\",\"name\":\"Karatecas de BCS clasifican a los Nacionales CONADE - NBCS Noticias\",\"isPartOf\":{\"@id\":\"https:\\\/\\\/nbcs.mx\\\/#website\"},\"primaryImageOfPage\":{\"@id\":\"https:\\\/\\\/nbcs.mx\\\/?p=122916#primaryimage\"},\"image\":{\"@id\":\"https:\\\/\\\/nbcs.mx\\\/?p=122916#primaryimage\"},\"thumbnailUrl\":\"https:\\\/\\\/nbcs.mx\\\/wp-content\\\/uploads\\\/2023\\\/03\\\/16-KARATECAS-Y-2-EQUIPOS-CLASIFICAN-A-LOS-NACIONALES-CONADE.jpg\",\"datePublished\":\"2023-03-27T03:31:43+00:00\",\"breadcrumb\":{\"@id\":\"https:\\\/\\\/nbcs.mx\\\/?p=122916#breadcrumb\"},\"inLanguage\":\"es\",\"potentialAction\":[{\"@type\":\"ReadAction\",\"target\":[\"https:\\\/\\\/nbcs.mx\\\/?p=122916\"]}]},{\"@type\":\"ImageObject\",\"inLanguage\":\"es\",\"@id\":\"https:\\\/\\\/nbcs.mx\\\/?p=122916#primaryimage\",\"url\":\"https:\\\/\\\/nbcs.mx\\\/wp-content\\\/uploads\\\/2023\\\/03\\\/16-KARATECAS-Y-2-EQUIPOS-CLASIFICAN-A-LOS-NACIONALES-CONADE.jpg\",\"contentUrl\":\"https:\\\/\\\/nbcs.mx\\\/wp-content\\\/uploads\\\/2023\\\/03\\\/16-KARATECAS-Y-2-EQUIPOS-CLASIFICAN-A-LOS-NACIONALES-CONADE.jpg\",\"width\":1024,\"height\":571},{\"@type\":\"BreadcrumbList\",\"@id\":\"https:\\\/\\\/nbcs.mx\\\/?p=122916#breadcrumb\",\"itemListElement\":[{\"@type\":\"ListItem\",\"position\":1,\"name\":\"Portada\",\"item\":\"https:\\\/\\\/nbcs.mx\\\/\"},{\"@type\":\"ListItem\",\"position\":2,\"name\":\"Karatecas de BCS clasifican a los Nacionales CONADE\"}]},{\"@type\":\"WebSite\",\"@id\":\"https:\\\/\\\/nbcs.mx\\\/#website\",\"url\":\"https:\\\/\\\/nbcs.mx\\\/\",\"name\":\"NBCS Noticias\",\"description\":\"Sitio web de noticias en Baja California Sur\",\"publisher\":{\"@id\":\"https:\\\/\\\/nbcs.mx\\\/#organization\"},\"potentialAction\":[{\"@type\":\"SearchAction\",\"target\":{\"@type\":\"EntryPoint\",\"urlTemplate\":\"https:\\\/\\\/nbcs.mx\\\/?s={search_term_string}\"},\"query-input\":{\"@type\":\"PropertyValueSpecification\",\"valueRequired\":true,\"valueName\":\"search_term_string\"}}],\"inLanguage\":\"es\"},{\"@type\":\"Organization\",\"@id\":\"https:\\\/\\\/nbcs.mx\\\/#organization\",\"name\":\"NBCS Noticias\",\"url\":\"https:\\\/\\\/nbcs.mx\\\/\",\"logo\":{\"@type\":\"ImageObject\",\"inLanguage\":\"es\",\"@id\":\"https:\\\/\\\/nbcs.mx\\\/#\\\/schema\\\/logo\\\/image\\\/\",\"url\":\"https:\\\/\\\/nbcs.mx\\\/wp-content\\\/uploads\\\/2018\\\/09\\\/057b69485e93575a5c2b1c1dde2dd297.jpeg\",\"contentUrl\":\"https:\\\/\\\/nbcs.mx\\\/wp-content\\\/uploads\\\/2018\\\/09\\\/057b69485e93575a5c2b1c1dde2dd297.jpeg\",\"width\":64,\"height\":64,\"caption\":\"NBCS Noticias\"},\"image\":{\"@id\":\"https:\\\/\\\/nbcs.mx\\\/#\\\/schema\\\/logo\\\/image\\\/\"},\"sameAs\":[\"https:\\\/\\\/www.facebook.com\\\/NBCSnoticias\",\"https:\\\/\\\/x.com\\\/NBCSnoticias\"]},{\"@type\":\"Person\",\"@id\":\"https:\\\/\\\/nbcs.mx\\\/#\\\/schema\\\/person\\\/ece58bab9a7c1e87a4d28ec9ecd79ff4\",\"name\":\"NBCS Noticias\",\"image\":{\"@type\":\"ImageObject\",\"inLanguage\":\"es\",\"@id\":\"https:\\\/\\\/secure.gravatar.com\\\/avatar\\\/4e52110cad1c4054b43271a0d14bbe9e2ea76aecd0e1097edfc670798d9ca1d4?s=96&d=blank&r=g\",\"url\":\"https:\\\/\\\/secure.gravatar.com\\\/avatar\\\/4e52110cad1c4054b43271a0d14bbe9e2ea76aecd0e1097edfc670798d9ca1d4?s=96&d=blank&r=g\",\"contentUrl\":\"https:\\\/\\\/secure.gravatar.com\\\/avatar\\\/4e52110cad1c4054b43271a0d14bbe9e2ea76aecd0e1097edfc670798d9ca1d4?s=96&d=blank&r=g\",\"caption\":\"NBCS Noticias\"},\"description\":\"\u00bfTienes fotos o video de alg\u00fan acto de posible negligencia, corrupci\u00f3n y abuso de autoridad? M\u00e1ndalo al WhatsApp de NBCS Noticias: 612 141 98 08\",\"sameAs\":[\"https:\\\/\\\/www.nbcs.mx\",\"https:\\\/\\\/www.facebook.com\\\/NBCSnoticias\",\"https:\\\/\\\/www.instagram.com\\\/nbcsnoticias\\\/\",\"https:\\\/\\\/x.com\\\/https:\\\/\\\/twitter.com\\\/NBCSnoticias\"]}]}<\/script>\n<!-- \/ Yoast SEO plugin. -->","yoast_head_json":{"title":"Karatecas de BCS clasifican a los Nacionales CONADE - NBCS Noticias","robots":{"index":"index","follow":"follow","max-snippet":"max-snippet:-1","max-image-preview":"max-image-preview:large","max-video-preview":"max-video-preview:-1"},"canonical":"https:\/\/nbcs.mx\/?p=122916","og_locale":"es_ES","og_type":"article","og_title":"Karatecas de BCS clasifican a los Nacionales CONADE - NBCS Noticias","og_description":"Un total de 16 karatecas individuales y 2 equipos de la disciplina lograron clasificar a los Nacionales CONADE 2023 despu\u00e9s","og_url":"https:\/\/nbcs.mx\/?p=122916","og_site_name":"NBCS Noticias","article_publisher":"https:\/\/www.facebook.com\/NBCSnoticias","article_author":"https:\/\/www.facebook.com\/NBCSnoticias","article_published_time":"2023-03-27T03:31:43+00:00","og_image":[{"width":1024,"height":571,"url":"https:\/\/nbcs.mx\/wp-content\/uploads\/2023\/03\/16-KARATECAS-Y-2-EQUIPOS-CLASIFICAN-A-LOS-NACIONALES-CONADE.jpg","type":"image\/jpeg"}],"author":"NBCS Noticias","twitter_card":"summary_large_image","twitter_creator":"@https:\/\/twitter.com\/NBCSnoticias","twitter_site":"@NBCSnoticias","twitter_misc":{"Escrito por":"NBCS Noticias","Tiempo de lectura":"2 minutos"},"schema":{"@context":"https:\/\/schema.org","@graph":[{"@type":"Article","@id":"https:\/\/nbcs.mx\/?p=122916#article","isPartOf":{"@id":"https:\/\/nbcs.mx\/?p=122916"},"author":{"name":"NBCS Noticias","@id":"https:\/\/nbcs.mx\/#\/schema\/person\/ece58bab9a7c1e87a4d28ec9ecd79ff4"},"headline":"Karatecas de BCS clasifican a los Nacionales CONADE","datePublished":"2023-03-27T03:31:43+00:00","mainEntityOfPage":{"@id":"https:\/\/nbcs.mx\/?p=122916"},"wordCount":411,"commentCount":0,"publisher":{"@id":"https:\/\/nbcs.mx\/#organization"},"image":{"@id":"https:\/\/nbcs.mx\/?p=122916#primaryimage"},"thumbnailUrl":"https:\/\/nbcs.mx\/wp-content\/uploads\/2023\/03\/16-KARATECAS-Y-2-EQUIPOS-CLASIFICAN-A-LOS-NACIONALES-CONADE.jpg","articleSection":["Deportes"],"inLanguage":"es","potentialAction":[{"@type":"CommentAction","name":"Comment","target":["https:\/\/nbcs.mx\/?p=122916#respond"]}]},{"@type":"WebPage","@id":"https:\/\/nbcs.mx\/?p=122916","url":"https:\/\/nbcs.mx\/?p=122916","name":"Karatecas de BCS clasifican a los Nacionales CONADE - NBCS Noticias","isPartOf":{"@id":"https:\/\/nbcs.mx\/#website"},"primaryImageOfPage":{"@id":"https:\/\/nbcs.mx\/?p=122916#primaryimage"},"image":{"@id":"https:\/\/nbcs.mx\/?p=122916#primaryimage"},"thumbnailUrl":"https:\/\/nbcs.mx\/wp-content\/uploads\/2023\/03\/16-KARATECAS-Y-2-EQUIPOS-CLASIFICAN-A-LOS-NACIONALES-CONADE.jpg","datePublished":"2023-03-27T03:31:43+00:00","breadcrumb":{"@id":"https:\/\/nbcs.mx\/?p=122916#breadcrumb"},"inLanguage":"es","potentialAction":[{"@type":"ReadAction","target":["https:\/\/nbcs.mx\/?p=122916"]}]},{"@type":"ImageObject","inLanguage":"es","@id":"https:\/\/nbcs.mx\/?p=122916#primaryimage","url":"https:\/\/nbcs.mx\/wp-content\/uploads\/2023\/03\/16-KARATECAS-Y-2-EQUIPOS-CLASIFICAN-A-LOS-NACIONALES-CONADE.jpg","contentUrl":"https:\/\/nbcs.mx\/wp-content\/uploads\/2023\/03\/16-KARATECAS-Y-2-EQUIPOS-CLASIFICAN-A-LOS-NACIONALES-CONADE.jpg","width":1024,"height":571},{"@type":"BreadcrumbList","@id":"https:\/\/nbcs.mx\/?p=122916#breadcrumb","itemListElement":[{"@type":"ListItem","position":1,"name":"Portada","item":"https:\/\/nbcs.mx\/"},{"@type":"ListItem","position":2,"name":"Karatecas de BCS clasifican a los Nacionales CONADE"}]},{"@type":"WebSite","@id":"https:\/\/nbcs.mx\/#website","url":"https:\/\/nbcs.mx\/","name":"NBCS Noticias","description":"Sitio web de noticias en Baja California Sur","publisher":{"@id":"https:\/\/nbcs.mx\/#organization"},"potentialAction":[{"@type":"SearchAction","target":{"@type":"EntryPoint","urlTemplate":"https:\/\/nbcs.mx\/?s={search_term_string}"},"query-input":{"@type":"PropertyValueSpecification","valueRequired":true,"valueName":"search_term_string"}}],"inLanguage":"es"},{"@type":"Organization","@id":"https:\/\/nbcs.mx\/#organization","name":"NBCS Noticias","url":"https:\/\/nbcs.mx\/","logo":{"@type":"ImageObject","inLanguage":"es","@id":"https:\/\/nbcs.mx\/#\/schema\/logo\/image\/","url":"https:\/\/nbcs.mx\/wp-content\/uploads\/2018\/09\/057b69485e93575a5c2b1c1dde2dd297.jpeg","contentUrl":"https:\/\/nbcs.mx\/wp-content\/uploads\/2018\/09\/057b69485e93575a5c2b1c1dde2dd297.jpeg","width":64,"height":64,"caption":"NBCS Noticias"},"image":{"@id":"https:\/\/nbcs.mx\/#\/schema\/logo\/image\/"},"sameAs":["https:\/\/www.facebook.com\/NBCSnoticias","https:\/\/x.com\/NBCSnoticias"]},{"@type":"Person","@id":"https:\/\/nbcs.mx\/#\/schema\/person\/ece58bab9a7c1e87a4d28ec9ecd79ff4","name":"NBCS Noticias","image":{"@type":"ImageObject","inLanguage":"es","@id":"https:\/\/secure.gravatar.com\/avatar\/4e52110cad1c4054b43271a0d14bbe9e2ea76aecd0e1097edfc670798d9ca1d4?s=96&d=blank&r=g","url":"https:\/\/secure.gravatar.com\/avatar\/4e52110cad1c4054b43271a0d14bbe9e2ea76aecd0e1097edfc670798d9ca1d4?s=96&d=blank&r=g","contentUrl":"https:\/\/secure.gravatar.com\/avatar\/4e52110cad1c4054b43271a0d14bbe9e2ea76aecd0e1097edfc670798d9ca1d4?s=96&d=blank&r=g","caption":"NBCS Noticias"},"description":"\u00bfTienes fotos o video de alg\u00fan acto de posible negligencia, corrupci\u00f3n y abuso de autoridad? M\u00e1ndalo al WhatsApp de NBCS Noticias: 612 141 98 08","sameAs":["https:\/\/www.nbcs.mx","https:\/\/www.facebook.com\/NBCSnoticias","https:\/\/www.instagram.com\/nbcsnoticias\/","https:\/\/x.com\/https:\/\/twitter.com\/NBCSnoticias"]}]}},"jetpack_publicize_connections":[],"jetpack_featured_media_url":"https:\/\/nbcs.mx\/wp-content\/uploads\/2023\/03\/16-KARATECAS-Y-2-EQUIPOS-CLASIFICAN-A-LOS-NACIONALES-CONADE.jpg","jetpack_sharing_enabled":true,"_links":{"self":[{"href":"https:\/\/nbcs.mx\/index.php?rest_route=\/wp\/v2\/posts\/122916","targetHints":{"allow":["GET"]}}],"collection":[{"href":"https:\/\/nbcs.mx\/index.php?rest_route=\/wp\/v2\/posts"}],"about":[{"href":"https:\/\/nbcs.mx\/index.php?rest_route=\/wp\/v2\/types\/post"}],"author":[{"embeddable":true,"href":"https:\/\/nbcs.mx\/index.php?rest_route=\/wp\/v2\/users\/1"}],"replies":[{"embeddable":true,"href":"https:\/\/nbcs.mx\/index.php?rest_route=%2Fwp%2Fv2%2Fcomments&post=122916"}],"version-history":[{"count":1,"href":"https:\/\/nbcs.mx\/index.php?rest_route=\/wp\/v2\/posts\/122916\/revisions"}],"predecessor-version":[{"id":122918,"href":"https:\/\/nbcs.mx\/index.php?rest_route=\/wp\/v2\/posts\/122916\/revisions\/122918"}],"wp:featuredmedia":[{"embeddable":true,"href":"https:\/\/nbcs.mx\/index.php?rest_route=\/wp\/v2\/media\/122917"}],"wp:attachment":[{"href":"https:\/\/nbcs.mx\/index.php?rest_route=%2Fwp%2Fv2%2Fmedia&parent=122916"}],"wp:term":[{"taxonomy":"category","embeddable":true,"href":"https:\/\/nbcs.mx\/index.php?rest_route=%2Fwp%2Fv2%2Fcategories&post=122916"},{"taxonomy":"post_tag","embeddable":true,"href":"https:\/\/nbcs.mx\/index.php?rest_route=%2Fwp%2Fv2%2Ftags&post=122916"}],"curies":[{"name":"wp","href":"https:\/\/api.w.org\/{rel}","templated":true}]}}