{"id":123001,"date":"2023-03-29T19:22:42","date_gmt":"2023-03-30T02:22:42","guid":{"rendered":"https:\/\/nbcs.mx\/?p=123001"},"modified":"2023-03-29T19:22:42","modified_gmt":"2023-03-30T02:22:42","slug":"prepara-ayuntamiento-de-la-paz-operativo-de-semana-santa-2023","status":"publish","type":"post","link":"https:\/\/nbcs.mx\/?p=123001","title":{"rendered":"Prepara Ayuntamiento de La Paz operativo de \u201cSemana Santa 2023\u201d"},"content":{"rendered":"<p style=\"font-weight: 400; text-align: justify;\"><img loading=\"lazy\" decoding=\"async\" class=\"size-medium wp-image-123002 aligncenter\" src=\"https:\/\/nbcs.mx\/wp-content\/uploads\/2023\/03\/Prepara-Ayuntamiento-de-La-Paz-operativo-de-Semana-Santa-2023-755x392.jpg\" alt=\"\" width=\"755\" height=\"392\" srcset=\"https:\/\/nbcs.mx\/wp-content\/uploads\/2023\/03\/Prepara-Ayuntamiento-de-La-Paz-operativo-de-Semana-Santa-2023-755x392.jpg 755w, https:\/\/nbcs.mx\/wp-content\/uploads\/2023\/03\/Prepara-Ayuntamiento-de-La-Paz-operativo-de-Semana-Santa-2023-1024x532.jpg 1024w, https:\/\/nbcs.mx\/wp-content\/uploads\/2023\/03\/Prepara-Ayuntamiento-de-La-Paz-operativo-de-Semana-Santa-2023-150x78.jpg 150w, https:\/\/nbcs.mx\/wp-content\/uploads\/2023\/03\/Prepara-Ayuntamiento-de-La-Paz-operativo-de-Semana-Santa-2023-768x399.jpg 768w, https:\/\/nbcs.mx\/wp-content\/uploads\/2023\/03\/Prepara-Ayuntamiento-de-La-Paz-operativo-de-Semana-Santa-2023.jpg 1280w\" sizes=\"auto, (max-width: 755px) 100vw, 755px\" \/><\/p>\n<p style=\"font-weight: 400; text-align: justify;\">El Secretario General Municipal, Pavel Castro R\u00edos, encabez\u00f3 la reuni\u00f3n previa al inicio del operativo de \u201cSemana Santa 2023\u201d, que se llevar\u00e1 a cabo del 05 al 09 de abril y en el que participar\u00e1n elementos de Fuerzas Armadas, instituciones de los tres \u00f3rdenes de gobierno, Seguridad P\u00fablica Municipal, Protecci\u00f3n Civil Municipal, el H. Cuerpo de Bomberos de La Paz y grupos voluntarios de rescate.<\/p>\n<p style=\"font-weight: 400; text-align: justify;\">\n<p style=\"font-weight: 400; text-align: justify;\">Al respecto el Secretario General, destac\u00f3 el apoyo interinstitucional coordinado por Ayuntamiento de La Paz a trav\u00e9s de la Direcci\u00f3n de Seguridad P\u00fablica y Tr\u00e1nsito Municipal, que dirige la Teniente Rut de la Fuente, con la finalidad de garantizar la seguridad de los habitantes del municipio, el cual cuenta con una amplia extensi\u00f3n de litorales y playas que demandan mayor atenci\u00f3n y cobertura.<\/p>\n<p style=\"font-weight: 400; text-align: justify;\">\n<p style=\"font-weight: 400; text-align: justify;\">Castro R\u00edos, agradeci\u00f3 y reconoci\u00f3 el inter\u00e9s de la todas las instituciones civiles y de seguridad para colaborar y coordinarse en este operativo y con ello lograr un saldo blanco, para que en esta Semana Santa queden solamente los buenos recuerdos.<\/p>\n<p style=\"font-weight: 400; text-align: justify;\">\n<p style=\"font-weight: 400; text-align: justify;\">Por su parte, la titular de la Direcci\u00f3n de Seguridad P\u00fablica y Tr\u00e1nsito Municipal, se\u00f1al\u00f3 que el banderazo de inicio de este operativo de \u201cSemana Santa 2023\u201d, se realizar\u00e1 el pr\u00f3ximo s\u00e1bado 01 de abril a las 08:00 horas, en el Muelle Fiscal del Malec\u00f3n de La Paz, con la idea de garantizar la seguridad durante el periodo vacacional pr\u00f3ximo a iniciar.<\/p>\n<p style=\"font-weight: 400; text-align: justify;\">\n<p style=\"font-weight: 400; text-align: justify;\">En este operativo de Semana Santa 2023, participar\u00e1n elementos de la Armada de M\u00e9xico, Ejercito, Guardia Nacional, Polic\u00eda Estatal, Protecci\u00f3n Civil Estatal, \u00c1ngeles Verdes, Capitan\u00eda de Puertos, ZOFEMAT, API-BCS, Cruz Roja, CONANP, FONMAR, la Direcci\u00f3n de Seguridad P\u00fablica y Tr\u00e1nsito Municipal, Protecci\u00f3n Civil Municipal, la Direcci\u00f3n de Servicios P\u00fablicos Municipales y grupos de rescate voluntarios, entre otros.<\/p>\n","protected":false},"excerpt":{"rendered":"<p>El Secretario General Municipal, Pavel Castro R\u00edos, encabez\u00f3 la reuni\u00f3n previa al inicio del operativo de \u201cSemana Santa 2023\u201d, que<\/p>\n","protected":false},"author":1,"featured_media":123002,"comment_status":"open","ping_status":"closed","sticky":false,"template":"","format":"standard","meta":{"colormag_page_container_layout":"default_layout","colormag_page_sidebar_layout":"default_layout","_jetpack_memberships_contains_paid_content":false,"footnotes":"","jetpack_publicize_message":"","jetpack_publicize_feature_enabled":true,"jetpack_social_post_already_shared":true,"jetpack_social_options":{"image_generator_settings":{"template":"highway","default_image_id":0,"font":"","enabled":false},"version":2}},"categories":[40],"tags":[],"class_list":["post-123001","post","type-post","status-publish","format-standard","has-post-thumbnail","hentry","category-municipios"],"yoast_head":"<!-- This site is optimized with the Yoast SEO plugin v27.5 - https:\/\/yoast.com\/product\/yoast-seo-wordpress\/ -->\n<title>Prepara Ayuntamiento de La Paz operativo de \u201cSemana Santa 2023\u201d - NBCS Noticias<\/title>\n<meta name=\"robots\" content=\"index, follow, max-snippet:-1, max-image-preview:large, max-video-preview:-1\" \/>\n<link rel=\"canonical\" href=\"https:\/\/nbcs.mx\/?p=123001\" \/>\n<meta property=\"og:locale\" content=\"es_ES\" \/>\n<meta property=\"og:type\" content=\"article\" \/>\n<meta property=\"og:title\" content=\"Prepara Ayuntamiento de La Paz operativo de \u201cSemana Santa 2023\u201d - NBCS Noticias\" \/>\n<meta property=\"og:description\" content=\"El Secretario General Municipal, Pavel Castro R\u00edos, encabez\u00f3 la reuni\u00f3n previa al inicio del operativo de \u201cSemana Santa 2023\u201d, que\" \/>\n<meta property=\"og:url\" content=\"https:\/\/nbcs.mx\/?p=123001\" \/>\n<meta property=\"og:site_name\" content=\"NBCS Noticias\" \/>\n<meta property=\"article:publisher\" content=\"https:\/\/www.facebook.com\/NBCSnoticias\" \/>\n<meta property=\"article:author\" content=\"https:\/\/www.facebook.com\/NBCSnoticias\" \/>\n<meta property=\"article:published_time\" content=\"2023-03-30T02:22:42+00:00\" \/>\n<meta property=\"og:image\" content=\"https:\/\/nbcs.mx\/wp-content\/uploads\/2023\/03\/Prepara-Ayuntamiento-de-La-Paz-operativo-de-Semana-Santa-2023.jpg\" \/>\n\t<meta property=\"og:image:width\" content=\"1280\" \/>\n\t<meta property=\"og:image:height\" content=\"665\" \/>\n\t<meta property=\"og:image:type\" content=\"image\/jpeg\" \/>\n<meta name=\"author\" content=\"NBCS Noticias\" \/>\n<meta name=\"twitter:card\" content=\"summary_large_image\" \/>\n<meta name=\"twitter:creator\" content=\"@https:\/\/twitter.com\/NBCSnoticias\" \/>\n<meta name=\"twitter:site\" content=\"@NBCSnoticias\" \/>\n<meta name=\"twitter:label1\" content=\"Escrito por\" \/>\n\t<meta name=\"twitter:data1\" content=\"NBCS Noticias\" \/>\n\t<meta name=\"twitter:label2\" content=\"Tiempo de lectura\" \/>\n\t<meta name=\"twitter:data2\" content=\"2 minutos\" \/>\n<script type=\"application\/ld+json\" class=\"yoast-schema-graph\">{\"@context\":\"https:\\\/\\\/schema.org\",\"@graph\":[{\"@type\":\"Article\",\"@id\":\"https:\\\/\\\/nbcs.mx\\\/?p=123001#article\",\"isPartOf\":{\"@id\":\"https:\\\/\\\/nbcs.mx\\\/?p=123001\"},\"author\":{\"name\":\"NBCS Noticias\",\"@id\":\"https:\\\/\\\/nbcs.mx\\\/#\\\/schema\\\/person\\\/ece58bab9a7c1e87a4d28ec9ecd79ff4\"},\"headline\":\"Prepara Ayuntamiento de La Paz operativo de \u201cSemana Santa 2023\u201d\",\"datePublished\":\"2023-03-30T02:22:42+00:00\",\"mainEntityOfPage\":{\"@id\":\"https:\\\/\\\/nbcs.mx\\\/?p=123001\"},\"wordCount\":322,\"commentCount\":0,\"publisher\":{\"@id\":\"https:\\\/\\\/nbcs.mx\\\/#organization\"},\"image\":{\"@id\":\"https:\\\/\\\/nbcs.mx\\\/?p=123001#primaryimage\"},\"thumbnailUrl\":\"https:\\\/\\\/nbcs.mx\\\/wp-content\\\/uploads\\\/2023\\\/03\\\/Prepara-Ayuntamiento-de-La-Paz-operativo-de-Semana-Santa-2023.jpg\",\"articleSection\":[\"Municipios\"],\"inLanguage\":\"es\",\"potentialAction\":[{\"@type\":\"CommentAction\",\"name\":\"Comment\",\"target\":[\"https:\\\/\\\/nbcs.mx\\\/?p=123001#respond\"]}]},{\"@type\":\"WebPage\",\"@id\":\"https:\\\/\\\/nbcs.mx\\\/?p=123001\",\"url\":\"https:\\\/\\\/nbcs.mx\\\/?p=123001\",\"name\":\"Prepara Ayuntamiento de La Paz operativo de \u201cSemana Santa 2023\u201d - NBCS Noticias\",\"isPartOf\":{\"@id\":\"https:\\\/\\\/nbcs.mx\\\/#website\"},\"primaryImageOfPage\":{\"@id\":\"https:\\\/\\\/nbcs.mx\\\/?p=123001#primaryimage\"},\"image\":{\"@id\":\"https:\\\/\\\/nbcs.mx\\\/?p=123001#primaryimage\"},\"thumbnailUrl\":\"https:\\\/\\\/nbcs.mx\\\/wp-content\\\/uploads\\\/2023\\\/03\\\/Prepara-Ayuntamiento-de-La-Paz-operativo-de-Semana-Santa-2023.jpg\",\"datePublished\":\"2023-03-30T02:22:42+00:00\",\"breadcrumb\":{\"@id\":\"https:\\\/\\\/nbcs.mx\\\/?p=123001#breadcrumb\"},\"inLanguage\":\"es\",\"potentialAction\":[{\"@type\":\"ReadAction\",\"target\":[\"https:\\\/\\\/nbcs.mx\\\/?p=123001\"]}]},{\"@type\":\"ImageObject\",\"inLanguage\":\"es\",\"@id\":\"https:\\\/\\\/nbcs.mx\\\/?p=123001#primaryimage\",\"url\":\"https:\\\/\\\/nbcs.mx\\\/wp-content\\\/uploads\\\/2023\\\/03\\\/Prepara-Ayuntamiento-de-La-Paz-operativo-de-Semana-Santa-2023.jpg\",\"contentUrl\":\"https:\\\/\\\/nbcs.mx\\\/wp-content\\\/uploads\\\/2023\\\/03\\\/Prepara-Ayuntamiento-de-La-Paz-operativo-de-Semana-Santa-2023.jpg\",\"width\":1280,\"height\":665},{\"@type\":\"BreadcrumbList\",\"@id\":\"https:\\\/\\\/nbcs.mx\\\/?p=123001#breadcrumb\",\"itemListElement\":[{\"@type\":\"ListItem\",\"position\":1,\"name\":\"Portada\",\"item\":\"https:\\\/\\\/nbcs.mx\\\/\"},{\"@type\":\"ListItem\",\"position\":2,\"name\":\"Prepara Ayuntamiento de La Paz operativo de \u201cSemana Santa 2023\u201d\"}]},{\"@type\":\"WebSite\",\"@id\":\"https:\\\/\\\/nbcs.mx\\\/#website\",\"url\":\"https:\\\/\\\/nbcs.mx\\\/\",\"name\":\"NBCS Noticias\",\"description\":\"Sitio web de noticias en Baja California Sur\",\"publisher\":{\"@id\":\"https:\\\/\\\/nbcs.mx\\\/#organization\"},\"potentialAction\":[{\"@type\":\"SearchAction\",\"target\":{\"@type\":\"EntryPoint\",\"urlTemplate\":\"https:\\\/\\\/nbcs.mx\\\/?s={search_term_string}\"},\"query-input\":{\"@type\":\"PropertyValueSpecification\",\"valueRequired\":true,\"valueName\":\"search_term_string\"}}],\"inLanguage\":\"es\"},{\"@type\":\"Organization\",\"@id\":\"https:\\\/\\\/nbcs.mx\\\/#organization\",\"name\":\"NBCS Noticias\",\"url\":\"https:\\\/\\\/nbcs.mx\\\/\",\"logo\":{\"@type\":\"ImageObject\",\"inLanguage\":\"es\",\"@id\":\"https:\\\/\\\/nbcs.mx\\\/#\\\/schema\\\/logo\\\/image\\\/\",\"url\":\"https:\\\/\\\/nbcs.mx\\\/wp-content\\\/uploads\\\/2018\\\/09\\\/057b69485e93575a5c2b1c1dde2dd297.jpeg\",\"contentUrl\":\"https:\\\/\\\/nbcs.mx\\\/wp-content\\\/uploads\\\/2018\\\/09\\\/057b69485e93575a5c2b1c1dde2dd297.jpeg\",\"width\":64,\"height\":64,\"caption\":\"NBCS Noticias\"},\"image\":{\"@id\":\"https:\\\/\\\/nbcs.mx\\\/#\\\/schema\\\/logo\\\/image\\\/\"},\"sameAs\":[\"https:\\\/\\\/www.facebook.com\\\/NBCSnoticias\",\"https:\\\/\\\/x.com\\\/NBCSnoticias\"]},{\"@type\":\"Person\",\"@id\":\"https:\\\/\\\/nbcs.mx\\\/#\\\/schema\\\/person\\\/ece58bab9a7c1e87a4d28ec9ecd79ff4\",\"name\":\"NBCS Noticias\",\"image\":{\"@type\":\"ImageObject\",\"inLanguage\":\"es\",\"@id\":\"https:\\\/\\\/secure.gravatar.com\\\/avatar\\\/4e52110cad1c4054b43271a0d14bbe9e2ea76aecd0e1097edfc670798d9ca1d4?s=96&d=blank&r=g\",\"url\":\"https:\\\/\\\/secure.gravatar.com\\\/avatar\\\/4e52110cad1c4054b43271a0d14bbe9e2ea76aecd0e1097edfc670798d9ca1d4?s=96&d=blank&r=g\",\"contentUrl\":\"https:\\\/\\\/secure.gravatar.com\\\/avatar\\\/4e52110cad1c4054b43271a0d14bbe9e2ea76aecd0e1097edfc670798d9ca1d4?s=96&d=blank&r=g\",\"caption\":\"NBCS Noticias\"},\"description\":\"\u00bfTienes fotos o video de alg\u00fan acto de posible negligencia, corrupci\u00f3n y abuso de autoridad? M\u00e1ndalo al WhatsApp de NBCS Noticias: 612 141 98 08\",\"sameAs\":[\"https:\\\/\\\/www.nbcs.mx\",\"https:\\\/\\\/www.facebook.com\\\/NBCSnoticias\",\"https:\\\/\\\/www.instagram.com\\\/nbcsnoticias\\\/\",\"https:\\\/\\\/x.com\\\/https:\\\/\\\/twitter.com\\\/NBCSnoticias\"]}]}<\/script>\n<!-- \/ Yoast SEO plugin. -->","yoast_head_json":{"title":"Prepara Ayuntamiento de La Paz operativo de \u201cSemana Santa 2023\u201d - NBCS Noticias","robots":{"index":"index","follow":"follow","max-snippet":"max-snippet:-1","max-image-preview":"max-image-preview:large","max-video-preview":"max-video-preview:-1"},"canonical":"https:\/\/nbcs.mx\/?p=123001","og_locale":"es_ES","og_type":"article","og_title":"Prepara Ayuntamiento de La Paz operativo de \u201cSemana Santa 2023\u201d - NBCS Noticias","og_description":"El Secretario General Municipal, Pavel Castro R\u00edos, encabez\u00f3 la reuni\u00f3n previa al inicio del operativo de \u201cSemana Santa 2023\u201d, que","og_url":"https:\/\/nbcs.mx\/?p=123001","og_site_name":"NBCS Noticias","article_publisher":"https:\/\/www.facebook.com\/NBCSnoticias","article_author":"https:\/\/www.facebook.com\/NBCSnoticias","article_published_time":"2023-03-30T02:22:42+00:00","og_image":[{"width":1280,"height":665,"url":"https:\/\/nbcs.mx\/wp-content\/uploads\/2023\/03\/Prepara-Ayuntamiento-de-La-Paz-operativo-de-Semana-Santa-2023.jpg","type":"image\/jpeg"}],"author":"NBCS Noticias","twitter_card":"summary_large_image","twitter_creator":"@https:\/\/twitter.com\/NBCSnoticias","twitter_site":"@NBCSnoticias","twitter_misc":{"Escrito por":"NBCS Noticias","Tiempo de lectura":"2 minutos"},"schema":{"@context":"https:\/\/schema.org","@graph":[{"@type":"Article","@id":"https:\/\/nbcs.mx\/?p=123001#article","isPartOf":{"@id":"https:\/\/nbcs.mx\/?p=123001"},"author":{"name":"NBCS Noticias","@id":"https:\/\/nbcs.mx\/#\/schema\/person\/ece58bab9a7c1e87a4d28ec9ecd79ff4"},"headline":"Prepara Ayuntamiento de La Paz operativo de \u201cSemana Santa 2023\u201d","datePublished":"2023-03-30T02:22:42+00:00","mainEntityOfPage":{"@id":"https:\/\/nbcs.mx\/?p=123001"},"wordCount":322,"commentCount":0,"publisher":{"@id":"https:\/\/nbcs.mx\/#organization"},"image":{"@id":"https:\/\/nbcs.mx\/?p=123001#primaryimage"},"thumbnailUrl":"https:\/\/nbcs.mx\/wp-content\/uploads\/2023\/03\/Prepara-Ayuntamiento-de-La-Paz-operativo-de-Semana-Santa-2023.jpg","articleSection":["Municipios"],"inLanguage":"es","potentialAction":[{"@type":"CommentAction","name":"Comment","target":["https:\/\/nbcs.mx\/?p=123001#respond"]}]},{"@type":"WebPage","@id":"https:\/\/nbcs.mx\/?p=123001","url":"https:\/\/nbcs.mx\/?p=123001","name":"Prepara Ayuntamiento de La Paz operativo de \u201cSemana Santa 2023\u201d - NBCS Noticias","isPartOf":{"@id":"https:\/\/nbcs.mx\/#website"},"primaryImageOfPage":{"@id":"https:\/\/nbcs.mx\/?p=123001#primaryimage"},"image":{"@id":"https:\/\/nbcs.mx\/?p=123001#primaryimage"},"thumbnailUrl":"https:\/\/nbcs.mx\/wp-content\/uploads\/2023\/03\/Prepara-Ayuntamiento-de-La-Paz-operativo-de-Semana-Santa-2023.jpg","datePublished":"2023-03-30T02:22:42+00:00","breadcrumb":{"@id":"https:\/\/nbcs.mx\/?p=123001#breadcrumb"},"inLanguage":"es","potentialAction":[{"@type":"ReadAction","target":["https:\/\/nbcs.mx\/?p=123001"]}]},{"@type":"ImageObject","inLanguage":"es","@id":"https:\/\/nbcs.mx\/?p=123001#primaryimage","url":"https:\/\/nbcs.mx\/wp-content\/uploads\/2023\/03\/Prepara-Ayuntamiento-de-La-Paz-operativo-de-Semana-Santa-2023.jpg","contentUrl":"https:\/\/nbcs.mx\/wp-content\/uploads\/2023\/03\/Prepara-Ayuntamiento-de-La-Paz-operativo-de-Semana-Santa-2023.jpg","width":1280,"height":665},{"@type":"BreadcrumbList","@id":"https:\/\/nbcs.mx\/?p=123001#breadcrumb","itemListElement":[{"@type":"ListItem","position":1,"name":"Portada","item":"https:\/\/nbcs.mx\/"},{"@type":"ListItem","position":2,"name":"Prepara Ayuntamiento de La Paz operativo de \u201cSemana Santa 2023\u201d"}]},{"@type":"WebSite","@id":"https:\/\/nbcs.mx\/#website","url":"https:\/\/nbcs.mx\/","name":"NBCS Noticias","description":"Sitio web de noticias en Baja California Sur","publisher":{"@id":"https:\/\/nbcs.mx\/#organization"},"potentialAction":[{"@type":"SearchAction","target":{"@type":"EntryPoint","urlTemplate":"https:\/\/nbcs.mx\/?s={search_term_string}"},"query-input":{"@type":"PropertyValueSpecification","valueRequired":true,"valueName":"search_term_string"}}],"inLanguage":"es"},{"@type":"Organization","@id":"https:\/\/nbcs.mx\/#organization","name":"NBCS Noticias","url":"https:\/\/nbcs.mx\/","logo":{"@type":"ImageObject","inLanguage":"es","@id":"https:\/\/nbcs.mx\/#\/schema\/logo\/image\/","url":"https:\/\/nbcs.mx\/wp-content\/uploads\/2018\/09\/057b69485e93575a5c2b1c1dde2dd297.jpeg","contentUrl":"https:\/\/nbcs.mx\/wp-content\/uploads\/2018\/09\/057b69485e93575a5c2b1c1dde2dd297.jpeg","width":64,"height":64,"caption":"NBCS Noticias"},"image":{"@id":"https:\/\/nbcs.mx\/#\/schema\/logo\/image\/"},"sameAs":["https:\/\/www.facebook.com\/NBCSnoticias","https:\/\/x.com\/NBCSnoticias"]},{"@type":"Person","@id":"https:\/\/nbcs.mx\/#\/schema\/person\/ece58bab9a7c1e87a4d28ec9ecd79ff4","name":"NBCS Noticias","image":{"@type":"ImageObject","inLanguage":"es","@id":"https:\/\/secure.gravatar.com\/avatar\/4e52110cad1c4054b43271a0d14bbe9e2ea76aecd0e1097edfc670798d9ca1d4?s=96&d=blank&r=g","url":"https:\/\/secure.gravatar.com\/avatar\/4e52110cad1c4054b43271a0d14bbe9e2ea76aecd0e1097edfc670798d9ca1d4?s=96&d=blank&r=g","contentUrl":"https:\/\/secure.gravatar.com\/avatar\/4e52110cad1c4054b43271a0d14bbe9e2ea76aecd0e1097edfc670798d9ca1d4?s=96&d=blank&r=g","caption":"NBCS Noticias"},"description":"\u00bfTienes fotos o video de alg\u00fan acto de posible negligencia, corrupci\u00f3n y abuso de autoridad? M\u00e1ndalo al WhatsApp de NBCS Noticias: 612 141 98 08","sameAs":["https:\/\/www.nbcs.mx","https:\/\/www.facebook.com\/NBCSnoticias","https:\/\/www.instagram.com\/nbcsnoticias\/","https:\/\/x.com\/https:\/\/twitter.com\/NBCSnoticias"]}]}},"jetpack_publicize_connections":[],"jetpack_featured_media_url":"https:\/\/nbcs.mx\/wp-content\/uploads\/2023\/03\/Prepara-Ayuntamiento-de-La-Paz-operativo-de-Semana-Santa-2023.jpg","jetpack_sharing_enabled":true,"_links":{"self":[{"href":"https:\/\/nbcs.mx\/index.php?rest_route=\/wp\/v2\/posts\/123001","targetHints":{"allow":["GET"]}}],"collection":[{"href":"https:\/\/nbcs.mx\/index.php?rest_route=\/wp\/v2\/posts"}],"about":[{"href":"https:\/\/nbcs.mx\/index.php?rest_route=\/wp\/v2\/types\/post"}],"author":[{"embeddable":true,"href":"https:\/\/nbcs.mx\/index.php?rest_route=\/wp\/v2\/users\/1"}],"replies":[{"embeddable":true,"href":"https:\/\/nbcs.mx\/index.php?rest_route=%2Fwp%2Fv2%2Fcomments&post=123001"}],"version-history":[{"count":1,"href":"https:\/\/nbcs.mx\/index.php?rest_route=\/wp\/v2\/posts\/123001\/revisions"}],"predecessor-version":[{"id":123003,"href":"https:\/\/nbcs.mx\/index.php?rest_route=\/wp\/v2\/posts\/123001\/revisions\/123003"}],"wp:featuredmedia":[{"embeddable":true,"href":"https:\/\/nbcs.mx\/index.php?rest_route=\/wp\/v2\/media\/123002"}],"wp:attachment":[{"href":"https:\/\/nbcs.mx\/index.php?rest_route=%2Fwp%2Fv2%2Fmedia&parent=123001"}],"wp:term":[{"taxonomy":"category","embeddable":true,"href":"https:\/\/nbcs.mx\/index.php?rest_route=%2Fwp%2Fv2%2Fcategories&post=123001"},{"taxonomy":"post_tag","embeddable":true,"href":"https:\/\/nbcs.mx\/index.php?rest_route=%2Fwp%2Fv2%2Ftags&post=123001"}],"curies":[{"name":"wp","href":"https:\/\/api.w.org\/{rel}","templated":true}]}}