{"id":123196,"date":"2023-04-04T14:28:14","date_gmt":"2023-04-04T20:28:14","guid":{"rendered":"https:\/\/nbcs.mx\/?p=123196"},"modified":"2023-04-04T14:28:14","modified_gmt":"2023-04-04T20:28:14","slug":"avanza-ayuntamiento-de-la-paz-en-el-programa-de-electrificacion-2023","status":"publish","type":"post","link":"https:\/\/nbcs.mx\/?p=123196","title":{"rendered":"Avanza Ayuntamiento de La Paz en el Programa de Electrificaci\u00f3n 2023"},"content":{"rendered":"<p style=\"font-weight: 400; text-align: justify;\"><img loading=\"lazy\" decoding=\"async\" class=\" wp-image-123197 alignleft\" src=\"https:\/\/nbcs.mx\/wp-content\/uploads\/2023\/04\/Avanza-Ayuntamiento-de-La-Paz-en-el-Programa-de-Electrificacion-2023-687x492.jpeg\" alt=\"\" width=\"341\" height=\"244\" \/>Como parte del Programa de Electrificaci\u00f3n correspondiente al 2023 en zonas rurales que impulsa el H. XVII Ayuntamiento de La Paz en coordinaci\u00f3n con la Secretar\u00eda del Trabajo, Bienestar y Desarrollo Social del Gobierno del Estado y la Comisi\u00f3n Federal de Electricidad (CFE), se est\u00e1n llevando a los recorridos de supervisi\u00f3n en cada una de las \u00e1reas donde solicitaron el servicio, a fin de observar que cumplan con los lineamientos establecidos por la federaci\u00f3n.<\/p>\n<p style=\"font-weight: 400; text-align: justify;\">\n<p style=\"font-weight: 400; text-align: justify;\">Estas acciones son coordinadas por la Direcci\u00f3n General de Bienestar y Desarrollo Econ\u00f3mico a trav\u00e9s de la Direcci\u00f3n de Planeaci\u00f3n, al respecto, el titular del \u00e1rea, Oscar Gir\u00f3n Corona, coment\u00f3 que ya visitaron alrededor de 16 zonas en Los Planes, El Sargento, La Ventana, La Matanza, Todos Santos y El Pescadero.<\/p>\n<p style=\"font-weight: 400; text-align: justify;\">\n<p style=\"font-weight: 400; text-align: justify;\">Finalmente, Gir\u00f3n Corona, dijo tambi\u00e9n que el objetivo de las supervisiones es que personal de la CFE eval\u00fae la viabilidad de cada proyecto seg\u00fan las condiciones del terreno y con los mapas generados por la Direcci\u00f3n General de Castro, adem\u00e1s, escuchar a los habitantes de las zonas as\u00ed como a los Delegados y Subdelegados Municipales que hicieron las solicitudes, para beneficiar al mayor n\u00famero de personas posibles.<\/p>\n","protected":false},"excerpt":{"rendered":"<p>Como parte del Programa de Electrificaci\u00f3n correspondiente al 2023 en zonas rurales que impulsa el H. XVII Ayuntamiento de La<\/p>\n","protected":false},"author":1,"featured_media":0,"comment_status":"open","ping_status":"closed","sticky":false,"template":"","format":"standard","meta":{"colormag_page_container_layout":"default_layout","colormag_page_sidebar_layout":"default_layout","_jetpack_memberships_contains_paid_content":false,"footnotes":"","jetpack_publicize_message":"","jetpack_publicize_feature_enabled":true,"jetpack_social_post_already_shared":true,"jetpack_social_options":{"image_generator_settings":{"template":"highway","default_image_id":0,"font":"","enabled":false},"version":2}},"categories":[40],"tags":[],"class_list":["post-123196","post","type-post","status-publish","format-standard","hentry","category-municipios"],"yoast_head":"<!-- This site is optimized with the Yoast SEO plugin v27.4 - https:\/\/yoast.com\/product\/yoast-seo-wordpress\/ -->\n<title>Avanza Ayuntamiento de La Paz en el Programa de Electrificaci\u00f3n 2023 - NBCS Noticias<\/title>\n<meta name=\"robots\" content=\"index, follow, max-snippet:-1, max-image-preview:large, max-video-preview:-1\" \/>\n<link rel=\"canonical\" href=\"https:\/\/nbcs.mx\/?p=123196\" \/>\n<meta property=\"og:locale\" content=\"es_ES\" \/>\n<meta property=\"og:type\" content=\"article\" \/>\n<meta property=\"og:title\" content=\"Avanza Ayuntamiento de La Paz en el Programa de Electrificaci\u00f3n 2023 - NBCS Noticias\" \/>\n<meta property=\"og:description\" content=\"Como parte del Programa de Electrificaci\u00f3n correspondiente al 2023 en zonas rurales que impulsa el H. XVII Ayuntamiento de La\" \/>\n<meta property=\"og:url\" content=\"https:\/\/nbcs.mx\/?p=123196\" \/>\n<meta property=\"og:site_name\" content=\"NBCS Noticias\" \/>\n<meta property=\"article:publisher\" content=\"https:\/\/www.facebook.com\/NBCSnoticias\" \/>\n<meta property=\"article:author\" content=\"https:\/\/www.facebook.com\/NBCSnoticias\" \/>\n<meta property=\"article:published_time\" content=\"2023-04-04T20:28:14+00:00\" \/>\n<meta property=\"og:image\" content=\"https:\/\/nbcs.mx\/wp-content\/uploads\/2023\/04\/Avanza-Ayuntamiento-de-La-Paz-en-el-Programa-de-Electrificacion-2023.jpeg\" \/>\n\t<meta property=\"og:image:width\" content=\"2038\" \/>\n\t<meta property=\"og:image:height\" content=\"1459\" \/>\n\t<meta property=\"og:image:type\" content=\"image\/jpeg\" \/>\n<meta name=\"author\" content=\"NBCS Noticias\" \/>\n<meta name=\"twitter:card\" content=\"summary_large_image\" \/>\n<meta name=\"twitter:creator\" content=\"@https:\/\/twitter.com\/NBCSnoticias\" \/>\n<meta name=\"twitter:site\" content=\"@NBCSnoticias\" \/>\n<meta name=\"twitter:label1\" content=\"Escrito por\" \/>\n\t<meta name=\"twitter:data1\" content=\"NBCS Noticias\" \/>\n\t<meta name=\"twitter:label2\" content=\"Tiempo de lectura\" \/>\n\t<meta name=\"twitter:data2\" content=\"1 minuto\" \/>\n<script type=\"application\/ld+json\" class=\"yoast-schema-graph\">{\"@context\":\"https:\\\/\\\/schema.org\",\"@graph\":[{\"@type\":\"Article\",\"@id\":\"https:\\\/\\\/nbcs.mx\\\/?p=123196#article\",\"isPartOf\":{\"@id\":\"https:\\\/\\\/nbcs.mx\\\/?p=123196\"},\"author\":{\"name\":\"NBCS Noticias\",\"@id\":\"https:\\\/\\\/nbcs.mx\\\/#\\\/schema\\\/person\\\/ece58bab9a7c1e87a4d28ec9ecd79ff4\"},\"headline\":\"Avanza Ayuntamiento de La Paz en el Programa de Electrificaci\u00f3n 2023\",\"datePublished\":\"2023-04-04T20:28:14+00:00\",\"mainEntityOfPage\":{\"@id\":\"https:\\\/\\\/nbcs.mx\\\/?p=123196\"},\"wordCount\":221,\"commentCount\":0,\"publisher\":{\"@id\":\"https:\\\/\\\/nbcs.mx\\\/#organization\"},\"image\":{\"@id\":\"https:\\\/\\\/nbcs.mx\\\/?p=123196#primaryimage\"},\"thumbnailUrl\":\"https:\\\/\\\/nbcs.mx\\\/wp-content\\\/uploads\\\/2023\\\/04\\\/Avanza-Ayuntamiento-de-La-Paz-en-el-Programa-de-Electrificacion-2023-687x492.jpeg\",\"articleSection\":[\"Municipios\"],\"inLanguage\":\"es\",\"potentialAction\":[{\"@type\":\"CommentAction\",\"name\":\"Comment\",\"target\":[\"https:\\\/\\\/nbcs.mx\\\/?p=123196#respond\"]}]},{\"@type\":\"WebPage\",\"@id\":\"https:\\\/\\\/nbcs.mx\\\/?p=123196\",\"url\":\"https:\\\/\\\/nbcs.mx\\\/?p=123196\",\"name\":\"Avanza Ayuntamiento de La Paz en el Programa de Electrificaci\u00f3n 2023 - NBCS Noticias\",\"isPartOf\":{\"@id\":\"https:\\\/\\\/nbcs.mx\\\/#website\"},\"primaryImageOfPage\":{\"@id\":\"https:\\\/\\\/nbcs.mx\\\/?p=123196#primaryimage\"},\"image\":{\"@id\":\"https:\\\/\\\/nbcs.mx\\\/?p=123196#primaryimage\"},\"thumbnailUrl\":\"https:\\\/\\\/nbcs.mx\\\/wp-content\\\/uploads\\\/2023\\\/04\\\/Avanza-Ayuntamiento-de-La-Paz-en-el-Programa-de-Electrificacion-2023-687x492.jpeg\",\"datePublished\":\"2023-04-04T20:28:14+00:00\",\"breadcrumb\":{\"@id\":\"https:\\\/\\\/nbcs.mx\\\/?p=123196#breadcrumb\"},\"inLanguage\":\"es\",\"potentialAction\":[{\"@type\":\"ReadAction\",\"target\":[\"https:\\\/\\\/nbcs.mx\\\/?p=123196\"]}]},{\"@type\":\"ImageObject\",\"inLanguage\":\"es\",\"@id\":\"https:\\\/\\\/nbcs.mx\\\/?p=123196#primaryimage\",\"url\":\"https:\\\/\\\/nbcs.mx\\\/wp-content\\\/uploads\\\/2023\\\/04\\\/Avanza-Ayuntamiento-de-La-Paz-en-el-Programa-de-Electrificacion-2023-687x492.jpeg\",\"contentUrl\":\"https:\\\/\\\/nbcs.mx\\\/wp-content\\\/uploads\\\/2023\\\/04\\\/Avanza-Ayuntamiento-de-La-Paz-en-el-Programa-de-Electrificacion-2023-687x492.jpeg\"},{\"@type\":\"BreadcrumbList\",\"@id\":\"https:\\\/\\\/nbcs.mx\\\/?p=123196#breadcrumb\",\"itemListElement\":[{\"@type\":\"ListItem\",\"position\":1,\"name\":\"Portada\",\"item\":\"https:\\\/\\\/nbcs.mx\\\/\"},{\"@type\":\"ListItem\",\"position\":2,\"name\":\"Avanza Ayuntamiento de La Paz en el Programa de Electrificaci\u00f3n 2023\"}]},{\"@type\":\"WebSite\",\"@id\":\"https:\\\/\\\/nbcs.mx\\\/#website\",\"url\":\"https:\\\/\\\/nbcs.mx\\\/\",\"name\":\"NBCS Noticias\",\"description\":\"Sitio web de noticias en Baja California Sur\",\"publisher\":{\"@id\":\"https:\\\/\\\/nbcs.mx\\\/#organization\"},\"potentialAction\":[{\"@type\":\"SearchAction\",\"target\":{\"@type\":\"EntryPoint\",\"urlTemplate\":\"https:\\\/\\\/nbcs.mx\\\/?s={search_term_string}\"},\"query-input\":{\"@type\":\"PropertyValueSpecification\",\"valueRequired\":true,\"valueName\":\"search_term_string\"}}],\"inLanguage\":\"es\"},{\"@type\":\"Organization\",\"@id\":\"https:\\\/\\\/nbcs.mx\\\/#organization\",\"name\":\"NBCS Noticias\",\"url\":\"https:\\\/\\\/nbcs.mx\\\/\",\"logo\":{\"@type\":\"ImageObject\",\"inLanguage\":\"es\",\"@id\":\"https:\\\/\\\/nbcs.mx\\\/#\\\/schema\\\/logo\\\/image\\\/\",\"url\":\"https:\\\/\\\/nbcs.mx\\\/wp-content\\\/uploads\\\/2018\\\/09\\\/057b69485e93575a5c2b1c1dde2dd297.jpeg\",\"contentUrl\":\"https:\\\/\\\/nbcs.mx\\\/wp-content\\\/uploads\\\/2018\\\/09\\\/057b69485e93575a5c2b1c1dde2dd297.jpeg\",\"width\":64,\"height\":64,\"caption\":\"NBCS Noticias\"},\"image\":{\"@id\":\"https:\\\/\\\/nbcs.mx\\\/#\\\/schema\\\/logo\\\/image\\\/\"},\"sameAs\":[\"https:\\\/\\\/www.facebook.com\\\/NBCSnoticias\",\"https:\\\/\\\/x.com\\\/NBCSnoticias\"]},{\"@type\":\"Person\",\"@id\":\"https:\\\/\\\/nbcs.mx\\\/#\\\/schema\\\/person\\\/ece58bab9a7c1e87a4d28ec9ecd79ff4\",\"name\":\"NBCS Noticias\",\"image\":{\"@type\":\"ImageObject\",\"inLanguage\":\"es\",\"@id\":\"https:\\\/\\\/secure.gravatar.com\\\/avatar\\\/4e52110cad1c4054b43271a0d14bbe9e2ea76aecd0e1097edfc670798d9ca1d4?s=96&d=blank&r=g\",\"url\":\"https:\\\/\\\/secure.gravatar.com\\\/avatar\\\/4e52110cad1c4054b43271a0d14bbe9e2ea76aecd0e1097edfc670798d9ca1d4?s=96&d=blank&r=g\",\"contentUrl\":\"https:\\\/\\\/secure.gravatar.com\\\/avatar\\\/4e52110cad1c4054b43271a0d14bbe9e2ea76aecd0e1097edfc670798d9ca1d4?s=96&d=blank&r=g\",\"caption\":\"NBCS Noticias\"},\"description\":\"\u00bfTienes fotos o video de alg\u00fan acto de posible negligencia, corrupci\u00f3n y abuso de autoridad? M\u00e1ndalo al WhatsApp de NBCS Noticias: 612 141 98 08\",\"sameAs\":[\"https:\\\/\\\/www.nbcs.mx\",\"https:\\\/\\\/www.facebook.com\\\/NBCSnoticias\",\"https:\\\/\\\/www.instagram.com\\\/nbcsnoticias\\\/\",\"https:\\\/\\\/x.com\\\/https:\\\/\\\/twitter.com\\\/NBCSnoticias\"]}]}<\/script>\n<!-- \/ Yoast SEO plugin. -->","yoast_head_json":{"title":"Avanza Ayuntamiento de La Paz en el Programa de Electrificaci\u00f3n 2023 - NBCS Noticias","robots":{"index":"index","follow":"follow","max-snippet":"max-snippet:-1","max-image-preview":"max-image-preview:large","max-video-preview":"max-video-preview:-1"},"canonical":"https:\/\/nbcs.mx\/?p=123196","og_locale":"es_ES","og_type":"article","og_title":"Avanza Ayuntamiento de La Paz en el Programa de Electrificaci\u00f3n 2023 - NBCS Noticias","og_description":"Como parte del Programa de Electrificaci\u00f3n correspondiente al 2023 en zonas rurales que impulsa el H. XVII Ayuntamiento de La","og_url":"https:\/\/nbcs.mx\/?p=123196","og_site_name":"NBCS Noticias","article_publisher":"https:\/\/www.facebook.com\/NBCSnoticias","article_author":"https:\/\/www.facebook.com\/NBCSnoticias","article_published_time":"2023-04-04T20:28:14+00:00","og_image":[{"width":2038,"height":1459,"url":"https:\/\/nbcs.mx\/wp-content\/uploads\/2023\/04\/Avanza-Ayuntamiento-de-La-Paz-en-el-Programa-de-Electrificacion-2023.jpeg","type":"image\/jpeg"}],"author":"NBCS Noticias","twitter_card":"summary_large_image","twitter_creator":"@https:\/\/twitter.com\/NBCSnoticias","twitter_site":"@NBCSnoticias","twitter_misc":{"Escrito por":"NBCS Noticias","Tiempo de lectura":"1 minuto"},"schema":{"@context":"https:\/\/schema.org","@graph":[{"@type":"Article","@id":"https:\/\/nbcs.mx\/?p=123196#article","isPartOf":{"@id":"https:\/\/nbcs.mx\/?p=123196"},"author":{"name":"NBCS Noticias","@id":"https:\/\/nbcs.mx\/#\/schema\/person\/ece58bab9a7c1e87a4d28ec9ecd79ff4"},"headline":"Avanza Ayuntamiento de La Paz en el Programa de Electrificaci\u00f3n 2023","datePublished":"2023-04-04T20:28:14+00:00","mainEntityOfPage":{"@id":"https:\/\/nbcs.mx\/?p=123196"},"wordCount":221,"commentCount":0,"publisher":{"@id":"https:\/\/nbcs.mx\/#organization"},"image":{"@id":"https:\/\/nbcs.mx\/?p=123196#primaryimage"},"thumbnailUrl":"https:\/\/nbcs.mx\/wp-content\/uploads\/2023\/04\/Avanza-Ayuntamiento-de-La-Paz-en-el-Programa-de-Electrificacion-2023-687x492.jpeg","articleSection":["Municipios"],"inLanguage":"es","potentialAction":[{"@type":"CommentAction","name":"Comment","target":["https:\/\/nbcs.mx\/?p=123196#respond"]}]},{"@type":"WebPage","@id":"https:\/\/nbcs.mx\/?p=123196","url":"https:\/\/nbcs.mx\/?p=123196","name":"Avanza Ayuntamiento de La Paz en el Programa de Electrificaci\u00f3n 2023 - NBCS Noticias","isPartOf":{"@id":"https:\/\/nbcs.mx\/#website"},"primaryImageOfPage":{"@id":"https:\/\/nbcs.mx\/?p=123196#primaryimage"},"image":{"@id":"https:\/\/nbcs.mx\/?p=123196#primaryimage"},"thumbnailUrl":"https:\/\/nbcs.mx\/wp-content\/uploads\/2023\/04\/Avanza-Ayuntamiento-de-La-Paz-en-el-Programa-de-Electrificacion-2023-687x492.jpeg","datePublished":"2023-04-04T20:28:14+00:00","breadcrumb":{"@id":"https:\/\/nbcs.mx\/?p=123196#breadcrumb"},"inLanguage":"es","potentialAction":[{"@type":"ReadAction","target":["https:\/\/nbcs.mx\/?p=123196"]}]},{"@type":"ImageObject","inLanguage":"es","@id":"https:\/\/nbcs.mx\/?p=123196#primaryimage","url":"https:\/\/nbcs.mx\/wp-content\/uploads\/2023\/04\/Avanza-Ayuntamiento-de-La-Paz-en-el-Programa-de-Electrificacion-2023-687x492.jpeg","contentUrl":"https:\/\/nbcs.mx\/wp-content\/uploads\/2023\/04\/Avanza-Ayuntamiento-de-La-Paz-en-el-Programa-de-Electrificacion-2023-687x492.jpeg"},{"@type":"BreadcrumbList","@id":"https:\/\/nbcs.mx\/?p=123196#breadcrumb","itemListElement":[{"@type":"ListItem","position":1,"name":"Portada","item":"https:\/\/nbcs.mx\/"},{"@type":"ListItem","position":2,"name":"Avanza Ayuntamiento de La Paz en el Programa de Electrificaci\u00f3n 2023"}]},{"@type":"WebSite","@id":"https:\/\/nbcs.mx\/#website","url":"https:\/\/nbcs.mx\/","name":"NBCS Noticias","description":"Sitio web de noticias en Baja California Sur","publisher":{"@id":"https:\/\/nbcs.mx\/#organization"},"potentialAction":[{"@type":"SearchAction","target":{"@type":"EntryPoint","urlTemplate":"https:\/\/nbcs.mx\/?s={search_term_string}"},"query-input":{"@type":"PropertyValueSpecification","valueRequired":true,"valueName":"search_term_string"}}],"inLanguage":"es"},{"@type":"Organization","@id":"https:\/\/nbcs.mx\/#organization","name":"NBCS Noticias","url":"https:\/\/nbcs.mx\/","logo":{"@type":"ImageObject","inLanguage":"es","@id":"https:\/\/nbcs.mx\/#\/schema\/logo\/image\/","url":"https:\/\/nbcs.mx\/wp-content\/uploads\/2018\/09\/057b69485e93575a5c2b1c1dde2dd297.jpeg","contentUrl":"https:\/\/nbcs.mx\/wp-content\/uploads\/2018\/09\/057b69485e93575a5c2b1c1dde2dd297.jpeg","width":64,"height":64,"caption":"NBCS Noticias"},"image":{"@id":"https:\/\/nbcs.mx\/#\/schema\/logo\/image\/"},"sameAs":["https:\/\/www.facebook.com\/NBCSnoticias","https:\/\/x.com\/NBCSnoticias"]},{"@type":"Person","@id":"https:\/\/nbcs.mx\/#\/schema\/person\/ece58bab9a7c1e87a4d28ec9ecd79ff4","name":"NBCS Noticias","image":{"@type":"ImageObject","inLanguage":"es","@id":"https:\/\/secure.gravatar.com\/avatar\/4e52110cad1c4054b43271a0d14bbe9e2ea76aecd0e1097edfc670798d9ca1d4?s=96&d=blank&r=g","url":"https:\/\/secure.gravatar.com\/avatar\/4e52110cad1c4054b43271a0d14bbe9e2ea76aecd0e1097edfc670798d9ca1d4?s=96&d=blank&r=g","contentUrl":"https:\/\/secure.gravatar.com\/avatar\/4e52110cad1c4054b43271a0d14bbe9e2ea76aecd0e1097edfc670798d9ca1d4?s=96&d=blank&r=g","caption":"NBCS Noticias"},"description":"\u00bfTienes fotos o video de alg\u00fan acto de posible negligencia, corrupci\u00f3n y abuso de autoridad? M\u00e1ndalo al WhatsApp de NBCS Noticias: 612 141 98 08","sameAs":["https:\/\/www.nbcs.mx","https:\/\/www.facebook.com\/NBCSnoticias","https:\/\/www.instagram.com\/nbcsnoticias\/","https:\/\/x.com\/https:\/\/twitter.com\/NBCSnoticias"]}]}},"jetpack_publicize_connections":[],"jetpack_featured_media_url":"","jetpack_sharing_enabled":true,"_links":{"self":[{"href":"https:\/\/nbcs.mx\/index.php?rest_route=\/wp\/v2\/posts\/123196","targetHints":{"allow":["GET"]}}],"collection":[{"href":"https:\/\/nbcs.mx\/index.php?rest_route=\/wp\/v2\/posts"}],"about":[{"href":"https:\/\/nbcs.mx\/index.php?rest_route=\/wp\/v2\/types\/post"}],"author":[{"embeddable":true,"href":"https:\/\/nbcs.mx\/index.php?rest_route=\/wp\/v2\/users\/1"}],"replies":[{"embeddable":true,"href":"https:\/\/nbcs.mx\/index.php?rest_route=%2Fwp%2Fv2%2Fcomments&post=123196"}],"version-history":[{"count":1,"href":"https:\/\/nbcs.mx\/index.php?rest_route=\/wp\/v2\/posts\/123196\/revisions"}],"predecessor-version":[{"id":123198,"href":"https:\/\/nbcs.mx\/index.php?rest_route=\/wp\/v2\/posts\/123196\/revisions\/123198"}],"wp:attachment":[{"href":"https:\/\/nbcs.mx\/index.php?rest_route=%2Fwp%2Fv2%2Fmedia&parent=123196"}],"wp:term":[{"taxonomy":"category","embeddable":true,"href":"https:\/\/nbcs.mx\/index.php?rest_route=%2Fwp%2Fv2%2Fcategories&post=123196"},{"taxonomy":"post_tag","embeddable":true,"href":"https:\/\/nbcs.mx\/index.php?rest_route=%2Fwp%2Fv2%2Ftags&post=123196"}],"curies":[{"name":"wp","href":"https:\/\/api.w.org\/{rel}","templated":true}]}}