{"id":123982,"date":"2023-04-28T20:55:02","date_gmt":"2023-04-29T02:55:02","guid":{"rendered":"https:\/\/nbcs.mx\/?p=123982"},"modified":"2023-04-28T20:56:14","modified_gmt":"2023-04-29T02:56:14","slug":"ganadores-del-concurso-de-fotografia-el-color-de-la-paz","status":"publish","type":"post","link":"https:\/\/nbcs.mx\/?p=123982","title":{"rendered":"Ganadores del Concurso de Fotograf\u00eda \u201cEl Color de La Paz\u201d"},"content":{"rendered":"<p style=\"font-weight: 400; text-align: justify;\"><img loading=\"lazy\" decoding=\"async\" class=\" wp-image-123983 alignleft\" src=\"https:\/\/nbcs.mx\/wp-content\/uploads\/2023\/04\/Ganadores-del-Concurso-de-Fotografia-El-Color-de-La-Paz3-738x492.jpg\" alt=\"\" width=\"338\" height=\"225\" \/>El H. XVII Ayuntamiento de La Paz, a trav\u00e9s de la Direcci\u00f3n General de Inclusi\u00f3n y Diversidad, bajo la coordinaci\u00f3n de la Direcci\u00f3n Municipal de Cultura, llev\u00f3 a cabo la calificaci\u00f3n de las fotograf\u00edas participantes en el Quinto Concurso \u201cEl Color de La Paz\u201d, donde se cont\u00f3 con la presentaci\u00f3n de 206 trabajos.<\/p>\n<p style=\"font-weight: 400; text-align: justify;\">\n<p style=\"font-weight: 400; text-align: justify;\">As\u00ed lo dio a conocer el director Municipal de Cultura, Juan Lara Guzm\u00e1n, quien detall\u00f3 que el jurado calificador conformado por los fot\u00f3grafos Alicia Victoria Garc\u00eda, Mario Fernando Arvizu Valenzuela y Miguel \u00c1ngel Castillo Falc\u00f3n, por la calidad est\u00e9tica, mensaje y contenido visual, decidieron otorgar el primer lugar a la serie \u201dColores del Tiempo\u201d de \u00c1ngela Kiara Villica\u00f1a Rivera; segundo lugar a la serie \u201cTradiciones Arraigadas\u201d de autor\u00eda de Kenya Michelle Estrada Beltr\u00e1n y tercer lugar a la serie \u201cSolaz\u201d de Alejandra Condes de la Torre Ruiz.<\/p>\n<p style=\"font-weight: 400; text-align: justify;\">\n<p style=\"font-weight: 400; text-align: justify;\">De igual manera,\u00a0 por unanimidad,\u00a0 otorgaron Menciones Honor\u00edficas a las series \u201cEsencia\u201d de Jorge \u00d3scar de los Santos\u201d y \u201cFachadas de mi ciudad\u201d de Ira\u00eds Gallo Ram\u00edrez, por su sobresaliente calidad visual.<\/p>\n<p style=\"font-weight: 400; text-align: justify;\">\n<p style=\"font-weight: 400; text-align: justify;\">Los autores seleccionados para la exposici\u00f3n son: Julio Alexander Dur\u00e1n \u00c1valos, I\u00e1n Arturo Rodr\u00edguez Gonz\u00e1lez, Alfredo Zayas \u00c1lvarez, Ernesto V\u00e1zquez, Omar Rodr\u00edguez, Mars Vibes, Roc\u00edo Lucero, Elizabeth del Carmen Galicia, Juan Vallejo, Johana Partida, Ana \u00c1lvarez, Montserrat Arreola Alarc\u00f3n, C\u00e9sar Le\u00f3n, Miriam del Rosario Bautista, Osbel Montoya L\u00f3pez, Miguel Salvador Geraldo Avil\u00e9s, Dayana Itzel Sosa Leal, Erika Bermejo, Nohel Alfredo Mart\u00ednez Armendares, Ignacio Ibarra Patr\u00f3n, Maritza Cruz Castillo, H\u00e9ctor Antuna, David Antonio Jim\u00e9nez y H\u00e9ctor Tapia.<\/p>\n<p style=\"font-weight: 400; text-align: justify;\">\n<p style=\"font-weight: 400; text-align: justify;\">La ceremonia de premiaci\u00f3n se llevar\u00e1 a cabo el mi\u00e9rcoles 3 de mayo, en el marco de la coronaci\u00f3n de la Reina Calafia 2023, Marialondra Murillo.<\/p>\n<p style=\"font-weight: 400; text-align: justify;\">\n<p style=\"font-weight: 400; text-align: justify;\">Finalmente, Lara Guzm\u00e1n detall\u00f3 que el jurado realiz\u00f3 una selecci\u00f3n de trabajos para conformar la exposici\u00f3n 2023 \u201cEl Color de La Paz\u201d, que tendr\u00e1 lugar el lunes 8 de mayo, a las 18:00 horas en el Centro Municipal de las Artes.<\/p>\n","protected":false},"excerpt":{"rendered":"<p>El H. XVII Ayuntamiento de La Paz, a trav\u00e9s de la Direcci\u00f3n General de Inclusi\u00f3n y Diversidad, bajo la coordinaci\u00f3n<\/p>\n","protected":false},"author":1,"featured_media":0,"comment_status":"open","ping_status":"closed","sticky":false,"template":"","format":"standard","meta":{"colormag_page_container_layout":"default_layout","colormag_page_sidebar_layout":"default_layout","_jetpack_newsletter_access":"","_jetpack_dont_email_post_to_subs":false,"_jetpack_newsletter_tier_id":0,"_jetpack_memberships_contains_paywalled_content":false,"_jetpack_feature_clip_id":0,"_jetpack_memberships_contains_paid_content":false,"footnotes":"","jetpack_publicize_message":"","jetpack_publicize_feature_enabled":true,"jetpack_social_post_already_shared":true,"jetpack_social_options":{"image_generator_settings":{"template":"highway","default_image_id":0,"font":"","enabled":false},"version":2},"jetpack_post_was_ever_published":false},"categories":[40],"tags":[],"class_list":["post-123982","post","type-post","status-publish","format-standard","hentry","category-municipios"],"yoast_head":"<!-- This site is optimized with the Yoast SEO plugin v28.4 - https:\/\/yoast.com\/product\/yoast-seo-wordpress\/ -->\n<title>Ganadores del Concurso de Fotograf\u00eda \u201cEl Color de La Paz\u201d - NBCS Noticias<\/title>\n<meta name=\"robots\" content=\"index, follow, max-snippet:-1, max-image-preview:large, max-video-preview:-1\" \/>\n<link rel=\"canonical\" href=\"https:\/\/nbcs.mx\/?p=123982\" \/>\n<meta property=\"og:locale\" content=\"es_ES\" \/>\n<meta property=\"og:type\" content=\"article\" \/>\n<meta property=\"og:title\" content=\"Ganadores del Concurso de Fotograf\u00eda \u201cEl Color de La Paz\u201d - NBCS Noticias\" \/>\n<meta property=\"og:description\" content=\"El H. XVII Ayuntamiento de La Paz, a trav\u00e9s de la Direcci\u00f3n General de Inclusi\u00f3n y Diversidad, bajo la coordinaci\u00f3n\" \/>\n<meta property=\"og:url\" content=\"https:\/\/nbcs.mx\/?p=123982\" \/>\n<meta property=\"og:site_name\" content=\"NBCS Noticias\" \/>\n<meta property=\"article:publisher\" content=\"https:\/\/www.facebook.com\/NBCSnoticias\" \/>\n<meta property=\"article:author\" content=\"https:\/\/www.facebook.com\/NBCSnoticias\" \/>\n<meta property=\"article:published_time\" content=\"2023-04-29T02:55:02+00:00\" \/>\n<meta property=\"article:modified_time\" content=\"2023-04-29T02:56:14+00:00\" \/>\n<meta property=\"og:image\" content=\"https:\/\/nbcs.mx\/wp-content\/uploads\/2023\/04\/Ganadores-del-Concurso-de-Fotografia-El-Color-de-La-Paz3.jpg\" \/>\n\t<meta property=\"og:image:width\" content=\"1024\" \/>\n\t<meta property=\"og:image:height\" content=\"683\" \/>\n\t<meta property=\"og:image:type\" content=\"image\/jpeg\" \/>\n<meta name=\"author\" content=\"NBCS Noticias\" \/>\n<meta name=\"twitter:card\" content=\"summary_large_image\" \/>\n<meta name=\"twitter:creator\" content=\"@https:\/\/twitter.com\/NBCSnoticias\" \/>\n<meta name=\"twitter:site\" content=\"@NBCSnoticias\" \/>\n<meta name=\"twitter:label1\" content=\"Escrito por\" \/>\n\t<meta name=\"twitter:data1\" content=\"NBCS Noticias\" \/>\n\t<meta name=\"twitter:label2\" content=\"Tiempo de lectura\" \/>\n\t<meta name=\"twitter:data2\" content=\"2 minutos\" \/>\n<script type=\"application\/ld+json\" class=\"yoast-schema-graph\">{\"@context\":\"https:\\\/\\\/schema.org\",\"@graph\":[{\"@type\":\"Article\",\"@id\":\"https:\\\/\\\/nbcs.mx\\\/?p=123982#article\",\"isPartOf\":{\"@id\":\"https:\\\/\\\/nbcs.mx\\\/?p=123982\"},\"author\":{\"name\":\"NBCS Noticias\",\"@id\":\"https:\\\/\\\/nbcs.mx\\\/#\\\/schema\\\/person\\\/ece58bab9a7c1e87a4d28ec9ecd79ff4\"},\"headline\":\"Ganadores del Concurso de Fotograf\u00eda \u201cEl Color de La Paz\u201d\",\"datePublished\":\"2023-04-29T02:55:02+00:00\",\"dateModified\":\"2023-04-29T02:56:14+00:00\",\"mainEntityOfPage\":{\"@id\":\"https:\\\/\\\/nbcs.mx\\\/?p=123982\"},\"wordCount\":363,\"commentCount\":0,\"publisher\":{\"@id\":\"https:\\\/\\\/nbcs.mx\\\/#organization\"},\"image\":{\"@id\":\"https:\\\/\\\/nbcs.mx\\\/?p=123982#primaryimage\"},\"thumbnailUrl\":\"https:\\\/\\\/nbcs.mx\\\/wp-content\\\/uploads\\\/2023\\\/04\\\/Ganadores-del-Concurso-de-Fotografia-El-Color-de-La-Paz3-738x492.jpg\",\"articleSection\":[\"Municipios\"],\"inLanguage\":\"es\",\"potentialAction\":[{\"@type\":\"CommentAction\",\"name\":\"Comment\",\"target\":[\"https:\\\/\\\/nbcs.mx\\\/?p=123982#respond\"]}]},{\"@type\":\"WebPage\",\"@id\":\"https:\\\/\\\/nbcs.mx\\\/?p=123982\",\"url\":\"https:\\\/\\\/nbcs.mx\\\/?p=123982\",\"name\":\"Ganadores del Concurso de Fotograf\u00eda \u201cEl Color de La Paz\u201d - NBCS Noticias\",\"isPartOf\":{\"@id\":\"https:\\\/\\\/nbcs.mx\\\/#website\"},\"primaryImageOfPage\":{\"@id\":\"https:\\\/\\\/nbcs.mx\\\/?p=123982#primaryimage\"},\"image\":{\"@id\":\"https:\\\/\\\/nbcs.mx\\\/?p=123982#primaryimage\"},\"thumbnailUrl\":\"https:\\\/\\\/nbcs.mx\\\/wp-content\\\/uploads\\\/2023\\\/04\\\/Ganadores-del-Concurso-de-Fotografia-El-Color-de-La-Paz3-738x492.jpg\",\"datePublished\":\"2023-04-29T02:55:02+00:00\",\"dateModified\":\"2023-04-29T02:56:14+00:00\",\"breadcrumb\":{\"@id\":\"https:\\\/\\\/nbcs.mx\\\/?p=123982#breadcrumb\"},\"inLanguage\":\"es\",\"potentialAction\":[{\"@type\":\"ReadAction\",\"target\":[\"https:\\\/\\\/nbcs.mx\\\/?p=123982\"]}]},{\"@type\":\"ImageObject\",\"inLanguage\":\"es\",\"@id\":\"https:\\\/\\\/nbcs.mx\\\/?p=123982#primaryimage\",\"url\":\"https:\\\/\\\/nbcs.mx\\\/wp-content\\\/uploads\\\/2023\\\/04\\\/Ganadores-del-Concurso-de-Fotografia-El-Color-de-La-Paz3-738x492.jpg\",\"contentUrl\":\"https:\\\/\\\/nbcs.mx\\\/wp-content\\\/uploads\\\/2023\\\/04\\\/Ganadores-del-Concurso-de-Fotografia-El-Color-de-La-Paz3-738x492.jpg\"},{\"@type\":\"BreadcrumbList\",\"@id\":\"https:\\\/\\\/nbcs.mx\\\/?p=123982#breadcrumb\",\"itemListElement\":[{\"@type\":\"ListItem\",\"position\":1,\"name\":\"Portada\",\"item\":\"https:\\\/\\\/nbcs.mx\\\/\"},{\"@type\":\"ListItem\",\"position\":2,\"name\":\"Ganadores del Concurso de Fotograf\u00eda \u201cEl Color de La Paz\u201d\"}]},{\"@type\":\"WebSite\",\"@id\":\"https:\\\/\\\/nbcs.mx\\\/#website\",\"url\":\"https:\\\/\\\/nbcs.mx\\\/\",\"name\":\"NBCS Noticias\",\"description\":\"Sitio web de noticias en Baja California Sur\",\"publisher\":{\"@id\":\"https:\\\/\\\/nbcs.mx\\\/#organization\"},\"potentialAction\":[{\"@type\":\"SearchAction\",\"target\":{\"@type\":\"EntryPoint\",\"urlTemplate\":\"https:\\\/\\\/nbcs.mx\\\/?s={search_term_string}\"},\"query-input\":{\"@type\":\"PropertyValueSpecification\",\"valueRequired\":true,\"valueName\":\"search_term_string\"}}],\"inLanguage\":\"es\"},{\"@type\":\"Organization\",\"@id\":\"https:\\\/\\\/nbcs.mx\\\/#organization\",\"name\":\"NBCS Noticias\",\"url\":\"https:\\\/\\\/nbcs.mx\\\/\",\"logo\":{\"@type\":\"ImageObject\",\"inLanguage\":\"es\",\"@id\":\"https:\\\/\\\/nbcs.mx\\\/#\\\/schema\\\/logo\\\/image\\\/\",\"url\":\"https:\\\/\\\/nbcs.mx\\\/wp-content\\\/uploads\\\/2018\\\/09\\\/057b69485e93575a5c2b1c1dde2dd297.jpeg\",\"contentUrl\":\"https:\\\/\\\/nbcs.mx\\\/wp-content\\\/uploads\\\/2018\\\/09\\\/057b69485e93575a5c2b1c1dde2dd297.jpeg\",\"width\":64,\"height\":64,\"caption\":\"NBCS Noticias\"},\"image\":{\"@id\":\"https:\\\/\\\/nbcs.mx\\\/#\\\/schema\\\/logo\\\/image\\\/\"},\"sameAs\":[\"https:\\\/\\\/www.facebook.com\\\/NBCSnoticias\",\"https:\\\/\\\/x.com\\\/NBCSnoticias\"]},{\"@type\":\"Person\",\"@id\":\"https:\\\/\\\/nbcs.mx\\\/#\\\/schema\\\/person\\\/ece58bab9a7c1e87a4d28ec9ecd79ff4\",\"name\":\"NBCS Noticias\",\"image\":{\"@type\":\"ImageObject\",\"inLanguage\":\"es\",\"@id\":\"https:\\\/\\\/secure.gravatar.com\\\/avatar\\\/4e52110cad1c4054b43271a0d14bbe9e2ea76aecd0e1097edfc670798d9ca1d4?s=96&d=blank&r=g\",\"url\":\"https:\\\/\\\/secure.gravatar.com\\\/avatar\\\/4e52110cad1c4054b43271a0d14bbe9e2ea76aecd0e1097edfc670798d9ca1d4?s=96&d=blank&r=g\",\"contentUrl\":\"https:\\\/\\\/secure.gravatar.com\\\/avatar\\\/4e52110cad1c4054b43271a0d14bbe9e2ea76aecd0e1097edfc670798d9ca1d4?s=96&d=blank&r=g\",\"caption\":\"NBCS Noticias\"},\"description\":\"\u00bfTienes fotos o video de alg\u00fan acto de posible negligencia, corrupci\u00f3n y abuso de autoridad? M\u00e1ndalo al WhatsApp de NBCS Noticias: 612 141 98 08\",\"sameAs\":[\"https:\\\/\\\/www.nbcs.mx\",\"https:\\\/\\\/www.facebook.com\\\/NBCSnoticias\",\"https:\\\/\\\/www.instagram.com\\\/nbcsnoticias\\\/\",\"https:\\\/\\\/x.com\\\/https:\\\/\\\/twitter.com\\\/NBCSnoticias\"]}]}<\/script>\n<!-- \/ Yoast SEO plugin. -->","yoast_head_json":{"title":"Ganadores del Concurso de Fotograf\u00eda \u201cEl Color de La Paz\u201d - NBCS Noticias","robots":{"index":"index","follow":"follow","max-snippet":"max-snippet:-1","max-image-preview":"max-image-preview:large","max-video-preview":"max-video-preview:-1"},"canonical":"https:\/\/nbcs.mx\/?p=123982","og_locale":"es_ES","og_type":"article","og_title":"Ganadores del Concurso de Fotograf\u00eda \u201cEl Color de La Paz\u201d - NBCS Noticias","og_description":"El H. XVII Ayuntamiento de La Paz, a trav\u00e9s de la Direcci\u00f3n General de Inclusi\u00f3n y Diversidad, bajo la coordinaci\u00f3n","og_url":"https:\/\/nbcs.mx\/?p=123982","og_site_name":"NBCS Noticias","article_publisher":"https:\/\/www.facebook.com\/NBCSnoticias","article_author":"https:\/\/www.facebook.com\/NBCSnoticias","article_published_time":"2023-04-29T02:55:02+00:00","article_modified_time":"2023-04-29T02:56:14+00:00","og_image":[{"width":1024,"height":683,"url":"https:\/\/nbcs.mx\/wp-content\/uploads\/2023\/04\/Ganadores-del-Concurso-de-Fotografia-El-Color-de-La-Paz3.jpg","type":"image\/jpeg"}],"author":"NBCS Noticias","twitter_card":"summary_large_image","twitter_creator":"@https:\/\/twitter.com\/NBCSnoticias","twitter_site":"@NBCSnoticias","twitter_misc":{"Escrito por":"NBCS Noticias","Tiempo de lectura":"2 minutos"},"schema":{"@context":"https:\/\/schema.org","@graph":[{"@type":"Article","@id":"https:\/\/nbcs.mx\/?p=123982#article","isPartOf":{"@id":"https:\/\/nbcs.mx\/?p=123982"},"author":{"name":"NBCS Noticias","@id":"https:\/\/nbcs.mx\/#\/schema\/person\/ece58bab9a7c1e87a4d28ec9ecd79ff4"},"headline":"Ganadores del Concurso de Fotograf\u00eda \u201cEl Color de La Paz\u201d","datePublished":"2023-04-29T02:55:02+00:00","dateModified":"2023-04-29T02:56:14+00:00","mainEntityOfPage":{"@id":"https:\/\/nbcs.mx\/?p=123982"},"wordCount":363,"commentCount":0,"publisher":{"@id":"https:\/\/nbcs.mx\/#organization"},"image":{"@id":"https:\/\/nbcs.mx\/?p=123982#primaryimage"},"thumbnailUrl":"https:\/\/nbcs.mx\/wp-content\/uploads\/2023\/04\/Ganadores-del-Concurso-de-Fotografia-El-Color-de-La-Paz3-738x492.jpg","articleSection":["Municipios"],"inLanguage":"es","potentialAction":[{"@type":"CommentAction","name":"Comment","target":["https:\/\/nbcs.mx\/?p=123982#respond"]}]},{"@type":"WebPage","@id":"https:\/\/nbcs.mx\/?p=123982","url":"https:\/\/nbcs.mx\/?p=123982","name":"Ganadores del Concurso de Fotograf\u00eda \u201cEl Color de La Paz\u201d - NBCS Noticias","isPartOf":{"@id":"https:\/\/nbcs.mx\/#website"},"primaryImageOfPage":{"@id":"https:\/\/nbcs.mx\/?p=123982#primaryimage"},"image":{"@id":"https:\/\/nbcs.mx\/?p=123982#primaryimage"},"thumbnailUrl":"https:\/\/nbcs.mx\/wp-content\/uploads\/2023\/04\/Ganadores-del-Concurso-de-Fotografia-El-Color-de-La-Paz3-738x492.jpg","datePublished":"2023-04-29T02:55:02+00:00","dateModified":"2023-04-29T02:56:14+00:00","breadcrumb":{"@id":"https:\/\/nbcs.mx\/?p=123982#breadcrumb"},"inLanguage":"es","potentialAction":[{"@type":"ReadAction","target":["https:\/\/nbcs.mx\/?p=123982"]}]},{"@type":"ImageObject","inLanguage":"es","@id":"https:\/\/nbcs.mx\/?p=123982#primaryimage","url":"https:\/\/nbcs.mx\/wp-content\/uploads\/2023\/04\/Ganadores-del-Concurso-de-Fotografia-El-Color-de-La-Paz3-738x492.jpg","contentUrl":"https:\/\/nbcs.mx\/wp-content\/uploads\/2023\/04\/Ganadores-del-Concurso-de-Fotografia-El-Color-de-La-Paz3-738x492.jpg"},{"@type":"BreadcrumbList","@id":"https:\/\/nbcs.mx\/?p=123982#breadcrumb","itemListElement":[{"@type":"ListItem","position":1,"name":"Portada","item":"https:\/\/nbcs.mx\/"},{"@type":"ListItem","position":2,"name":"Ganadores del Concurso de Fotograf\u00eda \u201cEl Color de La Paz\u201d"}]},{"@type":"WebSite","@id":"https:\/\/nbcs.mx\/#website","url":"https:\/\/nbcs.mx\/","name":"NBCS Noticias","description":"Sitio web de noticias en Baja California Sur","publisher":{"@id":"https:\/\/nbcs.mx\/#organization"},"potentialAction":[{"@type":"SearchAction","target":{"@type":"EntryPoint","urlTemplate":"https:\/\/nbcs.mx\/?s={search_term_string}"},"query-input":{"@type":"PropertyValueSpecification","valueRequired":true,"valueName":"search_term_string"}}],"inLanguage":"es"},{"@type":"Organization","@id":"https:\/\/nbcs.mx\/#organization","name":"NBCS Noticias","url":"https:\/\/nbcs.mx\/","logo":{"@type":"ImageObject","inLanguage":"es","@id":"https:\/\/nbcs.mx\/#\/schema\/logo\/image\/","url":"https:\/\/nbcs.mx\/wp-content\/uploads\/2018\/09\/057b69485e93575a5c2b1c1dde2dd297.jpeg","contentUrl":"https:\/\/nbcs.mx\/wp-content\/uploads\/2018\/09\/057b69485e93575a5c2b1c1dde2dd297.jpeg","width":64,"height":64,"caption":"NBCS Noticias"},"image":{"@id":"https:\/\/nbcs.mx\/#\/schema\/logo\/image\/"},"sameAs":["https:\/\/www.facebook.com\/NBCSnoticias","https:\/\/x.com\/NBCSnoticias"]},{"@type":"Person","@id":"https:\/\/nbcs.mx\/#\/schema\/person\/ece58bab9a7c1e87a4d28ec9ecd79ff4","name":"NBCS Noticias","image":{"@type":"ImageObject","inLanguage":"es","@id":"https:\/\/secure.gravatar.com\/avatar\/4e52110cad1c4054b43271a0d14bbe9e2ea76aecd0e1097edfc670798d9ca1d4?s=96&d=blank&r=g","url":"https:\/\/secure.gravatar.com\/avatar\/4e52110cad1c4054b43271a0d14bbe9e2ea76aecd0e1097edfc670798d9ca1d4?s=96&d=blank&r=g","contentUrl":"https:\/\/secure.gravatar.com\/avatar\/4e52110cad1c4054b43271a0d14bbe9e2ea76aecd0e1097edfc670798d9ca1d4?s=96&d=blank&r=g","caption":"NBCS Noticias"},"description":"\u00bfTienes fotos o video de alg\u00fan acto de posible negligencia, corrupci\u00f3n y abuso de autoridad? M\u00e1ndalo al WhatsApp de NBCS Noticias: 612 141 98 08","sameAs":["https:\/\/www.nbcs.mx","https:\/\/www.facebook.com\/NBCSnoticias","https:\/\/www.instagram.com\/nbcsnoticias\/","https:\/\/x.com\/https:\/\/twitter.com\/NBCSnoticias"]}]}},"jetpack_publicize_connections":[],"jetpack_sharing_enabled":true,"jetpack_featured_media_url":"","_links":{"self":[{"href":"https:\/\/nbcs.mx\/index.php?rest_route=\/wp\/v2\/posts\/123982","targetHints":{"allow":["GET"]}}],"collection":[{"href":"https:\/\/nbcs.mx\/index.php?rest_route=\/wp\/v2\/posts"}],"about":[{"href":"https:\/\/nbcs.mx\/index.php?rest_route=\/wp\/v2\/types\/post"}],"author":[{"embeddable":true,"href":"https:\/\/nbcs.mx\/index.php?rest_route=\/wp\/v2\/users\/1"}],"replies":[{"embeddable":true,"href":"https:\/\/nbcs.mx\/index.php?rest_route=%2Fwp%2Fv2%2Fcomments&post=123982"}],"version-history":[{"count":1,"href":"https:\/\/nbcs.mx\/index.php?rest_route=\/wp\/v2\/posts\/123982\/revisions"}],"predecessor-version":[{"id":123984,"href":"https:\/\/nbcs.mx\/index.php?rest_route=\/wp\/v2\/posts\/123982\/revisions\/123984"}],"wp:attachment":[{"href":"https:\/\/nbcs.mx\/index.php?rest_route=%2Fwp%2Fv2%2Fmedia&parent=123982"}],"wp:term":[{"taxonomy":"category","embeddable":true,"href":"https:\/\/nbcs.mx\/index.php?rest_route=%2Fwp%2Fv2%2Fcategories&post=123982"},{"taxonomy":"post_tag","embeddable":true,"href":"https:\/\/nbcs.mx\/index.php?rest_route=%2Fwp%2Fv2%2Ftags&post=123982"}],"curies":[{"name":"wp","href":"https:\/\/api.w.org\/{rel}","templated":true}]}}