{"id":124030,"date":"2023-05-01T16:06:21","date_gmt":"2023-05-01T22:06:21","guid":{"rendered":"https:\/\/nbcs.mx\/?p=124030"},"modified":"2023-05-01T16:06:21","modified_gmt":"2023-05-01T22:06:21","slug":"en-bcs-los-derechos-de-los-trabajadores-son-respetados-vcc","status":"publish","type":"post","link":"https:\/\/nbcs.mx\/?p=124030","title":{"rendered":"En BCS los derechos de los trabajadores son respetados: VCC"},"content":{"rendered":"<p style=\"font-weight: 400; text-align: justify;\"><img loading=\"lazy\" decoding=\"async\" class=\" wp-image-124031 alignleft\" src=\"https:\/\/nbcs.mx\/wp-content\/uploads\/2023\/05\/FOTO2-BOLETIN-790-DIA-DEL-TRABAJO-755x425.jpeg\" alt=\"\" width=\"343\" height=\"193\" srcset=\"https:\/\/nbcs.mx\/wp-content\/uploads\/2023\/05\/FOTO2-BOLETIN-790-DIA-DEL-TRABAJO-755x425.jpeg 755w, https:\/\/nbcs.mx\/wp-content\/uploads\/2023\/05\/FOTO2-BOLETIN-790-DIA-DEL-TRABAJO-1024x576.jpeg 1024w, https:\/\/nbcs.mx\/wp-content\/uploads\/2023\/05\/FOTO2-BOLETIN-790-DIA-DEL-TRABAJO-150x84.jpeg 150w, https:\/\/nbcs.mx\/wp-content\/uploads\/2023\/05\/FOTO2-BOLETIN-790-DIA-DEL-TRABAJO-768x432.jpeg 768w, https:\/\/nbcs.mx\/wp-content\/uploads\/2023\/05\/FOTO2-BOLETIN-790-DIA-DEL-TRABAJO.jpeg 1280w\" sizes=\"auto, (max-width: 343px) 100vw, 343px\" \/>El gobernador V\u00edctor Castro Cos\u00edo encabez\u00f3 este lunes el acto c\u00edvico conmemorativo al 1 de mayo, en el marco del D\u00eda del Trabajo, en presencia de autoridades de los poderes Legislativo y Judicial, integrantes del gabinete,\u00a0 l\u00edderes e integrantes de organismos sindicales.<\/p>\n<p style=\"font-weight: 400; text-align: justify;\">\n<p style=\"font-weight: 400; text-align: justify;\">El Mandatario estatal record\u00f3 la fuerza productiva del Movimiento Obrero Mundial que inici\u00f3 en 1886; dej\u00f3 de manifiesto su respeto a la libertad y autonom\u00eda de las organizaciones, refrendando el pleno apoyo a las y los trabajadores de Baja California Sur.<\/p>\n<p style=\"font-weight: 400; text-align: justify;\">\n<p style=\"font-weight: 400; text-align: justify;\">Afirm\u00f3 que, en esta conmemoraci\u00f3n, la ciudadan\u00eda sudcaliforniana sabe lo que significa defender los m\u00e1s altos ideales de libertad, justicia y bienestar para todas y todos los que vivimos en esta tierra.<\/p>\n<p style=\"font-weight: 400; text-align: justify;\">\n<p style=\"font-weight: 400; text-align: justify;\">\u201cSe han mejorado los salarios, la Cuarta Transformaci\u00f3n encabezada por el presidente Andr\u00e9s Manuel L\u00f3pez Obrador, ha equilibrado los salarios m\u00ednimos en este pa\u00eds; paulatinamente ha ido incrementando las prestaciones para que sea un sueldo m\u00e1s digno y justo para todas y todos los trabajadores\u201d, destac\u00f3.<\/p>\n<p style=\"font-weight: 400; text-align: justify;\">\n<p style=\"font-weight: 400; text-align: justify;\">Castro Cos\u00edo, sostuvo el avance sustantivo en este tema, el cual es reconocido por los propios trabajadores. La democracia sindical ha sido parte de nuestra causa de muchos a\u00f1os, hoy en el Gobierno se ha hecho realidad que la gente decida qui\u00e9n los dirija, y que adem\u00e1s no sean impuestos, resalt\u00f3.<\/p>\n<p style=\"font-weight: 400; text-align: justify;\">\n<p style=\"font-weight: 400; text-align: justify;\">A\u00f1adi\u00f3 que se han enfrentado a dificultades econ\u00f3micas, pero con voluntad y buenas relaciones entre los diferentes sectores y gobierno se produce mejor\u00eda social, espec\u00edficamente en el \u00e1mbito laboral.<\/p>\n<p style=\"font-weight: 400; text-align: justify;\">\n<p style=\"font-weight: 400; text-align: justify;\">Previo al recorrido que inici\u00f3 en el Parque Morelos de esta ciudad con direcci\u00f3n a la explanada de Gobierno, el Mandatario estatal acompa\u00f1\u00f3 la tradicional caminata con l\u00edderes de todas las organizaciones.<\/p>\n","protected":false},"excerpt":{"rendered":"<p>El gobernador V\u00edctor Castro Cos\u00edo encabez\u00f3 este lunes el acto c\u00edvico conmemorativo al 1 de mayo, en el marco del<\/p>\n","protected":false},"author":1,"featured_media":124031,"comment_status":"open","ping_status":"closed","sticky":false,"template":"","format":"standard","meta":{"colormag_page_container_layout":"default_layout","colormag_page_sidebar_layout":"default_layout","_jetpack_newsletter_access":"","_jetpack_dont_email_post_to_subs":false,"_jetpack_newsletter_tier_id":0,"_jetpack_memberships_contains_paywalled_content":false,"_jetpack_feature_clip_id":0,"_jetpack_memberships_contains_paid_content":false,"footnotes":"","jetpack_publicize_message":"","jetpack_publicize_feature_enabled":true,"jetpack_social_post_already_shared":true,"jetpack_social_options":{"image_generator_settings":{"template":"highway","default_image_id":0,"font":"","enabled":false},"version":2},"jetpack_post_was_ever_published":false},"categories":[1],"tags":[],"class_list":["post-124030","post","type-post","status-publish","format-standard","has-post-thumbnail","hentry","category-noticias"],"yoast_head":"<!-- This site is optimized with the Yoast SEO plugin v28.4 - https:\/\/yoast.com\/product\/yoast-seo-wordpress\/ -->\n<title>En BCS los derechos de los trabajadores son respetados: VCC - NBCS Noticias<\/title>\n<meta name=\"robots\" content=\"index, follow, max-snippet:-1, max-image-preview:large, max-video-preview:-1\" \/>\n<link rel=\"canonical\" href=\"https:\/\/nbcs.mx\/?p=124030\" \/>\n<meta property=\"og:locale\" content=\"es_ES\" \/>\n<meta property=\"og:type\" content=\"article\" \/>\n<meta property=\"og:title\" content=\"En BCS los derechos de los trabajadores son respetados: VCC - NBCS Noticias\" \/>\n<meta property=\"og:description\" content=\"El gobernador V\u00edctor Castro Cos\u00edo encabez\u00f3 este lunes el acto c\u00edvico conmemorativo al 1 de mayo, en el marco del\" \/>\n<meta property=\"og:url\" content=\"https:\/\/nbcs.mx\/?p=124030\" \/>\n<meta property=\"og:site_name\" content=\"NBCS Noticias\" \/>\n<meta property=\"article:publisher\" content=\"https:\/\/www.facebook.com\/NBCSnoticias\" \/>\n<meta property=\"article:author\" content=\"https:\/\/www.facebook.com\/NBCSnoticias\" \/>\n<meta property=\"article:published_time\" content=\"2023-05-01T22:06:21+00:00\" \/>\n<meta property=\"og:image\" content=\"https:\/\/nbcs.mx\/wp-content\/uploads\/2023\/05\/FOTO2-BOLETIN-790-DIA-DEL-TRABAJO.jpeg\" \/>\n\t<meta property=\"og:image:width\" content=\"1280\" \/>\n\t<meta property=\"og:image:height\" content=\"720\" \/>\n\t<meta property=\"og:image:type\" content=\"image\/jpeg\" \/>\n<meta name=\"author\" content=\"NBCS Noticias\" \/>\n<meta name=\"twitter:card\" content=\"summary_large_image\" \/>\n<meta name=\"twitter:creator\" content=\"@https:\/\/twitter.com\/NBCSnoticias\" \/>\n<meta name=\"twitter:site\" content=\"@NBCSnoticias\" \/>\n<meta name=\"twitter:label1\" content=\"Escrito por\" \/>\n\t<meta name=\"twitter:data1\" content=\"NBCS Noticias\" \/>\n\t<meta name=\"twitter:label2\" content=\"Tiempo de lectura\" \/>\n\t<meta name=\"twitter:data2\" content=\"1 minuto\" \/>\n<script type=\"application\/ld+json\" class=\"yoast-schema-graph\">{\"@context\":\"https:\\\/\\\/schema.org\",\"@graph\":[{\"@type\":\"Article\",\"@id\":\"https:\\\/\\\/nbcs.mx\\\/?p=124030#article\",\"isPartOf\":{\"@id\":\"https:\\\/\\\/nbcs.mx\\\/?p=124030\"},\"author\":{\"name\":\"NBCS Noticias\",\"@id\":\"https:\\\/\\\/nbcs.mx\\\/#\\\/schema\\\/person\\\/ece58bab9a7c1e87a4d28ec9ecd79ff4\"},\"headline\":\"En BCS los derechos de los trabajadores son respetados: VCC\",\"datePublished\":\"2023-05-01T22:06:21+00:00\",\"mainEntityOfPage\":{\"@id\":\"https:\\\/\\\/nbcs.mx\\\/?p=124030\"},\"wordCount\":306,\"commentCount\":0,\"publisher\":{\"@id\":\"https:\\\/\\\/nbcs.mx\\\/#organization\"},\"image\":{\"@id\":\"https:\\\/\\\/nbcs.mx\\\/?p=124030#primaryimage\"},\"thumbnailUrl\":\"https:\\\/\\\/nbcs.mx\\\/wp-content\\\/uploads\\\/2023\\\/05\\\/FOTO2-BOLETIN-790-DIA-DEL-TRABAJO.jpeg\",\"articleSection\":[\"Noticias\"],\"inLanguage\":\"es\",\"potentialAction\":[{\"@type\":\"CommentAction\",\"name\":\"Comment\",\"target\":[\"https:\\\/\\\/nbcs.mx\\\/?p=124030#respond\"]}]},{\"@type\":\"WebPage\",\"@id\":\"https:\\\/\\\/nbcs.mx\\\/?p=124030\",\"url\":\"https:\\\/\\\/nbcs.mx\\\/?p=124030\",\"name\":\"En BCS los derechos de los trabajadores son respetados: VCC - NBCS Noticias\",\"isPartOf\":{\"@id\":\"https:\\\/\\\/nbcs.mx\\\/#website\"},\"primaryImageOfPage\":{\"@id\":\"https:\\\/\\\/nbcs.mx\\\/?p=124030#primaryimage\"},\"image\":{\"@id\":\"https:\\\/\\\/nbcs.mx\\\/?p=124030#primaryimage\"},\"thumbnailUrl\":\"https:\\\/\\\/nbcs.mx\\\/wp-content\\\/uploads\\\/2023\\\/05\\\/FOTO2-BOLETIN-790-DIA-DEL-TRABAJO.jpeg\",\"datePublished\":\"2023-05-01T22:06:21+00:00\",\"breadcrumb\":{\"@id\":\"https:\\\/\\\/nbcs.mx\\\/?p=124030#breadcrumb\"},\"inLanguage\":\"es\",\"potentialAction\":[{\"@type\":\"ReadAction\",\"target\":[\"https:\\\/\\\/nbcs.mx\\\/?p=124030\"]}]},{\"@type\":\"ImageObject\",\"inLanguage\":\"es\",\"@id\":\"https:\\\/\\\/nbcs.mx\\\/?p=124030#primaryimage\",\"url\":\"https:\\\/\\\/nbcs.mx\\\/wp-content\\\/uploads\\\/2023\\\/05\\\/FOTO2-BOLETIN-790-DIA-DEL-TRABAJO.jpeg\",\"contentUrl\":\"https:\\\/\\\/nbcs.mx\\\/wp-content\\\/uploads\\\/2023\\\/05\\\/FOTO2-BOLETIN-790-DIA-DEL-TRABAJO.jpeg\",\"width\":1280,\"height\":720},{\"@type\":\"BreadcrumbList\",\"@id\":\"https:\\\/\\\/nbcs.mx\\\/?p=124030#breadcrumb\",\"itemListElement\":[{\"@type\":\"ListItem\",\"position\":1,\"name\":\"Portada\",\"item\":\"https:\\\/\\\/nbcs.mx\\\/\"},{\"@type\":\"ListItem\",\"position\":2,\"name\":\"En BCS los derechos de los trabajadores son respetados: VCC\"}]},{\"@type\":\"WebSite\",\"@id\":\"https:\\\/\\\/nbcs.mx\\\/#website\",\"url\":\"https:\\\/\\\/nbcs.mx\\\/\",\"name\":\"NBCS Noticias\",\"description\":\"Sitio web de noticias en Baja California Sur\",\"publisher\":{\"@id\":\"https:\\\/\\\/nbcs.mx\\\/#organization\"},\"potentialAction\":[{\"@type\":\"SearchAction\",\"target\":{\"@type\":\"EntryPoint\",\"urlTemplate\":\"https:\\\/\\\/nbcs.mx\\\/?s={search_term_string}\"},\"query-input\":{\"@type\":\"PropertyValueSpecification\",\"valueRequired\":true,\"valueName\":\"search_term_string\"}}],\"inLanguage\":\"es\"},{\"@type\":\"Organization\",\"@id\":\"https:\\\/\\\/nbcs.mx\\\/#organization\",\"name\":\"NBCS Noticias\",\"url\":\"https:\\\/\\\/nbcs.mx\\\/\",\"logo\":{\"@type\":\"ImageObject\",\"inLanguage\":\"es\",\"@id\":\"https:\\\/\\\/nbcs.mx\\\/#\\\/schema\\\/logo\\\/image\\\/\",\"url\":\"https:\\\/\\\/nbcs.mx\\\/wp-content\\\/uploads\\\/2018\\\/09\\\/057b69485e93575a5c2b1c1dde2dd297.jpeg\",\"contentUrl\":\"https:\\\/\\\/nbcs.mx\\\/wp-content\\\/uploads\\\/2018\\\/09\\\/057b69485e93575a5c2b1c1dde2dd297.jpeg\",\"width\":64,\"height\":64,\"caption\":\"NBCS Noticias\"},\"image\":{\"@id\":\"https:\\\/\\\/nbcs.mx\\\/#\\\/schema\\\/logo\\\/image\\\/\"},\"sameAs\":[\"https:\\\/\\\/www.facebook.com\\\/NBCSnoticias\",\"https:\\\/\\\/x.com\\\/NBCSnoticias\"]},{\"@type\":\"Person\",\"@id\":\"https:\\\/\\\/nbcs.mx\\\/#\\\/schema\\\/person\\\/ece58bab9a7c1e87a4d28ec9ecd79ff4\",\"name\":\"NBCS Noticias\",\"image\":{\"@type\":\"ImageObject\",\"inLanguage\":\"es\",\"@id\":\"https:\\\/\\\/secure.gravatar.com\\\/avatar\\\/4e52110cad1c4054b43271a0d14bbe9e2ea76aecd0e1097edfc670798d9ca1d4?s=96&d=blank&r=g\",\"url\":\"https:\\\/\\\/secure.gravatar.com\\\/avatar\\\/4e52110cad1c4054b43271a0d14bbe9e2ea76aecd0e1097edfc670798d9ca1d4?s=96&d=blank&r=g\",\"contentUrl\":\"https:\\\/\\\/secure.gravatar.com\\\/avatar\\\/4e52110cad1c4054b43271a0d14bbe9e2ea76aecd0e1097edfc670798d9ca1d4?s=96&d=blank&r=g\",\"caption\":\"NBCS Noticias\"},\"description\":\"\u00bfTienes fotos o video de alg\u00fan acto de posible negligencia, corrupci\u00f3n y abuso de autoridad? M\u00e1ndalo al WhatsApp de NBCS Noticias: 612 141 98 08\",\"sameAs\":[\"https:\\\/\\\/www.nbcs.mx\",\"https:\\\/\\\/www.facebook.com\\\/NBCSnoticias\",\"https:\\\/\\\/www.instagram.com\\\/nbcsnoticias\\\/\",\"https:\\\/\\\/x.com\\\/https:\\\/\\\/twitter.com\\\/NBCSnoticias\"]}]}<\/script>\n<!-- \/ Yoast SEO plugin. -->","yoast_head_json":{"title":"En BCS los derechos de los trabajadores son respetados: VCC - NBCS Noticias","robots":{"index":"index","follow":"follow","max-snippet":"max-snippet:-1","max-image-preview":"max-image-preview:large","max-video-preview":"max-video-preview:-1"},"canonical":"https:\/\/nbcs.mx\/?p=124030","og_locale":"es_ES","og_type":"article","og_title":"En BCS los derechos de los trabajadores son respetados: VCC - NBCS Noticias","og_description":"El gobernador V\u00edctor Castro Cos\u00edo encabez\u00f3 este lunes el acto c\u00edvico conmemorativo al 1 de mayo, en el marco del","og_url":"https:\/\/nbcs.mx\/?p=124030","og_site_name":"NBCS Noticias","article_publisher":"https:\/\/www.facebook.com\/NBCSnoticias","article_author":"https:\/\/www.facebook.com\/NBCSnoticias","article_published_time":"2023-05-01T22:06:21+00:00","og_image":[{"width":1280,"height":720,"url":"https:\/\/nbcs.mx\/wp-content\/uploads\/2023\/05\/FOTO2-BOLETIN-790-DIA-DEL-TRABAJO.jpeg","type":"image\/jpeg"}],"author":"NBCS Noticias","twitter_card":"summary_large_image","twitter_creator":"@https:\/\/twitter.com\/NBCSnoticias","twitter_site":"@NBCSnoticias","twitter_misc":{"Escrito por":"NBCS Noticias","Tiempo de lectura":"1 minuto"},"schema":{"@context":"https:\/\/schema.org","@graph":[{"@type":"Article","@id":"https:\/\/nbcs.mx\/?p=124030#article","isPartOf":{"@id":"https:\/\/nbcs.mx\/?p=124030"},"author":{"name":"NBCS Noticias","@id":"https:\/\/nbcs.mx\/#\/schema\/person\/ece58bab9a7c1e87a4d28ec9ecd79ff4"},"headline":"En BCS los derechos de los trabajadores son respetados: VCC","datePublished":"2023-05-01T22:06:21+00:00","mainEntityOfPage":{"@id":"https:\/\/nbcs.mx\/?p=124030"},"wordCount":306,"commentCount":0,"publisher":{"@id":"https:\/\/nbcs.mx\/#organization"},"image":{"@id":"https:\/\/nbcs.mx\/?p=124030#primaryimage"},"thumbnailUrl":"https:\/\/nbcs.mx\/wp-content\/uploads\/2023\/05\/FOTO2-BOLETIN-790-DIA-DEL-TRABAJO.jpeg","articleSection":["Noticias"],"inLanguage":"es","potentialAction":[{"@type":"CommentAction","name":"Comment","target":["https:\/\/nbcs.mx\/?p=124030#respond"]}]},{"@type":"WebPage","@id":"https:\/\/nbcs.mx\/?p=124030","url":"https:\/\/nbcs.mx\/?p=124030","name":"En BCS los derechos de los trabajadores son respetados: VCC - NBCS Noticias","isPartOf":{"@id":"https:\/\/nbcs.mx\/#website"},"primaryImageOfPage":{"@id":"https:\/\/nbcs.mx\/?p=124030#primaryimage"},"image":{"@id":"https:\/\/nbcs.mx\/?p=124030#primaryimage"},"thumbnailUrl":"https:\/\/nbcs.mx\/wp-content\/uploads\/2023\/05\/FOTO2-BOLETIN-790-DIA-DEL-TRABAJO.jpeg","datePublished":"2023-05-01T22:06:21+00:00","breadcrumb":{"@id":"https:\/\/nbcs.mx\/?p=124030#breadcrumb"},"inLanguage":"es","potentialAction":[{"@type":"ReadAction","target":["https:\/\/nbcs.mx\/?p=124030"]}]},{"@type":"ImageObject","inLanguage":"es","@id":"https:\/\/nbcs.mx\/?p=124030#primaryimage","url":"https:\/\/nbcs.mx\/wp-content\/uploads\/2023\/05\/FOTO2-BOLETIN-790-DIA-DEL-TRABAJO.jpeg","contentUrl":"https:\/\/nbcs.mx\/wp-content\/uploads\/2023\/05\/FOTO2-BOLETIN-790-DIA-DEL-TRABAJO.jpeg","width":1280,"height":720},{"@type":"BreadcrumbList","@id":"https:\/\/nbcs.mx\/?p=124030#breadcrumb","itemListElement":[{"@type":"ListItem","position":1,"name":"Portada","item":"https:\/\/nbcs.mx\/"},{"@type":"ListItem","position":2,"name":"En BCS los derechos de los trabajadores son respetados: VCC"}]},{"@type":"WebSite","@id":"https:\/\/nbcs.mx\/#website","url":"https:\/\/nbcs.mx\/","name":"NBCS Noticias","description":"Sitio web de noticias en Baja California Sur","publisher":{"@id":"https:\/\/nbcs.mx\/#organization"},"potentialAction":[{"@type":"SearchAction","target":{"@type":"EntryPoint","urlTemplate":"https:\/\/nbcs.mx\/?s={search_term_string}"},"query-input":{"@type":"PropertyValueSpecification","valueRequired":true,"valueName":"search_term_string"}}],"inLanguage":"es"},{"@type":"Organization","@id":"https:\/\/nbcs.mx\/#organization","name":"NBCS Noticias","url":"https:\/\/nbcs.mx\/","logo":{"@type":"ImageObject","inLanguage":"es","@id":"https:\/\/nbcs.mx\/#\/schema\/logo\/image\/","url":"https:\/\/nbcs.mx\/wp-content\/uploads\/2018\/09\/057b69485e93575a5c2b1c1dde2dd297.jpeg","contentUrl":"https:\/\/nbcs.mx\/wp-content\/uploads\/2018\/09\/057b69485e93575a5c2b1c1dde2dd297.jpeg","width":64,"height":64,"caption":"NBCS Noticias"},"image":{"@id":"https:\/\/nbcs.mx\/#\/schema\/logo\/image\/"},"sameAs":["https:\/\/www.facebook.com\/NBCSnoticias","https:\/\/x.com\/NBCSnoticias"]},{"@type":"Person","@id":"https:\/\/nbcs.mx\/#\/schema\/person\/ece58bab9a7c1e87a4d28ec9ecd79ff4","name":"NBCS Noticias","image":{"@type":"ImageObject","inLanguage":"es","@id":"https:\/\/secure.gravatar.com\/avatar\/4e52110cad1c4054b43271a0d14bbe9e2ea76aecd0e1097edfc670798d9ca1d4?s=96&d=blank&r=g","url":"https:\/\/secure.gravatar.com\/avatar\/4e52110cad1c4054b43271a0d14bbe9e2ea76aecd0e1097edfc670798d9ca1d4?s=96&d=blank&r=g","contentUrl":"https:\/\/secure.gravatar.com\/avatar\/4e52110cad1c4054b43271a0d14bbe9e2ea76aecd0e1097edfc670798d9ca1d4?s=96&d=blank&r=g","caption":"NBCS Noticias"},"description":"\u00bfTienes fotos o video de alg\u00fan acto de posible negligencia, corrupci\u00f3n y abuso de autoridad? M\u00e1ndalo al WhatsApp de NBCS Noticias: 612 141 98 08","sameAs":["https:\/\/www.nbcs.mx","https:\/\/www.facebook.com\/NBCSnoticias","https:\/\/www.instagram.com\/nbcsnoticias\/","https:\/\/x.com\/https:\/\/twitter.com\/NBCSnoticias"]}]}},"jetpack_publicize_connections":[],"jetpack_sharing_enabled":true,"jetpack_featured_media_url":"https:\/\/nbcs.mx\/wp-content\/uploads\/2023\/05\/FOTO2-BOLETIN-790-DIA-DEL-TRABAJO.jpeg","_links":{"self":[{"href":"https:\/\/nbcs.mx\/index.php?rest_route=\/wp\/v2\/posts\/124030","targetHints":{"allow":["GET"]}}],"collection":[{"href":"https:\/\/nbcs.mx\/index.php?rest_route=\/wp\/v2\/posts"}],"about":[{"href":"https:\/\/nbcs.mx\/index.php?rest_route=\/wp\/v2\/types\/post"}],"author":[{"embeddable":true,"href":"https:\/\/nbcs.mx\/index.php?rest_route=\/wp\/v2\/users\/1"}],"replies":[{"embeddable":true,"href":"https:\/\/nbcs.mx\/index.php?rest_route=%2Fwp%2Fv2%2Fcomments&post=124030"}],"version-history":[{"count":1,"href":"https:\/\/nbcs.mx\/index.php?rest_route=\/wp\/v2\/posts\/124030\/revisions"}],"predecessor-version":[{"id":124032,"href":"https:\/\/nbcs.mx\/index.php?rest_route=\/wp\/v2\/posts\/124030\/revisions\/124032"}],"wp:featuredmedia":[{"embeddable":true,"href":"https:\/\/nbcs.mx\/index.php?rest_route=\/wp\/v2\/media\/124031"}],"wp:attachment":[{"href":"https:\/\/nbcs.mx\/index.php?rest_route=%2Fwp%2Fv2%2Fmedia&parent=124030"}],"wp:term":[{"taxonomy":"category","embeddable":true,"href":"https:\/\/nbcs.mx\/index.php?rest_route=%2Fwp%2Fv2%2Fcategories&post=124030"},{"taxonomy":"post_tag","embeddable":true,"href":"https:\/\/nbcs.mx\/index.php?rest_route=%2Fwp%2Fv2%2Ftags&post=124030"}],"curies":[{"name":"wp","href":"https:\/\/api.w.org\/{rel}","templated":true}]}}