{"id":124753,"date":"2023-05-22T07:41:48","date_gmt":"2023-05-22T13:41:48","guid":{"rendered":"https:\/\/nbcs.mx\/?p=124753"},"modified":"2023-05-22T07:41:48","modified_gmt":"2023-05-22T13:41:48","slug":"mas-de-1500-jovenes-asistieron-a-la-conferencia-la-fiesta-del-siglo","status":"publish","type":"post","link":"https:\/\/nbcs.mx\/?p=124753","title":{"rendered":"M\u00e1s de 1500 j\u00f3venes asistieron a la conferencia \u201cLa Fiesta del Siglo\u201d"},"content":{"rendered":"<p style=\"font-weight: 400; text-align: justify;\"><img loading=\"lazy\" decoding=\"async\" class=\" wp-image-124754 alignleft\" src=\"https:\/\/nbcs.mx\/wp-content\/uploads\/2023\/05\/Mas-de-1500-jovenes-asistieron-a-la-conferencia-La-Fiesta-del-Siglo3-738x492.jpg\" alt=\"\" width=\"339\" height=\"226\" srcset=\"https:\/\/nbcs.mx\/wp-content\/uploads\/2023\/05\/Mas-de-1500-jovenes-asistieron-a-la-conferencia-La-Fiesta-del-Siglo3-738x492.jpg 738w, https:\/\/nbcs.mx\/wp-content\/uploads\/2023\/05\/Mas-de-1500-jovenes-asistieron-a-la-conferencia-La-Fiesta-del-Siglo3-1024x682.jpg 1024w, https:\/\/nbcs.mx\/wp-content\/uploads\/2023\/05\/Mas-de-1500-jovenes-asistieron-a-la-conferencia-La-Fiesta-del-Siglo3-150x100.jpg 150w, https:\/\/nbcs.mx\/wp-content\/uploads\/2023\/05\/Mas-de-1500-jovenes-asistieron-a-la-conferencia-La-Fiesta-del-Siglo3-768x512.jpg 768w, https:\/\/nbcs.mx\/wp-content\/uploads\/2023\/05\/Mas-de-1500-jovenes-asistieron-a-la-conferencia-La-Fiesta-del-Siglo3-1536x1023.jpg 1536w, https:\/\/nbcs.mx\/wp-content\/uploads\/2023\/05\/Mas-de-1500-jovenes-asistieron-a-la-conferencia-La-Fiesta-del-Siglo3.jpg 1600w\" sizes=\"auto, (max-width: 339px) 100vw, 339px\" \/>Con un lleno total y teniendo\u00a0 una asistencia de m\u00e1s 1500 j\u00f3venes, se llev\u00f3 a cabo exitosamente la conferencia denominada \u00abLa Fiesta del Siglo\u00bb, celebrada en el Teatro de la Ciudad, organizado por la Direcci\u00f3n Municipal de la Juventud, en marco del D\u00eda del Estudiante dio a conocer su titular, Zamir Patr\u00f3n Murillo.<\/p>\n<p style=\"font-weight: 400; text-align: justify;\">\n<p style=\"font-weight: 400; text-align: justify;\">Se\u00f1al\u00f3 que durante la conferencia se cont\u00f3 con la presencia de la Presidenta Municipal, Milena Quiroga Romero, la cual se desarroll\u00f3 en tres bloques de presentaciones gratuitas, en las cuales participaron j\u00f3venes alumnos de Secundaria, Preparatoria y Universidades, as\u00ed como p\u00fablico en general, en la que los asistentes se vieron participativos y oyentes ante el conferencista quien interactu\u00f3 con los presentes a trav\u00e9s de diferentes din\u00e1micas.<\/p>\n<p style=\"font-weight: 400; text-align: justify;\">\n<p style=\"font-weight: 400; text-align: justify;\">Dicha conferencia impartido por Rodolfo Tercero mejor conocido como \u201cRudy Tercero\u201d, trat\u00f3 sobre el peligro de las adicciones como el alcohol, drogas y sustancias il\u00edcitas, tocando temas de prevenci\u00f3n, exponiendo los peligros de las\u00a0 adicciones y las formas de sobrellevar estas problem\u00e1ticas a trav\u00e9s de consejos y con ello las juventudes eviten tomar malas ediciones y con ello buscar\u00a0 el beneficio saludables\u00a0 en el\u00a0 desarrollo social de las y los j\u00f3venes.<\/p>\n<p style=\"font-weight: 400; text-align: justify;\">\n<p style=\"font-weight: 400; text-align: justify;\">Con este tipo de eventos, la Direcci\u00f3n Municipal de la Juventud, tiene como objetivo en abordar temas sobre erradicar derivaciones nocivas del consumo del alcohol y drogas, aconsejarlos a tomar conductas responsables y con ello disfruten de su juventud.<\/p>\n","protected":false},"excerpt":{"rendered":"<p>Con un lleno total y teniendo\u00a0 una asistencia de m\u00e1s 1500 j\u00f3venes, se llev\u00f3 a cabo exitosamente la conferencia denominada<\/p>\n","protected":false},"author":1,"featured_media":124754,"comment_status":"open","ping_status":"closed","sticky":false,"template":"","format":"standard","meta":{"colormag_page_container_layout":"default_layout","colormag_page_sidebar_layout":"default_layout","_jetpack_memberships_contains_paid_content":false,"footnotes":"","jetpack_publicize_message":"","jetpack_publicize_feature_enabled":true,"jetpack_social_post_already_shared":true,"jetpack_social_options":{"image_generator_settings":{"template":"highway","default_image_id":0,"font":"","enabled":false},"version":2}},"categories":[40],"tags":[],"class_list":["post-124753","post","type-post","status-publish","format-standard","has-post-thumbnail","hentry","category-municipios"],"yoast_head":"<!-- This site is optimized with the Yoast SEO plugin v27.5 - https:\/\/yoast.com\/product\/yoast-seo-wordpress\/ -->\n<title>M\u00e1s de 1500 j\u00f3venes asistieron a la conferencia \u201cLa Fiesta del Siglo\u201d - NBCS Noticias<\/title>\n<meta name=\"robots\" content=\"index, follow, max-snippet:-1, max-image-preview:large, max-video-preview:-1\" \/>\n<link rel=\"canonical\" href=\"https:\/\/nbcs.mx\/?p=124753\" \/>\n<meta property=\"og:locale\" content=\"es_ES\" \/>\n<meta property=\"og:type\" content=\"article\" \/>\n<meta property=\"og:title\" content=\"M\u00e1s de 1500 j\u00f3venes asistieron a la conferencia \u201cLa Fiesta del Siglo\u201d - NBCS Noticias\" \/>\n<meta property=\"og:description\" content=\"Con un lleno total y teniendo\u00a0 una asistencia de m\u00e1s 1500 j\u00f3venes, se llev\u00f3 a cabo exitosamente la conferencia denominada\" \/>\n<meta property=\"og:url\" content=\"https:\/\/nbcs.mx\/?p=124753\" \/>\n<meta property=\"og:site_name\" content=\"NBCS Noticias\" \/>\n<meta property=\"article:publisher\" content=\"https:\/\/www.facebook.com\/NBCSnoticias\" \/>\n<meta property=\"article:author\" content=\"https:\/\/www.facebook.com\/NBCSnoticias\" \/>\n<meta property=\"article:published_time\" content=\"2023-05-22T13:41:48+00:00\" \/>\n<meta property=\"og:image\" content=\"https:\/\/nbcs.mx\/wp-content\/uploads\/2023\/05\/Mas-de-1500-jovenes-asistieron-a-la-conferencia-La-Fiesta-del-Siglo3.jpg\" \/>\n\t<meta property=\"og:image:width\" content=\"1600\" \/>\n\t<meta property=\"og:image:height\" content=\"1066\" \/>\n\t<meta property=\"og:image:type\" content=\"image\/jpeg\" \/>\n<meta name=\"author\" content=\"NBCS Noticias\" \/>\n<meta name=\"twitter:card\" content=\"summary_large_image\" \/>\n<meta name=\"twitter:creator\" content=\"@https:\/\/twitter.com\/NBCSnoticias\" \/>\n<meta name=\"twitter:site\" content=\"@NBCSnoticias\" \/>\n<meta name=\"twitter:label1\" content=\"Escrito por\" \/>\n\t<meta name=\"twitter:data1\" content=\"NBCS Noticias\" \/>\n\t<meta name=\"twitter:label2\" content=\"Tiempo de lectura\" \/>\n\t<meta name=\"twitter:data2\" content=\"1 minuto\" \/>\n<script type=\"application\/ld+json\" class=\"yoast-schema-graph\">{\"@context\":\"https:\\\/\\\/schema.org\",\"@graph\":[{\"@type\":\"Article\",\"@id\":\"https:\\\/\\\/nbcs.mx\\\/?p=124753#article\",\"isPartOf\":{\"@id\":\"https:\\\/\\\/nbcs.mx\\\/?p=124753\"},\"author\":{\"name\":\"NBCS Noticias\",\"@id\":\"https:\\\/\\\/nbcs.mx\\\/#\\\/schema\\\/person\\\/ece58bab9a7c1e87a4d28ec9ecd79ff4\"},\"headline\":\"M\u00e1s de 1500 j\u00f3venes asistieron a la conferencia \u201cLa Fiesta del Siglo\u201d\",\"datePublished\":\"2023-05-22T13:41:48+00:00\",\"mainEntityOfPage\":{\"@id\":\"https:\\\/\\\/nbcs.mx\\\/?p=124753\"},\"wordCount\":257,\"commentCount\":0,\"publisher\":{\"@id\":\"https:\\\/\\\/nbcs.mx\\\/#organization\"},\"image\":{\"@id\":\"https:\\\/\\\/nbcs.mx\\\/?p=124753#primaryimage\"},\"thumbnailUrl\":\"https:\\\/\\\/nbcs.mx\\\/wp-content\\\/uploads\\\/2023\\\/05\\\/Mas-de-1500-jovenes-asistieron-a-la-conferencia-La-Fiesta-del-Siglo3.jpg\",\"articleSection\":[\"Municipios\"],\"inLanguage\":\"es\",\"potentialAction\":[{\"@type\":\"CommentAction\",\"name\":\"Comment\",\"target\":[\"https:\\\/\\\/nbcs.mx\\\/?p=124753#respond\"]}]},{\"@type\":\"WebPage\",\"@id\":\"https:\\\/\\\/nbcs.mx\\\/?p=124753\",\"url\":\"https:\\\/\\\/nbcs.mx\\\/?p=124753\",\"name\":\"M\u00e1s de 1500 j\u00f3venes asistieron a la conferencia \u201cLa Fiesta del Siglo\u201d - NBCS Noticias\",\"isPartOf\":{\"@id\":\"https:\\\/\\\/nbcs.mx\\\/#website\"},\"primaryImageOfPage\":{\"@id\":\"https:\\\/\\\/nbcs.mx\\\/?p=124753#primaryimage\"},\"image\":{\"@id\":\"https:\\\/\\\/nbcs.mx\\\/?p=124753#primaryimage\"},\"thumbnailUrl\":\"https:\\\/\\\/nbcs.mx\\\/wp-content\\\/uploads\\\/2023\\\/05\\\/Mas-de-1500-jovenes-asistieron-a-la-conferencia-La-Fiesta-del-Siglo3.jpg\",\"datePublished\":\"2023-05-22T13:41:48+00:00\",\"breadcrumb\":{\"@id\":\"https:\\\/\\\/nbcs.mx\\\/?p=124753#breadcrumb\"},\"inLanguage\":\"es\",\"potentialAction\":[{\"@type\":\"ReadAction\",\"target\":[\"https:\\\/\\\/nbcs.mx\\\/?p=124753\"]}]},{\"@type\":\"ImageObject\",\"inLanguage\":\"es\",\"@id\":\"https:\\\/\\\/nbcs.mx\\\/?p=124753#primaryimage\",\"url\":\"https:\\\/\\\/nbcs.mx\\\/wp-content\\\/uploads\\\/2023\\\/05\\\/Mas-de-1500-jovenes-asistieron-a-la-conferencia-La-Fiesta-del-Siglo3.jpg\",\"contentUrl\":\"https:\\\/\\\/nbcs.mx\\\/wp-content\\\/uploads\\\/2023\\\/05\\\/Mas-de-1500-jovenes-asistieron-a-la-conferencia-La-Fiesta-del-Siglo3.jpg\",\"width\":1600,\"height\":1066},{\"@type\":\"BreadcrumbList\",\"@id\":\"https:\\\/\\\/nbcs.mx\\\/?p=124753#breadcrumb\",\"itemListElement\":[{\"@type\":\"ListItem\",\"position\":1,\"name\":\"Portada\",\"item\":\"https:\\\/\\\/nbcs.mx\\\/\"},{\"@type\":\"ListItem\",\"position\":2,\"name\":\"M\u00e1s de 1500 j\u00f3venes asistieron a la conferencia \u201cLa Fiesta del Siglo\u201d\"}]},{\"@type\":\"WebSite\",\"@id\":\"https:\\\/\\\/nbcs.mx\\\/#website\",\"url\":\"https:\\\/\\\/nbcs.mx\\\/\",\"name\":\"NBCS Noticias\",\"description\":\"Sitio web de noticias en Baja California Sur\",\"publisher\":{\"@id\":\"https:\\\/\\\/nbcs.mx\\\/#organization\"},\"potentialAction\":[{\"@type\":\"SearchAction\",\"target\":{\"@type\":\"EntryPoint\",\"urlTemplate\":\"https:\\\/\\\/nbcs.mx\\\/?s={search_term_string}\"},\"query-input\":{\"@type\":\"PropertyValueSpecification\",\"valueRequired\":true,\"valueName\":\"search_term_string\"}}],\"inLanguage\":\"es\"},{\"@type\":\"Organization\",\"@id\":\"https:\\\/\\\/nbcs.mx\\\/#organization\",\"name\":\"NBCS Noticias\",\"url\":\"https:\\\/\\\/nbcs.mx\\\/\",\"logo\":{\"@type\":\"ImageObject\",\"inLanguage\":\"es\",\"@id\":\"https:\\\/\\\/nbcs.mx\\\/#\\\/schema\\\/logo\\\/image\\\/\",\"url\":\"https:\\\/\\\/nbcs.mx\\\/wp-content\\\/uploads\\\/2018\\\/09\\\/057b69485e93575a5c2b1c1dde2dd297.jpeg\",\"contentUrl\":\"https:\\\/\\\/nbcs.mx\\\/wp-content\\\/uploads\\\/2018\\\/09\\\/057b69485e93575a5c2b1c1dde2dd297.jpeg\",\"width\":64,\"height\":64,\"caption\":\"NBCS Noticias\"},\"image\":{\"@id\":\"https:\\\/\\\/nbcs.mx\\\/#\\\/schema\\\/logo\\\/image\\\/\"},\"sameAs\":[\"https:\\\/\\\/www.facebook.com\\\/NBCSnoticias\",\"https:\\\/\\\/x.com\\\/NBCSnoticias\"]},{\"@type\":\"Person\",\"@id\":\"https:\\\/\\\/nbcs.mx\\\/#\\\/schema\\\/person\\\/ece58bab9a7c1e87a4d28ec9ecd79ff4\",\"name\":\"NBCS Noticias\",\"image\":{\"@type\":\"ImageObject\",\"inLanguage\":\"es\",\"@id\":\"https:\\\/\\\/secure.gravatar.com\\\/avatar\\\/4e52110cad1c4054b43271a0d14bbe9e2ea76aecd0e1097edfc670798d9ca1d4?s=96&d=blank&r=g\",\"url\":\"https:\\\/\\\/secure.gravatar.com\\\/avatar\\\/4e52110cad1c4054b43271a0d14bbe9e2ea76aecd0e1097edfc670798d9ca1d4?s=96&d=blank&r=g\",\"contentUrl\":\"https:\\\/\\\/secure.gravatar.com\\\/avatar\\\/4e52110cad1c4054b43271a0d14bbe9e2ea76aecd0e1097edfc670798d9ca1d4?s=96&d=blank&r=g\",\"caption\":\"NBCS Noticias\"},\"description\":\"\u00bfTienes fotos o video de alg\u00fan acto de posible negligencia, corrupci\u00f3n y abuso de autoridad? M\u00e1ndalo al WhatsApp de NBCS Noticias: 612 141 98 08\",\"sameAs\":[\"https:\\\/\\\/www.nbcs.mx\",\"https:\\\/\\\/www.facebook.com\\\/NBCSnoticias\",\"https:\\\/\\\/www.instagram.com\\\/nbcsnoticias\\\/\",\"https:\\\/\\\/x.com\\\/https:\\\/\\\/twitter.com\\\/NBCSnoticias\"]}]}<\/script>\n<!-- \/ Yoast SEO plugin. -->","yoast_head_json":{"title":"M\u00e1s de 1500 j\u00f3venes asistieron a la conferencia \u201cLa Fiesta del Siglo\u201d - NBCS Noticias","robots":{"index":"index","follow":"follow","max-snippet":"max-snippet:-1","max-image-preview":"max-image-preview:large","max-video-preview":"max-video-preview:-1"},"canonical":"https:\/\/nbcs.mx\/?p=124753","og_locale":"es_ES","og_type":"article","og_title":"M\u00e1s de 1500 j\u00f3venes asistieron a la conferencia \u201cLa Fiesta del Siglo\u201d - NBCS Noticias","og_description":"Con un lleno total y teniendo\u00a0 una asistencia de m\u00e1s 1500 j\u00f3venes, se llev\u00f3 a cabo exitosamente la conferencia denominada","og_url":"https:\/\/nbcs.mx\/?p=124753","og_site_name":"NBCS Noticias","article_publisher":"https:\/\/www.facebook.com\/NBCSnoticias","article_author":"https:\/\/www.facebook.com\/NBCSnoticias","article_published_time":"2023-05-22T13:41:48+00:00","og_image":[{"width":1600,"height":1066,"url":"https:\/\/nbcs.mx\/wp-content\/uploads\/2023\/05\/Mas-de-1500-jovenes-asistieron-a-la-conferencia-La-Fiesta-del-Siglo3.jpg","type":"image\/jpeg"}],"author":"NBCS Noticias","twitter_card":"summary_large_image","twitter_creator":"@https:\/\/twitter.com\/NBCSnoticias","twitter_site":"@NBCSnoticias","twitter_misc":{"Escrito por":"NBCS Noticias","Tiempo de lectura":"1 minuto"},"schema":{"@context":"https:\/\/schema.org","@graph":[{"@type":"Article","@id":"https:\/\/nbcs.mx\/?p=124753#article","isPartOf":{"@id":"https:\/\/nbcs.mx\/?p=124753"},"author":{"name":"NBCS Noticias","@id":"https:\/\/nbcs.mx\/#\/schema\/person\/ece58bab9a7c1e87a4d28ec9ecd79ff4"},"headline":"M\u00e1s de 1500 j\u00f3venes asistieron a la conferencia \u201cLa Fiesta del Siglo\u201d","datePublished":"2023-05-22T13:41:48+00:00","mainEntityOfPage":{"@id":"https:\/\/nbcs.mx\/?p=124753"},"wordCount":257,"commentCount":0,"publisher":{"@id":"https:\/\/nbcs.mx\/#organization"},"image":{"@id":"https:\/\/nbcs.mx\/?p=124753#primaryimage"},"thumbnailUrl":"https:\/\/nbcs.mx\/wp-content\/uploads\/2023\/05\/Mas-de-1500-jovenes-asistieron-a-la-conferencia-La-Fiesta-del-Siglo3.jpg","articleSection":["Municipios"],"inLanguage":"es","potentialAction":[{"@type":"CommentAction","name":"Comment","target":["https:\/\/nbcs.mx\/?p=124753#respond"]}]},{"@type":"WebPage","@id":"https:\/\/nbcs.mx\/?p=124753","url":"https:\/\/nbcs.mx\/?p=124753","name":"M\u00e1s de 1500 j\u00f3venes asistieron a la conferencia \u201cLa Fiesta del Siglo\u201d - NBCS Noticias","isPartOf":{"@id":"https:\/\/nbcs.mx\/#website"},"primaryImageOfPage":{"@id":"https:\/\/nbcs.mx\/?p=124753#primaryimage"},"image":{"@id":"https:\/\/nbcs.mx\/?p=124753#primaryimage"},"thumbnailUrl":"https:\/\/nbcs.mx\/wp-content\/uploads\/2023\/05\/Mas-de-1500-jovenes-asistieron-a-la-conferencia-La-Fiesta-del-Siglo3.jpg","datePublished":"2023-05-22T13:41:48+00:00","breadcrumb":{"@id":"https:\/\/nbcs.mx\/?p=124753#breadcrumb"},"inLanguage":"es","potentialAction":[{"@type":"ReadAction","target":["https:\/\/nbcs.mx\/?p=124753"]}]},{"@type":"ImageObject","inLanguage":"es","@id":"https:\/\/nbcs.mx\/?p=124753#primaryimage","url":"https:\/\/nbcs.mx\/wp-content\/uploads\/2023\/05\/Mas-de-1500-jovenes-asistieron-a-la-conferencia-La-Fiesta-del-Siglo3.jpg","contentUrl":"https:\/\/nbcs.mx\/wp-content\/uploads\/2023\/05\/Mas-de-1500-jovenes-asistieron-a-la-conferencia-La-Fiesta-del-Siglo3.jpg","width":1600,"height":1066},{"@type":"BreadcrumbList","@id":"https:\/\/nbcs.mx\/?p=124753#breadcrumb","itemListElement":[{"@type":"ListItem","position":1,"name":"Portada","item":"https:\/\/nbcs.mx\/"},{"@type":"ListItem","position":2,"name":"M\u00e1s de 1500 j\u00f3venes asistieron a la conferencia \u201cLa Fiesta del Siglo\u201d"}]},{"@type":"WebSite","@id":"https:\/\/nbcs.mx\/#website","url":"https:\/\/nbcs.mx\/","name":"NBCS Noticias","description":"Sitio web de noticias en Baja California Sur","publisher":{"@id":"https:\/\/nbcs.mx\/#organization"},"potentialAction":[{"@type":"SearchAction","target":{"@type":"EntryPoint","urlTemplate":"https:\/\/nbcs.mx\/?s={search_term_string}"},"query-input":{"@type":"PropertyValueSpecification","valueRequired":true,"valueName":"search_term_string"}}],"inLanguage":"es"},{"@type":"Organization","@id":"https:\/\/nbcs.mx\/#organization","name":"NBCS Noticias","url":"https:\/\/nbcs.mx\/","logo":{"@type":"ImageObject","inLanguage":"es","@id":"https:\/\/nbcs.mx\/#\/schema\/logo\/image\/","url":"https:\/\/nbcs.mx\/wp-content\/uploads\/2018\/09\/057b69485e93575a5c2b1c1dde2dd297.jpeg","contentUrl":"https:\/\/nbcs.mx\/wp-content\/uploads\/2018\/09\/057b69485e93575a5c2b1c1dde2dd297.jpeg","width":64,"height":64,"caption":"NBCS Noticias"},"image":{"@id":"https:\/\/nbcs.mx\/#\/schema\/logo\/image\/"},"sameAs":["https:\/\/www.facebook.com\/NBCSnoticias","https:\/\/x.com\/NBCSnoticias"]},{"@type":"Person","@id":"https:\/\/nbcs.mx\/#\/schema\/person\/ece58bab9a7c1e87a4d28ec9ecd79ff4","name":"NBCS Noticias","image":{"@type":"ImageObject","inLanguage":"es","@id":"https:\/\/secure.gravatar.com\/avatar\/4e52110cad1c4054b43271a0d14bbe9e2ea76aecd0e1097edfc670798d9ca1d4?s=96&d=blank&r=g","url":"https:\/\/secure.gravatar.com\/avatar\/4e52110cad1c4054b43271a0d14bbe9e2ea76aecd0e1097edfc670798d9ca1d4?s=96&d=blank&r=g","contentUrl":"https:\/\/secure.gravatar.com\/avatar\/4e52110cad1c4054b43271a0d14bbe9e2ea76aecd0e1097edfc670798d9ca1d4?s=96&d=blank&r=g","caption":"NBCS Noticias"},"description":"\u00bfTienes fotos o video de alg\u00fan acto de posible negligencia, corrupci\u00f3n y abuso de autoridad? M\u00e1ndalo al WhatsApp de NBCS Noticias: 612 141 98 08","sameAs":["https:\/\/www.nbcs.mx","https:\/\/www.facebook.com\/NBCSnoticias","https:\/\/www.instagram.com\/nbcsnoticias\/","https:\/\/x.com\/https:\/\/twitter.com\/NBCSnoticias"]}]}},"jetpack_publicize_connections":[],"jetpack_featured_media_url":"https:\/\/nbcs.mx\/wp-content\/uploads\/2023\/05\/Mas-de-1500-jovenes-asistieron-a-la-conferencia-La-Fiesta-del-Siglo3.jpg","jetpack_sharing_enabled":true,"_links":{"self":[{"href":"https:\/\/nbcs.mx\/index.php?rest_route=\/wp\/v2\/posts\/124753","targetHints":{"allow":["GET"]}}],"collection":[{"href":"https:\/\/nbcs.mx\/index.php?rest_route=\/wp\/v2\/posts"}],"about":[{"href":"https:\/\/nbcs.mx\/index.php?rest_route=\/wp\/v2\/types\/post"}],"author":[{"embeddable":true,"href":"https:\/\/nbcs.mx\/index.php?rest_route=\/wp\/v2\/users\/1"}],"replies":[{"embeddable":true,"href":"https:\/\/nbcs.mx\/index.php?rest_route=%2Fwp%2Fv2%2Fcomments&post=124753"}],"version-history":[{"count":1,"href":"https:\/\/nbcs.mx\/index.php?rest_route=\/wp\/v2\/posts\/124753\/revisions"}],"predecessor-version":[{"id":124755,"href":"https:\/\/nbcs.mx\/index.php?rest_route=\/wp\/v2\/posts\/124753\/revisions\/124755"}],"wp:featuredmedia":[{"embeddable":true,"href":"https:\/\/nbcs.mx\/index.php?rest_route=\/wp\/v2\/media\/124754"}],"wp:attachment":[{"href":"https:\/\/nbcs.mx\/index.php?rest_route=%2Fwp%2Fv2%2Fmedia&parent=124753"}],"wp:term":[{"taxonomy":"category","embeddable":true,"href":"https:\/\/nbcs.mx\/index.php?rest_route=%2Fwp%2Fv2%2Fcategories&post=124753"},{"taxonomy":"post_tag","embeddable":true,"href":"https:\/\/nbcs.mx\/index.php?rest_route=%2Fwp%2Fv2%2Ftags&post=124753"}],"curies":[{"name":"wp","href":"https:\/\/api.w.org\/{rel}","templated":true}]}}