{"id":124783,"date":"2023-05-22T15:57:02","date_gmt":"2023-05-22T21:57:02","guid":{"rendered":"https:\/\/nbcs.mx\/?p=124783"},"modified":"2023-05-22T15:57:02","modified_gmt":"2023-05-22T21:57:02","slug":"se-recolectan-73-5-kilos-de-residuos-en-la-playa-el-comitan","status":"publish","type":"post","link":"https:\/\/nbcs.mx\/?p=124783","title":{"rendered":"Se recolectan 73.5 kilos de residuos en la playa El Comit\u00e1n"},"content":{"rendered":"<p style=\"font-weight: 400; text-align: justify;\"><img loading=\"lazy\" decoding=\"async\" class=\" wp-image-124784 alignleft\" src=\"https:\/\/nbcs.mx\/wp-content\/uploads\/2023\/05\/Se-recolectan-73.5-kilos-de-residuos-en-la-playa-El-Comitan2-656x492.jpeg\" alt=\"\" width=\"352\" height=\"264\" srcset=\"https:\/\/nbcs.mx\/wp-content\/uploads\/2023\/05\/Se-recolectan-73.5-kilos-de-residuos-en-la-playa-El-Comitan2-656x492.jpeg 656w, https:\/\/nbcs.mx\/wp-content\/uploads\/2023\/05\/Se-recolectan-73.5-kilos-de-residuos-en-la-playa-El-Comitan2-1024x768.jpeg 1024w, https:\/\/nbcs.mx\/wp-content\/uploads\/2023\/05\/Se-recolectan-73.5-kilos-de-residuos-en-la-playa-El-Comitan2-150x113.jpeg 150w, https:\/\/nbcs.mx\/wp-content\/uploads\/2023\/05\/Se-recolectan-73.5-kilos-de-residuos-en-la-playa-El-Comitan2-768x576.jpeg 768w, https:\/\/nbcs.mx\/wp-content\/uploads\/2023\/05\/Se-recolectan-73.5-kilos-de-residuos-en-la-playa-El-Comitan2-1536x1152.jpeg 1536w, https:\/\/nbcs.mx\/wp-content\/uploads\/2023\/05\/Se-recolectan-73.5-kilos-de-residuos-en-la-playa-El-Comitan2.jpeg 1600w\" sizes=\"auto, (max-width: 352px) 100vw, 352px\" \/>C\u00f3mo parte de las acciones del Programa de Protecci\u00f3n de las Regiones Costeras Mexicanas y sus Ecosistemas Marinos (PROCEP) para reducir los residuos pl\u00e1sticos que llegan a las costas del Municipio de La Paz, en una jornada de limpieza se recolectaron 73.5 kilogramos de residuos en la playa El Comit\u00e1n inform\u00f3 la jefa del Departamento de Residuos de la Direcci\u00f3n de Medio Ambiente, Lizette Rizo.<\/p>\n<p style=\"font-weight: 400; text-align: justify;\">\n<p style=\"font-weight: 400; text-align: justify;\">Se\u00f1al\u00f3 que se realiz\u00f3 un monitoreo de residuos con la finalidad de obtener informaci\u00f3n sobre los residuos que regularmente se encuentran en esta costa, se utiliz\u00f3\u00a0 un formato de registro de campa\u00f1as de limpieza de playas y una herramienta para procesar la informaci\u00f3n elaborada por la Consultora Ambiens, la cual colabora con la SEMARNAT y la Sociedad Alemana de Cooperaci\u00f3n Internacional (GIZ).<\/p>\n<p style=\"font-weight: 400; text-align: justify;\">\n<p style=\"font-weight: 400; text-align: justify;\">Destac\u00f3 que el proyecto se centra en desarrollar soluciones para lograr una econom\u00eda circular eficaz y una mejor gesti\u00f3n local del medio ambiente y los residuos en el municipio. De este modo, se busca reducir el consumo de pl\u00e1stico y su ingreso a los ecosistemas marinos.<\/p>\n<p style=\"font-weight: 400; text-align: justify;\">\n<p style=\"font-weight: 400; text-align: justify;\">Indic\u00f3 que esta jornada de limpieza se realiz\u00f3 en colaboraci\u00f3n con Zero Waste y el Departamento de Zofemat se limpiaron 170 metros de playa, donde se recolectaron 73.5 kilos de residuos, de los cuales 7 kilos son pl\u00e1sticos, 7.5 kilos reciclables, 11 kilos org\u00e1nicos, 6 kilos sanitarios y 42 kilos de residuos mezclados.<\/p>\n","protected":false},"excerpt":{"rendered":"<p>C\u00f3mo parte de las acciones del Programa de Protecci\u00f3n de las Regiones Costeras Mexicanas y sus Ecosistemas Marinos (PROCEP) para<\/p>\n","protected":false},"author":1,"featured_media":124784,"comment_status":"open","ping_status":"closed","sticky":false,"template":"","format":"standard","meta":{"colormag_page_container_layout":"default_layout","colormag_page_sidebar_layout":"default_layout","_jetpack_memberships_contains_paid_content":false,"footnotes":"","jetpack_publicize_message":"","jetpack_publicize_feature_enabled":true,"jetpack_social_post_already_shared":true,"jetpack_social_options":{"image_generator_settings":{"template":"highway","default_image_id":0,"font":"","enabled":false},"version":2}},"categories":[40],"tags":[],"class_list":["post-124783","post","type-post","status-publish","format-standard","has-post-thumbnail","hentry","category-municipios"],"yoast_head":"<!-- This site is optimized with the Yoast SEO plugin v27.4 - https:\/\/yoast.com\/product\/yoast-seo-wordpress\/ -->\n<title>Se recolectan 73.5 kilos de residuos en la playa El Comit\u00e1n - NBCS Noticias<\/title>\n<meta name=\"robots\" content=\"index, follow, max-snippet:-1, max-image-preview:large, max-video-preview:-1\" \/>\n<link rel=\"canonical\" href=\"https:\/\/nbcs.mx\/?p=124783\" \/>\n<meta property=\"og:locale\" content=\"es_ES\" \/>\n<meta property=\"og:type\" content=\"article\" \/>\n<meta property=\"og:title\" content=\"Se recolectan 73.5 kilos de residuos en la playa El Comit\u00e1n - NBCS Noticias\" \/>\n<meta property=\"og:description\" content=\"C\u00f3mo parte de las acciones del Programa de Protecci\u00f3n de las Regiones Costeras Mexicanas y sus Ecosistemas Marinos (PROCEP) para\" \/>\n<meta property=\"og:url\" content=\"https:\/\/nbcs.mx\/?p=124783\" \/>\n<meta property=\"og:site_name\" content=\"NBCS Noticias\" \/>\n<meta property=\"article:publisher\" content=\"https:\/\/www.facebook.com\/NBCSnoticias\" \/>\n<meta property=\"article:author\" content=\"https:\/\/www.facebook.com\/NBCSnoticias\" \/>\n<meta property=\"article:published_time\" content=\"2023-05-22T21:57:02+00:00\" \/>\n<meta property=\"og:image\" content=\"https:\/\/nbcs.mx\/wp-content\/uploads\/2023\/05\/Se-recolectan-73.5-kilos-de-residuos-en-la-playa-El-Comitan2.jpeg\" \/>\n\t<meta property=\"og:image:width\" content=\"1600\" \/>\n\t<meta property=\"og:image:height\" content=\"1200\" \/>\n\t<meta property=\"og:image:type\" content=\"image\/jpeg\" \/>\n<meta name=\"author\" content=\"NBCS Noticias\" \/>\n<meta name=\"twitter:card\" content=\"summary_large_image\" \/>\n<meta name=\"twitter:creator\" content=\"@https:\/\/twitter.com\/NBCSnoticias\" \/>\n<meta name=\"twitter:site\" content=\"@NBCSnoticias\" \/>\n<meta name=\"twitter:label1\" content=\"Escrito por\" \/>\n\t<meta name=\"twitter:data1\" content=\"NBCS Noticias\" \/>\n\t<meta name=\"twitter:label2\" content=\"Tiempo de lectura\" \/>\n\t<meta name=\"twitter:data2\" content=\"1 minuto\" \/>\n<script type=\"application\/ld+json\" class=\"yoast-schema-graph\">{\"@context\":\"https:\\\/\\\/schema.org\",\"@graph\":[{\"@type\":\"Article\",\"@id\":\"https:\\\/\\\/nbcs.mx\\\/?p=124783#article\",\"isPartOf\":{\"@id\":\"https:\\\/\\\/nbcs.mx\\\/?p=124783\"},\"author\":{\"name\":\"NBCS Noticias\",\"@id\":\"https:\\\/\\\/nbcs.mx\\\/#\\\/schema\\\/person\\\/ece58bab9a7c1e87a4d28ec9ecd79ff4\"},\"headline\":\"Se recolectan 73.5 kilos de residuos en la playa El Comit\u00e1n\",\"datePublished\":\"2023-05-22T21:57:02+00:00\",\"mainEntityOfPage\":{\"@id\":\"https:\\\/\\\/nbcs.mx\\\/?p=124783\"},\"wordCount\":245,\"commentCount\":0,\"publisher\":{\"@id\":\"https:\\\/\\\/nbcs.mx\\\/#organization\"},\"image\":{\"@id\":\"https:\\\/\\\/nbcs.mx\\\/?p=124783#primaryimage\"},\"thumbnailUrl\":\"https:\\\/\\\/nbcs.mx\\\/wp-content\\\/uploads\\\/2023\\\/05\\\/Se-recolectan-73.5-kilos-de-residuos-en-la-playa-El-Comitan2.jpeg\",\"articleSection\":[\"Municipios\"],\"inLanguage\":\"es\",\"potentialAction\":[{\"@type\":\"CommentAction\",\"name\":\"Comment\",\"target\":[\"https:\\\/\\\/nbcs.mx\\\/?p=124783#respond\"]}]},{\"@type\":\"WebPage\",\"@id\":\"https:\\\/\\\/nbcs.mx\\\/?p=124783\",\"url\":\"https:\\\/\\\/nbcs.mx\\\/?p=124783\",\"name\":\"Se recolectan 73.5 kilos de residuos en la playa El Comit\u00e1n - NBCS Noticias\",\"isPartOf\":{\"@id\":\"https:\\\/\\\/nbcs.mx\\\/#website\"},\"primaryImageOfPage\":{\"@id\":\"https:\\\/\\\/nbcs.mx\\\/?p=124783#primaryimage\"},\"image\":{\"@id\":\"https:\\\/\\\/nbcs.mx\\\/?p=124783#primaryimage\"},\"thumbnailUrl\":\"https:\\\/\\\/nbcs.mx\\\/wp-content\\\/uploads\\\/2023\\\/05\\\/Se-recolectan-73.5-kilos-de-residuos-en-la-playa-El-Comitan2.jpeg\",\"datePublished\":\"2023-05-22T21:57:02+00:00\",\"breadcrumb\":{\"@id\":\"https:\\\/\\\/nbcs.mx\\\/?p=124783#breadcrumb\"},\"inLanguage\":\"es\",\"potentialAction\":[{\"@type\":\"ReadAction\",\"target\":[\"https:\\\/\\\/nbcs.mx\\\/?p=124783\"]}]},{\"@type\":\"ImageObject\",\"inLanguage\":\"es\",\"@id\":\"https:\\\/\\\/nbcs.mx\\\/?p=124783#primaryimage\",\"url\":\"https:\\\/\\\/nbcs.mx\\\/wp-content\\\/uploads\\\/2023\\\/05\\\/Se-recolectan-73.5-kilos-de-residuos-en-la-playa-El-Comitan2.jpeg\",\"contentUrl\":\"https:\\\/\\\/nbcs.mx\\\/wp-content\\\/uploads\\\/2023\\\/05\\\/Se-recolectan-73.5-kilos-de-residuos-en-la-playa-El-Comitan2.jpeg\",\"width\":1600,\"height\":1200},{\"@type\":\"BreadcrumbList\",\"@id\":\"https:\\\/\\\/nbcs.mx\\\/?p=124783#breadcrumb\",\"itemListElement\":[{\"@type\":\"ListItem\",\"position\":1,\"name\":\"Portada\",\"item\":\"https:\\\/\\\/nbcs.mx\\\/\"},{\"@type\":\"ListItem\",\"position\":2,\"name\":\"Se recolectan 73.5 kilos de residuos en la playa El Comit\u00e1n\"}]},{\"@type\":\"WebSite\",\"@id\":\"https:\\\/\\\/nbcs.mx\\\/#website\",\"url\":\"https:\\\/\\\/nbcs.mx\\\/\",\"name\":\"NBCS Noticias\",\"description\":\"Sitio web de noticias en Baja California Sur\",\"publisher\":{\"@id\":\"https:\\\/\\\/nbcs.mx\\\/#organization\"},\"potentialAction\":[{\"@type\":\"SearchAction\",\"target\":{\"@type\":\"EntryPoint\",\"urlTemplate\":\"https:\\\/\\\/nbcs.mx\\\/?s={search_term_string}\"},\"query-input\":{\"@type\":\"PropertyValueSpecification\",\"valueRequired\":true,\"valueName\":\"search_term_string\"}}],\"inLanguage\":\"es\"},{\"@type\":\"Organization\",\"@id\":\"https:\\\/\\\/nbcs.mx\\\/#organization\",\"name\":\"NBCS Noticias\",\"url\":\"https:\\\/\\\/nbcs.mx\\\/\",\"logo\":{\"@type\":\"ImageObject\",\"inLanguage\":\"es\",\"@id\":\"https:\\\/\\\/nbcs.mx\\\/#\\\/schema\\\/logo\\\/image\\\/\",\"url\":\"https:\\\/\\\/nbcs.mx\\\/wp-content\\\/uploads\\\/2018\\\/09\\\/057b69485e93575a5c2b1c1dde2dd297.jpeg\",\"contentUrl\":\"https:\\\/\\\/nbcs.mx\\\/wp-content\\\/uploads\\\/2018\\\/09\\\/057b69485e93575a5c2b1c1dde2dd297.jpeg\",\"width\":64,\"height\":64,\"caption\":\"NBCS Noticias\"},\"image\":{\"@id\":\"https:\\\/\\\/nbcs.mx\\\/#\\\/schema\\\/logo\\\/image\\\/\"},\"sameAs\":[\"https:\\\/\\\/www.facebook.com\\\/NBCSnoticias\",\"https:\\\/\\\/x.com\\\/NBCSnoticias\"]},{\"@type\":\"Person\",\"@id\":\"https:\\\/\\\/nbcs.mx\\\/#\\\/schema\\\/person\\\/ece58bab9a7c1e87a4d28ec9ecd79ff4\",\"name\":\"NBCS Noticias\",\"image\":{\"@type\":\"ImageObject\",\"inLanguage\":\"es\",\"@id\":\"https:\\\/\\\/secure.gravatar.com\\\/avatar\\\/4e52110cad1c4054b43271a0d14bbe9e2ea76aecd0e1097edfc670798d9ca1d4?s=96&d=blank&r=g\",\"url\":\"https:\\\/\\\/secure.gravatar.com\\\/avatar\\\/4e52110cad1c4054b43271a0d14bbe9e2ea76aecd0e1097edfc670798d9ca1d4?s=96&d=blank&r=g\",\"contentUrl\":\"https:\\\/\\\/secure.gravatar.com\\\/avatar\\\/4e52110cad1c4054b43271a0d14bbe9e2ea76aecd0e1097edfc670798d9ca1d4?s=96&d=blank&r=g\",\"caption\":\"NBCS Noticias\"},\"description\":\"\u00bfTienes fotos o video de alg\u00fan acto de posible negligencia, corrupci\u00f3n y abuso de autoridad? M\u00e1ndalo al WhatsApp de NBCS Noticias: 612 141 98 08\",\"sameAs\":[\"https:\\\/\\\/www.nbcs.mx\",\"https:\\\/\\\/www.facebook.com\\\/NBCSnoticias\",\"https:\\\/\\\/www.instagram.com\\\/nbcsnoticias\\\/\",\"https:\\\/\\\/x.com\\\/https:\\\/\\\/twitter.com\\\/NBCSnoticias\"]}]}<\/script>\n<!-- \/ Yoast SEO plugin. -->","yoast_head_json":{"title":"Se recolectan 73.5 kilos de residuos en la playa El Comit\u00e1n - NBCS Noticias","robots":{"index":"index","follow":"follow","max-snippet":"max-snippet:-1","max-image-preview":"max-image-preview:large","max-video-preview":"max-video-preview:-1"},"canonical":"https:\/\/nbcs.mx\/?p=124783","og_locale":"es_ES","og_type":"article","og_title":"Se recolectan 73.5 kilos de residuos en la playa El Comit\u00e1n - NBCS Noticias","og_description":"C\u00f3mo parte de las acciones del Programa de Protecci\u00f3n de las Regiones Costeras Mexicanas y sus Ecosistemas Marinos (PROCEP) para","og_url":"https:\/\/nbcs.mx\/?p=124783","og_site_name":"NBCS Noticias","article_publisher":"https:\/\/www.facebook.com\/NBCSnoticias","article_author":"https:\/\/www.facebook.com\/NBCSnoticias","article_published_time":"2023-05-22T21:57:02+00:00","og_image":[{"width":1600,"height":1200,"url":"https:\/\/nbcs.mx\/wp-content\/uploads\/2023\/05\/Se-recolectan-73.5-kilos-de-residuos-en-la-playa-El-Comitan2.jpeg","type":"image\/jpeg"}],"author":"NBCS Noticias","twitter_card":"summary_large_image","twitter_creator":"@https:\/\/twitter.com\/NBCSnoticias","twitter_site":"@NBCSnoticias","twitter_misc":{"Escrito por":"NBCS Noticias","Tiempo de lectura":"1 minuto"},"schema":{"@context":"https:\/\/schema.org","@graph":[{"@type":"Article","@id":"https:\/\/nbcs.mx\/?p=124783#article","isPartOf":{"@id":"https:\/\/nbcs.mx\/?p=124783"},"author":{"name":"NBCS Noticias","@id":"https:\/\/nbcs.mx\/#\/schema\/person\/ece58bab9a7c1e87a4d28ec9ecd79ff4"},"headline":"Se recolectan 73.5 kilos de residuos en la playa El Comit\u00e1n","datePublished":"2023-05-22T21:57:02+00:00","mainEntityOfPage":{"@id":"https:\/\/nbcs.mx\/?p=124783"},"wordCount":245,"commentCount":0,"publisher":{"@id":"https:\/\/nbcs.mx\/#organization"},"image":{"@id":"https:\/\/nbcs.mx\/?p=124783#primaryimage"},"thumbnailUrl":"https:\/\/nbcs.mx\/wp-content\/uploads\/2023\/05\/Se-recolectan-73.5-kilos-de-residuos-en-la-playa-El-Comitan2.jpeg","articleSection":["Municipios"],"inLanguage":"es","potentialAction":[{"@type":"CommentAction","name":"Comment","target":["https:\/\/nbcs.mx\/?p=124783#respond"]}]},{"@type":"WebPage","@id":"https:\/\/nbcs.mx\/?p=124783","url":"https:\/\/nbcs.mx\/?p=124783","name":"Se recolectan 73.5 kilos de residuos en la playa El Comit\u00e1n - NBCS Noticias","isPartOf":{"@id":"https:\/\/nbcs.mx\/#website"},"primaryImageOfPage":{"@id":"https:\/\/nbcs.mx\/?p=124783#primaryimage"},"image":{"@id":"https:\/\/nbcs.mx\/?p=124783#primaryimage"},"thumbnailUrl":"https:\/\/nbcs.mx\/wp-content\/uploads\/2023\/05\/Se-recolectan-73.5-kilos-de-residuos-en-la-playa-El-Comitan2.jpeg","datePublished":"2023-05-22T21:57:02+00:00","breadcrumb":{"@id":"https:\/\/nbcs.mx\/?p=124783#breadcrumb"},"inLanguage":"es","potentialAction":[{"@type":"ReadAction","target":["https:\/\/nbcs.mx\/?p=124783"]}]},{"@type":"ImageObject","inLanguage":"es","@id":"https:\/\/nbcs.mx\/?p=124783#primaryimage","url":"https:\/\/nbcs.mx\/wp-content\/uploads\/2023\/05\/Se-recolectan-73.5-kilos-de-residuos-en-la-playa-El-Comitan2.jpeg","contentUrl":"https:\/\/nbcs.mx\/wp-content\/uploads\/2023\/05\/Se-recolectan-73.5-kilos-de-residuos-en-la-playa-El-Comitan2.jpeg","width":1600,"height":1200},{"@type":"BreadcrumbList","@id":"https:\/\/nbcs.mx\/?p=124783#breadcrumb","itemListElement":[{"@type":"ListItem","position":1,"name":"Portada","item":"https:\/\/nbcs.mx\/"},{"@type":"ListItem","position":2,"name":"Se recolectan 73.5 kilos de residuos en la playa El Comit\u00e1n"}]},{"@type":"WebSite","@id":"https:\/\/nbcs.mx\/#website","url":"https:\/\/nbcs.mx\/","name":"NBCS Noticias","description":"Sitio web de noticias en Baja California Sur","publisher":{"@id":"https:\/\/nbcs.mx\/#organization"},"potentialAction":[{"@type":"SearchAction","target":{"@type":"EntryPoint","urlTemplate":"https:\/\/nbcs.mx\/?s={search_term_string}"},"query-input":{"@type":"PropertyValueSpecification","valueRequired":true,"valueName":"search_term_string"}}],"inLanguage":"es"},{"@type":"Organization","@id":"https:\/\/nbcs.mx\/#organization","name":"NBCS Noticias","url":"https:\/\/nbcs.mx\/","logo":{"@type":"ImageObject","inLanguage":"es","@id":"https:\/\/nbcs.mx\/#\/schema\/logo\/image\/","url":"https:\/\/nbcs.mx\/wp-content\/uploads\/2018\/09\/057b69485e93575a5c2b1c1dde2dd297.jpeg","contentUrl":"https:\/\/nbcs.mx\/wp-content\/uploads\/2018\/09\/057b69485e93575a5c2b1c1dde2dd297.jpeg","width":64,"height":64,"caption":"NBCS Noticias"},"image":{"@id":"https:\/\/nbcs.mx\/#\/schema\/logo\/image\/"},"sameAs":["https:\/\/www.facebook.com\/NBCSnoticias","https:\/\/x.com\/NBCSnoticias"]},{"@type":"Person","@id":"https:\/\/nbcs.mx\/#\/schema\/person\/ece58bab9a7c1e87a4d28ec9ecd79ff4","name":"NBCS Noticias","image":{"@type":"ImageObject","inLanguage":"es","@id":"https:\/\/secure.gravatar.com\/avatar\/4e52110cad1c4054b43271a0d14bbe9e2ea76aecd0e1097edfc670798d9ca1d4?s=96&d=blank&r=g","url":"https:\/\/secure.gravatar.com\/avatar\/4e52110cad1c4054b43271a0d14bbe9e2ea76aecd0e1097edfc670798d9ca1d4?s=96&d=blank&r=g","contentUrl":"https:\/\/secure.gravatar.com\/avatar\/4e52110cad1c4054b43271a0d14bbe9e2ea76aecd0e1097edfc670798d9ca1d4?s=96&d=blank&r=g","caption":"NBCS Noticias"},"description":"\u00bfTienes fotos o video de alg\u00fan acto de posible negligencia, corrupci\u00f3n y abuso de autoridad? M\u00e1ndalo al WhatsApp de NBCS Noticias: 612 141 98 08","sameAs":["https:\/\/www.nbcs.mx","https:\/\/www.facebook.com\/NBCSnoticias","https:\/\/www.instagram.com\/nbcsnoticias\/","https:\/\/x.com\/https:\/\/twitter.com\/NBCSnoticias"]}]}},"jetpack_publicize_connections":[],"jetpack_featured_media_url":"https:\/\/nbcs.mx\/wp-content\/uploads\/2023\/05\/Se-recolectan-73.5-kilos-de-residuos-en-la-playa-El-Comitan2.jpeg","jetpack_sharing_enabled":true,"_links":{"self":[{"href":"https:\/\/nbcs.mx\/index.php?rest_route=\/wp\/v2\/posts\/124783","targetHints":{"allow":["GET"]}}],"collection":[{"href":"https:\/\/nbcs.mx\/index.php?rest_route=\/wp\/v2\/posts"}],"about":[{"href":"https:\/\/nbcs.mx\/index.php?rest_route=\/wp\/v2\/types\/post"}],"author":[{"embeddable":true,"href":"https:\/\/nbcs.mx\/index.php?rest_route=\/wp\/v2\/users\/1"}],"replies":[{"embeddable":true,"href":"https:\/\/nbcs.mx\/index.php?rest_route=%2Fwp%2Fv2%2Fcomments&post=124783"}],"version-history":[{"count":1,"href":"https:\/\/nbcs.mx\/index.php?rest_route=\/wp\/v2\/posts\/124783\/revisions"}],"predecessor-version":[{"id":124785,"href":"https:\/\/nbcs.mx\/index.php?rest_route=\/wp\/v2\/posts\/124783\/revisions\/124785"}],"wp:featuredmedia":[{"embeddable":true,"href":"https:\/\/nbcs.mx\/index.php?rest_route=\/wp\/v2\/media\/124784"}],"wp:attachment":[{"href":"https:\/\/nbcs.mx\/index.php?rest_route=%2Fwp%2Fv2%2Fmedia&parent=124783"}],"wp:term":[{"taxonomy":"category","embeddable":true,"href":"https:\/\/nbcs.mx\/index.php?rest_route=%2Fwp%2Fv2%2Fcategories&post=124783"},{"taxonomy":"post_tag","embeddable":true,"href":"https:\/\/nbcs.mx\/index.php?rest_route=%2Fwp%2Fv2%2Ftags&post=124783"}],"curies":[{"name":"wp","href":"https:\/\/api.w.org\/{rel}","templated":true}]}}