{"id":125574,"date":"2023-06-15T22:45:05","date_gmt":"2023-06-16T04:45:05","guid":{"rendered":"https:\/\/nbcs.mx\/?p=125574"},"modified":"2023-06-15T22:45:05","modified_gmt":"2023-06-16T04:45:05","slug":"colabora-dif-la-paz-en-el-rally-infantil-realizado-en-primaria-antonio-verdugo","status":"publish","type":"post","link":"https:\/\/nbcs.mx\/?p=125574","title":{"rendered":"Colabora DIF LA PAZ en el \u201cRally Infantil\u201d realizado en Primaria Antonio Verdugo"},"content":{"rendered":"<p style=\"font-weight: 400; text-align: justify;\"><img loading=\"lazy\" decoding=\"async\" class=\"size-medium wp-image-125575 aligncenter\" src=\"https:\/\/nbcs.mx\/wp-content\/uploads\/2023\/06\/Colabora-DIF-LA-PAZ-en-el-Rally-Infantil-realizado-en-Primaria-Antonio-Verdugo2-755x371.jpg\" alt=\"\" width=\"755\" height=\"371\" \/><\/p>\n<p style=\"font-weight: 400; text-align: justify;\">Personal del \u00e1rea de Tem\u00e1ticas Preventivas del Sistema Municipal DIF La Paz y de la Coordinaci\u00f3n de Fortalecimiento Institucional, participaron en el \u201cRally Infantil\u201d organizado por la Direcci\u00f3n Municipal de la Juventud, en la escuela primaria Antonio Verdugo Verduzco de la colonia La Pitahaya, con motivo del D\u00eda Mundial contra el Trabajo Infantil coment\u00f3 la directora, Carla Jonguitud.<\/p>\n<p style=\"font-weight: 400; text-align: justify;\">\n<p style=\"font-weight: 400; text-align: justify;\">En este sentido, el rally estuvo conformado por seis estaciones en donde se realizaron actividades diversas, como carrera de costales, dibujos, tiros a la canasta, carrera de velocidad, con temas relativos a las causas y consecuencias del trabajo infantil, as\u00ed como de los derechos de las ni\u00f1as, ni\u00f1os y adolescentes, con una participaci\u00f3n de 70 alumnas y alumnos de los grupos de Sexto y Quinto Grado.<\/p>\n<p style=\"font-weight: 400; text-align: justify;\">\n<p style=\"font-weight: 400; text-align: justify;\">Aunado a estas actividades, se llevaron a cabo pl\u00e1ticas sensibilizadoras y conferencias con\u00a0 el tema de trabajo infantil y el valor de los derechos de las ni\u00f1as, ni\u00f1os y adolescentes a la educaci\u00f3n, recalcando los efectos negativos de la deserci\u00f3n escolar y las repercusiones que pueden tener el futuro los desertores.<\/p>\n<p style=\"font-weight: 400; text-align: justify;\">\n<p style=\"font-weight: 400; text-align: justify;\">Finalmente, la Titular del SMDIF La Paz, coment\u00f3 que todas y todos los alumnos que tomaron parte recibieron regalos consistentes en paquetes de \u00fatiles escolares y bolsitas de dulces, como est\u00edmulo a su entusiasta participaci\u00f3n durante el evento.<\/p>\n","protected":false},"excerpt":{"rendered":"<p>Personal del \u00e1rea de Tem\u00e1ticas Preventivas del Sistema Municipal DIF La Paz y de la Coordinaci\u00f3n de Fortalecimiento Institucional, participaron<\/p>\n","protected":false},"author":1,"featured_media":0,"comment_status":"open","ping_status":"closed","sticky":false,"template":"","format":"standard","meta":{"colormag_page_container_layout":"default_layout","colormag_page_sidebar_layout":"default_layout","_jetpack_memberships_contains_paid_content":false,"footnotes":"","jetpack_publicize_message":"","jetpack_publicize_feature_enabled":true,"jetpack_social_post_already_shared":true,"jetpack_social_options":{"image_generator_settings":{"template":"highway","default_image_id":0,"font":"","enabled":false},"version":2}},"categories":[40],"tags":[],"class_list":["post-125574","post","type-post","status-publish","format-standard","hentry","category-municipios"],"yoast_head":"<!-- This site is optimized with the Yoast SEO plugin v27.5 - https:\/\/yoast.com\/product\/yoast-seo-wordpress\/ -->\n<title>Colabora DIF LA PAZ en el \u201cRally Infantil\u201d realizado en Primaria Antonio Verdugo - NBCS Noticias<\/title>\n<meta name=\"robots\" content=\"index, follow, max-snippet:-1, max-image-preview:large, max-video-preview:-1\" \/>\n<link rel=\"canonical\" href=\"https:\/\/nbcs.mx\/?p=125574\" \/>\n<meta property=\"og:locale\" content=\"es_ES\" \/>\n<meta property=\"og:type\" content=\"article\" \/>\n<meta property=\"og:title\" content=\"Colabora DIF LA PAZ en el \u201cRally Infantil\u201d realizado en Primaria Antonio Verdugo - NBCS Noticias\" \/>\n<meta property=\"og:description\" content=\"Personal del \u00e1rea de Tem\u00e1ticas Preventivas del Sistema Municipal DIF La Paz y de la Coordinaci\u00f3n de Fortalecimiento Institucional, participaron\" \/>\n<meta property=\"og:url\" content=\"https:\/\/nbcs.mx\/?p=125574\" \/>\n<meta property=\"og:site_name\" content=\"NBCS Noticias\" \/>\n<meta property=\"article:publisher\" content=\"https:\/\/www.facebook.com\/NBCSnoticias\" \/>\n<meta property=\"article:author\" content=\"https:\/\/www.facebook.com\/NBCSnoticias\" \/>\n<meta property=\"article:published_time\" content=\"2023-06-16T04:45:05+00:00\" \/>\n<meta property=\"og:image\" content=\"https:\/\/nbcs.mx\/wp-content\/uploads\/2023\/06\/Colabora-DIF-LA-PAZ-en-el-Rally-Infantil-realizado-en-Primaria-Antonio-Verdugo2-755x371.jpg\" \/>\n<meta name=\"author\" content=\"NBCS Noticias\" \/>\n<meta name=\"twitter:card\" content=\"summary_large_image\" \/>\n<meta name=\"twitter:creator\" content=\"@https:\/\/twitter.com\/NBCSnoticias\" \/>\n<meta name=\"twitter:site\" content=\"@NBCSnoticias\" \/>\n<meta name=\"twitter:label1\" content=\"Escrito por\" \/>\n\t<meta name=\"twitter:data1\" content=\"NBCS Noticias\" \/>\n\t<meta name=\"twitter:label2\" content=\"Tiempo de lectura\" \/>\n\t<meta name=\"twitter:data2\" content=\"2 minutos\" \/>\n<script type=\"application\/ld+json\" class=\"yoast-schema-graph\">{\"@context\":\"https:\\\/\\\/schema.org\",\"@graph\":[{\"@type\":\"Article\",\"@id\":\"https:\\\/\\\/nbcs.mx\\\/?p=125574#article\",\"isPartOf\":{\"@id\":\"https:\\\/\\\/nbcs.mx\\\/?p=125574\"},\"author\":{\"name\":\"NBCS Noticias\",\"@id\":\"https:\\\/\\\/nbcs.mx\\\/#\\\/schema\\\/person\\\/ece58bab9a7c1e87a4d28ec9ecd79ff4\"},\"headline\":\"Colabora DIF LA PAZ en el \u201cRally Infantil\u201d realizado en Primaria Antonio Verdugo\",\"datePublished\":\"2023-06-16T04:45:05+00:00\",\"mainEntityOfPage\":{\"@id\":\"https:\\\/\\\/nbcs.mx\\\/?p=125574\"},\"wordCount\":239,\"commentCount\":0,\"publisher\":{\"@id\":\"https:\\\/\\\/nbcs.mx\\\/#organization\"},\"image\":{\"@id\":\"https:\\\/\\\/nbcs.mx\\\/?p=125574#primaryimage\"},\"thumbnailUrl\":\"https:\\\/\\\/nbcs.mx\\\/wp-content\\\/uploads\\\/2023\\\/06\\\/Colabora-DIF-LA-PAZ-en-el-Rally-Infantil-realizado-en-Primaria-Antonio-Verdugo2-755x371.jpg\",\"articleSection\":[\"Municipios\"],\"inLanguage\":\"es\",\"potentialAction\":[{\"@type\":\"CommentAction\",\"name\":\"Comment\",\"target\":[\"https:\\\/\\\/nbcs.mx\\\/?p=125574#respond\"]}]},{\"@type\":\"WebPage\",\"@id\":\"https:\\\/\\\/nbcs.mx\\\/?p=125574\",\"url\":\"https:\\\/\\\/nbcs.mx\\\/?p=125574\",\"name\":\"Colabora DIF LA PAZ en el \u201cRally Infantil\u201d realizado en Primaria Antonio Verdugo - NBCS Noticias\",\"isPartOf\":{\"@id\":\"https:\\\/\\\/nbcs.mx\\\/#website\"},\"primaryImageOfPage\":{\"@id\":\"https:\\\/\\\/nbcs.mx\\\/?p=125574#primaryimage\"},\"image\":{\"@id\":\"https:\\\/\\\/nbcs.mx\\\/?p=125574#primaryimage\"},\"thumbnailUrl\":\"https:\\\/\\\/nbcs.mx\\\/wp-content\\\/uploads\\\/2023\\\/06\\\/Colabora-DIF-LA-PAZ-en-el-Rally-Infantil-realizado-en-Primaria-Antonio-Verdugo2-755x371.jpg\",\"datePublished\":\"2023-06-16T04:45:05+00:00\",\"breadcrumb\":{\"@id\":\"https:\\\/\\\/nbcs.mx\\\/?p=125574#breadcrumb\"},\"inLanguage\":\"es\",\"potentialAction\":[{\"@type\":\"ReadAction\",\"target\":[\"https:\\\/\\\/nbcs.mx\\\/?p=125574\"]}]},{\"@type\":\"ImageObject\",\"inLanguage\":\"es\",\"@id\":\"https:\\\/\\\/nbcs.mx\\\/?p=125574#primaryimage\",\"url\":\"https:\\\/\\\/nbcs.mx\\\/wp-content\\\/uploads\\\/2023\\\/06\\\/Colabora-DIF-LA-PAZ-en-el-Rally-Infantil-realizado-en-Primaria-Antonio-Verdugo2-755x371.jpg\",\"contentUrl\":\"https:\\\/\\\/nbcs.mx\\\/wp-content\\\/uploads\\\/2023\\\/06\\\/Colabora-DIF-LA-PAZ-en-el-Rally-Infantil-realizado-en-Primaria-Antonio-Verdugo2-755x371.jpg\"},{\"@type\":\"BreadcrumbList\",\"@id\":\"https:\\\/\\\/nbcs.mx\\\/?p=125574#breadcrumb\",\"itemListElement\":[{\"@type\":\"ListItem\",\"position\":1,\"name\":\"Portada\",\"item\":\"https:\\\/\\\/nbcs.mx\\\/\"},{\"@type\":\"ListItem\",\"position\":2,\"name\":\"Colabora DIF LA PAZ en el \u201cRally Infantil\u201d realizado en Primaria Antonio Verdugo\"}]},{\"@type\":\"WebSite\",\"@id\":\"https:\\\/\\\/nbcs.mx\\\/#website\",\"url\":\"https:\\\/\\\/nbcs.mx\\\/\",\"name\":\"NBCS Noticias\",\"description\":\"Sitio web de noticias en Baja California Sur\",\"publisher\":{\"@id\":\"https:\\\/\\\/nbcs.mx\\\/#organization\"},\"potentialAction\":[{\"@type\":\"SearchAction\",\"target\":{\"@type\":\"EntryPoint\",\"urlTemplate\":\"https:\\\/\\\/nbcs.mx\\\/?s={search_term_string}\"},\"query-input\":{\"@type\":\"PropertyValueSpecification\",\"valueRequired\":true,\"valueName\":\"search_term_string\"}}],\"inLanguage\":\"es\"},{\"@type\":\"Organization\",\"@id\":\"https:\\\/\\\/nbcs.mx\\\/#organization\",\"name\":\"NBCS Noticias\",\"url\":\"https:\\\/\\\/nbcs.mx\\\/\",\"logo\":{\"@type\":\"ImageObject\",\"inLanguage\":\"es\",\"@id\":\"https:\\\/\\\/nbcs.mx\\\/#\\\/schema\\\/logo\\\/image\\\/\",\"url\":\"https:\\\/\\\/nbcs.mx\\\/wp-content\\\/uploads\\\/2018\\\/09\\\/057b69485e93575a5c2b1c1dde2dd297.jpeg\",\"contentUrl\":\"https:\\\/\\\/nbcs.mx\\\/wp-content\\\/uploads\\\/2018\\\/09\\\/057b69485e93575a5c2b1c1dde2dd297.jpeg\",\"width\":64,\"height\":64,\"caption\":\"NBCS Noticias\"},\"image\":{\"@id\":\"https:\\\/\\\/nbcs.mx\\\/#\\\/schema\\\/logo\\\/image\\\/\"},\"sameAs\":[\"https:\\\/\\\/www.facebook.com\\\/NBCSnoticias\",\"https:\\\/\\\/x.com\\\/NBCSnoticias\"]},{\"@type\":\"Person\",\"@id\":\"https:\\\/\\\/nbcs.mx\\\/#\\\/schema\\\/person\\\/ece58bab9a7c1e87a4d28ec9ecd79ff4\",\"name\":\"NBCS Noticias\",\"image\":{\"@type\":\"ImageObject\",\"inLanguage\":\"es\",\"@id\":\"https:\\\/\\\/secure.gravatar.com\\\/avatar\\\/4e52110cad1c4054b43271a0d14bbe9e2ea76aecd0e1097edfc670798d9ca1d4?s=96&d=blank&r=g\",\"url\":\"https:\\\/\\\/secure.gravatar.com\\\/avatar\\\/4e52110cad1c4054b43271a0d14bbe9e2ea76aecd0e1097edfc670798d9ca1d4?s=96&d=blank&r=g\",\"contentUrl\":\"https:\\\/\\\/secure.gravatar.com\\\/avatar\\\/4e52110cad1c4054b43271a0d14bbe9e2ea76aecd0e1097edfc670798d9ca1d4?s=96&d=blank&r=g\",\"caption\":\"NBCS Noticias\"},\"description\":\"\u00bfTienes fotos o video de alg\u00fan acto de posible negligencia, corrupci\u00f3n y abuso de autoridad? M\u00e1ndalo al WhatsApp de NBCS Noticias: 612 141 98 08\",\"sameAs\":[\"https:\\\/\\\/www.nbcs.mx\",\"https:\\\/\\\/www.facebook.com\\\/NBCSnoticias\",\"https:\\\/\\\/www.instagram.com\\\/nbcsnoticias\\\/\",\"https:\\\/\\\/x.com\\\/https:\\\/\\\/twitter.com\\\/NBCSnoticias\"]}]}<\/script>\n<!-- \/ Yoast SEO plugin. -->","yoast_head_json":{"title":"Colabora DIF LA PAZ en el \u201cRally Infantil\u201d realizado en Primaria Antonio Verdugo - NBCS Noticias","robots":{"index":"index","follow":"follow","max-snippet":"max-snippet:-1","max-image-preview":"max-image-preview:large","max-video-preview":"max-video-preview:-1"},"canonical":"https:\/\/nbcs.mx\/?p=125574","og_locale":"es_ES","og_type":"article","og_title":"Colabora DIF LA PAZ en el \u201cRally Infantil\u201d realizado en Primaria Antonio Verdugo - NBCS Noticias","og_description":"Personal del \u00e1rea de Tem\u00e1ticas Preventivas del Sistema Municipal DIF La Paz y de la Coordinaci\u00f3n de Fortalecimiento Institucional, participaron","og_url":"https:\/\/nbcs.mx\/?p=125574","og_site_name":"NBCS Noticias","article_publisher":"https:\/\/www.facebook.com\/NBCSnoticias","article_author":"https:\/\/www.facebook.com\/NBCSnoticias","article_published_time":"2023-06-16T04:45:05+00:00","og_image":[{"url":"https:\/\/nbcs.mx\/wp-content\/uploads\/2023\/06\/Colabora-DIF-LA-PAZ-en-el-Rally-Infantil-realizado-en-Primaria-Antonio-Verdugo2-755x371.jpg","type":"","width":"","height":""}],"author":"NBCS Noticias","twitter_card":"summary_large_image","twitter_creator":"@https:\/\/twitter.com\/NBCSnoticias","twitter_site":"@NBCSnoticias","twitter_misc":{"Escrito por":"NBCS Noticias","Tiempo de lectura":"2 minutos"},"schema":{"@context":"https:\/\/schema.org","@graph":[{"@type":"Article","@id":"https:\/\/nbcs.mx\/?p=125574#article","isPartOf":{"@id":"https:\/\/nbcs.mx\/?p=125574"},"author":{"name":"NBCS Noticias","@id":"https:\/\/nbcs.mx\/#\/schema\/person\/ece58bab9a7c1e87a4d28ec9ecd79ff4"},"headline":"Colabora DIF LA PAZ en el \u201cRally Infantil\u201d realizado en Primaria Antonio Verdugo","datePublished":"2023-06-16T04:45:05+00:00","mainEntityOfPage":{"@id":"https:\/\/nbcs.mx\/?p=125574"},"wordCount":239,"commentCount":0,"publisher":{"@id":"https:\/\/nbcs.mx\/#organization"},"image":{"@id":"https:\/\/nbcs.mx\/?p=125574#primaryimage"},"thumbnailUrl":"https:\/\/nbcs.mx\/wp-content\/uploads\/2023\/06\/Colabora-DIF-LA-PAZ-en-el-Rally-Infantil-realizado-en-Primaria-Antonio-Verdugo2-755x371.jpg","articleSection":["Municipios"],"inLanguage":"es","potentialAction":[{"@type":"CommentAction","name":"Comment","target":["https:\/\/nbcs.mx\/?p=125574#respond"]}]},{"@type":"WebPage","@id":"https:\/\/nbcs.mx\/?p=125574","url":"https:\/\/nbcs.mx\/?p=125574","name":"Colabora DIF LA PAZ en el \u201cRally Infantil\u201d realizado en Primaria Antonio Verdugo - NBCS Noticias","isPartOf":{"@id":"https:\/\/nbcs.mx\/#website"},"primaryImageOfPage":{"@id":"https:\/\/nbcs.mx\/?p=125574#primaryimage"},"image":{"@id":"https:\/\/nbcs.mx\/?p=125574#primaryimage"},"thumbnailUrl":"https:\/\/nbcs.mx\/wp-content\/uploads\/2023\/06\/Colabora-DIF-LA-PAZ-en-el-Rally-Infantil-realizado-en-Primaria-Antonio-Verdugo2-755x371.jpg","datePublished":"2023-06-16T04:45:05+00:00","breadcrumb":{"@id":"https:\/\/nbcs.mx\/?p=125574#breadcrumb"},"inLanguage":"es","potentialAction":[{"@type":"ReadAction","target":["https:\/\/nbcs.mx\/?p=125574"]}]},{"@type":"ImageObject","inLanguage":"es","@id":"https:\/\/nbcs.mx\/?p=125574#primaryimage","url":"https:\/\/nbcs.mx\/wp-content\/uploads\/2023\/06\/Colabora-DIF-LA-PAZ-en-el-Rally-Infantil-realizado-en-Primaria-Antonio-Verdugo2-755x371.jpg","contentUrl":"https:\/\/nbcs.mx\/wp-content\/uploads\/2023\/06\/Colabora-DIF-LA-PAZ-en-el-Rally-Infantil-realizado-en-Primaria-Antonio-Verdugo2-755x371.jpg"},{"@type":"BreadcrumbList","@id":"https:\/\/nbcs.mx\/?p=125574#breadcrumb","itemListElement":[{"@type":"ListItem","position":1,"name":"Portada","item":"https:\/\/nbcs.mx\/"},{"@type":"ListItem","position":2,"name":"Colabora DIF LA PAZ en el \u201cRally Infantil\u201d realizado en Primaria Antonio Verdugo"}]},{"@type":"WebSite","@id":"https:\/\/nbcs.mx\/#website","url":"https:\/\/nbcs.mx\/","name":"NBCS Noticias","description":"Sitio web de noticias en Baja California Sur","publisher":{"@id":"https:\/\/nbcs.mx\/#organization"},"potentialAction":[{"@type":"SearchAction","target":{"@type":"EntryPoint","urlTemplate":"https:\/\/nbcs.mx\/?s={search_term_string}"},"query-input":{"@type":"PropertyValueSpecification","valueRequired":true,"valueName":"search_term_string"}}],"inLanguage":"es"},{"@type":"Organization","@id":"https:\/\/nbcs.mx\/#organization","name":"NBCS Noticias","url":"https:\/\/nbcs.mx\/","logo":{"@type":"ImageObject","inLanguage":"es","@id":"https:\/\/nbcs.mx\/#\/schema\/logo\/image\/","url":"https:\/\/nbcs.mx\/wp-content\/uploads\/2018\/09\/057b69485e93575a5c2b1c1dde2dd297.jpeg","contentUrl":"https:\/\/nbcs.mx\/wp-content\/uploads\/2018\/09\/057b69485e93575a5c2b1c1dde2dd297.jpeg","width":64,"height":64,"caption":"NBCS Noticias"},"image":{"@id":"https:\/\/nbcs.mx\/#\/schema\/logo\/image\/"},"sameAs":["https:\/\/www.facebook.com\/NBCSnoticias","https:\/\/x.com\/NBCSnoticias"]},{"@type":"Person","@id":"https:\/\/nbcs.mx\/#\/schema\/person\/ece58bab9a7c1e87a4d28ec9ecd79ff4","name":"NBCS Noticias","image":{"@type":"ImageObject","inLanguage":"es","@id":"https:\/\/secure.gravatar.com\/avatar\/4e52110cad1c4054b43271a0d14bbe9e2ea76aecd0e1097edfc670798d9ca1d4?s=96&d=blank&r=g","url":"https:\/\/secure.gravatar.com\/avatar\/4e52110cad1c4054b43271a0d14bbe9e2ea76aecd0e1097edfc670798d9ca1d4?s=96&d=blank&r=g","contentUrl":"https:\/\/secure.gravatar.com\/avatar\/4e52110cad1c4054b43271a0d14bbe9e2ea76aecd0e1097edfc670798d9ca1d4?s=96&d=blank&r=g","caption":"NBCS Noticias"},"description":"\u00bfTienes fotos o video de alg\u00fan acto de posible negligencia, corrupci\u00f3n y abuso de autoridad? M\u00e1ndalo al WhatsApp de NBCS Noticias: 612 141 98 08","sameAs":["https:\/\/www.nbcs.mx","https:\/\/www.facebook.com\/NBCSnoticias","https:\/\/www.instagram.com\/nbcsnoticias\/","https:\/\/x.com\/https:\/\/twitter.com\/NBCSnoticias"]}]}},"jetpack_publicize_connections":[],"jetpack_featured_media_url":"","jetpack_sharing_enabled":true,"_links":{"self":[{"href":"https:\/\/nbcs.mx\/index.php?rest_route=\/wp\/v2\/posts\/125574","targetHints":{"allow":["GET"]}}],"collection":[{"href":"https:\/\/nbcs.mx\/index.php?rest_route=\/wp\/v2\/posts"}],"about":[{"href":"https:\/\/nbcs.mx\/index.php?rest_route=\/wp\/v2\/types\/post"}],"author":[{"embeddable":true,"href":"https:\/\/nbcs.mx\/index.php?rest_route=\/wp\/v2\/users\/1"}],"replies":[{"embeddable":true,"href":"https:\/\/nbcs.mx\/index.php?rest_route=%2Fwp%2Fv2%2Fcomments&post=125574"}],"version-history":[{"count":1,"href":"https:\/\/nbcs.mx\/index.php?rest_route=\/wp\/v2\/posts\/125574\/revisions"}],"predecessor-version":[{"id":125576,"href":"https:\/\/nbcs.mx\/index.php?rest_route=\/wp\/v2\/posts\/125574\/revisions\/125576"}],"wp:attachment":[{"href":"https:\/\/nbcs.mx\/index.php?rest_route=%2Fwp%2Fv2%2Fmedia&parent=125574"}],"wp:term":[{"taxonomy":"category","embeddable":true,"href":"https:\/\/nbcs.mx\/index.php?rest_route=%2Fwp%2Fv2%2Fcategories&post=125574"},{"taxonomy":"post_tag","embeddable":true,"href":"https:\/\/nbcs.mx\/index.php?rest_route=%2Fwp%2Fv2%2Ftags&post=125574"}],"curies":[{"name":"wp","href":"https:\/\/api.w.org\/{rel}","templated":true}]}}