{"id":126010,"date":"2023-06-28T07:49:30","date_gmt":"2023-06-28T13:49:30","guid":{"rendered":"https:\/\/nbcs.mx\/?p=126010"},"modified":"2023-06-28T07:49:30","modified_gmt":"2023-06-28T13:49:30","slug":"micropolis-eleccion-entre-dos","status":"publish","type":"post","link":"https:\/\/nbcs.mx\/?p=126010","title":{"rendered":"Micr\u00f3polis \/ Elecci\u00f3n entre dos"},"content":{"rendered":"<p style=\"font-weight: 400; text-align: justify;\"><strong>Por Bertoldo Velasco Silva<\/strong><\/p>\n<p style=\"font-weight: 400; text-align: justify;\"><strong>\u00a0<\/strong><\/p>\n<p style=\"font-weight: 400; text-align: justify;\">Dicen que ahora si se pusieron de acuerdo. Que eligieron un mecanismo que les permitir\u00e1 tener un candidato\/a presidencial. Ya lo hab\u00eda dicho L\u00f3pez Obrador, son como 24, pero solo alcanzaron a ubicarse 15 de los que se consideran, puede ser el favorecido de un proceso calificado como una \u201cfaramalla\u201d o una imitaci\u00f3n de lo que viene realizando Morena con sus seis corcholatas. Algunos desistieron de participar en el reci\u00e9n creado Frente Amplio por M\u00e9xico. La pregunta es \u00bflograr\u00e1n sacar al adversario que surja de Morena sin que se destrocen unos a otros?<\/p>\n<p style=\"font-weight: 400; text-align: justify;\">\u00bfQui\u00e9nes son los que ya levantaron la mano para participar en este proceso que ellos consideran \u201cdemocr\u00e1tico\u201d? X\u00f3chitl G\u00e1lvez, Lilly T\u00e9llez, Beatriz Paredes, Alejandro Murat, Santiago Creel, Gustavo de Hoyos, Jorge Luis Preciado, Claudia Ruiz Massieu, Jos\u00e9 \u00c1ngel Gurr\u00eda, Gabriel Quadri, Silvano Aureoles, Ildefonso Guajardo, Enrique de la Madrid, Juan Carlos Romero Hicks y Francisco Javier Garc\u00eda Cabeza de Vaca.<\/p>\n<p style=\"font-weight: 400; text-align: justify;\">Los partidos Revolucionario Institucional, Acci\u00f3n Nacional y de la Revoluci\u00f3n Democr\u00e1tica, que conforman este Frente Amplio por M\u00e9xico, fijaron su ruta rumbo a las elecciones rumbo al 2024, el cual iniciar\u00e1 el pr\u00f3ximo 4 de julio con sus respectivos registros, en la que cada aspirante tendr\u00e1 que -una vez registrados- proceder a \u201ccolectar\u201d 150 mil firmas -cada uno- como respaldo de militantes, simpatizantes o de la sociedad civil. Esta, ser\u00e1 la primea etapa.<\/p>\n<p style=\"font-weight: 400; text-align: justify;\">La segunda, participaran en foros donde discutir\u00e1n y analizaran su visi\u00f3n sobre el pa\u00eds, para lo cual como obligaci\u00f3n, tendr\u00e1 que participar la sociedad, adem\u00e1s de expertos en cada una de las materias a tratar. En este mismo, mediante estudios de opini\u00f3n (encuestas) para que solo queden finalistas del total de aspirantes registrados al 6 de julio.<\/p>\n<p style=\"font-weight: 400; text-align: justify;\">En la tercera etapa, los finalistas asistir\u00e1n a cinco foros regionales, participar\u00e1n de nueva cuenta en estudios de opini\u00f3n p\u00fablica, para sacar al o la elida, ya que el resultado de este estudio demosc\u00f3pico se dar\u00e1 a conocer el 3 de septiembre fecha en la que se conocer\u00e1 al responsable y abanderado de este frente amplio por M\u00e9xico, que enfrentar\u00e1 en las elecciones del 2024, al que surja de entre Ad\u00e1n Augusto L\u00f3pez Hern\u00e1ndez, Marcelo Ebrard Casaub\u00f3n, Claudia Sheinbaum Pardo, Ricardo Monreal \u00c1vila, Gerardo Fern\u00e1ndez Noro\u00f1a y Manuel Velasco.<\/p>\n<p style=\"font-weight: 400; text-align: justify;\">La recolecci\u00f3n de las 150 mil firmas que cada aspirante tendr\u00e1 que captar, ser\u00e1n v\u00eda electr\u00f3nica, que seg\u00fan afirman, \u201ces la m\u00e1s segura y confiable\u201d, porque ninguna persona que respalde a estos prianistas, podr\u00e1 emitir su voto por dos ocasiones o m\u00e1s, ya que se tendr\u00e1n que cotejar con la credencial de elector.<\/p>\n<p style=\"font-weight: 400; text-align: justify;\">\u00bfQui\u00e9n de ellos y ellas podr\u00e1 recabar esas 150 mil firmas ciudadanas, exponer sus motivos y convencerlos de que sea el candidato a la presidencia de la Rep\u00fablica para participar en los comicios del 2024?<\/p>\n<p style=\"font-weight: 400; text-align: justify;\">Tanto las seis \u201ccorcholatas\u201d de Morena, PT y Verde Ecologista como los 15 aspirantes de ese frente amplio, van a modificar el mapeo electoral del pa\u00eds, porque la presencia de todas esas figuras realizar\u00e1n una extensa campa\u00f1a en todo M\u00e9xico y los ciudadanos van a analizar ese contraste de ideas y proyectos, que permitir\u00e1 conocer lo que cada uno de ellos y ellas, proyectar\u00e1n para los pr\u00f3ximos 6 a\u00f1os.<\/p>\n<p style=\"font-weight: 400; text-align: justify;\">En el mes de septiembre, los mexicanos tendremos dos opciones, dos fotograf\u00edas, dos proyectos distintos. Por una parte, tendremos al o la candidata que emerja de la alianza Morena-PT-Verde Ecologista, y tambi\u00e9n Nueva Alianza. Por el otro, al que surja del PRI-PAN-PRD. Y en estas elecciones, el enfrentamiento ser\u00e1 entre dos.<\/p>\n<p style=\"font-weight: 400; text-align: justify;\"><strong>MICROTEMAS. <\/strong>Ora s\u00ed que entr\u00f3 como juan por su casa. No observamos reproche alguno de legisladoras. De los diputados, hasta la mano le extendieron y casi le dijeron \u00abbienvenido Juan, est\u00e1s en tu casa\u00bb. Salvo el Chema Avil\u00e9s cuando menos, en su rostro, mostr\u00f3 el rechazo al regreso inmoral de esa persona violentadora.<\/p>\n<p style=\"font-weight: 400; text-align: justify;\">No observamos a los grupos feministas clamando justicia ni tampoco mostrando rechazo al regreso de esa persona a la curul. Dicen que hubo algunas de ellas en el Sal\u00f3n de Sesiones, pero como eran pocas no quisieron asomarse. Antes de entrar a al edificio que alberga el poder legislativo, se ech\u00f3 un discurso y se victimiz\u00f3 aludiendo a una idiosincrasia ajena a los Sudcalifornianos, \u00a1<em>voy a luchar por los negros<\/em>! Nadie en todo ese asunto, se trat\u00f3 de un tema racial, porque aqu\u00ed, no hay Ku kus klanes, se equivoc\u00f3 de pa\u00eds. Y luego procedi\u00f3 a visitar su antigua oficina, como para checar que no faltase nada.<\/p>\n<p style=\"font-weight: 400; text-align: justify;\">Eso s\u00ed, lleg\u00f3 al edificio que albergan las oficinas de los legisladores acompa\u00f1ado de un grupo de no m\u00e1s de 12 personas que lo vitoreaban como si fuese el h\u00e9roe de la pel\u00edcula, una pel\u00edcula que hasta antes de la decisi\u00f3n de no juzgarlo, era de terror y de miedo para la v\u00edctima, la que de \u00faltimo momento decidi\u00f3 otorgarle un perd\u00f3n por la grave falta cometida y el perdonado\u00a0 vio en ese gesto la salida de ese t\u00fanel oscuro hacia donde se enfilaba, fue que el milagro para no ser separado de esa sociedad lastimada por un acto ruin, para vestirlo con el overol amarillo.<\/p>\n<p style=\"font-weight: 400; text-align: justify;\">Llegaron incluso a victimizarlo, a preguntarle si contrademandar\u00eda por \u201cel da\u00f1o moral que le causaron\u201d. \u00bfDemandar a la v\u00edctima? \u00bfEs en serio? \u00a1Ser\u00eda el colmo del cinismo y la desverg\u00fcenza!<\/p>\n<p style=\"font-weight: 400; text-align: justify;\"><strong><em>Por \u00fanica ocasi\u00f3n, este Festival y Cata del Vino Misional, se va a realizar el d\u00eda 17 de diciembre pr\u00f3ximo en el Callej\u00f3n Cabezud, en pleno Malec\u00f3n Costero de La Paz<\/em><\/strong><\/p>\n<p style=\"font-weight: 400; text-align: justify;\">\n","protected":false},"excerpt":{"rendered":"<p>Por Bertoldo Velasco Silva \u00a0 Dicen que ahora si se pusieron de acuerdo. Que eligieron un mecanismo que les permitir\u00e1<\/p>\n","protected":false},"author":1,"featured_media":0,"comment_status":"open","ping_status":"closed","sticky":false,"template":"","format":"standard","meta":{"colormag_page_container_layout":"default_layout","colormag_page_sidebar_layout":"default_layout","_jetpack_memberships_contains_paid_content":false,"footnotes":"","jetpack_publicize_message":"","jetpack_publicize_feature_enabled":true,"jetpack_social_post_already_shared":true,"jetpack_social_options":{"image_generator_settings":{"template":"highway","default_image_id":0,"font":"","enabled":false},"version":2}},"categories":[41],"tags":[],"class_list":["post-126010","post","type-post","status-publish","format-standard","hentry","category-las-columnas"],"yoast_head":"<!-- This site is optimized with the Yoast SEO plugin v27.5 - https:\/\/yoast.com\/product\/yoast-seo-wordpress\/ -->\n<title>Micr\u00f3polis \/ Elecci\u00f3n entre dos - NBCS Noticias<\/title>\n<meta name=\"robots\" content=\"index, follow, max-snippet:-1, max-image-preview:large, max-video-preview:-1\" \/>\n<link rel=\"canonical\" href=\"https:\/\/nbcs.mx\/?p=126010\" \/>\n<meta property=\"og:locale\" content=\"es_ES\" \/>\n<meta property=\"og:type\" content=\"article\" \/>\n<meta property=\"og:title\" content=\"Micr\u00f3polis \/ Elecci\u00f3n entre dos - NBCS Noticias\" \/>\n<meta property=\"og:description\" content=\"Por Bertoldo Velasco Silva \u00a0 Dicen que ahora si se pusieron de acuerdo. Que eligieron un mecanismo que les permitir\u00e1\" \/>\n<meta property=\"og:url\" content=\"https:\/\/nbcs.mx\/?p=126010\" \/>\n<meta property=\"og:site_name\" content=\"NBCS Noticias\" \/>\n<meta property=\"article:publisher\" content=\"https:\/\/www.facebook.com\/NBCSnoticias\" \/>\n<meta property=\"article:author\" content=\"https:\/\/www.facebook.com\/NBCSnoticias\" \/>\n<meta property=\"article:published_time\" content=\"2023-06-28T13:49:30+00:00\" \/>\n<meta name=\"author\" content=\"NBCS Noticias\" \/>\n<meta name=\"twitter:card\" content=\"summary_large_image\" \/>\n<meta name=\"twitter:creator\" content=\"@https:\/\/twitter.com\/NBCSnoticias\" \/>\n<meta name=\"twitter:site\" content=\"@NBCSnoticias\" \/>\n<meta name=\"twitter:label1\" content=\"Escrito por\" \/>\n\t<meta name=\"twitter:data1\" content=\"NBCS Noticias\" \/>\n\t<meta name=\"twitter:label2\" content=\"Tiempo de lectura\" \/>\n\t<meta name=\"twitter:data2\" content=\"5 minutos\" \/>\n<script type=\"application\/ld+json\" class=\"yoast-schema-graph\">{\"@context\":\"https:\\\/\\\/schema.org\",\"@graph\":[{\"@type\":\"Article\",\"@id\":\"https:\\\/\\\/nbcs.mx\\\/?p=126010#article\",\"isPartOf\":{\"@id\":\"https:\\\/\\\/nbcs.mx\\\/?p=126010\"},\"author\":{\"name\":\"NBCS Noticias\",\"@id\":\"https:\\\/\\\/nbcs.mx\\\/#\\\/schema\\\/person\\\/ece58bab9a7c1e87a4d28ec9ecd79ff4\"},\"headline\":\"Micr\u00f3polis \\\/ Elecci\u00f3n entre dos\",\"datePublished\":\"2023-06-28T13:49:30+00:00\",\"mainEntityOfPage\":{\"@id\":\"https:\\\/\\\/nbcs.mx\\\/?p=126010\"},\"wordCount\":981,\"commentCount\":0,\"publisher\":{\"@id\":\"https:\\\/\\\/nbcs.mx\\\/#organization\"},\"articleSection\":[\"Las Columnas\"],\"inLanguage\":\"es\",\"potentialAction\":[{\"@type\":\"CommentAction\",\"name\":\"Comment\",\"target\":[\"https:\\\/\\\/nbcs.mx\\\/?p=126010#respond\"]}]},{\"@type\":\"WebPage\",\"@id\":\"https:\\\/\\\/nbcs.mx\\\/?p=126010\",\"url\":\"https:\\\/\\\/nbcs.mx\\\/?p=126010\",\"name\":\"Micr\u00f3polis \\\/ Elecci\u00f3n entre dos - NBCS Noticias\",\"isPartOf\":{\"@id\":\"https:\\\/\\\/nbcs.mx\\\/#website\"},\"datePublished\":\"2023-06-28T13:49:30+00:00\",\"breadcrumb\":{\"@id\":\"https:\\\/\\\/nbcs.mx\\\/?p=126010#breadcrumb\"},\"inLanguage\":\"es\",\"potentialAction\":[{\"@type\":\"ReadAction\",\"target\":[\"https:\\\/\\\/nbcs.mx\\\/?p=126010\"]}]},{\"@type\":\"BreadcrumbList\",\"@id\":\"https:\\\/\\\/nbcs.mx\\\/?p=126010#breadcrumb\",\"itemListElement\":[{\"@type\":\"ListItem\",\"position\":1,\"name\":\"Portada\",\"item\":\"https:\\\/\\\/nbcs.mx\\\/\"},{\"@type\":\"ListItem\",\"position\":2,\"name\":\"Micr\u00f3polis \\\/ Elecci\u00f3n entre dos\"}]},{\"@type\":\"WebSite\",\"@id\":\"https:\\\/\\\/nbcs.mx\\\/#website\",\"url\":\"https:\\\/\\\/nbcs.mx\\\/\",\"name\":\"NBCS Noticias\",\"description\":\"Sitio web de noticias en Baja California Sur\",\"publisher\":{\"@id\":\"https:\\\/\\\/nbcs.mx\\\/#organization\"},\"potentialAction\":[{\"@type\":\"SearchAction\",\"target\":{\"@type\":\"EntryPoint\",\"urlTemplate\":\"https:\\\/\\\/nbcs.mx\\\/?s={search_term_string}\"},\"query-input\":{\"@type\":\"PropertyValueSpecification\",\"valueRequired\":true,\"valueName\":\"search_term_string\"}}],\"inLanguage\":\"es\"},{\"@type\":\"Organization\",\"@id\":\"https:\\\/\\\/nbcs.mx\\\/#organization\",\"name\":\"NBCS Noticias\",\"url\":\"https:\\\/\\\/nbcs.mx\\\/\",\"logo\":{\"@type\":\"ImageObject\",\"inLanguage\":\"es\",\"@id\":\"https:\\\/\\\/nbcs.mx\\\/#\\\/schema\\\/logo\\\/image\\\/\",\"url\":\"https:\\\/\\\/nbcs.mx\\\/wp-content\\\/uploads\\\/2018\\\/09\\\/057b69485e93575a5c2b1c1dde2dd297.jpeg\",\"contentUrl\":\"https:\\\/\\\/nbcs.mx\\\/wp-content\\\/uploads\\\/2018\\\/09\\\/057b69485e93575a5c2b1c1dde2dd297.jpeg\",\"width\":64,\"height\":64,\"caption\":\"NBCS Noticias\"},\"image\":{\"@id\":\"https:\\\/\\\/nbcs.mx\\\/#\\\/schema\\\/logo\\\/image\\\/\"},\"sameAs\":[\"https:\\\/\\\/www.facebook.com\\\/NBCSnoticias\",\"https:\\\/\\\/x.com\\\/NBCSnoticias\"]},{\"@type\":\"Person\",\"@id\":\"https:\\\/\\\/nbcs.mx\\\/#\\\/schema\\\/person\\\/ece58bab9a7c1e87a4d28ec9ecd79ff4\",\"name\":\"NBCS Noticias\",\"image\":{\"@type\":\"ImageObject\",\"inLanguage\":\"es\",\"@id\":\"https:\\\/\\\/secure.gravatar.com\\\/avatar\\\/4e52110cad1c4054b43271a0d14bbe9e2ea76aecd0e1097edfc670798d9ca1d4?s=96&d=blank&r=g\",\"url\":\"https:\\\/\\\/secure.gravatar.com\\\/avatar\\\/4e52110cad1c4054b43271a0d14bbe9e2ea76aecd0e1097edfc670798d9ca1d4?s=96&d=blank&r=g\",\"contentUrl\":\"https:\\\/\\\/secure.gravatar.com\\\/avatar\\\/4e52110cad1c4054b43271a0d14bbe9e2ea76aecd0e1097edfc670798d9ca1d4?s=96&d=blank&r=g\",\"caption\":\"NBCS Noticias\"},\"description\":\"\u00bfTienes fotos o video de alg\u00fan acto de posible negligencia, corrupci\u00f3n y abuso de autoridad? M\u00e1ndalo al WhatsApp de NBCS Noticias: 612 141 98 08\",\"sameAs\":[\"https:\\\/\\\/www.nbcs.mx\",\"https:\\\/\\\/www.facebook.com\\\/NBCSnoticias\",\"https:\\\/\\\/www.instagram.com\\\/nbcsnoticias\\\/\",\"https:\\\/\\\/x.com\\\/https:\\\/\\\/twitter.com\\\/NBCSnoticias\"]}]}<\/script>\n<!-- \/ Yoast SEO plugin. -->","yoast_head_json":{"title":"Micr\u00f3polis \/ Elecci\u00f3n entre dos - NBCS Noticias","robots":{"index":"index","follow":"follow","max-snippet":"max-snippet:-1","max-image-preview":"max-image-preview:large","max-video-preview":"max-video-preview:-1"},"canonical":"https:\/\/nbcs.mx\/?p=126010","og_locale":"es_ES","og_type":"article","og_title":"Micr\u00f3polis \/ Elecci\u00f3n entre dos - NBCS Noticias","og_description":"Por Bertoldo Velasco Silva \u00a0 Dicen que ahora si se pusieron de acuerdo. Que eligieron un mecanismo que les permitir\u00e1","og_url":"https:\/\/nbcs.mx\/?p=126010","og_site_name":"NBCS Noticias","article_publisher":"https:\/\/www.facebook.com\/NBCSnoticias","article_author":"https:\/\/www.facebook.com\/NBCSnoticias","article_published_time":"2023-06-28T13:49:30+00:00","author":"NBCS Noticias","twitter_card":"summary_large_image","twitter_creator":"@https:\/\/twitter.com\/NBCSnoticias","twitter_site":"@NBCSnoticias","twitter_misc":{"Escrito por":"NBCS Noticias","Tiempo de lectura":"5 minutos"},"schema":{"@context":"https:\/\/schema.org","@graph":[{"@type":"Article","@id":"https:\/\/nbcs.mx\/?p=126010#article","isPartOf":{"@id":"https:\/\/nbcs.mx\/?p=126010"},"author":{"name":"NBCS Noticias","@id":"https:\/\/nbcs.mx\/#\/schema\/person\/ece58bab9a7c1e87a4d28ec9ecd79ff4"},"headline":"Micr\u00f3polis \/ Elecci\u00f3n entre dos","datePublished":"2023-06-28T13:49:30+00:00","mainEntityOfPage":{"@id":"https:\/\/nbcs.mx\/?p=126010"},"wordCount":981,"commentCount":0,"publisher":{"@id":"https:\/\/nbcs.mx\/#organization"},"articleSection":["Las Columnas"],"inLanguage":"es","potentialAction":[{"@type":"CommentAction","name":"Comment","target":["https:\/\/nbcs.mx\/?p=126010#respond"]}]},{"@type":"WebPage","@id":"https:\/\/nbcs.mx\/?p=126010","url":"https:\/\/nbcs.mx\/?p=126010","name":"Micr\u00f3polis \/ Elecci\u00f3n entre dos - NBCS Noticias","isPartOf":{"@id":"https:\/\/nbcs.mx\/#website"},"datePublished":"2023-06-28T13:49:30+00:00","breadcrumb":{"@id":"https:\/\/nbcs.mx\/?p=126010#breadcrumb"},"inLanguage":"es","potentialAction":[{"@type":"ReadAction","target":["https:\/\/nbcs.mx\/?p=126010"]}]},{"@type":"BreadcrumbList","@id":"https:\/\/nbcs.mx\/?p=126010#breadcrumb","itemListElement":[{"@type":"ListItem","position":1,"name":"Portada","item":"https:\/\/nbcs.mx\/"},{"@type":"ListItem","position":2,"name":"Micr\u00f3polis \/ Elecci\u00f3n entre dos"}]},{"@type":"WebSite","@id":"https:\/\/nbcs.mx\/#website","url":"https:\/\/nbcs.mx\/","name":"NBCS Noticias","description":"Sitio web de noticias en Baja California Sur","publisher":{"@id":"https:\/\/nbcs.mx\/#organization"},"potentialAction":[{"@type":"SearchAction","target":{"@type":"EntryPoint","urlTemplate":"https:\/\/nbcs.mx\/?s={search_term_string}"},"query-input":{"@type":"PropertyValueSpecification","valueRequired":true,"valueName":"search_term_string"}}],"inLanguage":"es"},{"@type":"Organization","@id":"https:\/\/nbcs.mx\/#organization","name":"NBCS Noticias","url":"https:\/\/nbcs.mx\/","logo":{"@type":"ImageObject","inLanguage":"es","@id":"https:\/\/nbcs.mx\/#\/schema\/logo\/image\/","url":"https:\/\/nbcs.mx\/wp-content\/uploads\/2018\/09\/057b69485e93575a5c2b1c1dde2dd297.jpeg","contentUrl":"https:\/\/nbcs.mx\/wp-content\/uploads\/2018\/09\/057b69485e93575a5c2b1c1dde2dd297.jpeg","width":64,"height":64,"caption":"NBCS Noticias"},"image":{"@id":"https:\/\/nbcs.mx\/#\/schema\/logo\/image\/"},"sameAs":["https:\/\/www.facebook.com\/NBCSnoticias","https:\/\/x.com\/NBCSnoticias"]},{"@type":"Person","@id":"https:\/\/nbcs.mx\/#\/schema\/person\/ece58bab9a7c1e87a4d28ec9ecd79ff4","name":"NBCS Noticias","image":{"@type":"ImageObject","inLanguage":"es","@id":"https:\/\/secure.gravatar.com\/avatar\/4e52110cad1c4054b43271a0d14bbe9e2ea76aecd0e1097edfc670798d9ca1d4?s=96&d=blank&r=g","url":"https:\/\/secure.gravatar.com\/avatar\/4e52110cad1c4054b43271a0d14bbe9e2ea76aecd0e1097edfc670798d9ca1d4?s=96&d=blank&r=g","contentUrl":"https:\/\/secure.gravatar.com\/avatar\/4e52110cad1c4054b43271a0d14bbe9e2ea76aecd0e1097edfc670798d9ca1d4?s=96&d=blank&r=g","caption":"NBCS Noticias"},"description":"\u00bfTienes fotos o video de alg\u00fan acto de posible negligencia, corrupci\u00f3n y abuso de autoridad? M\u00e1ndalo al WhatsApp de NBCS Noticias: 612 141 98 08","sameAs":["https:\/\/www.nbcs.mx","https:\/\/www.facebook.com\/NBCSnoticias","https:\/\/www.instagram.com\/nbcsnoticias\/","https:\/\/x.com\/https:\/\/twitter.com\/NBCSnoticias"]}]}},"jetpack_publicize_connections":[],"jetpack_featured_media_url":"","jetpack_sharing_enabled":true,"_links":{"self":[{"href":"https:\/\/nbcs.mx\/index.php?rest_route=\/wp\/v2\/posts\/126010","targetHints":{"allow":["GET"]}}],"collection":[{"href":"https:\/\/nbcs.mx\/index.php?rest_route=\/wp\/v2\/posts"}],"about":[{"href":"https:\/\/nbcs.mx\/index.php?rest_route=\/wp\/v2\/types\/post"}],"author":[{"embeddable":true,"href":"https:\/\/nbcs.mx\/index.php?rest_route=\/wp\/v2\/users\/1"}],"replies":[{"embeddable":true,"href":"https:\/\/nbcs.mx\/index.php?rest_route=%2Fwp%2Fv2%2Fcomments&post=126010"}],"version-history":[{"count":1,"href":"https:\/\/nbcs.mx\/index.php?rest_route=\/wp\/v2\/posts\/126010\/revisions"}],"predecessor-version":[{"id":126012,"href":"https:\/\/nbcs.mx\/index.php?rest_route=\/wp\/v2\/posts\/126010\/revisions\/126012"}],"wp:attachment":[{"href":"https:\/\/nbcs.mx\/index.php?rest_route=%2Fwp%2Fv2%2Fmedia&parent=126010"}],"wp:term":[{"taxonomy":"category","embeddable":true,"href":"https:\/\/nbcs.mx\/index.php?rest_route=%2Fwp%2Fv2%2Fcategories&post=126010"},{"taxonomy":"post_tag","embeddable":true,"href":"https:\/\/nbcs.mx\/index.php?rest_route=%2Fwp%2Fv2%2Ftags&post=126010"}],"curies":[{"name":"wp","href":"https:\/\/api.w.org\/{rel}","templated":true}]}}