{"id":127206,"date":"2023-08-07T16:27:21","date_gmt":"2023-08-07T22:27:21","guid":{"rendered":"https:\/\/nbcs.mx\/?p=127206"},"modified":"2023-08-07T16:27:21","modified_gmt":"2023-08-07T22:27:21","slug":"mas-de-3-mil-500-personas-disfrutaron-del-1er-festival-de-pueblos-magicos-del-mar-de-cortes","status":"publish","type":"post","link":"https:\/\/nbcs.mx\/?p=127206","title":{"rendered":"M\u00e1s de 3 mil 500 personas disfrutaron del 1er. Festival de Pueblos M\u00e1gicos del Mar de Cort\u00e9s"},"content":{"rendered":"<div>\n<p style=\"text-align: justify;\"><img loading=\"lazy\" decoding=\"async\" class=\" wp-image-127207 alignleft\" src=\"https:\/\/nbcs.mx\/wp-content\/uploads\/2023\/08\/FOTO-BOLETIN-SETUE-PUEBLOS-MAGICOS-738x492.jpg\" alt=\"\" width=\"345\" height=\"230\" \/>Despu\u00e9s de 3 d\u00edas de actividades y con afluencia de poco m\u00e1s de 3 mil 500 personas, se clausur\u00f3 en Todos Santos, el 1er. Festival de Pueblos M\u00e1gicos del Mar de Cort\u00e9s, en donde se reuni\u00f3 el arte, cultura, folclor y gastronom\u00eda, de las 22 localidades de los estados de Sonora, Sinaloa, Nayarit, Baja California y Baja California Sur, que est\u00e1n distinguidos con esta marca posicionada a nivel mundial.<\/p>\n<\/div>\n<div style=\"text-align: justify;\">\n<p>En la ceremonia de clausura de este festival en la que estuvieron presentes<span class=\"apple-converted-space\">\u00a0<\/span>el titular de la<span class=\"apple-converted-space\">\u00a0<\/span><span class=\"xt0psk2\">Secretar\u00eda de Turismo de Sonora<\/span>, Roberto Gradillas, el delegado de Todos Santos Javier Salgado, el regidor Abimael Ibarra, representante de la alcaldesa Milena Quiroga, as\u00ed como el alcalde de<span class=\"apple-converted-space\">\u00a0<\/span>Ures, Jos\u00e9 Manuel Valenzuela,<span class=\"apple-converted-space\">\u00a0<\/span>la secretaria de Turismo y Econom\u00eda, Maribel Collins, destac\u00f3 que el evento es un producto de la Alianza Mar de Cort\u00e9s, en coordinaci\u00f3n con la Secretar\u00eda de Turismo del Gobierno de M\u00e9xico, el cual, es modelo de regionalizaci\u00f3n y desarrollo tur\u00edstico equilibrado, con el que se busca posicionar la zona noroeste a nivel nacional e internacional.<\/p>\n<\/div>\n<div style=\"text-align: justify;\">\n<p>\u201cEs el primer Festival que realizamos como Alianza Mar de Cort\u00e9s y estamos muy contentos porque superamos las expectativas, con una muestra de la extraordinaria experiencia que pueden tener los visitantes al elegir alguno de estos 22 Pueblos M\u00e1gicos, que se reunieron en Todos Santos y compartieron con las personas su exquisita gastronom\u00eda, sus costumbres y bailables, la cultura e informaci\u00f3n tur\u00edstica de sus principales eventos y atractivos\u201d, expres\u00f3.<\/p>\n<\/div>\n<div style=\"text-align: justify;\">\n<p>Maribel Collins, refiri\u00f3 que una parte de gran importancia de este encuentro de intercambio tur\u00edstico y cultural, fueron las presentaciones que realizaron las Secretar\u00edas de Turismo de los 5 estados del noroeste, ante expertos en turismo, quienes ser\u00e1n aliados para promover estos destinos de gran valor para M\u00e9xico.<\/p>\n<\/div>\n<div style=\"text-align: justify;\">\n<p>Asimismo, detall\u00f3 que el Festival de Pueblos M\u00e1gicos del Mar de Cort\u00e9s ser\u00e1 itinerante, por lo que en 2024, se realizar\u00e1 en Ures, Sonora, y cada a\u00f1o ir\u00e1 cambiando de sede hacia uno de los poblados que integran esta alianza.<\/p>\n<\/div>\n<div style=\"text-align: justify;\">\n<p>&nbsp;<\/p>\n<\/div>\n<div style=\"text-align: justify;\">\n<p>Esta primera edici\u00f3n fue inaugurada por el Gobernador V\u00edctor Castro Cos\u00edo, la titular de SETUE, Maribel Collins, junto al secretario de Turismo Federal, Miguel Torruco Marqu\u00e9s, as\u00ed como la gobernadora de Baja California, Marina del Pilar \u00c1vila Olmeda, del gobernador de Sinaloa Rub\u00e9n Rocha Moya, de Sonora, Alfonso Durazo Monta\u00f1o, la representaci\u00f3n del gobierno de Nayarit, los Secretarios de Turismo de los Estados participantes, y las alcaldesas de Loreto, La Paz y Muleg\u00e9, Paola Cota, Milena Quiroga y Edith Aguilar, respectivamente.<\/p>\n<\/div>\n<div style=\"text-align: justify;\">\n<p>Los Pueblos M\u00e1gicos participantes fueron de Baja California: Tecate, Baja California Sur: Loreto, Santa Rosal\u00eda y Todos Santos, Sonora:<span class=\"apple-converted-space\">\u00a0<\/span>Magdalena de Kino, Ures, San Carlos y A\u0301lamos, Sinaloa: El Fuerte, Mocorito, Cosala\u0301, San Ignacio y El Rosario, Nayarit: Mexcaltita\u0301n, San Blas, Puerto Balleto, Compostela, Sayulita, Jala, Ixtla\u0301n del Ri\u0301o, Ahuacatla\u0301n y Amatla\u0301n de Can\u0303as.<\/p>\n<\/div>\n<div>\n<p style=\"text-align: justify;\">\n<\/div>\n","protected":false},"excerpt":{"rendered":"<p>Despu\u00e9s de 3 d\u00edas de actividades y con afluencia de poco m\u00e1s de 3 mil 500 personas, se clausur\u00f3 en<\/p>\n","protected":false},"author":1,"featured_media":0,"comment_status":"open","ping_status":"closed","sticky":false,"template":"","format":"standard","meta":{"colormag_page_container_layout":"default_layout","colormag_page_sidebar_layout":"default_layout","_jetpack_newsletter_access":"","_jetpack_dont_email_post_to_subs":false,"_jetpack_newsletter_tier_id":0,"_jetpack_memberships_contains_paywalled_content":false,"_jetpack_feature_clip_id":0,"_jetpack_memberships_contains_paid_content":false,"footnotes":"","jetpack_publicize_message":"","jetpack_publicize_feature_enabled":true,"jetpack_social_post_already_shared":true,"jetpack_social_options":{"image_generator_settings":{"template":"highway","default_image_id":0,"font":"","enabled":false},"version":2},"jetpack_post_was_ever_published":false},"categories":[1],"tags":[],"class_list":["post-127206","post","type-post","status-publish","format-standard","hentry","category-noticias"],"yoast_head":"<!-- This site is optimized with the Yoast SEO plugin v28.4 - https:\/\/yoast.com\/product\/yoast-seo-wordpress\/ -->\n<title>M\u00e1s de 3 mil 500 personas disfrutaron del 1er. Festival de Pueblos M\u00e1gicos del Mar de Cort\u00e9s - NBCS Noticias<\/title>\n<meta name=\"robots\" content=\"index, follow, max-snippet:-1, max-image-preview:large, max-video-preview:-1\" \/>\n<link rel=\"canonical\" href=\"https:\/\/nbcs.mx\/?p=127206\" \/>\n<meta property=\"og:locale\" content=\"es_ES\" \/>\n<meta property=\"og:type\" content=\"article\" \/>\n<meta property=\"og:title\" content=\"M\u00e1s de 3 mil 500 personas disfrutaron del 1er. Festival de Pueblos M\u00e1gicos del Mar de Cort\u00e9s - NBCS Noticias\" \/>\n<meta property=\"og:description\" content=\"Despu\u00e9s de 3 d\u00edas de actividades y con afluencia de poco m\u00e1s de 3 mil 500 personas, se clausur\u00f3 en\" \/>\n<meta property=\"og:url\" content=\"https:\/\/nbcs.mx\/?p=127206\" \/>\n<meta property=\"og:site_name\" content=\"NBCS Noticias\" \/>\n<meta property=\"article:publisher\" content=\"https:\/\/www.facebook.com\/NBCSnoticias\" \/>\n<meta property=\"article:author\" content=\"https:\/\/www.facebook.com\/NBCSnoticias\" \/>\n<meta property=\"article:published_time\" content=\"2023-08-07T22:27:21+00:00\" \/>\n<meta property=\"og:image\" content=\"https:\/\/nbcs.mx\/wp-content\/uploads\/2023\/08\/FOTO-BOLETIN-SETUE-PUEBLOS-MAGICOS.jpg\" \/>\n\t<meta property=\"og:image:width\" content=\"1440\" \/>\n\t<meta property=\"og:image:height\" content=\"960\" \/>\n\t<meta property=\"og:image:type\" content=\"image\/jpeg\" \/>\n<meta name=\"author\" content=\"NBCS Noticias\" \/>\n<meta name=\"twitter:card\" content=\"summary_large_image\" \/>\n<meta name=\"twitter:creator\" content=\"@https:\/\/twitter.com\/NBCSnoticias\" \/>\n<meta name=\"twitter:site\" content=\"@NBCSnoticias\" \/>\n<meta name=\"twitter:label1\" content=\"Escrito por\" \/>\n\t<meta name=\"twitter:data1\" content=\"NBCS Noticias\" \/>\n\t<meta name=\"twitter:label2\" content=\"Tiempo de lectura\" \/>\n\t<meta name=\"twitter:data2\" content=\"3 minutos\" \/>\n<script type=\"application\/ld+json\" class=\"yoast-schema-graph\">{\"@context\":\"https:\\\/\\\/schema.org\",\"@graph\":[{\"@type\":\"Article\",\"@id\":\"https:\\\/\\\/nbcs.mx\\\/?p=127206#article\",\"isPartOf\":{\"@id\":\"https:\\\/\\\/nbcs.mx\\\/?p=127206\"},\"author\":{\"name\":\"NBCS Noticias\",\"@id\":\"https:\\\/\\\/nbcs.mx\\\/#\\\/schema\\\/person\\\/ece58bab9a7c1e87a4d28ec9ecd79ff4\"},\"headline\":\"M\u00e1s de 3 mil 500 personas disfrutaron del 1er. Festival de Pueblos M\u00e1gicos del Mar de Cort\u00e9s\",\"datePublished\":\"2023-08-07T22:27:21+00:00\",\"mainEntityOfPage\":{\"@id\":\"https:\\\/\\\/nbcs.mx\\\/?p=127206\"},\"wordCount\":522,\"commentCount\":0,\"publisher\":{\"@id\":\"https:\\\/\\\/nbcs.mx\\\/#organization\"},\"image\":{\"@id\":\"https:\\\/\\\/nbcs.mx\\\/?p=127206#primaryimage\"},\"thumbnailUrl\":\"https:\\\/\\\/nbcs.mx\\\/wp-content\\\/uploads\\\/2023\\\/08\\\/FOTO-BOLETIN-SETUE-PUEBLOS-MAGICOS-738x492.jpg\",\"articleSection\":[\"Noticias\"],\"inLanguage\":\"es\",\"potentialAction\":[{\"@type\":\"CommentAction\",\"name\":\"Comment\",\"target\":[\"https:\\\/\\\/nbcs.mx\\\/?p=127206#respond\"]}]},{\"@type\":\"WebPage\",\"@id\":\"https:\\\/\\\/nbcs.mx\\\/?p=127206\",\"url\":\"https:\\\/\\\/nbcs.mx\\\/?p=127206\",\"name\":\"M\u00e1s de 3 mil 500 personas disfrutaron del 1er. Festival de Pueblos M\u00e1gicos del Mar de Cort\u00e9s - NBCS Noticias\",\"isPartOf\":{\"@id\":\"https:\\\/\\\/nbcs.mx\\\/#website\"},\"primaryImageOfPage\":{\"@id\":\"https:\\\/\\\/nbcs.mx\\\/?p=127206#primaryimage\"},\"image\":{\"@id\":\"https:\\\/\\\/nbcs.mx\\\/?p=127206#primaryimage\"},\"thumbnailUrl\":\"https:\\\/\\\/nbcs.mx\\\/wp-content\\\/uploads\\\/2023\\\/08\\\/FOTO-BOLETIN-SETUE-PUEBLOS-MAGICOS-738x492.jpg\",\"datePublished\":\"2023-08-07T22:27:21+00:00\",\"breadcrumb\":{\"@id\":\"https:\\\/\\\/nbcs.mx\\\/?p=127206#breadcrumb\"},\"inLanguage\":\"es\",\"potentialAction\":[{\"@type\":\"ReadAction\",\"target\":[\"https:\\\/\\\/nbcs.mx\\\/?p=127206\"]}]},{\"@type\":\"ImageObject\",\"inLanguage\":\"es\",\"@id\":\"https:\\\/\\\/nbcs.mx\\\/?p=127206#primaryimage\",\"url\":\"https:\\\/\\\/nbcs.mx\\\/wp-content\\\/uploads\\\/2023\\\/08\\\/FOTO-BOLETIN-SETUE-PUEBLOS-MAGICOS-738x492.jpg\",\"contentUrl\":\"https:\\\/\\\/nbcs.mx\\\/wp-content\\\/uploads\\\/2023\\\/08\\\/FOTO-BOLETIN-SETUE-PUEBLOS-MAGICOS-738x492.jpg\"},{\"@type\":\"BreadcrumbList\",\"@id\":\"https:\\\/\\\/nbcs.mx\\\/?p=127206#breadcrumb\",\"itemListElement\":[{\"@type\":\"ListItem\",\"position\":1,\"name\":\"Portada\",\"item\":\"https:\\\/\\\/nbcs.mx\\\/\"},{\"@type\":\"ListItem\",\"position\":2,\"name\":\"M\u00e1s de 3 mil 500 personas disfrutaron del 1er. Festival de Pueblos M\u00e1gicos del Mar de Cort\u00e9s\"}]},{\"@type\":\"WebSite\",\"@id\":\"https:\\\/\\\/nbcs.mx\\\/#website\",\"url\":\"https:\\\/\\\/nbcs.mx\\\/\",\"name\":\"NBCS Noticias\",\"description\":\"Sitio web de noticias en Baja California Sur\",\"publisher\":{\"@id\":\"https:\\\/\\\/nbcs.mx\\\/#organization\"},\"potentialAction\":[{\"@type\":\"SearchAction\",\"target\":{\"@type\":\"EntryPoint\",\"urlTemplate\":\"https:\\\/\\\/nbcs.mx\\\/?s={search_term_string}\"},\"query-input\":{\"@type\":\"PropertyValueSpecification\",\"valueRequired\":true,\"valueName\":\"search_term_string\"}}],\"inLanguage\":\"es\"},{\"@type\":\"Organization\",\"@id\":\"https:\\\/\\\/nbcs.mx\\\/#organization\",\"name\":\"NBCS Noticias\",\"url\":\"https:\\\/\\\/nbcs.mx\\\/\",\"logo\":{\"@type\":\"ImageObject\",\"inLanguage\":\"es\",\"@id\":\"https:\\\/\\\/nbcs.mx\\\/#\\\/schema\\\/logo\\\/image\\\/\",\"url\":\"https:\\\/\\\/nbcs.mx\\\/wp-content\\\/uploads\\\/2018\\\/09\\\/057b69485e93575a5c2b1c1dde2dd297.jpeg\",\"contentUrl\":\"https:\\\/\\\/nbcs.mx\\\/wp-content\\\/uploads\\\/2018\\\/09\\\/057b69485e93575a5c2b1c1dde2dd297.jpeg\",\"width\":64,\"height\":64,\"caption\":\"NBCS Noticias\"},\"image\":{\"@id\":\"https:\\\/\\\/nbcs.mx\\\/#\\\/schema\\\/logo\\\/image\\\/\"},\"sameAs\":[\"https:\\\/\\\/www.facebook.com\\\/NBCSnoticias\",\"https:\\\/\\\/x.com\\\/NBCSnoticias\"]},{\"@type\":\"Person\",\"@id\":\"https:\\\/\\\/nbcs.mx\\\/#\\\/schema\\\/person\\\/ece58bab9a7c1e87a4d28ec9ecd79ff4\",\"name\":\"NBCS Noticias\",\"image\":{\"@type\":\"ImageObject\",\"inLanguage\":\"es\",\"@id\":\"https:\\\/\\\/secure.gravatar.com\\\/avatar\\\/4e52110cad1c4054b43271a0d14bbe9e2ea76aecd0e1097edfc670798d9ca1d4?s=96&d=blank&r=g\",\"url\":\"https:\\\/\\\/secure.gravatar.com\\\/avatar\\\/4e52110cad1c4054b43271a0d14bbe9e2ea76aecd0e1097edfc670798d9ca1d4?s=96&d=blank&r=g\",\"contentUrl\":\"https:\\\/\\\/secure.gravatar.com\\\/avatar\\\/4e52110cad1c4054b43271a0d14bbe9e2ea76aecd0e1097edfc670798d9ca1d4?s=96&d=blank&r=g\",\"caption\":\"NBCS Noticias\"},\"description\":\"\u00bfTienes fotos o video de alg\u00fan acto de posible negligencia, corrupci\u00f3n y abuso de autoridad? M\u00e1ndalo al WhatsApp de NBCS Noticias: 612 141 98 08\",\"sameAs\":[\"https:\\\/\\\/www.nbcs.mx\",\"https:\\\/\\\/www.facebook.com\\\/NBCSnoticias\",\"https:\\\/\\\/www.instagram.com\\\/nbcsnoticias\\\/\",\"https:\\\/\\\/x.com\\\/https:\\\/\\\/twitter.com\\\/NBCSnoticias\"]}]}<\/script>\n<!-- \/ Yoast SEO plugin. -->","yoast_head_json":{"title":"M\u00e1s de 3 mil 500 personas disfrutaron del 1er. Festival de Pueblos M\u00e1gicos del Mar de Cort\u00e9s - NBCS Noticias","robots":{"index":"index","follow":"follow","max-snippet":"max-snippet:-1","max-image-preview":"max-image-preview:large","max-video-preview":"max-video-preview:-1"},"canonical":"https:\/\/nbcs.mx\/?p=127206","og_locale":"es_ES","og_type":"article","og_title":"M\u00e1s de 3 mil 500 personas disfrutaron del 1er. Festival de Pueblos M\u00e1gicos del Mar de Cort\u00e9s - NBCS Noticias","og_description":"Despu\u00e9s de 3 d\u00edas de actividades y con afluencia de poco m\u00e1s de 3 mil 500 personas, se clausur\u00f3 en","og_url":"https:\/\/nbcs.mx\/?p=127206","og_site_name":"NBCS Noticias","article_publisher":"https:\/\/www.facebook.com\/NBCSnoticias","article_author":"https:\/\/www.facebook.com\/NBCSnoticias","article_published_time":"2023-08-07T22:27:21+00:00","og_image":[{"width":1440,"height":960,"url":"https:\/\/nbcs.mx\/wp-content\/uploads\/2023\/08\/FOTO-BOLETIN-SETUE-PUEBLOS-MAGICOS.jpg","type":"image\/jpeg"}],"author":"NBCS Noticias","twitter_card":"summary_large_image","twitter_creator":"@https:\/\/twitter.com\/NBCSnoticias","twitter_site":"@NBCSnoticias","twitter_misc":{"Escrito por":"NBCS Noticias","Tiempo de lectura":"3 minutos"},"schema":{"@context":"https:\/\/schema.org","@graph":[{"@type":"Article","@id":"https:\/\/nbcs.mx\/?p=127206#article","isPartOf":{"@id":"https:\/\/nbcs.mx\/?p=127206"},"author":{"name":"NBCS Noticias","@id":"https:\/\/nbcs.mx\/#\/schema\/person\/ece58bab9a7c1e87a4d28ec9ecd79ff4"},"headline":"M\u00e1s de 3 mil 500 personas disfrutaron del 1er. Festival de Pueblos M\u00e1gicos del Mar de Cort\u00e9s","datePublished":"2023-08-07T22:27:21+00:00","mainEntityOfPage":{"@id":"https:\/\/nbcs.mx\/?p=127206"},"wordCount":522,"commentCount":0,"publisher":{"@id":"https:\/\/nbcs.mx\/#organization"},"image":{"@id":"https:\/\/nbcs.mx\/?p=127206#primaryimage"},"thumbnailUrl":"https:\/\/nbcs.mx\/wp-content\/uploads\/2023\/08\/FOTO-BOLETIN-SETUE-PUEBLOS-MAGICOS-738x492.jpg","articleSection":["Noticias"],"inLanguage":"es","potentialAction":[{"@type":"CommentAction","name":"Comment","target":["https:\/\/nbcs.mx\/?p=127206#respond"]}]},{"@type":"WebPage","@id":"https:\/\/nbcs.mx\/?p=127206","url":"https:\/\/nbcs.mx\/?p=127206","name":"M\u00e1s de 3 mil 500 personas disfrutaron del 1er. Festival de Pueblos M\u00e1gicos del Mar de Cort\u00e9s - NBCS Noticias","isPartOf":{"@id":"https:\/\/nbcs.mx\/#website"},"primaryImageOfPage":{"@id":"https:\/\/nbcs.mx\/?p=127206#primaryimage"},"image":{"@id":"https:\/\/nbcs.mx\/?p=127206#primaryimage"},"thumbnailUrl":"https:\/\/nbcs.mx\/wp-content\/uploads\/2023\/08\/FOTO-BOLETIN-SETUE-PUEBLOS-MAGICOS-738x492.jpg","datePublished":"2023-08-07T22:27:21+00:00","breadcrumb":{"@id":"https:\/\/nbcs.mx\/?p=127206#breadcrumb"},"inLanguage":"es","potentialAction":[{"@type":"ReadAction","target":["https:\/\/nbcs.mx\/?p=127206"]}]},{"@type":"ImageObject","inLanguage":"es","@id":"https:\/\/nbcs.mx\/?p=127206#primaryimage","url":"https:\/\/nbcs.mx\/wp-content\/uploads\/2023\/08\/FOTO-BOLETIN-SETUE-PUEBLOS-MAGICOS-738x492.jpg","contentUrl":"https:\/\/nbcs.mx\/wp-content\/uploads\/2023\/08\/FOTO-BOLETIN-SETUE-PUEBLOS-MAGICOS-738x492.jpg"},{"@type":"BreadcrumbList","@id":"https:\/\/nbcs.mx\/?p=127206#breadcrumb","itemListElement":[{"@type":"ListItem","position":1,"name":"Portada","item":"https:\/\/nbcs.mx\/"},{"@type":"ListItem","position":2,"name":"M\u00e1s de 3 mil 500 personas disfrutaron del 1er. Festival de Pueblos M\u00e1gicos del Mar de Cort\u00e9s"}]},{"@type":"WebSite","@id":"https:\/\/nbcs.mx\/#website","url":"https:\/\/nbcs.mx\/","name":"NBCS Noticias","description":"Sitio web de noticias en Baja California Sur","publisher":{"@id":"https:\/\/nbcs.mx\/#organization"},"potentialAction":[{"@type":"SearchAction","target":{"@type":"EntryPoint","urlTemplate":"https:\/\/nbcs.mx\/?s={search_term_string}"},"query-input":{"@type":"PropertyValueSpecification","valueRequired":true,"valueName":"search_term_string"}}],"inLanguage":"es"},{"@type":"Organization","@id":"https:\/\/nbcs.mx\/#organization","name":"NBCS Noticias","url":"https:\/\/nbcs.mx\/","logo":{"@type":"ImageObject","inLanguage":"es","@id":"https:\/\/nbcs.mx\/#\/schema\/logo\/image\/","url":"https:\/\/nbcs.mx\/wp-content\/uploads\/2018\/09\/057b69485e93575a5c2b1c1dde2dd297.jpeg","contentUrl":"https:\/\/nbcs.mx\/wp-content\/uploads\/2018\/09\/057b69485e93575a5c2b1c1dde2dd297.jpeg","width":64,"height":64,"caption":"NBCS Noticias"},"image":{"@id":"https:\/\/nbcs.mx\/#\/schema\/logo\/image\/"},"sameAs":["https:\/\/www.facebook.com\/NBCSnoticias","https:\/\/x.com\/NBCSnoticias"]},{"@type":"Person","@id":"https:\/\/nbcs.mx\/#\/schema\/person\/ece58bab9a7c1e87a4d28ec9ecd79ff4","name":"NBCS Noticias","image":{"@type":"ImageObject","inLanguage":"es","@id":"https:\/\/secure.gravatar.com\/avatar\/4e52110cad1c4054b43271a0d14bbe9e2ea76aecd0e1097edfc670798d9ca1d4?s=96&d=blank&r=g","url":"https:\/\/secure.gravatar.com\/avatar\/4e52110cad1c4054b43271a0d14bbe9e2ea76aecd0e1097edfc670798d9ca1d4?s=96&d=blank&r=g","contentUrl":"https:\/\/secure.gravatar.com\/avatar\/4e52110cad1c4054b43271a0d14bbe9e2ea76aecd0e1097edfc670798d9ca1d4?s=96&d=blank&r=g","caption":"NBCS Noticias"},"description":"\u00bfTienes fotos o video de alg\u00fan acto de posible negligencia, corrupci\u00f3n y abuso de autoridad? M\u00e1ndalo al WhatsApp de NBCS Noticias: 612 141 98 08","sameAs":["https:\/\/www.nbcs.mx","https:\/\/www.facebook.com\/NBCSnoticias","https:\/\/www.instagram.com\/nbcsnoticias\/","https:\/\/x.com\/https:\/\/twitter.com\/NBCSnoticias"]}]}},"jetpack_publicize_connections":[],"jetpack_sharing_enabled":true,"jetpack_featured_media_url":"","_links":{"self":[{"href":"https:\/\/nbcs.mx\/index.php?rest_route=\/wp\/v2\/posts\/127206","targetHints":{"allow":["GET"]}}],"collection":[{"href":"https:\/\/nbcs.mx\/index.php?rest_route=\/wp\/v2\/posts"}],"about":[{"href":"https:\/\/nbcs.mx\/index.php?rest_route=\/wp\/v2\/types\/post"}],"author":[{"embeddable":true,"href":"https:\/\/nbcs.mx\/index.php?rest_route=\/wp\/v2\/users\/1"}],"replies":[{"embeddable":true,"href":"https:\/\/nbcs.mx\/index.php?rest_route=%2Fwp%2Fv2%2Fcomments&post=127206"}],"version-history":[{"count":1,"href":"https:\/\/nbcs.mx\/index.php?rest_route=\/wp\/v2\/posts\/127206\/revisions"}],"predecessor-version":[{"id":127208,"href":"https:\/\/nbcs.mx\/index.php?rest_route=\/wp\/v2\/posts\/127206\/revisions\/127208"}],"wp:attachment":[{"href":"https:\/\/nbcs.mx\/index.php?rest_route=%2Fwp%2Fv2%2Fmedia&parent=127206"}],"wp:term":[{"taxonomy":"category","embeddable":true,"href":"https:\/\/nbcs.mx\/index.php?rest_route=%2Fwp%2Fv2%2Fcategories&post=127206"},{"taxonomy":"post_tag","embeddable":true,"href":"https:\/\/nbcs.mx\/index.php?rest_route=%2Fwp%2Fv2%2Ftags&post=127206"}],"curies":[{"name":"wp","href":"https:\/\/api.w.org\/{rel}","templated":true}]}}