{"id":127209,"date":"2023-08-07T16:28:17","date_gmt":"2023-08-07T22:28:17","guid":{"rendered":"https:\/\/nbcs.mx\/?p=127209"},"modified":"2023-08-07T16:28:17","modified_gmt":"2023-08-07T22:28:17","slug":"libertad-de-expresion-en-medios-fortalece-la-democracia-en-bcs-vcc","status":"publish","type":"post","link":"https:\/\/nbcs.mx\/?p=127209","title":{"rendered":"Libertad de expresi\u00f3n en medios fortalece la democracia en BCS: VCC"},"content":{"rendered":"<p style=\"font-weight: 400; text-align: justify;\"><img loading=\"lazy\" decoding=\"async\" class=\" wp-image-127210 alignleft\" src=\"https:\/\/nbcs.mx\/wp-content\/uploads\/2023\/08\/FOTO-BOLETIN-IERT-JUNTA-DIRECTIVA-738x492.jpeg\" alt=\"\" width=\"394\" height=\"263\" \/>Al encabezar la reuni\u00f3n de la Junta Directiva del Instituto Estatal de Radio y Televisi\u00f3n (IERT), el gobernador del estado, V\u00edctor Castro Cos\u00edo resalt\u00f3 que en todo momento debe prevalecer la libertad de expresi\u00f3n en la radio y televisi\u00f3n p\u00fablicos de la entidad, porque con ello, precis\u00f3, \u201cse fortalece el proceso democr\u00e1tico que vivimos los sudcalifornianos\u201d.<\/p>\n<p style=\"font-weight: 400; text-align: justify;\">\n<p style=\"font-weight: 400; text-align: justify;\">Tras conocer el informe de actividades que rindi\u00f3 el director general del IERT, Juan Cuauht\u00e9moc Murillo, el Mandatario estatal reconoci\u00f3 los avances que se han alcanzado en los primeros dos a\u00f1os en el Canal 8 y en la Radio de Sudcalifornia que han atendido, indic\u00f3, la demanda de cambio que ocurri\u00f3 en las urnas en 2021. \u201cHoy, dijo, la radio y la televisi\u00f3n p\u00fablicas en nuestro estado cumplen m\u00e1s con ese car\u00e1cter y as\u00ed deben permanecer\u201d.<\/p>\n<p style=\"font-weight: 400; text-align: justify;\">\n<p style=\"font-weight: 400; text-align: justify;\">Por su parte, Murillo Hern\u00e1ndez dio a conocer que al inicio de la presente administraci\u00f3n se realizaban 31 programas de radio y televisi\u00f3n y que ahora se trasmiten 88, lo que significa, se\u00f1al\u00f3, el triple de la producci\u00f3n que comprende nuevos temas que antes no se abordaban, como los derechos humanos, discapacidad, diversidad sexual, mujeres y asuntos universitarios, entre otros.<\/p>\n<p style=\"font-weight: 400; text-align: justify;\">\n<p style=\"font-weight: 400; text-align: justify;\">En el informe tambi\u00e9n se expuso que se realizaron 152 trasmisiones especiales, entre ellas la primera desde otra parte del pa\u00eds en vivo, como fue la exposici\u00f3n cultural en Los Pinos, en la Ciudad de M\u00e9xico; los juegos profesionales en b\u00e1squetbol, f\u00fatbol, b\u00e9isbol, volibol, festivales gastron\u00f3micos, y eventos culturales y desde los dem\u00e1s municipios de nuestra geograf\u00eda estatal.<\/p>\n<p style=\"font-weight: 400; text-align: justify;\">\n<p style=\"font-weight: 400; text-align: justify;\">Ente los asuntos que se abordaron tambi\u00e9n se presentaron los anteproyectos de presupuestos de ingresos y egresos del IERT para 2024 y de los programas operativos anuales de trabajo.<\/p>\n<p style=\"font-weight: 400; text-align: justify;\">\n<p style=\"font-weight: 400; text-align: justify;\">Se cont\u00f3 con la asistencia de Omar Castro Cota, Maribel Collins S\u00e1nchez, Alicia Meza Osuna, Andrea Ventura, Itzel Ortega y Armando Cota, como representantes de la Oficina del Ejecutivo, Secretar\u00eda de Turismo y Econom\u00eda, Educaci\u00f3n P\u00fablica, Secretar\u00eda General, Contralor\u00eda y Secretar\u00eda de Finanzas y Administraci\u00f3n, respectivamente, e integrantes del \u00f3rgano colegiado de direcci\u00f3n; as\u00ed como Luis Rold\u00e1n, director general de Comunicaci\u00f3n Social.<\/p>\n<p style=\"font-weight: 400; text-align: justify;\">\n","protected":false},"excerpt":{"rendered":"<p>Al encabezar la reuni\u00f3n de la Junta Directiva del Instituto Estatal de Radio y Televisi\u00f3n (IERT), el gobernador del estado,<\/p>\n","protected":false},"author":1,"featured_media":0,"comment_status":"open","ping_status":"closed","sticky":false,"template":"","format":"standard","meta":{"colormag_page_container_layout":"default_layout","colormag_page_sidebar_layout":"default_layout","_jetpack_newsletter_access":"","_jetpack_dont_email_post_to_subs":false,"_jetpack_newsletter_tier_id":0,"_jetpack_memberships_contains_paywalled_content":false,"_jetpack_feature_clip_id":0,"_jetpack_memberships_contains_paid_content":false,"footnotes":"","jetpack_publicize_message":"","jetpack_publicize_feature_enabled":true,"jetpack_social_post_already_shared":true,"jetpack_social_options":{"image_generator_settings":{"template":"highway","default_image_id":0,"font":"","enabled":false},"version":2},"jetpack_post_was_ever_published":false},"categories":[1],"tags":[],"class_list":["post-127209","post","type-post","status-publish","format-standard","hentry","category-noticias"],"yoast_head":"<!-- This site is optimized with the Yoast SEO plugin v28.4 - https:\/\/yoast.com\/product\/yoast-seo-wordpress\/ -->\n<title>Libertad de expresi\u00f3n en medios fortalece la democracia en BCS: VCC - NBCS Noticias<\/title>\n<meta name=\"robots\" content=\"index, follow, max-snippet:-1, max-image-preview:large, max-video-preview:-1\" \/>\n<link rel=\"canonical\" href=\"https:\/\/nbcs.mx\/?p=127209\" \/>\n<meta property=\"og:locale\" content=\"es_ES\" \/>\n<meta property=\"og:type\" content=\"article\" \/>\n<meta property=\"og:title\" content=\"Libertad de expresi\u00f3n en medios fortalece la democracia en BCS: VCC - NBCS Noticias\" \/>\n<meta property=\"og:description\" content=\"Al encabezar la reuni\u00f3n de la Junta Directiva del Instituto Estatal de Radio y Televisi\u00f3n (IERT), el gobernador del estado,\" \/>\n<meta property=\"og:url\" content=\"https:\/\/nbcs.mx\/?p=127209\" \/>\n<meta property=\"og:site_name\" content=\"NBCS Noticias\" \/>\n<meta property=\"article:publisher\" content=\"https:\/\/www.facebook.com\/NBCSnoticias\" \/>\n<meta property=\"article:author\" content=\"https:\/\/www.facebook.com\/NBCSnoticias\" \/>\n<meta property=\"article:published_time\" content=\"2023-08-07T22:28:17+00:00\" \/>\n<meta property=\"og:image\" content=\"https:\/\/nbcs.mx\/wp-content\/uploads\/2023\/08\/FOTO-BOLETIN-IERT-JUNTA-DIRECTIVA.jpeg\" \/>\n\t<meta property=\"og:image:width\" content=\"1368\" \/>\n\t<meta property=\"og:image:height\" content=\"912\" \/>\n\t<meta property=\"og:image:type\" content=\"image\/jpeg\" \/>\n<meta name=\"author\" content=\"NBCS Noticias\" \/>\n<meta name=\"twitter:card\" content=\"summary_large_image\" \/>\n<meta name=\"twitter:creator\" content=\"@https:\/\/twitter.com\/NBCSnoticias\" \/>\n<meta name=\"twitter:site\" content=\"@NBCSnoticias\" \/>\n<meta name=\"twitter:label1\" content=\"Escrito por\" \/>\n\t<meta name=\"twitter:data1\" content=\"NBCS Noticias\" \/>\n\t<meta name=\"twitter:label2\" content=\"Tiempo de lectura\" \/>\n\t<meta name=\"twitter:data2\" content=\"2 minutos\" \/>\n<script type=\"application\/ld+json\" class=\"yoast-schema-graph\">{\"@context\":\"https:\\\/\\\/schema.org\",\"@graph\":[{\"@type\":\"Article\",\"@id\":\"https:\\\/\\\/nbcs.mx\\\/?p=127209#article\",\"isPartOf\":{\"@id\":\"https:\\\/\\\/nbcs.mx\\\/?p=127209\"},\"author\":{\"name\":\"NBCS Noticias\",\"@id\":\"https:\\\/\\\/nbcs.mx\\\/#\\\/schema\\\/person\\\/ece58bab9a7c1e87a4d28ec9ecd79ff4\"},\"headline\":\"Libertad de expresi\u00f3n en medios fortalece la democracia en BCS: VCC\",\"datePublished\":\"2023-08-07T22:28:17+00:00\",\"mainEntityOfPage\":{\"@id\":\"https:\\\/\\\/nbcs.mx\\\/?p=127209\"},\"wordCount\":389,\"commentCount\":0,\"publisher\":{\"@id\":\"https:\\\/\\\/nbcs.mx\\\/#organization\"},\"image\":{\"@id\":\"https:\\\/\\\/nbcs.mx\\\/?p=127209#primaryimage\"},\"thumbnailUrl\":\"https:\\\/\\\/nbcs.mx\\\/wp-content\\\/uploads\\\/2023\\\/08\\\/FOTO-BOLETIN-IERT-JUNTA-DIRECTIVA-738x492.jpeg\",\"articleSection\":[\"Noticias\"],\"inLanguage\":\"es\",\"potentialAction\":[{\"@type\":\"CommentAction\",\"name\":\"Comment\",\"target\":[\"https:\\\/\\\/nbcs.mx\\\/?p=127209#respond\"]}]},{\"@type\":\"WebPage\",\"@id\":\"https:\\\/\\\/nbcs.mx\\\/?p=127209\",\"url\":\"https:\\\/\\\/nbcs.mx\\\/?p=127209\",\"name\":\"Libertad de expresi\u00f3n en medios fortalece la democracia en BCS: VCC - NBCS Noticias\",\"isPartOf\":{\"@id\":\"https:\\\/\\\/nbcs.mx\\\/#website\"},\"primaryImageOfPage\":{\"@id\":\"https:\\\/\\\/nbcs.mx\\\/?p=127209#primaryimage\"},\"image\":{\"@id\":\"https:\\\/\\\/nbcs.mx\\\/?p=127209#primaryimage\"},\"thumbnailUrl\":\"https:\\\/\\\/nbcs.mx\\\/wp-content\\\/uploads\\\/2023\\\/08\\\/FOTO-BOLETIN-IERT-JUNTA-DIRECTIVA-738x492.jpeg\",\"datePublished\":\"2023-08-07T22:28:17+00:00\",\"breadcrumb\":{\"@id\":\"https:\\\/\\\/nbcs.mx\\\/?p=127209#breadcrumb\"},\"inLanguage\":\"es\",\"potentialAction\":[{\"@type\":\"ReadAction\",\"target\":[\"https:\\\/\\\/nbcs.mx\\\/?p=127209\"]}]},{\"@type\":\"ImageObject\",\"inLanguage\":\"es\",\"@id\":\"https:\\\/\\\/nbcs.mx\\\/?p=127209#primaryimage\",\"url\":\"https:\\\/\\\/nbcs.mx\\\/wp-content\\\/uploads\\\/2023\\\/08\\\/FOTO-BOLETIN-IERT-JUNTA-DIRECTIVA-738x492.jpeg\",\"contentUrl\":\"https:\\\/\\\/nbcs.mx\\\/wp-content\\\/uploads\\\/2023\\\/08\\\/FOTO-BOLETIN-IERT-JUNTA-DIRECTIVA-738x492.jpeg\"},{\"@type\":\"BreadcrumbList\",\"@id\":\"https:\\\/\\\/nbcs.mx\\\/?p=127209#breadcrumb\",\"itemListElement\":[{\"@type\":\"ListItem\",\"position\":1,\"name\":\"Portada\",\"item\":\"https:\\\/\\\/nbcs.mx\\\/\"},{\"@type\":\"ListItem\",\"position\":2,\"name\":\"Libertad de expresi\u00f3n en medios fortalece la democracia en BCS: VCC\"}]},{\"@type\":\"WebSite\",\"@id\":\"https:\\\/\\\/nbcs.mx\\\/#website\",\"url\":\"https:\\\/\\\/nbcs.mx\\\/\",\"name\":\"NBCS Noticias\",\"description\":\"Sitio web de noticias en Baja California Sur\",\"publisher\":{\"@id\":\"https:\\\/\\\/nbcs.mx\\\/#organization\"},\"potentialAction\":[{\"@type\":\"SearchAction\",\"target\":{\"@type\":\"EntryPoint\",\"urlTemplate\":\"https:\\\/\\\/nbcs.mx\\\/?s={search_term_string}\"},\"query-input\":{\"@type\":\"PropertyValueSpecification\",\"valueRequired\":true,\"valueName\":\"search_term_string\"}}],\"inLanguage\":\"es\"},{\"@type\":\"Organization\",\"@id\":\"https:\\\/\\\/nbcs.mx\\\/#organization\",\"name\":\"NBCS Noticias\",\"url\":\"https:\\\/\\\/nbcs.mx\\\/\",\"logo\":{\"@type\":\"ImageObject\",\"inLanguage\":\"es\",\"@id\":\"https:\\\/\\\/nbcs.mx\\\/#\\\/schema\\\/logo\\\/image\\\/\",\"url\":\"https:\\\/\\\/nbcs.mx\\\/wp-content\\\/uploads\\\/2018\\\/09\\\/057b69485e93575a5c2b1c1dde2dd297.jpeg\",\"contentUrl\":\"https:\\\/\\\/nbcs.mx\\\/wp-content\\\/uploads\\\/2018\\\/09\\\/057b69485e93575a5c2b1c1dde2dd297.jpeg\",\"width\":64,\"height\":64,\"caption\":\"NBCS Noticias\"},\"image\":{\"@id\":\"https:\\\/\\\/nbcs.mx\\\/#\\\/schema\\\/logo\\\/image\\\/\"},\"sameAs\":[\"https:\\\/\\\/www.facebook.com\\\/NBCSnoticias\",\"https:\\\/\\\/x.com\\\/NBCSnoticias\"]},{\"@type\":\"Person\",\"@id\":\"https:\\\/\\\/nbcs.mx\\\/#\\\/schema\\\/person\\\/ece58bab9a7c1e87a4d28ec9ecd79ff4\",\"name\":\"NBCS Noticias\",\"image\":{\"@type\":\"ImageObject\",\"inLanguage\":\"es\",\"@id\":\"https:\\\/\\\/secure.gravatar.com\\\/avatar\\\/4e52110cad1c4054b43271a0d14bbe9e2ea76aecd0e1097edfc670798d9ca1d4?s=96&d=blank&r=g\",\"url\":\"https:\\\/\\\/secure.gravatar.com\\\/avatar\\\/4e52110cad1c4054b43271a0d14bbe9e2ea76aecd0e1097edfc670798d9ca1d4?s=96&d=blank&r=g\",\"contentUrl\":\"https:\\\/\\\/secure.gravatar.com\\\/avatar\\\/4e52110cad1c4054b43271a0d14bbe9e2ea76aecd0e1097edfc670798d9ca1d4?s=96&d=blank&r=g\",\"caption\":\"NBCS Noticias\"},\"description\":\"\u00bfTienes fotos o video de alg\u00fan acto de posible negligencia, corrupci\u00f3n y abuso de autoridad? M\u00e1ndalo al WhatsApp de NBCS Noticias: 612 141 98 08\",\"sameAs\":[\"https:\\\/\\\/www.nbcs.mx\",\"https:\\\/\\\/www.facebook.com\\\/NBCSnoticias\",\"https:\\\/\\\/www.instagram.com\\\/nbcsnoticias\\\/\",\"https:\\\/\\\/x.com\\\/https:\\\/\\\/twitter.com\\\/NBCSnoticias\"]}]}<\/script>\n<!-- \/ Yoast SEO plugin. -->","yoast_head_json":{"title":"Libertad de expresi\u00f3n en medios fortalece la democracia en BCS: VCC - NBCS Noticias","robots":{"index":"index","follow":"follow","max-snippet":"max-snippet:-1","max-image-preview":"max-image-preview:large","max-video-preview":"max-video-preview:-1"},"canonical":"https:\/\/nbcs.mx\/?p=127209","og_locale":"es_ES","og_type":"article","og_title":"Libertad de expresi\u00f3n en medios fortalece la democracia en BCS: VCC - NBCS Noticias","og_description":"Al encabezar la reuni\u00f3n de la Junta Directiva del Instituto Estatal de Radio y Televisi\u00f3n (IERT), el gobernador del estado,","og_url":"https:\/\/nbcs.mx\/?p=127209","og_site_name":"NBCS Noticias","article_publisher":"https:\/\/www.facebook.com\/NBCSnoticias","article_author":"https:\/\/www.facebook.com\/NBCSnoticias","article_published_time":"2023-08-07T22:28:17+00:00","og_image":[{"width":1368,"height":912,"url":"https:\/\/nbcs.mx\/wp-content\/uploads\/2023\/08\/FOTO-BOLETIN-IERT-JUNTA-DIRECTIVA.jpeg","type":"image\/jpeg"}],"author":"NBCS Noticias","twitter_card":"summary_large_image","twitter_creator":"@https:\/\/twitter.com\/NBCSnoticias","twitter_site":"@NBCSnoticias","twitter_misc":{"Escrito por":"NBCS Noticias","Tiempo de lectura":"2 minutos"},"schema":{"@context":"https:\/\/schema.org","@graph":[{"@type":"Article","@id":"https:\/\/nbcs.mx\/?p=127209#article","isPartOf":{"@id":"https:\/\/nbcs.mx\/?p=127209"},"author":{"name":"NBCS Noticias","@id":"https:\/\/nbcs.mx\/#\/schema\/person\/ece58bab9a7c1e87a4d28ec9ecd79ff4"},"headline":"Libertad de expresi\u00f3n en medios fortalece la democracia en BCS: VCC","datePublished":"2023-08-07T22:28:17+00:00","mainEntityOfPage":{"@id":"https:\/\/nbcs.mx\/?p=127209"},"wordCount":389,"commentCount":0,"publisher":{"@id":"https:\/\/nbcs.mx\/#organization"},"image":{"@id":"https:\/\/nbcs.mx\/?p=127209#primaryimage"},"thumbnailUrl":"https:\/\/nbcs.mx\/wp-content\/uploads\/2023\/08\/FOTO-BOLETIN-IERT-JUNTA-DIRECTIVA-738x492.jpeg","articleSection":["Noticias"],"inLanguage":"es","potentialAction":[{"@type":"CommentAction","name":"Comment","target":["https:\/\/nbcs.mx\/?p=127209#respond"]}]},{"@type":"WebPage","@id":"https:\/\/nbcs.mx\/?p=127209","url":"https:\/\/nbcs.mx\/?p=127209","name":"Libertad de expresi\u00f3n en medios fortalece la democracia en BCS: VCC - NBCS Noticias","isPartOf":{"@id":"https:\/\/nbcs.mx\/#website"},"primaryImageOfPage":{"@id":"https:\/\/nbcs.mx\/?p=127209#primaryimage"},"image":{"@id":"https:\/\/nbcs.mx\/?p=127209#primaryimage"},"thumbnailUrl":"https:\/\/nbcs.mx\/wp-content\/uploads\/2023\/08\/FOTO-BOLETIN-IERT-JUNTA-DIRECTIVA-738x492.jpeg","datePublished":"2023-08-07T22:28:17+00:00","breadcrumb":{"@id":"https:\/\/nbcs.mx\/?p=127209#breadcrumb"},"inLanguage":"es","potentialAction":[{"@type":"ReadAction","target":["https:\/\/nbcs.mx\/?p=127209"]}]},{"@type":"ImageObject","inLanguage":"es","@id":"https:\/\/nbcs.mx\/?p=127209#primaryimage","url":"https:\/\/nbcs.mx\/wp-content\/uploads\/2023\/08\/FOTO-BOLETIN-IERT-JUNTA-DIRECTIVA-738x492.jpeg","contentUrl":"https:\/\/nbcs.mx\/wp-content\/uploads\/2023\/08\/FOTO-BOLETIN-IERT-JUNTA-DIRECTIVA-738x492.jpeg"},{"@type":"BreadcrumbList","@id":"https:\/\/nbcs.mx\/?p=127209#breadcrumb","itemListElement":[{"@type":"ListItem","position":1,"name":"Portada","item":"https:\/\/nbcs.mx\/"},{"@type":"ListItem","position":2,"name":"Libertad de expresi\u00f3n en medios fortalece la democracia en BCS: VCC"}]},{"@type":"WebSite","@id":"https:\/\/nbcs.mx\/#website","url":"https:\/\/nbcs.mx\/","name":"NBCS Noticias","description":"Sitio web de noticias en Baja California Sur","publisher":{"@id":"https:\/\/nbcs.mx\/#organization"},"potentialAction":[{"@type":"SearchAction","target":{"@type":"EntryPoint","urlTemplate":"https:\/\/nbcs.mx\/?s={search_term_string}"},"query-input":{"@type":"PropertyValueSpecification","valueRequired":true,"valueName":"search_term_string"}}],"inLanguage":"es"},{"@type":"Organization","@id":"https:\/\/nbcs.mx\/#organization","name":"NBCS Noticias","url":"https:\/\/nbcs.mx\/","logo":{"@type":"ImageObject","inLanguage":"es","@id":"https:\/\/nbcs.mx\/#\/schema\/logo\/image\/","url":"https:\/\/nbcs.mx\/wp-content\/uploads\/2018\/09\/057b69485e93575a5c2b1c1dde2dd297.jpeg","contentUrl":"https:\/\/nbcs.mx\/wp-content\/uploads\/2018\/09\/057b69485e93575a5c2b1c1dde2dd297.jpeg","width":64,"height":64,"caption":"NBCS Noticias"},"image":{"@id":"https:\/\/nbcs.mx\/#\/schema\/logo\/image\/"},"sameAs":["https:\/\/www.facebook.com\/NBCSnoticias","https:\/\/x.com\/NBCSnoticias"]},{"@type":"Person","@id":"https:\/\/nbcs.mx\/#\/schema\/person\/ece58bab9a7c1e87a4d28ec9ecd79ff4","name":"NBCS Noticias","image":{"@type":"ImageObject","inLanguage":"es","@id":"https:\/\/secure.gravatar.com\/avatar\/4e52110cad1c4054b43271a0d14bbe9e2ea76aecd0e1097edfc670798d9ca1d4?s=96&d=blank&r=g","url":"https:\/\/secure.gravatar.com\/avatar\/4e52110cad1c4054b43271a0d14bbe9e2ea76aecd0e1097edfc670798d9ca1d4?s=96&d=blank&r=g","contentUrl":"https:\/\/secure.gravatar.com\/avatar\/4e52110cad1c4054b43271a0d14bbe9e2ea76aecd0e1097edfc670798d9ca1d4?s=96&d=blank&r=g","caption":"NBCS Noticias"},"description":"\u00bfTienes fotos o video de alg\u00fan acto de posible negligencia, corrupci\u00f3n y abuso de autoridad? M\u00e1ndalo al WhatsApp de NBCS Noticias: 612 141 98 08","sameAs":["https:\/\/www.nbcs.mx","https:\/\/www.facebook.com\/NBCSnoticias","https:\/\/www.instagram.com\/nbcsnoticias\/","https:\/\/x.com\/https:\/\/twitter.com\/NBCSnoticias"]}]}},"jetpack_publicize_connections":[],"jetpack_sharing_enabled":true,"jetpack_featured_media_url":"","_links":{"self":[{"href":"https:\/\/nbcs.mx\/index.php?rest_route=\/wp\/v2\/posts\/127209","targetHints":{"allow":["GET"]}}],"collection":[{"href":"https:\/\/nbcs.mx\/index.php?rest_route=\/wp\/v2\/posts"}],"about":[{"href":"https:\/\/nbcs.mx\/index.php?rest_route=\/wp\/v2\/types\/post"}],"author":[{"embeddable":true,"href":"https:\/\/nbcs.mx\/index.php?rest_route=\/wp\/v2\/users\/1"}],"replies":[{"embeddable":true,"href":"https:\/\/nbcs.mx\/index.php?rest_route=%2Fwp%2Fv2%2Fcomments&post=127209"}],"version-history":[{"count":1,"href":"https:\/\/nbcs.mx\/index.php?rest_route=\/wp\/v2\/posts\/127209\/revisions"}],"predecessor-version":[{"id":127211,"href":"https:\/\/nbcs.mx\/index.php?rest_route=\/wp\/v2\/posts\/127209\/revisions\/127211"}],"wp:attachment":[{"href":"https:\/\/nbcs.mx\/index.php?rest_route=%2Fwp%2Fv2%2Fmedia&parent=127209"}],"wp:term":[{"taxonomy":"category","embeddable":true,"href":"https:\/\/nbcs.mx\/index.php?rest_route=%2Fwp%2Fv2%2Fcategories&post=127209"},{"taxonomy":"post_tag","embeddable":true,"href":"https:\/\/nbcs.mx\/index.php?rest_route=%2Fwp%2Fv2%2Ftags&post=127209"}],"curies":[{"name":"wp","href":"https:\/\/api.w.org\/{rel}","templated":true}]}}