{"id":127703,"date":"2023-08-22T13:44:04","date_gmt":"2023-08-22T19:44:04","guid":{"rendered":"https:\/\/nbcs.mx\/?p=127703"},"modified":"2023-08-22T13:44:04","modified_gmt":"2023-08-22T19:44:04","slug":"convocan-al-3er-periodo-extraordinario-de-sesiones","status":"publish","type":"post","link":"https:\/\/nbcs.mx\/?p=127703","title":{"rendered":"Convocan al 3er periodo extraordinario de sesiones"},"content":{"rendered":"<div>\n<p class=\"LO-normal\" style=\"text-align: justify;\"><span lang=\"ES\"><img loading=\"lazy\" decoding=\"async\" class=\" wp-image-127704 alignleft\" src=\"https:\/\/nbcs.mx\/wp-content\/uploads\/2023\/08\/DIP-EUFROCINA-LOPEZ-VELASCO-230822-2-738x492.jpg\" alt=\"\" width=\"331\" height=\"221\" srcset=\"https:\/\/nbcs.mx\/wp-content\/uploads\/2023\/08\/DIP-EUFROCINA-LOPEZ-VELASCO-230822-2-738x492.jpg 738w, https:\/\/nbcs.mx\/wp-content\/uploads\/2023\/08\/DIP-EUFROCINA-LOPEZ-VELASCO-230822-2-1024x683.jpg 1024w, https:\/\/nbcs.mx\/wp-content\/uploads\/2023\/08\/DIP-EUFROCINA-LOPEZ-VELASCO-230822-2-150x100.jpg 150w, https:\/\/nbcs.mx\/wp-content\/uploads\/2023\/08\/DIP-EUFROCINA-LOPEZ-VELASCO-230822-2-768x512.jpg 768w, https:\/\/nbcs.mx\/wp-content\/uploads\/2023\/08\/DIP-EUFROCINA-LOPEZ-VELASCO-230822-2-1536x1024.jpg 1536w, https:\/\/nbcs.mx\/wp-content\/uploads\/2023\/08\/DIP-EUFROCINA-LOPEZ-VELASCO-230822-2.jpg 1620w\" sizes=\"auto, (max-width: 331px) 100vw, 331px\" \/>La Diputaci\u00f3n Permanente de la XVI Legislatura del Congreso del Estado de Baja California Sur aprob\u00f3 convocar al tercer periodo extraordinario de sesiones, para atender el asunto de autorizaci\u00f3n para la integraci\u00f3n del patrimonio del Fideicomiso para el Programa de Mejoramiento y Modernizaci\u00f3n del Transporte P\u00fablico de Pasajeros en La Paz. <\/span><\/p>\n<\/div>\n<div style=\"text-align: justify;\">\n<p class=\"LO-normal\"><span lang=\"ES\">\u00a0<\/span><\/p>\n<\/div>\n<div style=\"text-align: justify;\">\n<p class=\"LO-normal\"><span lang=\"ES\">Durante la sesi\u00f3n del martes 22 de agosto, la diputada presidenta desahog\u00f3 el punto del acuerdo para convocar a dicho periodo, el cual fue aprobado por integrantes de la mesa directiva, por lo que este mi\u00e9rcoles 23 de agosto, diputadas y diputados sesionar\u00e1n a partir de las 12:00 horas en la Sala de Sesiones Jos\u00e9 Mar\u00eda Morelos y Pav\u00f3n. <\/span><\/p>\n<\/div>\n<div style=\"text-align: justify;\">\n<p class=\"LO-normal\"><span lang=\"ES\">\u00a0<\/span><\/p>\n<\/div>\n<div style=\"text-align: justify;\">\n<p class=\"LO-normal\"><span lang=\"ES\">De acuerdo al orden del d\u00eda, las comisiones unidas de la Salud, la Familia y la Asistencia P\u00fablica, de Asuntos Ind\u00edgenas y Afromexicanos y de Atenci\u00f3n a Grupos Vulnerables y Personas con Discapacidad presentar\u00e1n proposici\u00f3n con punto de acuerdo. <\/span><\/p>\n<\/div>\n<div style=\"text-align: justify;\">\n<p class=\"LO-normal\"><span lang=\"ES\">\u00a0<\/span><\/p>\n<\/div>\n<div style=\"text-align: justify;\">\n<p class=\"LO-normal\"><span lang=\"ES\">Como tercer punto, la Comisi\u00f3n Permanente de Asuntos Fiscales y Administrativos, presentar\u00e1 el dictamen resolutivo relativo a la iniciativa presentada por el XVII Ayuntamiento de La Paz, mediante la cual solicit\u00f3 autorizaci\u00f3n para la integraci\u00f3n del patrimonio del Fideicomiso para el Programa de Mejoramiento y Modernizaci\u00f3n del Transporte P\u00fablico de Pasajeros en La Paz, Baja California Sur, con el que dicha autoridad municipal podr\u00eda constituir el mismo.<\/span><\/p>\n<\/div>\n<div style=\"text-align: justify;\">\n<p class=\"LO-normal\"><span lang=\"ES\">\u00a0<\/span><\/p>\n<\/div>\n<div>\n<p class=\"LO-normal\" style=\"text-align: justify;\"><span lang=\"ES\">\u00a0<\/span><\/p>\n<\/div>\n","protected":false},"excerpt":{"rendered":"<p>La Diputaci\u00f3n Permanente de la XVI Legislatura del Congreso del Estado de Baja California Sur aprob\u00f3 convocar al tercer periodo<\/p>\n","protected":false},"author":1,"featured_media":127704,"comment_status":"open","ping_status":"closed","sticky":false,"template":"","format":"standard","meta":{"colormag_page_container_layout":"default_layout","colormag_page_sidebar_layout":"default_layout","_jetpack_memberships_contains_paid_content":false,"footnotes":"","jetpack_publicize_message":"","jetpack_publicize_feature_enabled":true,"jetpack_social_post_already_shared":true,"jetpack_social_options":{"image_generator_settings":{"template":"highway","default_image_id":0,"font":"","enabled":false},"version":2}},"categories":[48],"tags":[],"class_list":["post-127703","post","type-post","status-publish","format-standard","has-post-thumbnail","hentry","category-congreso-de-bcs"],"yoast_head":"<!-- This site is optimized with the Yoast SEO plugin v27.4 - https:\/\/yoast.com\/product\/yoast-seo-wordpress\/ -->\n<title>Convocan al 3er periodo extraordinario de sesiones - NBCS Noticias<\/title>\n<meta name=\"robots\" content=\"index, follow, max-snippet:-1, max-image-preview:large, max-video-preview:-1\" \/>\n<link rel=\"canonical\" href=\"https:\/\/nbcs.mx\/?p=127703\" \/>\n<meta property=\"og:locale\" content=\"es_ES\" \/>\n<meta property=\"og:type\" content=\"article\" \/>\n<meta property=\"og:title\" content=\"Convocan al 3er periodo extraordinario de sesiones - NBCS Noticias\" \/>\n<meta property=\"og:description\" content=\"La Diputaci\u00f3n Permanente de la XVI Legislatura del Congreso del Estado de Baja California Sur aprob\u00f3 convocar al tercer periodo\" \/>\n<meta property=\"og:url\" content=\"https:\/\/nbcs.mx\/?p=127703\" \/>\n<meta property=\"og:site_name\" content=\"NBCS Noticias\" \/>\n<meta property=\"article:publisher\" content=\"https:\/\/www.facebook.com\/NBCSnoticias\" \/>\n<meta property=\"article:author\" content=\"https:\/\/www.facebook.com\/NBCSnoticias\" \/>\n<meta property=\"article:published_time\" content=\"2023-08-22T19:44:04+00:00\" \/>\n<meta property=\"og:image\" content=\"https:\/\/nbcs.mx\/wp-content\/uploads\/2023\/08\/DIP-EUFROCINA-LOPEZ-VELASCO-230822-2.jpg\" \/>\n\t<meta property=\"og:image:width\" content=\"1620\" \/>\n\t<meta property=\"og:image:height\" content=\"1080\" \/>\n\t<meta property=\"og:image:type\" content=\"image\/jpeg\" \/>\n<meta name=\"author\" content=\"NBCS Noticias\" \/>\n<meta name=\"twitter:card\" content=\"summary_large_image\" \/>\n<meta name=\"twitter:creator\" content=\"@https:\/\/twitter.com\/NBCSnoticias\" \/>\n<meta name=\"twitter:site\" content=\"@NBCSnoticias\" \/>\n<meta name=\"twitter:label1\" content=\"Escrito por\" \/>\n\t<meta name=\"twitter:data1\" content=\"NBCS Noticias\" \/>\n\t<meta name=\"twitter:label2\" content=\"Tiempo de lectura\" \/>\n\t<meta name=\"twitter:data2\" content=\"2 minutos\" \/>\n<script type=\"application\/ld+json\" class=\"yoast-schema-graph\">{\"@context\":\"https:\\\/\\\/schema.org\",\"@graph\":[{\"@type\":\"Article\",\"@id\":\"https:\\\/\\\/nbcs.mx\\\/?p=127703#article\",\"isPartOf\":{\"@id\":\"https:\\\/\\\/nbcs.mx\\\/?p=127703\"},\"author\":{\"name\":\"NBCS Noticias\",\"@id\":\"https:\\\/\\\/nbcs.mx\\\/#\\\/schema\\\/person\\\/ece58bab9a7c1e87a4d28ec9ecd79ff4\"},\"headline\":\"Convocan al 3er periodo extraordinario de sesiones\",\"datePublished\":\"2023-08-22T19:44:04+00:00\",\"mainEntityOfPage\":{\"@id\":\"https:\\\/\\\/nbcs.mx\\\/?p=127703\"},\"wordCount\":242,\"commentCount\":0,\"publisher\":{\"@id\":\"https:\\\/\\\/nbcs.mx\\\/#organization\"},\"image\":{\"@id\":\"https:\\\/\\\/nbcs.mx\\\/?p=127703#primaryimage\"},\"thumbnailUrl\":\"https:\\\/\\\/nbcs.mx\\\/wp-content\\\/uploads\\\/2023\\\/08\\\/DIP-EUFROCINA-LOPEZ-VELASCO-230822-2.jpg\",\"articleSection\":[\"Congreso de BCS\"],\"inLanguage\":\"es\",\"potentialAction\":[{\"@type\":\"CommentAction\",\"name\":\"Comment\",\"target\":[\"https:\\\/\\\/nbcs.mx\\\/?p=127703#respond\"]}]},{\"@type\":\"WebPage\",\"@id\":\"https:\\\/\\\/nbcs.mx\\\/?p=127703\",\"url\":\"https:\\\/\\\/nbcs.mx\\\/?p=127703\",\"name\":\"Convocan al 3er periodo extraordinario de sesiones - NBCS Noticias\",\"isPartOf\":{\"@id\":\"https:\\\/\\\/nbcs.mx\\\/#website\"},\"primaryImageOfPage\":{\"@id\":\"https:\\\/\\\/nbcs.mx\\\/?p=127703#primaryimage\"},\"image\":{\"@id\":\"https:\\\/\\\/nbcs.mx\\\/?p=127703#primaryimage\"},\"thumbnailUrl\":\"https:\\\/\\\/nbcs.mx\\\/wp-content\\\/uploads\\\/2023\\\/08\\\/DIP-EUFROCINA-LOPEZ-VELASCO-230822-2.jpg\",\"datePublished\":\"2023-08-22T19:44:04+00:00\",\"breadcrumb\":{\"@id\":\"https:\\\/\\\/nbcs.mx\\\/?p=127703#breadcrumb\"},\"inLanguage\":\"es\",\"potentialAction\":[{\"@type\":\"ReadAction\",\"target\":[\"https:\\\/\\\/nbcs.mx\\\/?p=127703\"]}]},{\"@type\":\"ImageObject\",\"inLanguage\":\"es\",\"@id\":\"https:\\\/\\\/nbcs.mx\\\/?p=127703#primaryimage\",\"url\":\"https:\\\/\\\/nbcs.mx\\\/wp-content\\\/uploads\\\/2023\\\/08\\\/DIP-EUFROCINA-LOPEZ-VELASCO-230822-2.jpg\",\"contentUrl\":\"https:\\\/\\\/nbcs.mx\\\/wp-content\\\/uploads\\\/2023\\\/08\\\/DIP-EUFROCINA-LOPEZ-VELASCO-230822-2.jpg\",\"width\":1620,\"height\":1080},{\"@type\":\"BreadcrumbList\",\"@id\":\"https:\\\/\\\/nbcs.mx\\\/?p=127703#breadcrumb\",\"itemListElement\":[{\"@type\":\"ListItem\",\"position\":1,\"name\":\"Portada\",\"item\":\"https:\\\/\\\/nbcs.mx\\\/\"},{\"@type\":\"ListItem\",\"position\":2,\"name\":\"Convocan al 3er periodo extraordinario de sesiones\"}]},{\"@type\":\"WebSite\",\"@id\":\"https:\\\/\\\/nbcs.mx\\\/#website\",\"url\":\"https:\\\/\\\/nbcs.mx\\\/\",\"name\":\"NBCS Noticias\",\"description\":\"Sitio web de noticias en Baja California Sur\",\"publisher\":{\"@id\":\"https:\\\/\\\/nbcs.mx\\\/#organization\"},\"potentialAction\":[{\"@type\":\"SearchAction\",\"target\":{\"@type\":\"EntryPoint\",\"urlTemplate\":\"https:\\\/\\\/nbcs.mx\\\/?s={search_term_string}\"},\"query-input\":{\"@type\":\"PropertyValueSpecification\",\"valueRequired\":true,\"valueName\":\"search_term_string\"}}],\"inLanguage\":\"es\"},{\"@type\":\"Organization\",\"@id\":\"https:\\\/\\\/nbcs.mx\\\/#organization\",\"name\":\"NBCS Noticias\",\"url\":\"https:\\\/\\\/nbcs.mx\\\/\",\"logo\":{\"@type\":\"ImageObject\",\"inLanguage\":\"es\",\"@id\":\"https:\\\/\\\/nbcs.mx\\\/#\\\/schema\\\/logo\\\/image\\\/\",\"url\":\"https:\\\/\\\/nbcs.mx\\\/wp-content\\\/uploads\\\/2018\\\/09\\\/057b69485e93575a5c2b1c1dde2dd297.jpeg\",\"contentUrl\":\"https:\\\/\\\/nbcs.mx\\\/wp-content\\\/uploads\\\/2018\\\/09\\\/057b69485e93575a5c2b1c1dde2dd297.jpeg\",\"width\":64,\"height\":64,\"caption\":\"NBCS Noticias\"},\"image\":{\"@id\":\"https:\\\/\\\/nbcs.mx\\\/#\\\/schema\\\/logo\\\/image\\\/\"},\"sameAs\":[\"https:\\\/\\\/www.facebook.com\\\/NBCSnoticias\",\"https:\\\/\\\/x.com\\\/NBCSnoticias\"]},{\"@type\":\"Person\",\"@id\":\"https:\\\/\\\/nbcs.mx\\\/#\\\/schema\\\/person\\\/ece58bab9a7c1e87a4d28ec9ecd79ff4\",\"name\":\"NBCS Noticias\",\"image\":{\"@type\":\"ImageObject\",\"inLanguage\":\"es\",\"@id\":\"https:\\\/\\\/secure.gravatar.com\\\/avatar\\\/4e52110cad1c4054b43271a0d14bbe9e2ea76aecd0e1097edfc670798d9ca1d4?s=96&d=blank&r=g\",\"url\":\"https:\\\/\\\/secure.gravatar.com\\\/avatar\\\/4e52110cad1c4054b43271a0d14bbe9e2ea76aecd0e1097edfc670798d9ca1d4?s=96&d=blank&r=g\",\"contentUrl\":\"https:\\\/\\\/secure.gravatar.com\\\/avatar\\\/4e52110cad1c4054b43271a0d14bbe9e2ea76aecd0e1097edfc670798d9ca1d4?s=96&d=blank&r=g\",\"caption\":\"NBCS Noticias\"},\"description\":\"\u00bfTienes fotos o video de alg\u00fan acto de posible negligencia, corrupci\u00f3n y abuso de autoridad? M\u00e1ndalo al WhatsApp de NBCS Noticias: 612 141 98 08\",\"sameAs\":[\"https:\\\/\\\/www.nbcs.mx\",\"https:\\\/\\\/www.facebook.com\\\/NBCSnoticias\",\"https:\\\/\\\/www.instagram.com\\\/nbcsnoticias\\\/\",\"https:\\\/\\\/x.com\\\/https:\\\/\\\/twitter.com\\\/NBCSnoticias\"]}]}<\/script>\n<!-- \/ Yoast SEO plugin. -->","yoast_head_json":{"title":"Convocan al 3er periodo extraordinario de sesiones - NBCS Noticias","robots":{"index":"index","follow":"follow","max-snippet":"max-snippet:-1","max-image-preview":"max-image-preview:large","max-video-preview":"max-video-preview:-1"},"canonical":"https:\/\/nbcs.mx\/?p=127703","og_locale":"es_ES","og_type":"article","og_title":"Convocan al 3er periodo extraordinario de sesiones - NBCS Noticias","og_description":"La Diputaci\u00f3n Permanente de la XVI Legislatura del Congreso del Estado de Baja California Sur aprob\u00f3 convocar al tercer periodo","og_url":"https:\/\/nbcs.mx\/?p=127703","og_site_name":"NBCS Noticias","article_publisher":"https:\/\/www.facebook.com\/NBCSnoticias","article_author":"https:\/\/www.facebook.com\/NBCSnoticias","article_published_time":"2023-08-22T19:44:04+00:00","og_image":[{"width":1620,"height":1080,"url":"https:\/\/nbcs.mx\/wp-content\/uploads\/2023\/08\/DIP-EUFROCINA-LOPEZ-VELASCO-230822-2.jpg","type":"image\/jpeg"}],"author":"NBCS Noticias","twitter_card":"summary_large_image","twitter_creator":"@https:\/\/twitter.com\/NBCSnoticias","twitter_site":"@NBCSnoticias","twitter_misc":{"Escrito por":"NBCS Noticias","Tiempo de lectura":"2 minutos"},"schema":{"@context":"https:\/\/schema.org","@graph":[{"@type":"Article","@id":"https:\/\/nbcs.mx\/?p=127703#article","isPartOf":{"@id":"https:\/\/nbcs.mx\/?p=127703"},"author":{"name":"NBCS Noticias","@id":"https:\/\/nbcs.mx\/#\/schema\/person\/ece58bab9a7c1e87a4d28ec9ecd79ff4"},"headline":"Convocan al 3er periodo extraordinario de sesiones","datePublished":"2023-08-22T19:44:04+00:00","mainEntityOfPage":{"@id":"https:\/\/nbcs.mx\/?p=127703"},"wordCount":242,"commentCount":0,"publisher":{"@id":"https:\/\/nbcs.mx\/#organization"},"image":{"@id":"https:\/\/nbcs.mx\/?p=127703#primaryimage"},"thumbnailUrl":"https:\/\/nbcs.mx\/wp-content\/uploads\/2023\/08\/DIP-EUFROCINA-LOPEZ-VELASCO-230822-2.jpg","articleSection":["Congreso de BCS"],"inLanguage":"es","potentialAction":[{"@type":"CommentAction","name":"Comment","target":["https:\/\/nbcs.mx\/?p=127703#respond"]}]},{"@type":"WebPage","@id":"https:\/\/nbcs.mx\/?p=127703","url":"https:\/\/nbcs.mx\/?p=127703","name":"Convocan al 3er periodo extraordinario de sesiones - NBCS Noticias","isPartOf":{"@id":"https:\/\/nbcs.mx\/#website"},"primaryImageOfPage":{"@id":"https:\/\/nbcs.mx\/?p=127703#primaryimage"},"image":{"@id":"https:\/\/nbcs.mx\/?p=127703#primaryimage"},"thumbnailUrl":"https:\/\/nbcs.mx\/wp-content\/uploads\/2023\/08\/DIP-EUFROCINA-LOPEZ-VELASCO-230822-2.jpg","datePublished":"2023-08-22T19:44:04+00:00","breadcrumb":{"@id":"https:\/\/nbcs.mx\/?p=127703#breadcrumb"},"inLanguage":"es","potentialAction":[{"@type":"ReadAction","target":["https:\/\/nbcs.mx\/?p=127703"]}]},{"@type":"ImageObject","inLanguage":"es","@id":"https:\/\/nbcs.mx\/?p=127703#primaryimage","url":"https:\/\/nbcs.mx\/wp-content\/uploads\/2023\/08\/DIP-EUFROCINA-LOPEZ-VELASCO-230822-2.jpg","contentUrl":"https:\/\/nbcs.mx\/wp-content\/uploads\/2023\/08\/DIP-EUFROCINA-LOPEZ-VELASCO-230822-2.jpg","width":1620,"height":1080},{"@type":"BreadcrumbList","@id":"https:\/\/nbcs.mx\/?p=127703#breadcrumb","itemListElement":[{"@type":"ListItem","position":1,"name":"Portada","item":"https:\/\/nbcs.mx\/"},{"@type":"ListItem","position":2,"name":"Convocan al 3er periodo extraordinario de sesiones"}]},{"@type":"WebSite","@id":"https:\/\/nbcs.mx\/#website","url":"https:\/\/nbcs.mx\/","name":"NBCS Noticias","description":"Sitio web de noticias en Baja California Sur","publisher":{"@id":"https:\/\/nbcs.mx\/#organization"},"potentialAction":[{"@type":"SearchAction","target":{"@type":"EntryPoint","urlTemplate":"https:\/\/nbcs.mx\/?s={search_term_string}"},"query-input":{"@type":"PropertyValueSpecification","valueRequired":true,"valueName":"search_term_string"}}],"inLanguage":"es"},{"@type":"Organization","@id":"https:\/\/nbcs.mx\/#organization","name":"NBCS Noticias","url":"https:\/\/nbcs.mx\/","logo":{"@type":"ImageObject","inLanguage":"es","@id":"https:\/\/nbcs.mx\/#\/schema\/logo\/image\/","url":"https:\/\/nbcs.mx\/wp-content\/uploads\/2018\/09\/057b69485e93575a5c2b1c1dde2dd297.jpeg","contentUrl":"https:\/\/nbcs.mx\/wp-content\/uploads\/2018\/09\/057b69485e93575a5c2b1c1dde2dd297.jpeg","width":64,"height":64,"caption":"NBCS Noticias"},"image":{"@id":"https:\/\/nbcs.mx\/#\/schema\/logo\/image\/"},"sameAs":["https:\/\/www.facebook.com\/NBCSnoticias","https:\/\/x.com\/NBCSnoticias"]},{"@type":"Person","@id":"https:\/\/nbcs.mx\/#\/schema\/person\/ece58bab9a7c1e87a4d28ec9ecd79ff4","name":"NBCS Noticias","image":{"@type":"ImageObject","inLanguage":"es","@id":"https:\/\/secure.gravatar.com\/avatar\/4e52110cad1c4054b43271a0d14bbe9e2ea76aecd0e1097edfc670798d9ca1d4?s=96&d=blank&r=g","url":"https:\/\/secure.gravatar.com\/avatar\/4e52110cad1c4054b43271a0d14bbe9e2ea76aecd0e1097edfc670798d9ca1d4?s=96&d=blank&r=g","contentUrl":"https:\/\/secure.gravatar.com\/avatar\/4e52110cad1c4054b43271a0d14bbe9e2ea76aecd0e1097edfc670798d9ca1d4?s=96&d=blank&r=g","caption":"NBCS Noticias"},"description":"\u00bfTienes fotos o video de alg\u00fan acto de posible negligencia, corrupci\u00f3n y abuso de autoridad? M\u00e1ndalo al WhatsApp de NBCS Noticias: 612 141 98 08","sameAs":["https:\/\/www.nbcs.mx","https:\/\/www.facebook.com\/NBCSnoticias","https:\/\/www.instagram.com\/nbcsnoticias\/","https:\/\/x.com\/https:\/\/twitter.com\/NBCSnoticias"]}]}},"jetpack_publicize_connections":[],"jetpack_featured_media_url":"https:\/\/nbcs.mx\/wp-content\/uploads\/2023\/08\/DIP-EUFROCINA-LOPEZ-VELASCO-230822-2.jpg","jetpack_sharing_enabled":true,"_links":{"self":[{"href":"https:\/\/nbcs.mx\/index.php?rest_route=\/wp\/v2\/posts\/127703","targetHints":{"allow":["GET"]}}],"collection":[{"href":"https:\/\/nbcs.mx\/index.php?rest_route=\/wp\/v2\/posts"}],"about":[{"href":"https:\/\/nbcs.mx\/index.php?rest_route=\/wp\/v2\/types\/post"}],"author":[{"embeddable":true,"href":"https:\/\/nbcs.mx\/index.php?rest_route=\/wp\/v2\/users\/1"}],"replies":[{"embeddable":true,"href":"https:\/\/nbcs.mx\/index.php?rest_route=%2Fwp%2Fv2%2Fcomments&post=127703"}],"version-history":[{"count":1,"href":"https:\/\/nbcs.mx\/index.php?rest_route=\/wp\/v2\/posts\/127703\/revisions"}],"predecessor-version":[{"id":127705,"href":"https:\/\/nbcs.mx\/index.php?rest_route=\/wp\/v2\/posts\/127703\/revisions\/127705"}],"wp:featuredmedia":[{"embeddable":true,"href":"https:\/\/nbcs.mx\/index.php?rest_route=\/wp\/v2\/media\/127704"}],"wp:attachment":[{"href":"https:\/\/nbcs.mx\/index.php?rest_route=%2Fwp%2Fv2%2Fmedia&parent=127703"}],"wp:term":[{"taxonomy":"category","embeddable":true,"href":"https:\/\/nbcs.mx\/index.php?rest_route=%2Fwp%2Fv2%2Fcategories&post=127703"},{"taxonomy":"post_tag","embeddable":true,"href":"https:\/\/nbcs.mx\/index.php?rest_route=%2Fwp%2Fv2%2Ftags&post=127703"}],"curies":[{"name":"wp","href":"https:\/\/api.w.org\/{rel}","templated":true}]}}