{"id":128311,"date":"2023-09-05T17:01:46","date_gmt":"2023-09-05T23:01:46","guid":{"rendered":"https:\/\/nbcs.mx\/?p=128311"},"modified":"2023-09-05T17:01:46","modified_gmt":"2023-09-05T23:01:46","slug":"obtiene-pgje-prision-preventiva-para-imputado-por-sustraccion-de-menor-y-reintegra-al-pequeno-d-n-e-c-al-seno-familiar","status":"publish","type":"post","link":"https:\/\/nbcs.mx\/?p=128311","title":{"rendered":"Obtiene PGJE prisi\u00f3n preventiva para imputado por sustracci\u00f3n de menor y reintegra al peque\u00f1o D.N.E.C al seno familiar"},"content":{"rendered":"<p style=\"font-weight: 400; text-align: justify;\"><img loading=\"lazy\" decoding=\"async\" class=\" wp-image-128312 alignleft\" src=\"https:\/\/nbcs.mx\/wp-content\/uploads\/2023\/09\/FOTO-COMUNICADO-DE-PRENSA-605-2023-587x492.png\" alt=\"\" width=\"408\" height=\"342\" \/>Las investigaciones precisas de la tetralog\u00eda de la investigaci\u00f3n por el delito de sustracci\u00f3n espec\u00edfica de persona menor de edad, derivaron en la vinculaci\u00f3n a proceso y prisi\u00f3n preventiva de Jos\u00e9 Ram\u00f3n \u201cN\u201d, padre biol\u00f3gico del ni\u00f1o D.N.E.C. quien carece de la guarda y custodia legal del menor, quien lo llev\u00f3 al estado de Jalisco, sin autorizaci\u00f3n de quien s\u00ed la ostenta.<\/p>\n<p style=\"font-weight: 400; text-align: justify;\">\n<p style=\"font-weight: 400; text-align: justify;\">Por la sustracci\u00f3n del menor D.N.E.C de su domicilio que se ubica en la ciudad de La Paz, el mes de junio la PGJE deton\u00f3 una alerta \u00c1mber, para la b\u00fasqueda y localizaci\u00f3n del peque\u00f1o de 5 a\u00f1os de edad.<\/p>\n<p style=\"font-weight: 400; text-align: justify;\">\n<p style=\"font-weight: 400; text-align: justify;\">Para la Procuradur\u00eda General de Justicia del Estado (PGJE) la protecci\u00f3n de las mujeres, adolescentes, ni\u00f1as y ni\u00f1os v\u00edctimas de alg\u00fan delito, es prioridad, por lo que ante la denuncia interpuesta ante la instituci\u00f3n por la madre del menor el pasado 17 de junio, se inici\u00f3 con las investigaciones ministeriales correspondientes y, con los datos de prueba presentados el jueves 4 del mes en curso en la audiencia inicial por orden de aprehensi\u00f3n, el Juez de Control determin\u00f3 vincular a Proceso y dejar en prisi\u00f3n preventiva al imputado.<\/p>\n<p style=\"font-weight: 400; text-align: justify;\">\n<p style=\"font-weight: 400; text-align: justify;\">A la Agente del Ministerio P\u00fablico de la Unidad Especializada en Investigaci\u00f3n de Delitos Contra la Libertad Sexual y la Familia, le otorg\u00f3 un plazo de 3 meses para la investigaci\u00f3n complementaria.<\/p>\n<p style=\"font-weight: 400; text-align: justify;\">\n<p style=\"font-weight: 400; text-align: justify;\">Con estas acciones la PGJE refrenda su compromiso de realizar acciones cient\u00edficas y jur\u00eddicas que den certeza al Estado de Derecho, combatiendo la impunidad en todos los \u00e1mbitos de su competencia, para lograr que el o los responsables de un il\u00edcito, respondan ante la autoridad judicial e impartir as\u00ed justicia para v\u00edctimas y ofendidos.<\/p>\n","protected":false},"excerpt":{"rendered":"<p>Las investigaciones precisas de la tetralog\u00eda de la investigaci\u00f3n por el delito de sustracci\u00f3n espec\u00edfica de persona menor de edad,<\/p>\n","protected":false},"author":1,"featured_media":0,"comment_status":"open","ping_status":"closed","sticky":false,"template":"","format":"standard","meta":{"colormag_page_container_layout":"default_layout","colormag_page_sidebar_layout":"default_layout","_jetpack_memberships_contains_paid_content":false,"footnotes":"","jetpack_publicize_message":"","jetpack_publicize_feature_enabled":true,"jetpack_social_post_already_shared":true,"jetpack_social_options":{"image_generator_settings":{"template":"highway","default_image_id":0,"font":"","enabled":false},"version":2}},"categories":[22],"tags":[],"class_list":["post-128311","post","type-post","status-publish","format-standard","hentry","category-policiacas"],"yoast_head":"<!-- This site is optimized with the Yoast SEO plugin v27.4 - https:\/\/yoast.com\/product\/yoast-seo-wordpress\/ -->\n<title>Obtiene PGJE prisi\u00f3n preventiva para imputado por sustracci\u00f3n de menor y reintegra al peque\u00f1o D.N.E.C al seno familiar - NBCS Noticias<\/title>\n<meta name=\"robots\" content=\"index, follow, max-snippet:-1, max-image-preview:large, max-video-preview:-1\" \/>\n<link rel=\"canonical\" href=\"https:\/\/nbcs.mx\/?p=128311\" \/>\n<meta property=\"og:locale\" content=\"es_ES\" \/>\n<meta property=\"og:type\" content=\"article\" \/>\n<meta property=\"og:title\" content=\"Obtiene PGJE prisi\u00f3n preventiva para imputado por sustracci\u00f3n de menor y reintegra al peque\u00f1o D.N.E.C al seno familiar - NBCS Noticias\" \/>\n<meta property=\"og:description\" content=\"Las investigaciones precisas de la tetralog\u00eda de la investigaci\u00f3n por el delito de sustracci\u00f3n espec\u00edfica de persona menor de edad,\" \/>\n<meta property=\"og:url\" content=\"https:\/\/nbcs.mx\/?p=128311\" \/>\n<meta property=\"og:site_name\" content=\"NBCS Noticias\" \/>\n<meta property=\"article:publisher\" content=\"https:\/\/www.facebook.com\/NBCSnoticias\" \/>\n<meta property=\"article:author\" content=\"https:\/\/www.facebook.com\/NBCSnoticias\" \/>\n<meta property=\"article:published_time\" content=\"2023-09-05T23:01:46+00:00\" \/>\n<meta property=\"og:image\" content=\"https:\/\/nbcs.mx\/wp-content\/uploads\/2023\/09\/FOTO-COMUNICADO-DE-PRENSA-605-2023-587x492.png\" \/>\n<meta name=\"author\" content=\"NBCS Noticias\" \/>\n<meta name=\"twitter:card\" content=\"summary_large_image\" \/>\n<meta name=\"twitter:creator\" content=\"@https:\/\/twitter.com\/NBCSnoticias\" \/>\n<meta name=\"twitter:site\" content=\"@NBCSnoticias\" \/>\n<meta name=\"twitter:label1\" content=\"Escrito por\" \/>\n\t<meta name=\"twitter:data1\" content=\"NBCS Noticias\" \/>\n\t<meta name=\"twitter:label2\" content=\"Tiempo de lectura\" \/>\n\t<meta name=\"twitter:data2\" content=\"2 minutos\" \/>\n<script type=\"application\/ld+json\" class=\"yoast-schema-graph\">{\"@context\":\"https:\\\/\\\/schema.org\",\"@graph\":[{\"@type\":\"Article\",\"@id\":\"https:\\\/\\\/nbcs.mx\\\/?p=128311#article\",\"isPartOf\":{\"@id\":\"https:\\\/\\\/nbcs.mx\\\/?p=128311\"},\"author\":{\"name\":\"NBCS Noticias\",\"@id\":\"https:\\\/\\\/nbcs.mx\\\/#\\\/schema\\\/person\\\/ece58bab9a7c1e87a4d28ec9ecd79ff4\"},\"headline\":\"Obtiene PGJE prisi\u00f3n preventiva para imputado por sustracci\u00f3n de menor y reintegra al peque\u00f1o D.N.E.C al seno familiar\",\"datePublished\":\"2023-09-05T23:01:46+00:00\",\"mainEntityOfPage\":{\"@id\":\"https:\\\/\\\/nbcs.mx\\\/?p=128311\"},\"wordCount\":333,\"commentCount\":0,\"publisher\":{\"@id\":\"https:\\\/\\\/nbcs.mx\\\/#organization\"},\"image\":{\"@id\":\"https:\\\/\\\/nbcs.mx\\\/?p=128311#primaryimage\"},\"thumbnailUrl\":\"https:\\\/\\\/nbcs.mx\\\/wp-content\\\/uploads\\\/2023\\\/09\\\/FOTO-COMUNICADO-DE-PRENSA-605-2023-587x492.png\",\"articleSection\":[\"Policiacas\"],\"inLanguage\":\"es\",\"potentialAction\":[{\"@type\":\"CommentAction\",\"name\":\"Comment\",\"target\":[\"https:\\\/\\\/nbcs.mx\\\/?p=128311#respond\"]}]},{\"@type\":\"WebPage\",\"@id\":\"https:\\\/\\\/nbcs.mx\\\/?p=128311\",\"url\":\"https:\\\/\\\/nbcs.mx\\\/?p=128311\",\"name\":\"Obtiene PGJE prisi\u00f3n preventiva para imputado por sustracci\u00f3n de menor y reintegra al peque\u00f1o D.N.E.C al seno familiar - NBCS Noticias\",\"isPartOf\":{\"@id\":\"https:\\\/\\\/nbcs.mx\\\/#website\"},\"primaryImageOfPage\":{\"@id\":\"https:\\\/\\\/nbcs.mx\\\/?p=128311#primaryimage\"},\"image\":{\"@id\":\"https:\\\/\\\/nbcs.mx\\\/?p=128311#primaryimage\"},\"thumbnailUrl\":\"https:\\\/\\\/nbcs.mx\\\/wp-content\\\/uploads\\\/2023\\\/09\\\/FOTO-COMUNICADO-DE-PRENSA-605-2023-587x492.png\",\"datePublished\":\"2023-09-05T23:01:46+00:00\",\"breadcrumb\":{\"@id\":\"https:\\\/\\\/nbcs.mx\\\/?p=128311#breadcrumb\"},\"inLanguage\":\"es\",\"potentialAction\":[{\"@type\":\"ReadAction\",\"target\":[\"https:\\\/\\\/nbcs.mx\\\/?p=128311\"]}]},{\"@type\":\"ImageObject\",\"inLanguage\":\"es\",\"@id\":\"https:\\\/\\\/nbcs.mx\\\/?p=128311#primaryimage\",\"url\":\"https:\\\/\\\/nbcs.mx\\\/wp-content\\\/uploads\\\/2023\\\/09\\\/FOTO-COMUNICADO-DE-PRENSA-605-2023-587x492.png\",\"contentUrl\":\"https:\\\/\\\/nbcs.mx\\\/wp-content\\\/uploads\\\/2023\\\/09\\\/FOTO-COMUNICADO-DE-PRENSA-605-2023-587x492.png\"},{\"@type\":\"BreadcrumbList\",\"@id\":\"https:\\\/\\\/nbcs.mx\\\/?p=128311#breadcrumb\",\"itemListElement\":[{\"@type\":\"ListItem\",\"position\":1,\"name\":\"Portada\",\"item\":\"https:\\\/\\\/nbcs.mx\\\/\"},{\"@type\":\"ListItem\",\"position\":2,\"name\":\"Obtiene PGJE prisi\u00f3n preventiva para imputado por sustracci\u00f3n de menor y reintegra al peque\u00f1o D.N.E.C al seno familiar\"}]},{\"@type\":\"WebSite\",\"@id\":\"https:\\\/\\\/nbcs.mx\\\/#website\",\"url\":\"https:\\\/\\\/nbcs.mx\\\/\",\"name\":\"NBCS Noticias\",\"description\":\"Sitio web de noticias en Baja California Sur\",\"publisher\":{\"@id\":\"https:\\\/\\\/nbcs.mx\\\/#organization\"},\"potentialAction\":[{\"@type\":\"SearchAction\",\"target\":{\"@type\":\"EntryPoint\",\"urlTemplate\":\"https:\\\/\\\/nbcs.mx\\\/?s={search_term_string}\"},\"query-input\":{\"@type\":\"PropertyValueSpecification\",\"valueRequired\":true,\"valueName\":\"search_term_string\"}}],\"inLanguage\":\"es\"},{\"@type\":\"Organization\",\"@id\":\"https:\\\/\\\/nbcs.mx\\\/#organization\",\"name\":\"NBCS Noticias\",\"url\":\"https:\\\/\\\/nbcs.mx\\\/\",\"logo\":{\"@type\":\"ImageObject\",\"inLanguage\":\"es\",\"@id\":\"https:\\\/\\\/nbcs.mx\\\/#\\\/schema\\\/logo\\\/image\\\/\",\"url\":\"https:\\\/\\\/nbcs.mx\\\/wp-content\\\/uploads\\\/2018\\\/09\\\/057b69485e93575a5c2b1c1dde2dd297.jpeg\",\"contentUrl\":\"https:\\\/\\\/nbcs.mx\\\/wp-content\\\/uploads\\\/2018\\\/09\\\/057b69485e93575a5c2b1c1dde2dd297.jpeg\",\"width\":64,\"height\":64,\"caption\":\"NBCS Noticias\"},\"image\":{\"@id\":\"https:\\\/\\\/nbcs.mx\\\/#\\\/schema\\\/logo\\\/image\\\/\"},\"sameAs\":[\"https:\\\/\\\/www.facebook.com\\\/NBCSnoticias\",\"https:\\\/\\\/x.com\\\/NBCSnoticias\"]},{\"@type\":\"Person\",\"@id\":\"https:\\\/\\\/nbcs.mx\\\/#\\\/schema\\\/person\\\/ece58bab9a7c1e87a4d28ec9ecd79ff4\",\"name\":\"NBCS Noticias\",\"image\":{\"@type\":\"ImageObject\",\"inLanguage\":\"es\",\"@id\":\"https:\\\/\\\/secure.gravatar.com\\\/avatar\\\/4e52110cad1c4054b43271a0d14bbe9e2ea76aecd0e1097edfc670798d9ca1d4?s=96&d=blank&r=g\",\"url\":\"https:\\\/\\\/secure.gravatar.com\\\/avatar\\\/4e52110cad1c4054b43271a0d14bbe9e2ea76aecd0e1097edfc670798d9ca1d4?s=96&d=blank&r=g\",\"contentUrl\":\"https:\\\/\\\/secure.gravatar.com\\\/avatar\\\/4e52110cad1c4054b43271a0d14bbe9e2ea76aecd0e1097edfc670798d9ca1d4?s=96&d=blank&r=g\",\"caption\":\"NBCS Noticias\"},\"description\":\"\u00bfTienes fotos o video de alg\u00fan acto de posible negligencia, corrupci\u00f3n y abuso de autoridad? M\u00e1ndalo al WhatsApp de NBCS Noticias: 612 141 98 08\",\"sameAs\":[\"https:\\\/\\\/www.nbcs.mx\",\"https:\\\/\\\/www.facebook.com\\\/NBCSnoticias\",\"https:\\\/\\\/www.instagram.com\\\/nbcsnoticias\\\/\",\"https:\\\/\\\/x.com\\\/https:\\\/\\\/twitter.com\\\/NBCSnoticias\"]}]}<\/script>\n<!-- \/ Yoast SEO plugin. -->","yoast_head_json":{"title":"Obtiene PGJE prisi\u00f3n preventiva para imputado por sustracci\u00f3n de menor y reintegra al peque\u00f1o D.N.E.C al seno familiar - NBCS Noticias","robots":{"index":"index","follow":"follow","max-snippet":"max-snippet:-1","max-image-preview":"max-image-preview:large","max-video-preview":"max-video-preview:-1"},"canonical":"https:\/\/nbcs.mx\/?p=128311","og_locale":"es_ES","og_type":"article","og_title":"Obtiene PGJE prisi\u00f3n preventiva para imputado por sustracci\u00f3n de menor y reintegra al peque\u00f1o D.N.E.C al seno familiar - NBCS Noticias","og_description":"Las investigaciones precisas de la tetralog\u00eda de la investigaci\u00f3n por el delito de sustracci\u00f3n espec\u00edfica de persona menor de edad,","og_url":"https:\/\/nbcs.mx\/?p=128311","og_site_name":"NBCS Noticias","article_publisher":"https:\/\/www.facebook.com\/NBCSnoticias","article_author":"https:\/\/www.facebook.com\/NBCSnoticias","article_published_time":"2023-09-05T23:01:46+00:00","og_image":[{"url":"https:\/\/nbcs.mx\/wp-content\/uploads\/2023\/09\/FOTO-COMUNICADO-DE-PRENSA-605-2023-587x492.png","type":"","width":"","height":""}],"author":"NBCS Noticias","twitter_card":"summary_large_image","twitter_creator":"@https:\/\/twitter.com\/NBCSnoticias","twitter_site":"@NBCSnoticias","twitter_misc":{"Escrito por":"NBCS Noticias","Tiempo de lectura":"2 minutos"},"schema":{"@context":"https:\/\/schema.org","@graph":[{"@type":"Article","@id":"https:\/\/nbcs.mx\/?p=128311#article","isPartOf":{"@id":"https:\/\/nbcs.mx\/?p=128311"},"author":{"name":"NBCS Noticias","@id":"https:\/\/nbcs.mx\/#\/schema\/person\/ece58bab9a7c1e87a4d28ec9ecd79ff4"},"headline":"Obtiene PGJE prisi\u00f3n preventiva para imputado por sustracci\u00f3n de menor y reintegra al peque\u00f1o D.N.E.C al seno familiar","datePublished":"2023-09-05T23:01:46+00:00","mainEntityOfPage":{"@id":"https:\/\/nbcs.mx\/?p=128311"},"wordCount":333,"commentCount":0,"publisher":{"@id":"https:\/\/nbcs.mx\/#organization"},"image":{"@id":"https:\/\/nbcs.mx\/?p=128311#primaryimage"},"thumbnailUrl":"https:\/\/nbcs.mx\/wp-content\/uploads\/2023\/09\/FOTO-COMUNICADO-DE-PRENSA-605-2023-587x492.png","articleSection":["Policiacas"],"inLanguage":"es","potentialAction":[{"@type":"CommentAction","name":"Comment","target":["https:\/\/nbcs.mx\/?p=128311#respond"]}]},{"@type":"WebPage","@id":"https:\/\/nbcs.mx\/?p=128311","url":"https:\/\/nbcs.mx\/?p=128311","name":"Obtiene PGJE prisi\u00f3n preventiva para imputado por sustracci\u00f3n de menor y reintegra al peque\u00f1o D.N.E.C al seno familiar - NBCS Noticias","isPartOf":{"@id":"https:\/\/nbcs.mx\/#website"},"primaryImageOfPage":{"@id":"https:\/\/nbcs.mx\/?p=128311#primaryimage"},"image":{"@id":"https:\/\/nbcs.mx\/?p=128311#primaryimage"},"thumbnailUrl":"https:\/\/nbcs.mx\/wp-content\/uploads\/2023\/09\/FOTO-COMUNICADO-DE-PRENSA-605-2023-587x492.png","datePublished":"2023-09-05T23:01:46+00:00","breadcrumb":{"@id":"https:\/\/nbcs.mx\/?p=128311#breadcrumb"},"inLanguage":"es","potentialAction":[{"@type":"ReadAction","target":["https:\/\/nbcs.mx\/?p=128311"]}]},{"@type":"ImageObject","inLanguage":"es","@id":"https:\/\/nbcs.mx\/?p=128311#primaryimage","url":"https:\/\/nbcs.mx\/wp-content\/uploads\/2023\/09\/FOTO-COMUNICADO-DE-PRENSA-605-2023-587x492.png","contentUrl":"https:\/\/nbcs.mx\/wp-content\/uploads\/2023\/09\/FOTO-COMUNICADO-DE-PRENSA-605-2023-587x492.png"},{"@type":"BreadcrumbList","@id":"https:\/\/nbcs.mx\/?p=128311#breadcrumb","itemListElement":[{"@type":"ListItem","position":1,"name":"Portada","item":"https:\/\/nbcs.mx\/"},{"@type":"ListItem","position":2,"name":"Obtiene PGJE prisi\u00f3n preventiva para imputado por sustracci\u00f3n de menor y reintegra al peque\u00f1o D.N.E.C al seno familiar"}]},{"@type":"WebSite","@id":"https:\/\/nbcs.mx\/#website","url":"https:\/\/nbcs.mx\/","name":"NBCS Noticias","description":"Sitio web de noticias en Baja California Sur","publisher":{"@id":"https:\/\/nbcs.mx\/#organization"},"potentialAction":[{"@type":"SearchAction","target":{"@type":"EntryPoint","urlTemplate":"https:\/\/nbcs.mx\/?s={search_term_string}"},"query-input":{"@type":"PropertyValueSpecification","valueRequired":true,"valueName":"search_term_string"}}],"inLanguage":"es"},{"@type":"Organization","@id":"https:\/\/nbcs.mx\/#organization","name":"NBCS Noticias","url":"https:\/\/nbcs.mx\/","logo":{"@type":"ImageObject","inLanguage":"es","@id":"https:\/\/nbcs.mx\/#\/schema\/logo\/image\/","url":"https:\/\/nbcs.mx\/wp-content\/uploads\/2018\/09\/057b69485e93575a5c2b1c1dde2dd297.jpeg","contentUrl":"https:\/\/nbcs.mx\/wp-content\/uploads\/2018\/09\/057b69485e93575a5c2b1c1dde2dd297.jpeg","width":64,"height":64,"caption":"NBCS Noticias"},"image":{"@id":"https:\/\/nbcs.mx\/#\/schema\/logo\/image\/"},"sameAs":["https:\/\/www.facebook.com\/NBCSnoticias","https:\/\/x.com\/NBCSnoticias"]},{"@type":"Person","@id":"https:\/\/nbcs.mx\/#\/schema\/person\/ece58bab9a7c1e87a4d28ec9ecd79ff4","name":"NBCS Noticias","image":{"@type":"ImageObject","inLanguage":"es","@id":"https:\/\/secure.gravatar.com\/avatar\/4e52110cad1c4054b43271a0d14bbe9e2ea76aecd0e1097edfc670798d9ca1d4?s=96&d=blank&r=g","url":"https:\/\/secure.gravatar.com\/avatar\/4e52110cad1c4054b43271a0d14bbe9e2ea76aecd0e1097edfc670798d9ca1d4?s=96&d=blank&r=g","contentUrl":"https:\/\/secure.gravatar.com\/avatar\/4e52110cad1c4054b43271a0d14bbe9e2ea76aecd0e1097edfc670798d9ca1d4?s=96&d=blank&r=g","caption":"NBCS Noticias"},"description":"\u00bfTienes fotos o video de alg\u00fan acto de posible negligencia, corrupci\u00f3n y abuso de autoridad? M\u00e1ndalo al WhatsApp de NBCS Noticias: 612 141 98 08","sameAs":["https:\/\/www.nbcs.mx","https:\/\/www.facebook.com\/NBCSnoticias","https:\/\/www.instagram.com\/nbcsnoticias\/","https:\/\/x.com\/https:\/\/twitter.com\/NBCSnoticias"]}]}},"jetpack_publicize_connections":[],"jetpack_featured_media_url":"","jetpack_sharing_enabled":true,"_links":{"self":[{"href":"https:\/\/nbcs.mx\/index.php?rest_route=\/wp\/v2\/posts\/128311","targetHints":{"allow":["GET"]}}],"collection":[{"href":"https:\/\/nbcs.mx\/index.php?rest_route=\/wp\/v2\/posts"}],"about":[{"href":"https:\/\/nbcs.mx\/index.php?rest_route=\/wp\/v2\/types\/post"}],"author":[{"embeddable":true,"href":"https:\/\/nbcs.mx\/index.php?rest_route=\/wp\/v2\/users\/1"}],"replies":[{"embeddable":true,"href":"https:\/\/nbcs.mx\/index.php?rest_route=%2Fwp%2Fv2%2Fcomments&post=128311"}],"version-history":[{"count":1,"href":"https:\/\/nbcs.mx\/index.php?rest_route=\/wp\/v2\/posts\/128311\/revisions"}],"predecessor-version":[{"id":128313,"href":"https:\/\/nbcs.mx\/index.php?rest_route=\/wp\/v2\/posts\/128311\/revisions\/128313"}],"wp:attachment":[{"href":"https:\/\/nbcs.mx\/index.php?rest_route=%2Fwp%2Fv2%2Fmedia&parent=128311"}],"wp:term":[{"taxonomy":"category","embeddable":true,"href":"https:\/\/nbcs.mx\/index.php?rest_route=%2Fwp%2Fv2%2Fcategories&post=128311"},{"taxonomy":"post_tag","embeddable":true,"href":"https:\/\/nbcs.mx\/index.php?rest_route=%2Fwp%2Fv2%2Ftags&post=128311"}],"curies":[{"name":"wp","href":"https:\/\/api.w.org\/{rel}","templated":true}]}}