{"id":128418,"date":"2023-09-06T19:42:52","date_gmt":"2023-09-07T01:42:52","guid":{"rendered":"https:\/\/nbcs.mx\/?p=128418"},"modified":"2023-09-06T19:42:52","modified_gmt":"2023-09-07T01:42:52","slug":"inaugura-paola-cota-las-nuevas-oficinas-de-la-direccion-de-sustentabilidad","status":"publish","type":"post","link":"https:\/\/nbcs.mx\/?p=128418","title":{"rendered":"Inaugura Paola Cota las nuevas oficinas de la Direcci\u00f3n de Sustentabilidad"},"content":{"rendered":"<p style=\"font-weight: 400; text-align: justify;\"><img loading=\"lazy\" decoding=\"async\" class=\" wp-image-128419 alignleft\" src=\"https:\/\/nbcs.mx\/wp-content\/uploads\/2023\/09\/FOTO1-Inaugura-Paola-Cota-las-nuevas-oficinas-de-la-Direccion-de-Sustentabilidad-736x492.jpg\" alt=\"\" width=\"404\" height=\"270\" \/>Loreto B.C.S. Cuidar de nuestra tierra es una responsabilidad compartida expres\u00f3 la presidenta de Loreto Paola Cota Davis, quien llam\u00f3 a la ciudadan\u00eda a crear conciencia de sus acciones y unirse activamente a trabajar juntos por un municipio sustentable.<\/p>\n<p style=\"font-weight: 400; text-align: justify;\">Lo anterior, durante la inauguraci\u00f3n de las nuevas oficinas de la Direcci\u00f3n de Sustentabilidad, perteneciente a la Secretar\u00eda de Turismo, Econom\u00eda y Sustentabilidad del Honorable X Ayuntamiento de Loreto, oficinas que, sin duda, ser\u00e1n un s\u00edmbolo del compromiso con la sustentabilidad y el progreso de Loreto.<\/p>\n<p style=\"font-weight: 400; text-align: justify;\">Esta direcci\u00f3n desempe\u00f1a un papel fundamental en la implementaci\u00f3n de pol\u00edticas y programas que fomenten la protecci\u00f3n del medio ambiente, la promoci\u00f3n del turismo responsable y el impulso de iniciativas econ\u00f3micas sostenibles en Loreto. Quiero agradecer a todos los colaboradores y funcionarios involucrados en este proyecto por su dedicaci\u00f3n y esfuerzo.<\/p>\n<p style=\"font-weight: 400; text-align: justify;\">Las aperturas de estas instalaciones representan un paso significativo en nuestra misi\u00f3n de promover y fortalecer la sustentabilidad en nuestra comunidad.<\/p>\n<p style=\"font-weight: 400; text-align: justify;\">\u201cLa preservaci\u00f3n de nuestro entorno natural y cultural es esencial para el bienestar de todas las y las loretanas y para el desarrollo sostenible de nuestro municipio\u201d.<\/p>\n<p style=\"font-weight: 400; text-align: justify;\">La alcaldesa, acompa\u00f1ada de funcionarios y funcionarias de los tres niveles de gobierno que se dieron cita a tan importante acontecimiento, manifest\u00f3 su confianza en que las nuevas oficinas, sean un espacio de innovaci\u00f3n, colaboraci\u00f3n y acci\u00f3n en pro del bienestar de nuestra comunidad y de las generaciones futuras.<\/p>\n<p style=\"font-weight: 400; text-align: justify;\">Entre las personalidades que reuni\u00f3 este evento la ma\u00f1ana de este martes, destaca la presencia de Liz Ram\u00edrez de Ciudades Hermanas de Hermosa Beach; Caryl Cantrell de Ciudades hermanas de Ventura; Maestro Carlos Posadas de Eco-Alianza, y al Lic. Rodolfo Palacios de Parque Nacional Bah\u00eda de Loreto.<\/p>\n<p style=\"font-weight: 400; text-align: justify;\">Todos ellos y ellas, grandes promotores e impulsores de la sustentabilidad en nuestra localidad, con quienes el Gobierno de Paola Cota, ha trabajado en coordinaci\u00f3n para la promoci\u00f3n de m\u00e1s practicas sostenibles para la protecci\u00f3n del entorno natural de nuestro municipio.<\/p>\n<p style=\"font-weight: 400; text-align: justify;\">As\u00ed mismo, acudi\u00f3 el S\u00edndico Municipal y de los Regidores del Ayuntamiento, integrantes del Honorable Cabildo, quienes desempe\u00f1an un papel fundamental en la toma de decisiones y en la representaci\u00f3n de ciudadanos y ciudadanas; su participaci\u00f3n activa en la gesti\u00f3n municipal es esencial para asegurar que las pol\u00edticas y programas se ajusten a las necesidades y aspiraciones de la comunidad, reconoci\u00f3 la mun\u00edcipe loretana.<\/p>\n<p style=\"font-weight: 400; text-align: justify;\">Finalmente, la alcaldesa expres\u00f3 su gratitud y reconocimiento a las y los ciudadanos de Loreto, por su compromiso con un futuro m\u00e1s sustentable. \u201cJuntos, podemos hacer la diferencia\u201d, concluy\u00f3.<\/p>\n","protected":false},"excerpt":{"rendered":"<p>Loreto B.C.S. Cuidar de nuestra tierra es una responsabilidad compartida expres\u00f3 la presidenta de Loreto Paola Cota Davis, quien llam\u00f3<\/p>\n","protected":false},"author":1,"featured_media":0,"comment_status":"open","ping_status":"closed","sticky":false,"template":"","format":"standard","meta":{"colormag_page_container_layout":"default_layout","colormag_page_sidebar_layout":"default_layout","_jetpack_memberships_contains_paid_content":false,"footnotes":"","jetpack_publicize_message":"","jetpack_publicize_feature_enabled":true,"jetpack_social_post_already_shared":true,"jetpack_social_options":{"image_generator_settings":{"template":"highway","default_image_id":0,"font":"","enabled":false},"version":2}},"categories":[40],"tags":[],"class_list":["post-128418","post","type-post","status-publish","format-standard","hentry","category-municipios"],"yoast_head":"<!-- This site is optimized with the Yoast SEO plugin v27.5 - https:\/\/yoast.com\/product\/yoast-seo-wordpress\/ -->\n<title>Inaugura Paola Cota las nuevas oficinas de la Direcci\u00f3n de Sustentabilidad - NBCS Noticias<\/title>\n<meta name=\"robots\" content=\"index, follow, max-snippet:-1, max-image-preview:large, max-video-preview:-1\" \/>\n<link rel=\"canonical\" href=\"https:\/\/nbcs.mx\/?p=128418\" \/>\n<meta property=\"og:locale\" content=\"es_ES\" \/>\n<meta property=\"og:type\" content=\"article\" \/>\n<meta property=\"og:title\" content=\"Inaugura Paola Cota las nuevas oficinas de la Direcci\u00f3n de Sustentabilidad - NBCS Noticias\" \/>\n<meta property=\"og:description\" content=\"Loreto B.C.S. Cuidar de nuestra tierra es una responsabilidad compartida expres\u00f3 la presidenta de Loreto Paola Cota Davis, quien llam\u00f3\" \/>\n<meta property=\"og:url\" content=\"https:\/\/nbcs.mx\/?p=128418\" \/>\n<meta property=\"og:site_name\" content=\"NBCS Noticias\" \/>\n<meta property=\"article:publisher\" content=\"https:\/\/www.facebook.com\/NBCSnoticias\" \/>\n<meta property=\"article:author\" content=\"https:\/\/www.facebook.com\/NBCSnoticias\" \/>\n<meta property=\"article:published_time\" content=\"2023-09-07T01:42:52+00:00\" \/>\n<meta property=\"og:image\" content=\"https:\/\/nbcs.mx\/wp-content\/uploads\/2023\/09\/FOTO1-Inaugura-Paola-Cota-las-nuevas-oficinas-de-la-Direccion-de-Sustentabilidad-736x492.jpg\" \/>\n<meta name=\"author\" content=\"NBCS Noticias\" \/>\n<meta name=\"twitter:card\" content=\"summary_large_image\" \/>\n<meta name=\"twitter:creator\" content=\"@https:\/\/twitter.com\/NBCSnoticias\" \/>\n<meta name=\"twitter:site\" content=\"@NBCSnoticias\" \/>\n<meta name=\"twitter:label1\" content=\"Escrito por\" \/>\n\t<meta name=\"twitter:data1\" content=\"NBCS Noticias\" \/>\n\t<meta name=\"twitter:label2\" content=\"Tiempo de lectura\" \/>\n\t<meta name=\"twitter:data2\" content=\"3 minutos\" \/>\n<script type=\"application\/ld+json\" class=\"yoast-schema-graph\">{\"@context\":\"https:\\\/\\\/schema.org\",\"@graph\":[{\"@type\":\"Article\",\"@id\":\"https:\\\/\\\/nbcs.mx\\\/?p=128418#article\",\"isPartOf\":{\"@id\":\"https:\\\/\\\/nbcs.mx\\\/?p=128418\"},\"author\":{\"name\":\"NBCS Noticias\",\"@id\":\"https:\\\/\\\/nbcs.mx\\\/#\\\/schema\\\/person\\\/ece58bab9a7c1e87a4d28ec9ecd79ff4\"},\"headline\":\"Inaugura Paola Cota las nuevas oficinas de la Direcci\u00f3n de Sustentabilidad\",\"datePublished\":\"2023-09-07T01:42:52+00:00\",\"mainEntityOfPage\":{\"@id\":\"https:\\\/\\\/nbcs.mx\\\/?p=128418\"},\"wordCount\":464,\"commentCount\":0,\"publisher\":{\"@id\":\"https:\\\/\\\/nbcs.mx\\\/#organization\"},\"image\":{\"@id\":\"https:\\\/\\\/nbcs.mx\\\/?p=128418#primaryimage\"},\"thumbnailUrl\":\"https:\\\/\\\/nbcs.mx\\\/wp-content\\\/uploads\\\/2023\\\/09\\\/FOTO1-Inaugura-Paola-Cota-las-nuevas-oficinas-de-la-Direccion-de-Sustentabilidad-736x492.jpg\",\"articleSection\":[\"Municipios\"],\"inLanguage\":\"es\",\"potentialAction\":[{\"@type\":\"CommentAction\",\"name\":\"Comment\",\"target\":[\"https:\\\/\\\/nbcs.mx\\\/?p=128418#respond\"]}]},{\"@type\":\"WebPage\",\"@id\":\"https:\\\/\\\/nbcs.mx\\\/?p=128418\",\"url\":\"https:\\\/\\\/nbcs.mx\\\/?p=128418\",\"name\":\"Inaugura Paola Cota las nuevas oficinas de la Direcci\u00f3n de Sustentabilidad - NBCS Noticias\",\"isPartOf\":{\"@id\":\"https:\\\/\\\/nbcs.mx\\\/#website\"},\"primaryImageOfPage\":{\"@id\":\"https:\\\/\\\/nbcs.mx\\\/?p=128418#primaryimage\"},\"image\":{\"@id\":\"https:\\\/\\\/nbcs.mx\\\/?p=128418#primaryimage\"},\"thumbnailUrl\":\"https:\\\/\\\/nbcs.mx\\\/wp-content\\\/uploads\\\/2023\\\/09\\\/FOTO1-Inaugura-Paola-Cota-las-nuevas-oficinas-de-la-Direccion-de-Sustentabilidad-736x492.jpg\",\"datePublished\":\"2023-09-07T01:42:52+00:00\",\"breadcrumb\":{\"@id\":\"https:\\\/\\\/nbcs.mx\\\/?p=128418#breadcrumb\"},\"inLanguage\":\"es\",\"potentialAction\":[{\"@type\":\"ReadAction\",\"target\":[\"https:\\\/\\\/nbcs.mx\\\/?p=128418\"]}]},{\"@type\":\"ImageObject\",\"inLanguage\":\"es\",\"@id\":\"https:\\\/\\\/nbcs.mx\\\/?p=128418#primaryimage\",\"url\":\"https:\\\/\\\/nbcs.mx\\\/wp-content\\\/uploads\\\/2023\\\/09\\\/FOTO1-Inaugura-Paola-Cota-las-nuevas-oficinas-de-la-Direccion-de-Sustentabilidad-736x492.jpg\",\"contentUrl\":\"https:\\\/\\\/nbcs.mx\\\/wp-content\\\/uploads\\\/2023\\\/09\\\/FOTO1-Inaugura-Paola-Cota-las-nuevas-oficinas-de-la-Direccion-de-Sustentabilidad-736x492.jpg\"},{\"@type\":\"BreadcrumbList\",\"@id\":\"https:\\\/\\\/nbcs.mx\\\/?p=128418#breadcrumb\",\"itemListElement\":[{\"@type\":\"ListItem\",\"position\":1,\"name\":\"Portada\",\"item\":\"https:\\\/\\\/nbcs.mx\\\/\"},{\"@type\":\"ListItem\",\"position\":2,\"name\":\"Inaugura Paola Cota las nuevas oficinas de la Direcci\u00f3n de Sustentabilidad\"}]},{\"@type\":\"WebSite\",\"@id\":\"https:\\\/\\\/nbcs.mx\\\/#website\",\"url\":\"https:\\\/\\\/nbcs.mx\\\/\",\"name\":\"NBCS Noticias\",\"description\":\"Sitio web de noticias en Baja California Sur\",\"publisher\":{\"@id\":\"https:\\\/\\\/nbcs.mx\\\/#organization\"},\"potentialAction\":[{\"@type\":\"SearchAction\",\"target\":{\"@type\":\"EntryPoint\",\"urlTemplate\":\"https:\\\/\\\/nbcs.mx\\\/?s={search_term_string}\"},\"query-input\":{\"@type\":\"PropertyValueSpecification\",\"valueRequired\":true,\"valueName\":\"search_term_string\"}}],\"inLanguage\":\"es\"},{\"@type\":\"Organization\",\"@id\":\"https:\\\/\\\/nbcs.mx\\\/#organization\",\"name\":\"NBCS Noticias\",\"url\":\"https:\\\/\\\/nbcs.mx\\\/\",\"logo\":{\"@type\":\"ImageObject\",\"inLanguage\":\"es\",\"@id\":\"https:\\\/\\\/nbcs.mx\\\/#\\\/schema\\\/logo\\\/image\\\/\",\"url\":\"https:\\\/\\\/nbcs.mx\\\/wp-content\\\/uploads\\\/2018\\\/09\\\/057b69485e93575a5c2b1c1dde2dd297.jpeg\",\"contentUrl\":\"https:\\\/\\\/nbcs.mx\\\/wp-content\\\/uploads\\\/2018\\\/09\\\/057b69485e93575a5c2b1c1dde2dd297.jpeg\",\"width\":64,\"height\":64,\"caption\":\"NBCS Noticias\"},\"image\":{\"@id\":\"https:\\\/\\\/nbcs.mx\\\/#\\\/schema\\\/logo\\\/image\\\/\"},\"sameAs\":[\"https:\\\/\\\/www.facebook.com\\\/NBCSnoticias\",\"https:\\\/\\\/x.com\\\/NBCSnoticias\"]},{\"@type\":\"Person\",\"@id\":\"https:\\\/\\\/nbcs.mx\\\/#\\\/schema\\\/person\\\/ece58bab9a7c1e87a4d28ec9ecd79ff4\",\"name\":\"NBCS Noticias\",\"image\":{\"@type\":\"ImageObject\",\"inLanguage\":\"es\",\"@id\":\"https:\\\/\\\/secure.gravatar.com\\\/avatar\\\/4e52110cad1c4054b43271a0d14bbe9e2ea76aecd0e1097edfc670798d9ca1d4?s=96&d=blank&r=g\",\"url\":\"https:\\\/\\\/secure.gravatar.com\\\/avatar\\\/4e52110cad1c4054b43271a0d14bbe9e2ea76aecd0e1097edfc670798d9ca1d4?s=96&d=blank&r=g\",\"contentUrl\":\"https:\\\/\\\/secure.gravatar.com\\\/avatar\\\/4e52110cad1c4054b43271a0d14bbe9e2ea76aecd0e1097edfc670798d9ca1d4?s=96&d=blank&r=g\",\"caption\":\"NBCS Noticias\"},\"description\":\"\u00bfTienes fotos o video de alg\u00fan acto de posible negligencia, corrupci\u00f3n y abuso de autoridad? M\u00e1ndalo al WhatsApp de NBCS Noticias: 612 141 98 08\",\"sameAs\":[\"https:\\\/\\\/www.nbcs.mx\",\"https:\\\/\\\/www.facebook.com\\\/NBCSnoticias\",\"https:\\\/\\\/www.instagram.com\\\/nbcsnoticias\\\/\",\"https:\\\/\\\/x.com\\\/https:\\\/\\\/twitter.com\\\/NBCSnoticias\"]}]}<\/script>\n<!-- \/ Yoast SEO plugin. -->","yoast_head_json":{"title":"Inaugura Paola Cota las nuevas oficinas de la Direcci\u00f3n de Sustentabilidad - NBCS Noticias","robots":{"index":"index","follow":"follow","max-snippet":"max-snippet:-1","max-image-preview":"max-image-preview:large","max-video-preview":"max-video-preview:-1"},"canonical":"https:\/\/nbcs.mx\/?p=128418","og_locale":"es_ES","og_type":"article","og_title":"Inaugura Paola Cota las nuevas oficinas de la Direcci\u00f3n de Sustentabilidad - NBCS Noticias","og_description":"Loreto B.C.S. Cuidar de nuestra tierra es una responsabilidad compartida expres\u00f3 la presidenta de Loreto Paola Cota Davis, quien llam\u00f3","og_url":"https:\/\/nbcs.mx\/?p=128418","og_site_name":"NBCS Noticias","article_publisher":"https:\/\/www.facebook.com\/NBCSnoticias","article_author":"https:\/\/www.facebook.com\/NBCSnoticias","article_published_time":"2023-09-07T01:42:52+00:00","og_image":[{"url":"https:\/\/nbcs.mx\/wp-content\/uploads\/2023\/09\/FOTO1-Inaugura-Paola-Cota-las-nuevas-oficinas-de-la-Direccion-de-Sustentabilidad-736x492.jpg","type":"","width":"","height":""}],"author":"NBCS Noticias","twitter_card":"summary_large_image","twitter_creator":"@https:\/\/twitter.com\/NBCSnoticias","twitter_site":"@NBCSnoticias","twitter_misc":{"Escrito por":"NBCS Noticias","Tiempo de lectura":"3 minutos"},"schema":{"@context":"https:\/\/schema.org","@graph":[{"@type":"Article","@id":"https:\/\/nbcs.mx\/?p=128418#article","isPartOf":{"@id":"https:\/\/nbcs.mx\/?p=128418"},"author":{"name":"NBCS Noticias","@id":"https:\/\/nbcs.mx\/#\/schema\/person\/ece58bab9a7c1e87a4d28ec9ecd79ff4"},"headline":"Inaugura Paola Cota las nuevas oficinas de la Direcci\u00f3n de Sustentabilidad","datePublished":"2023-09-07T01:42:52+00:00","mainEntityOfPage":{"@id":"https:\/\/nbcs.mx\/?p=128418"},"wordCount":464,"commentCount":0,"publisher":{"@id":"https:\/\/nbcs.mx\/#organization"},"image":{"@id":"https:\/\/nbcs.mx\/?p=128418#primaryimage"},"thumbnailUrl":"https:\/\/nbcs.mx\/wp-content\/uploads\/2023\/09\/FOTO1-Inaugura-Paola-Cota-las-nuevas-oficinas-de-la-Direccion-de-Sustentabilidad-736x492.jpg","articleSection":["Municipios"],"inLanguage":"es","potentialAction":[{"@type":"CommentAction","name":"Comment","target":["https:\/\/nbcs.mx\/?p=128418#respond"]}]},{"@type":"WebPage","@id":"https:\/\/nbcs.mx\/?p=128418","url":"https:\/\/nbcs.mx\/?p=128418","name":"Inaugura Paola Cota las nuevas oficinas de la Direcci\u00f3n de Sustentabilidad - NBCS Noticias","isPartOf":{"@id":"https:\/\/nbcs.mx\/#website"},"primaryImageOfPage":{"@id":"https:\/\/nbcs.mx\/?p=128418#primaryimage"},"image":{"@id":"https:\/\/nbcs.mx\/?p=128418#primaryimage"},"thumbnailUrl":"https:\/\/nbcs.mx\/wp-content\/uploads\/2023\/09\/FOTO1-Inaugura-Paola-Cota-las-nuevas-oficinas-de-la-Direccion-de-Sustentabilidad-736x492.jpg","datePublished":"2023-09-07T01:42:52+00:00","breadcrumb":{"@id":"https:\/\/nbcs.mx\/?p=128418#breadcrumb"},"inLanguage":"es","potentialAction":[{"@type":"ReadAction","target":["https:\/\/nbcs.mx\/?p=128418"]}]},{"@type":"ImageObject","inLanguage":"es","@id":"https:\/\/nbcs.mx\/?p=128418#primaryimage","url":"https:\/\/nbcs.mx\/wp-content\/uploads\/2023\/09\/FOTO1-Inaugura-Paola-Cota-las-nuevas-oficinas-de-la-Direccion-de-Sustentabilidad-736x492.jpg","contentUrl":"https:\/\/nbcs.mx\/wp-content\/uploads\/2023\/09\/FOTO1-Inaugura-Paola-Cota-las-nuevas-oficinas-de-la-Direccion-de-Sustentabilidad-736x492.jpg"},{"@type":"BreadcrumbList","@id":"https:\/\/nbcs.mx\/?p=128418#breadcrumb","itemListElement":[{"@type":"ListItem","position":1,"name":"Portada","item":"https:\/\/nbcs.mx\/"},{"@type":"ListItem","position":2,"name":"Inaugura Paola Cota las nuevas oficinas de la Direcci\u00f3n de Sustentabilidad"}]},{"@type":"WebSite","@id":"https:\/\/nbcs.mx\/#website","url":"https:\/\/nbcs.mx\/","name":"NBCS Noticias","description":"Sitio web de noticias en Baja California Sur","publisher":{"@id":"https:\/\/nbcs.mx\/#organization"},"potentialAction":[{"@type":"SearchAction","target":{"@type":"EntryPoint","urlTemplate":"https:\/\/nbcs.mx\/?s={search_term_string}"},"query-input":{"@type":"PropertyValueSpecification","valueRequired":true,"valueName":"search_term_string"}}],"inLanguage":"es"},{"@type":"Organization","@id":"https:\/\/nbcs.mx\/#organization","name":"NBCS Noticias","url":"https:\/\/nbcs.mx\/","logo":{"@type":"ImageObject","inLanguage":"es","@id":"https:\/\/nbcs.mx\/#\/schema\/logo\/image\/","url":"https:\/\/nbcs.mx\/wp-content\/uploads\/2018\/09\/057b69485e93575a5c2b1c1dde2dd297.jpeg","contentUrl":"https:\/\/nbcs.mx\/wp-content\/uploads\/2018\/09\/057b69485e93575a5c2b1c1dde2dd297.jpeg","width":64,"height":64,"caption":"NBCS Noticias"},"image":{"@id":"https:\/\/nbcs.mx\/#\/schema\/logo\/image\/"},"sameAs":["https:\/\/www.facebook.com\/NBCSnoticias","https:\/\/x.com\/NBCSnoticias"]},{"@type":"Person","@id":"https:\/\/nbcs.mx\/#\/schema\/person\/ece58bab9a7c1e87a4d28ec9ecd79ff4","name":"NBCS Noticias","image":{"@type":"ImageObject","inLanguage":"es","@id":"https:\/\/secure.gravatar.com\/avatar\/4e52110cad1c4054b43271a0d14bbe9e2ea76aecd0e1097edfc670798d9ca1d4?s=96&d=blank&r=g","url":"https:\/\/secure.gravatar.com\/avatar\/4e52110cad1c4054b43271a0d14bbe9e2ea76aecd0e1097edfc670798d9ca1d4?s=96&d=blank&r=g","contentUrl":"https:\/\/secure.gravatar.com\/avatar\/4e52110cad1c4054b43271a0d14bbe9e2ea76aecd0e1097edfc670798d9ca1d4?s=96&d=blank&r=g","caption":"NBCS Noticias"},"description":"\u00bfTienes fotos o video de alg\u00fan acto de posible negligencia, corrupci\u00f3n y abuso de autoridad? M\u00e1ndalo al WhatsApp de NBCS Noticias: 612 141 98 08","sameAs":["https:\/\/www.nbcs.mx","https:\/\/www.facebook.com\/NBCSnoticias","https:\/\/www.instagram.com\/nbcsnoticias\/","https:\/\/x.com\/https:\/\/twitter.com\/NBCSnoticias"]}]}},"jetpack_publicize_connections":[],"jetpack_featured_media_url":"","jetpack_sharing_enabled":true,"_links":{"self":[{"href":"https:\/\/nbcs.mx\/index.php?rest_route=\/wp\/v2\/posts\/128418","targetHints":{"allow":["GET"]}}],"collection":[{"href":"https:\/\/nbcs.mx\/index.php?rest_route=\/wp\/v2\/posts"}],"about":[{"href":"https:\/\/nbcs.mx\/index.php?rest_route=\/wp\/v2\/types\/post"}],"author":[{"embeddable":true,"href":"https:\/\/nbcs.mx\/index.php?rest_route=\/wp\/v2\/users\/1"}],"replies":[{"embeddable":true,"href":"https:\/\/nbcs.mx\/index.php?rest_route=%2Fwp%2Fv2%2Fcomments&post=128418"}],"version-history":[{"count":1,"href":"https:\/\/nbcs.mx\/index.php?rest_route=\/wp\/v2\/posts\/128418\/revisions"}],"predecessor-version":[{"id":128420,"href":"https:\/\/nbcs.mx\/index.php?rest_route=\/wp\/v2\/posts\/128418\/revisions\/128420"}],"wp:attachment":[{"href":"https:\/\/nbcs.mx\/index.php?rest_route=%2Fwp%2Fv2%2Fmedia&parent=128418"}],"wp:term":[{"taxonomy":"category","embeddable":true,"href":"https:\/\/nbcs.mx\/index.php?rest_route=%2Fwp%2Fv2%2Fcategories&post=128418"},{"taxonomy":"post_tag","embeddable":true,"href":"https:\/\/nbcs.mx\/index.php?rest_route=%2Fwp%2Fv2%2Ftags&post=128418"}],"curies":[{"name":"wp","href":"https:\/\/api.w.org\/{rel}","templated":true}]}}