{"id":128768,"date":"2023-09-15T14:35:22","date_gmt":"2023-09-15T20:35:22","guid":{"rendered":"https:\/\/nbcs.mx\/?p=128768"},"modified":"2023-09-15T14:35:22","modified_gmt":"2023-09-15T20:35:22","slug":"asistira-boxeador-emiliano-reducindo-a-campamento-de-preparacion-en-colombia","status":"publish","type":"post","link":"https:\/\/nbcs.mx\/?p=128768","title":{"rendered":"Asistir\u00e1 boxeador Emiliano Reducindo a campamento de preparaci\u00f3n en Colombia"},"content":{"rendered":"<p style=\"font-weight: 400; text-align: justify;\"><img loading=\"lazy\" decoding=\"async\" class=\" wp-image-128769 alignleft\" src=\"https:\/\/nbcs.mx\/wp-content\/uploads\/2023\/09\/Asistira-boxeador-Emiliano-Reducindo-campamento-de-preparacion-en-Colombia3.jpg\" alt=\"\" width=\"344\" height=\"314\" \/>El boxeador pace\u00f1o Emiliano Reducindo Aguayo participar\u00e1 en el Campamento Internacional de Entrenamiento con sede en Colombia, del 17 de septiembre al 13 de octubre, integrando la Selecci\u00f3n Elite Mexicana de Boxeo, inform\u00f3 el Director Municipal del Deporte, Guillermo Ortalejo Hern\u00e1ndez.<\/p>\n<p style=\"font-weight: 400; text-align: justify;\">\n<p style=\"font-weight: 400; text-align: justify;\">Al respecto coment\u00f3, \u201cpara nosotros es importante seguir apoyando a los atletas aunque hayan finalizado su etapa juvenil, Emiliano est\u00e1 en un proceso para entrar a la categor\u00eda elite y con la oportunidad de llegar a unos Juegos Ol\u00edmpicos y nosotros buscamos la manera de aportar nuestro granito de arena como Municipio para que \u00e9l pueda seguir prepar\u00e1ndose\u201d.<\/p>\n<p style=\"font-weight: 400; text-align: justify;\">\n<p style=\"font-weight: 400; text-align: justify;\">Del mismo modo, se\u00f1al\u00f3 que Emiliano es un deportista que se atiende en el Centro Impulso ubicado en la Unidad Deportiva \u201cNuevo Sol\u201d y es un gusto apoyarlo para que pueda asistir al campamento que iniciar\u00e1 a partir del 17 de septiembre, \u201cser\u00e1 casi un mes que estar\u00e1 en Colombia y eso le ayudar\u00e1 a elevar su nivel competitivo y mejorar todas sus t\u00e9cnicas y cualidades f\u00edsicas\u201d.<\/p>\n<p style=\"font-weight: 400; text-align: justify;\">\n<p style=\"font-weight: 400; text-align: justify;\">Por su parte, Emiliano Reducindo manifest\u00f3 que tuvo una gran preparaci\u00f3n para afrontar el reto, \u201cser\u00e1 una buena experiencia ya que subo a otra categor\u00eda y podremos saber a qu\u00e9 nos vamos a enfrentar en un futuro y estar listos, me preparar\u00e9 y dar\u00e9 todo para llegar muy bien a mis futuras competencias como seleccionado elite\u201d.<\/p>\n<p style=\"font-weight: 400; text-align: justify;\">\n<p style=\"font-weight: 400; text-align: justify;\">Finalmente, Ortalejo Hern\u00e1ndez enfatiz\u00f3 que Emiliano es un ejemplo para las y los deportistas que a\u00fan se encuentran en su etapa juvenil, as\u00ed como para las ni\u00f1as, ni\u00f1os y j\u00f3venes que se forman bajo el programa Impulso, ya que con trabajo y disciplina se puede crecer en el deporte.<\/p>\n","protected":false},"excerpt":{"rendered":"<p>El boxeador pace\u00f1o Emiliano Reducindo Aguayo participar\u00e1 en el Campamento Internacional de Entrenamiento con sede en Colombia, del 17 de<\/p>\n","protected":false},"author":1,"featured_media":0,"comment_status":"open","ping_status":"closed","sticky":false,"template":"","format":"standard","meta":{"colormag_page_container_layout":"default_layout","colormag_page_sidebar_layout":"default_layout","_jetpack_memberships_contains_paid_content":false,"footnotes":"","jetpack_publicize_message":"","jetpack_publicize_feature_enabled":true,"jetpack_social_post_already_shared":true,"jetpack_social_options":{"image_generator_settings":{"template":"highway","default_image_id":0,"font":"","enabled":false},"version":2}},"categories":[40],"tags":[],"class_list":["post-128768","post","type-post","status-publish","format-standard","hentry","category-municipios"],"yoast_head":"<!-- This site is optimized with the Yoast SEO plugin v27.5 - https:\/\/yoast.com\/product\/yoast-seo-wordpress\/ -->\n<title>Asistir\u00e1 boxeador Emiliano Reducindo a campamento de preparaci\u00f3n en Colombia - NBCS Noticias<\/title>\n<meta name=\"robots\" content=\"index, follow, max-snippet:-1, max-image-preview:large, max-video-preview:-1\" \/>\n<link rel=\"canonical\" href=\"https:\/\/nbcs.mx\/?p=128768\" \/>\n<meta property=\"og:locale\" content=\"es_ES\" \/>\n<meta property=\"og:type\" content=\"article\" \/>\n<meta property=\"og:title\" content=\"Asistir\u00e1 boxeador Emiliano Reducindo a campamento de preparaci\u00f3n en Colombia - NBCS Noticias\" \/>\n<meta property=\"og:description\" content=\"El boxeador pace\u00f1o Emiliano Reducindo Aguayo participar\u00e1 en el Campamento Internacional de Entrenamiento con sede en Colombia, del 17 de\" \/>\n<meta property=\"og:url\" content=\"https:\/\/nbcs.mx\/?p=128768\" \/>\n<meta property=\"og:site_name\" content=\"NBCS Noticias\" \/>\n<meta property=\"article:publisher\" content=\"https:\/\/www.facebook.com\/NBCSnoticias\" \/>\n<meta property=\"article:author\" content=\"https:\/\/www.facebook.com\/NBCSnoticias\" \/>\n<meta property=\"article:published_time\" content=\"2023-09-15T20:35:22+00:00\" \/>\n<meta property=\"og:image\" content=\"https:\/\/nbcs.mx\/wp-content\/uploads\/2023\/09\/Asistira-boxeador-Emiliano-Reducindo-campamento-de-preparacion-en-Colombia3.jpg\" \/>\n<meta name=\"author\" content=\"NBCS Noticias\" \/>\n<meta name=\"twitter:card\" content=\"summary_large_image\" \/>\n<meta name=\"twitter:creator\" content=\"@https:\/\/twitter.com\/NBCSnoticias\" \/>\n<meta name=\"twitter:site\" content=\"@NBCSnoticias\" \/>\n<meta name=\"twitter:label1\" content=\"Escrito por\" \/>\n\t<meta name=\"twitter:data1\" content=\"NBCS Noticias\" \/>\n\t<meta name=\"twitter:label2\" content=\"Tiempo de lectura\" \/>\n\t<meta name=\"twitter:data2\" content=\"2 minutos\" \/>\n<script type=\"application\/ld+json\" class=\"yoast-schema-graph\">{\"@context\":\"https:\\\/\\\/schema.org\",\"@graph\":[{\"@type\":\"Article\",\"@id\":\"https:\\\/\\\/nbcs.mx\\\/?p=128768#article\",\"isPartOf\":{\"@id\":\"https:\\\/\\\/nbcs.mx\\\/?p=128768\"},\"author\":{\"name\":\"NBCS Noticias\",\"@id\":\"https:\\\/\\\/nbcs.mx\\\/#\\\/schema\\\/person\\\/ece58bab9a7c1e87a4d28ec9ecd79ff4\"},\"headline\":\"Asistir\u00e1 boxeador Emiliano Reducindo a campamento de preparaci\u00f3n en Colombia\",\"datePublished\":\"2023-09-15T20:35:22+00:00\",\"mainEntityOfPage\":{\"@id\":\"https:\\\/\\\/nbcs.mx\\\/?p=128768\"},\"wordCount\":295,\"commentCount\":0,\"publisher\":{\"@id\":\"https:\\\/\\\/nbcs.mx\\\/#organization\"},\"image\":{\"@id\":\"https:\\\/\\\/nbcs.mx\\\/?p=128768#primaryimage\"},\"thumbnailUrl\":\"https:\\\/\\\/nbcs.mx\\\/wp-content\\\/uploads\\\/2023\\\/09\\\/Asistira-boxeador-Emiliano-Reducindo-campamento-de-preparacion-en-Colombia3.jpg\",\"articleSection\":[\"Municipios\"],\"inLanguage\":\"es\",\"potentialAction\":[{\"@type\":\"CommentAction\",\"name\":\"Comment\",\"target\":[\"https:\\\/\\\/nbcs.mx\\\/?p=128768#respond\"]}]},{\"@type\":\"WebPage\",\"@id\":\"https:\\\/\\\/nbcs.mx\\\/?p=128768\",\"url\":\"https:\\\/\\\/nbcs.mx\\\/?p=128768\",\"name\":\"Asistir\u00e1 boxeador Emiliano Reducindo a campamento de preparaci\u00f3n en Colombia - NBCS Noticias\",\"isPartOf\":{\"@id\":\"https:\\\/\\\/nbcs.mx\\\/#website\"},\"primaryImageOfPage\":{\"@id\":\"https:\\\/\\\/nbcs.mx\\\/?p=128768#primaryimage\"},\"image\":{\"@id\":\"https:\\\/\\\/nbcs.mx\\\/?p=128768#primaryimage\"},\"thumbnailUrl\":\"https:\\\/\\\/nbcs.mx\\\/wp-content\\\/uploads\\\/2023\\\/09\\\/Asistira-boxeador-Emiliano-Reducindo-campamento-de-preparacion-en-Colombia3.jpg\",\"datePublished\":\"2023-09-15T20:35:22+00:00\",\"breadcrumb\":{\"@id\":\"https:\\\/\\\/nbcs.mx\\\/?p=128768#breadcrumb\"},\"inLanguage\":\"es\",\"potentialAction\":[{\"@type\":\"ReadAction\",\"target\":[\"https:\\\/\\\/nbcs.mx\\\/?p=128768\"]}]},{\"@type\":\"ImageObject\",\"inLanguage\":\"es\",\"@id\":\"https:\\\/\\\/nbcs.mx\\\/?p=128768#primaryimage\",\"url\":\"https:\\\/\\\/nbcs.mx\\\/wp-content\\\/uploads\\\/2023\\\/09\\\/Asistira-boxeador-Emiliano-Reducindo-campamento-de-preparacion-en-Colombia3.jpg\",\"contentUrl\":\"https:\\\/\\\/nbcs.mx\\\/wp-content\\\/uploads\\\/2023\\\/09\\\/Asistira-boxeador-Emiliano-Reducindo-campamento-de-preparacion-en-Colombia3.jpg\"},{\"@type\":\"BreadcrumbList\",\"@id\":\"https:\\\/\\\/nbcs.mx\\\/?p=128768#breadcrumb\",\"itemListElement\":[{\"@type\":\"ListItem\",\"position\":1,\"name\":\"Portada\",\"item\":\"https:\\\/\\\/nbcs.mx\\\/\"},{\"@type\":\"ListItem\",\"position\":2,\"name\":\"Asistir\u00e1 boxeador Emiliano Reducindo a campamento de preparaci\u00f3n en Colombia\"}]},{\"@type\":\"WebSite\",\"@id\":\"https:\\\/\\\/nbcs.mx\\\/#website\",\"url\":\"https:\\\/\\\/nbcs.mx\\\/\",\"name\":\"NBCS Noticias\",\"description\":\"Sitio web de noticias en Baja California Sur\",\"publisher\":{\"@id\":\"https:\\\/\\\/nbcs.mx\\\/#organization\"},\"potentialAction\":[{\"@type\":\"SearchAction\",\"target\":{\"@type\":\"EntryPoint\",\"urlTemplate\":\"https:\\\/\\\/nbcs.mx\\\/?s={search_term_string}\"},\"query-input\":{\"@type\":\"PropertyValueSpecification\",\"valueRequired\":true,\"valueName\":\"search_term_string\"}}],\"inLanguage\":\"es\"},{\"@type\":\"Organization\",\"@id\":\"https:\\\/\\\/nbcs.mx\\\/#organization\",\"name\":\"NBCS Noticias\",\"url\":\"https:\\\/\\\/nbcs.mx\\\/\",\"logo\":{\"@type\":\"ImageObject\",\"inLanguage\":\"es\",\"@id\":\"https:\\\/\\\/nbcs.mx\\\/#\\\/schema\\\/logo\\\/image\\\/\",\"url\":\"https:\\\/\\\/nbcs.mx\\\/wp-content\\\/uploads\\\/2018\\\/09\\\/057b69485e93575a5c2b1c1dde2dd297.jpeg\",\"contentUrl\":\"https:\\\/\\\/nbcs.mx\\\/wp-content\\\/uploads\\\/2018\\\/09\\\/057b69485e93575a5c2b1c1dde2dd297.jpeg\",\"width\":64,\"height\":64,\"caption\":\"NBCS Noticias\"},\"image\":{\"@id\":\"https:\\\/\\\/nbcs.mx\\\/#\\\/schema\\\/logo\\\/image\\\/\"},\"sameAs\":[\"https:\\\/\\\/www.facebook.com\\\/NBCSnoticias\",\"https:\\\/\\\/x.com\\\/NBCSnoticias\"]},{\"@type\":\"Person\",\"@id\":\"https:\\\/\\\/nbcs.mx\\\/#\\\/schema\\\/person\\\/ece58bab9a7c1e87a4d28ec9ecd79ff4\",\"name\":\"NBCS Noticias\",\"image\":{\"@type\":\"ImageObject\",\"inLanguage\":\"es\",\"@id\":\"https:\\\/\\\/secure.gravatar.com\\\/avatar\\\/4e52110cad1c4054b43271a0d14bbe9e2ea76aecd0e1097edfc670798d9ca1d4?s=96&d=blank&r=g\",\"url\":\"https:\\\/\\\/secure.gravatar.com\\\/avatar\\\/4e52110cad1c4054b43271a0d14bbe9e2ea76aecd0e1097edfc670798d9ca1d4?s=96&d=blank&r=g\",\"contentUrl\":\"https:\\\/\\\/secure.gravatar.com\\\/avatar\\\/4e52110cad1c4054b43271a0d14bbe9e2ea76aecd0e1097edfc670798d9ca1d4?s=96&d=blank&r=g\",\"caption\":\"NBCS Noticias\"},\"description\":\"\u00bfTienes fotos o video de alg\u00fan acto de posible negligencia, corrupci\u00f3n y abuso de autoridad? M\u00e1ndalo al WhatsApp de NBCS Noticias: 612 141 98 08\",\"sameAs\":[\"https:\\\/\\\/www.nbcs.mx\",\"https:\\\/\\\/www.facebook.com\\\/NBCSnoticias\",\"https:\\\/\\\/www.instagram.com\\\/nbcsnoticias\\\/\",\"https:\\\/\\\/x.com\\\/https:\\\/\\\/twitter.com\\\/NBCSnoticias\"]}]}<\/script>\n<!-- \/ Yoast SEO plugin. -->","yoast_head_json":{"title":"Asistir\u00e1 boxeador Emiliano Reducindo a campamento de preparaci\u00f3n en Colombia - NBCS Noticias","robots":{"index":"index","follow":"follow","max-snippet":"max-snippet:-1","max-image-preview":"max-image-preview:large","max-video-preview":"max-video-preview:-1"},"canonical":"https:\/\/nbcs.mx\/?p=128768","og_locale":"es_ES","og_type":"article","og_title":"Asistir\u00e1 boxeador Emiliano Reducindo a campamento de preparaci\u00f3n en Colombia - NBCS Noticias","og_description":"El boxeador pace\u00f1o Emiliano Reducindo Aguayo participar\u00e1 en el Campamento Internacional de Entrenamiento con sede en Colombia, del 17 de","og_url":"https:\/\/nbcs.mx\/?p=128768","og_site_name":"NBCS Noticias","article_publisher":"https:\/\/www.facebook.com\/NBCSnoticias","article_author":"https:\/\/www.facebook.com\/NBCSnoticias","article_published_time":"2023-09-15T20:35:22+00:00","og_image":[{"url":"https:\/\/nbcs.mx\/wp-content\/uploads\/2023\/09\/Asistira-boxeador-Emiliano-Reducindo-campamento-de-preparacion-en-Colombia3.jpg","type":"","width":"","height":""}],"author":"NBCS Noticias","twitter_card":"summary_large_image","twitter_creator":"@https:\/\/twitter.com\/NBCSnoticias","twitter_site":"@NBCSnoticias","twitter_misc":{"Escrito por":"NBCS Noticias","Tiempo de lectura":"2 minutos"},"schema":{"@context":"https:\/\/schema.org","@graph":[{"@type":"Article","@id":"https:\/\/nbcs.mx\/?p=128768#article","isPartOf":{"@id":"https:\/\/nbcs.mx\/?p=128768"},"author":{"name":"NBCS Noticias","@id":"https:\/\/nbcs.mx\/#\/schema\/person\/ece58bab9a7c1e87a4d28ec9ecd79ff4"},"headline":"Asistir\u00e1 boxeador Emiliano Reducindo a campamento de preparaci\u00f3n en Colombia","datePublished":"2023-09-15T20:35:22+00:00","mainEntityOfPage":{"@id":"https:\/\/nbcs.mx\/?p=128768"},"wordCount":295,"commentCount":0,"publisher":{"@id":"https:\/\/nbcs.mx\/#organization"},"image":{"@id":"https:\/\/nbcs.mx\/?p=128768#primaryimage"},"thumbnailUrl":"https:\/\/nbcs.mx\/wp-content\/uploads\/2023\/09\/Asistira-boxeador-Emiliano-Reducindo-campamento-de-preparacion-en-Colombia3.jpg","articleSection":["Municipios"],"inLanguage":"es","potentialAction":[{"@type":"CommentAction","name":"Comment","target":["https:\/\/nbcs.mx\/?p=128768#respond"]}]},{"@type":"WebPage","@id":"https:\/\/nbcs.mx\/?p=128768","url":"https:\/\/nbcs.mx\/?p=128768","name":"Asistir\u00e1 boxeador Emiliano Reducindo a campamento de preparaci\u00f3n en Colombia - NBCS Noticias","isPartOf":{"@id":"https:\/\/nbcs.mx\/#website"},"primaryImageOfPage":{"@id":"https:\/\/nbcs.mx\/?p=128768#primaryimage"},"image":{"@id":"https:\/\/nbcs.mx\/?p=128768#primaryimage"},"thumbnailUrl":"https:\/\/nbcs.mx\/wp-content\/uploads\/2023\/09\/Asistira-boxeador-Emiliano-Reducindo-campamento-de-preparacion-en-Colombia3.jpg","datePublished":"2023-09-15T20:35:22+00:00","breadcrumb":{"@id":"https:\/\/nbcs.mx\/?p=128768#breadcrumb"},"inLanguage":"es","potentialAction":[{"@type":"ReadAction","target":["https:\/\/nbcs.mx\/?p=128768"]}]},{"@type":"ImageObject","inLanguage":"es","@id":"https:\/\/nbcs.mx\/?p=128768#primaryimage","url":"https:\/\/nbcs.mx\/wp-content\/uploads\/2023\/09\/Asistira-boxeador-Emiliano-Reducindo-campamento-de-preparacion-en-Colombia3.jpg","contentUrl":"https:\/\/nbcs.mx\/wp-content\/uploads\/2023\/09\/Asistira-boxeador-Emiliano-Reducindo-campamento-de-preparacion-en-Colombia3.jpg"},{"@type":"BreadcrumbList","@id":"https:\/\/nbcs.mx\/?p=128768#breadcrumb","itemListElement":[{"@type":"ListItem","position":1,"name":"Portada","item":"https:\/\/nbcs.mx\/"},{"@type":"ListItem","position":2,"name":"Asistir\u00e1 boxeador Emiliano Reducindo a campamento de preparaci\u00f3n en Colombia"}]},{"@type":"WebSite","@id":"https:\/\/nbcs.mx\/#website","url":"https:\/\/nbcs.mx\/","name":"NBCS Noticias","description":"Sitio web de noticias en Baja California Sur","publisher":{"@id":"https:\/\/nbcs.mx\/#organization"},"potentialAction":[{"@type":"SearchAction","target":{"@type":"EntryPoint","urlTemplate":"https:\/\/nbcs.mx\/?s={search_term_string}"},"query-input":{"@type":"PropertyValueSpecification","valueRequired":true,"valueName":"search_term_string"}}],"inLanguage":"es"},{"@type":"Organization","@id":"https:\/\/nbcs.mx\/#organization","name":"NBCS Noticias","url":"https:\/\/nbcs.mx\/","logo":{"@type":"ImageObject","inLanguage":"es","@id":"https:\/\/nbcs.mx\/#\/schema\/logo\/image\/","url":"https:\/\/nbcs.mx\/wp-content\/uploads\/2018\/09\/057b69485e93575a5c2b1c1dde2dd297.jpeg","contentUrl":"https:\/\/nbcs.mx\/wp-content\/uploads\/2018\/09\/057b69485e93575a5c2b1c1dde2dd297.jpeg","width":64,"height":64,"caption":"NBCS Noticias"},"image":{"@id":"https:\/\/nbcs.mx\/#\/schema\/logo\/image\/"},"sameAs":["https:\/\/www.facebook.com\/NBCSnoticias","https:\/\/x.com\/NBCSnoticias"]},{"@type":"Person","@id":"https:\/\/nbcs.mx\/#\/schema\/person\/ece58bab9a7c1e87a4d28ec9ecd79ff4","name":"NBCS Noticias","image":{"@type":"ImageObject","inLanguage":"es","@id":"https:\/\/secure.gravatar.com\/avatar\/4e52110cad1c4054b43271a0d14bbe9e2ea76aecd0e1097edfc670798d9ca1d4?s=96&d=blank&r=g","url":"https:\/\/secure.gravatar.com\/avatar\/4e52110cad1c4054b43271a0d14bbe9e2ea76aecd0e1097edfc670798d9ca1d4?s=96&d=blank&r=g","contentUrl":"https:\/\/secure.gravatar.com\/avatar\/4e52110cad1c4054b43271a0d14bbe9e2ea76aecd0e1097edfc670798d9ca1d4?s=96&d=blank&r=g","caption":"NBCS Noticias"},"description":"\u00bfTienes fotos o video de alg\u00fan acto de posible negligencia, corrupci\u00f3n y abuso de autoridad? M\u00e1ndalo al WhatsApp de NBCS Noticias: 612 141 98 08","sameAs":["https:\/\/www.nbcs.mx","https:\/\/www.facebook.com\/NBCSnoticias","https:\/\/www.instagram.com\/nbcsnoticias\/","https:\/\/x.com\/https:\/\/twitter.com\/NBCSnoticias"]}]}},"jetpack_publicize_connections":[],"jetpack_featured_media_url":"","jetpack_sharing_enabled":true,"_links":{"self":[{"href":"https:\/\/nbcs.mx\/index.php?rest_route=\/wp\/v2\/posts\/128768","targetHints":{"allow":["GET"]}}],"collection":[{"href":"https:\/\/nbcs.mx\/index.php?rest_route=\/wp\/v2\/posts"}],"about":[{"href":"https:\/\/nbcs.mx\/index.php?rest_route=\/wp\/v2\/types\/post"}],"author":[{"embeddable":true,"href":"https:\/\/nbcs.mx\/index.php?rest_route=\/wp\/v2\/users\/1"}],"replies":[{"embeddable":true,"href":"https:\/\/nbcs.mx\/index.php?rest_route=%2Fwp%2Fv2%2Fcomments&post=128768"}],"version-history":[{"count":1,"href":"https:\/\/nbcs.mx\/index.php?rest_route=\/wp\/v2\/posts\/128768\/revisions"}],"predecessor-version":[{"id":128770,"href":"https:\/\/nbcs.mx\/index.php?rest_route=\/wp\/v2\/posts\/128768\/revisions\/128770"}],"wp:attachment":[{"href":"https:\/\/nbcs.mx\/index.php?rest_route=%2Fwp%2Fv2%2Fmedia&parent=128768"}],"wp:term":[{"taxonomy":"category","embeddable":true,"href":"https:\/\/nbcs.mx\/index.php?rest_route=%2Fwp%2Fv2%2Fcategories&post=128768"},{"taxonomy":"post_tag","embeddable":true,"href":"https:\/\/nbcs.mx\/index.php?rest_route=%2Fwp%2Fv2%2Ftags&post=128768"}],"curies":[{"name":"wp","href":"https:\/\/api.w.org\/{rel}","templated":true}]}}