{"id":128799,"date":"2023-09-15T17:08:58","date_gmt":"2023-09-15T23:08:58","guid":{"rendered":"https:\/\/nbcs.mx\/?p=128799"},"modified":"2023-09-15T17:08:58","modified_gmt":"2023-09-15T23:08:58","slug":"inauguran-modulo-del-empleo-en-oficinas-del-ayuntamiento-de-la-paz","status":"publish","type":"post","link":"https:\/\/nbcs.mx\/?p=128799","title":{"rendered":"Inauguran m\u00f3dulo del empleo en oficinas del Ayuntamiento de La Paz"},"content":{"rendered":"<p style=\"font-weight: 400; text-align: justify;\"><img loading=\"lazy\" decoding=\"async\" class=\" wp-image-128800 alignleft\" src=\"https:\/\/nbcs.mx\/wp-content\/uploads\/2023\/09\/Inauguran-modulo-del-empleo-en-oficinas-del-Ayuntamiento-de-La-Paz2-755x436.jpg\" alt=\"\" width=\"417\" height=\"241\" \/>La Presidenta Municipal, Milena Quiroga Romero, encabez\u00f3 la inauguraci\u00f3n de la oficina m\u00f3dulo de enlace del Servicio Nacional del Empleo (SNE), instalada en el edificio del Ayuntamiento; acompa\u00f1ada del Secretario Estatal del Trabajo, Bienestar y Desarrollo Social, Omar Zavala Ag\u00fandez, y el titular del Servicio Nacional del Empleo (SNE) en BCS, Vladimir Torres Navarro, destac\u00f3 que estas acciones son para fortalecer el acceso al empleo en el Municipio.<\/p>\n<p style=\"font-weight: 400; text-align: justify;\">\n<p style=\"font-weight: 400; text-align: justify;\">La Alcaldesa expres\u00f3 que \u201ctodos tenemos derecho a un empleo, as\u00ed que nosotros con mucho gusto vamos a atender a la ciudadan\u00eda que llegue a este m\u00f3dulo con asesor\u00edas para que puedan ver cu\u00e1les son las posibilidades de empleo en nuestro municipio de La Paz, y en conjunto con el Gobierno del Estado, canalizarlos a la empresa correspondiente para que puedan obtener el trabajo\u201d.<\/p>\n<p style=\"font-weight: 400; text-align: justify;\">\n<p style=\"font-weight: 400; text-align: justify;\">Por su parte, el Titular del SNE en BCS indic\u00f3 que los trabajados se llevaron en coordinaci\u00f3n con la Direcci\u00f3n General de Bienestar y Desarrollo Econ\u00f3mico a trav\u00e9s de la Direcci\u00f3n de Proyectos de Inversi\u00f3n para la instalaci\u00f3n del m\u00f3dulo del Ayuntamiento que hoy inicia funciones con 470 plazas vacantes para el municipio pace\u00f1o, agreg\u00f3 que de esta manera \u201cen La Paz es posible trabajar en equipo para servir a la ciudadan\u00eda\u201d.<\/p>\n<p style=\"font-weight: 400; text-align: justify;\">\n<p style=\"font-weight: 400; text-align: justify;\">A partir de esta fecha, todos los interesados en conseguir un empleo podr\u00e1n acercarse al m\u00f3dulo instalado en las oficinas de la Direcci\u00f3n General de Bienestar y Desarrollo Econ\u00f3mico en el segundo piso del edificio municipal, en horario de lunes a viernes de 8:00 de la ma\u00f1ana a 2:00 de la tarde, en donde los atender\u00e1n de forma directa en el proceso de b\u00fasqueda de trabajo, con asesor\u00edas en el dise\u00f1o de curr\u00edculo y elaboraci\u00f3n de cartas de presentaci\u00f3n para las entrevistas laborales.<\/p>\n","protected":false},"excerpt":{"rendered":"<p>La Presidenta Municipal, Milena Quiroga Romero, encabez\u00f3 la inauguraci\u00f3n de la oficina m\u00f3dulo de enlace del Servicio Nacional del Empleo<\/p>\n","protected":false},"author":1,"featured_media":0,"comment_status":"open","ping_status":"closed","sticky":false,"template":"","format":"standard","meta":{"colormag_page_container_layout":"default_layout","colormag_page_sidebar_layout":"default_layout","_jetpack_memberships_contains_paid_content":false,"footnotes":"","jetpack_publicize_message":"","jetpack_publicize_feature_enabled":true,"jetpack_social_post_already_shared":true,"jetpack_social_options":{"image_generator_settings":{"template":"highway","default_image_id":0,"font":"","enabled":false},"version":2}},"categories":[40],"tags":[],"class_list":["post-128799","post","type-post","status-publish","format-standard","hentry","category-municipios"],"yoast_head":"<!-- This site is optimized with the Yoast SEO plugin v27.4 - https:\/\/yoast.com\/product\/yoast-seo-wordpress\/ -->\n<title>Inauguran m\u00f3dulo del empleo en oficinas del Ayuntamiento de La Paz - NBCS Noticias<\/title>\n<meta name=\"robots\" content=\"index, follow, max-snippet:-1, max-image-preview:large, max-video-preview:-1\" \/>\n<link rel=\"canonical\" href=\"https:\/\/nbcs.mx\/?p=128799\" \/>\n<meta property=\"og:locale\" content=\"es_ES\" \/>\n<meta property=\"og:type\" content=\"article\" \/>\n<meta property=\"og:title\" content=\"Inauguran m\u00f3dulo del empleo en oficinas del Ayuntamiento de La Paz - NBCS Noticias\" \/>\n<meta property=\"og:description\" content=\"La Presidenta Municipal, Milena Quiroga Romero, encabez\u00f3 la inauguraci\u00f3n de la oficina m\u00f3dulo de enlace del Servicio Nacional del Empleo\" \/>\n<meta property=\"og:url\" content=\"https:\/\/nbcs.mx\/?p=128799\" \/>\n<meta property=\"og:site_name\" content=\"NBCS Noticias\" \/>\n<meta property=\"article:publisher\" content=\"https:\/\/www.facebook.com\/NBCSnoticias\" \/>\n<meta property=\"article:author\" content=\"https:\/\/www.facebook.com\/NBCSnoticias\" \/>\n<meta property=\"article:published_time\" content=\"2023-09-15T23:08:58+00:00\" \/>\n<meta property=\"og:image\" content=\"https:\/\/nbcs.mx\/wp-content\/uploads\/2023\/09\/Inauguran-modulo-del-empleo-en-oficinas-del-Ayuntamiento-de-La-Paz2-755x436.jpg\" \/>\n<meta name=\"author\" content=\"NBCS Noticias\" \/>\n<meta name=\"twitter:card\" content=\"summary_large_image\" \/>\n<meta name=\"twitter:creator\" content=\"@https:\/\/twitter.com\/NBCSnoticias\" \/>\n<meta name=\"twitter:site\" content=\"@NBCSnoticias\" \/>\n<meta name=\"twitter:label1\" content=\"Escrito por\" \/>\n\t<meta name=\"twitter:data1\" content=\"NBCS Noticias\" \/>\n\t<meta name=\"twitter:label2\" content=\"Tiempo de lectura\" \/>\n\t<meta name=\"twitter:data2\" content=\"2 minutos\" \/>\n<script type=\"application\/ld+json\" class=\"yoast-schema-graph\">{\"@context\":\"https:\\\/\\\/schema.org\",\"@graph\":[{\"@type\":\"Article\",\"@id\":\"https:\\\/\\\/nbcs.mx\\\/?p=128799#article\",\"isPartOf\":{\"@id\":\"https:\\\/\\\/nbcs.mx\\\/?p=128799\"},\"author\":{\"name\":\"NBCS Noticias\",\"@id\":\"https:\\\/\\\/nbcs.mx\\\/#\\\/schema\\\/person\\\/ece58bab9a7c1e87a4d28ec9ecd79ff4\"},\"headline\":\"Inauguran m\u00f3dulo del empleo en oficinas del Ayuntamiento de La Paz\",\"datePublished\":\"2023-09-15T23:08:58+00:00\",\"mainEntityOfPage\":{\"@id\":\"https:\\\/\\\/nbcs.mx\\\/?p=128799\"},\"wordCount\":326,\"commentCount\":0,\"publisher\":{\"@id\":\"https:\\\/\\\/nbcs.mx\\\/#organization\"},\"image\":{\"@id\":\"https:\\\/\\\/nbcs.mx\\\/?p=128799#primaryimage\"},\"thumbnailUrl\":\"https:\\\/\\\/nbcs.mx\\\/wp-content\\\/uploads\\\/2023\\\/09\\\/Inauguran-modulo-del-empleo-en-oficinas-del-Ayuntamiento-de-La-Paz2-755x436.jpg\",\"articleSection\":[\"Municipios\"],\"inLanguage\":\"es\",\"potentialAction\":[{\"@type\":\"CommentAction\",\"name\":\"Comment\",\"target\":[\"https:\\\/\\\/nbcs.mx\\\/?p=128799#respond\"]}]},{\"@type\":\"WebPage\",\"@id\":\"https:\\\/\\\/nbcs.mx\\\/?p=128799\",\"url\":\"https:\\\/\\\/nbcs.mx\\\/?p=128799\",\"name\":\"Inauguran m\u00f3dulo del empleo en oficinas del Ayuntamiento de La Paz - NBCS Noticias\",\"isPartOf\":{\"@id\":\"https:\\\/\\\/nbcs.mx\\\/#website\"},\"primaryImageOfPage\":{\"@id\":\"https:\\\/\\\/nbcs.mx\\\/?p=128799#primaryimage\"},\"image\":{\"@id\":\"https:\\\/\\\/nbcs.mx\\\/?p=128799#primaryimage\"},\"thumbnailUrl\":\"https:\\\/\\\/nbcs.mx\\\/wp-content\\\/uploads\\\/2023\\\/09\\\/Inauguran-modulo-del-empleo-en-oficinas-del-Ayuntamiento-de-La-Paz2-755x436.jpg\",\"datePublished\":\"2023-09-15T23:08:58+00:00\",\"breadcrumb\":{\"@id\":\"https:\\\/\\\/nbcs.mx\\\/?p=128799#breadcrumb\"},\"inLanguage\":\"es\",\"potentialAction\":[{\"@type\":\"ReadAction\",\"target\":[\"https:\\\/\\\/nbcs.mx\\\/?p=128799\"]}]},{\"@type\":\"ImageObject\",\"inLanguage\":\"es\",\"@id\":\"https:\\\/\\\/nbcs.mx\\\/?p=128799#primaryimage\",\"url\":\"https:\\\/\\\/nbcs.mx\\\/wp-content\\\/uploads\\\/2023\\\/09\\\/Inauguran-modulo-del-empleo-en-oficinas-del-Ayuntamiento-de-La-Paz2-755x436.jpg\",\"contentUrl\":\"https:\\\/\\\/nbcs.mx\\\/wp-content\\\/uploads\\\/2023\\\/09\\\/Inauguran-modulo-del-empleo-en-oficinas-del-Ayuntamiento-de-La-Paz2-755x436.jpg\"},{\"@type\":\"BreadcrumbList\",\"@id\":\"https:\\\/\\\/nbcs.mx\\\/?p=128799#breadcrumb\",\"itemListElement\":[{\"@type\":\"ListItem\",\"position\":1,\"name\":\"Portada\",\"item\":\"https:\\\/\\\/nbcs.mx\\\/\"},{\"@type\":\"ListItem\",\"position\":2,\"name\":\"Inauguran m\u00f3dulo del empleo en oficinas del Ayuntamiento de La Paz\"}]},{\"@type\":\"WebSite\",\"@id\":\"https:\\\/\\\/nbcs.mx\\\/#website\",\"url\":\"https:\\\/\\\/nbcs.mx\\\/\",\"name\":\"NBCS Noticias\",\"description\":\"Sitio web de noticias en Baja California Sur\",\"publisher\":{\"@id\":\"https:\\\/\\\/nbcs.mx\\\/#organization\"},\"potentialAction\":[{\"@type\":\"SearchAction\",\"target\":{\"@type\":\"EntryPoint\",\"urlTemplate\":\"https:\\\/\\\/nbcs.mx\\\/?s={search_term_string}\"},\"query-input\":{\"@type\":\"PropertyValueSpecification\",\"valueRequired\":true,\"valueName\":\"search_term_string\"}}],\"inLanguage\":\"es\"},{\"@type\":\"Organization\",\"@id\":\"https:\\\/\\\/nbcs.mx\\\/#organization\",\"name\":\"NBCS Noticias\",\"url\":\"https:\\\/\\\/nbcs.mx\\\/\",\"logo\":{\"@type\":\"ImageObject\",\"inLanguage\":\"es\",\"@id\":\"https:\\\/\\\/nbcs.mx\\\/#\\\/schema\\\/logo\\\/image\\\/\",\"url\":\"https:\\\/\\\/nbcs.mx\\\/wp-content\\\/uploads\\\/2018\\\/09\\\/057b69485e93575a5c2b1c1dde2dd297.jpeg\",\"contentUrl\":\"https:\\\/\\\/nbcs.mx\\\/wp-content\\\/uploads\\\/2018\\\/09\\\/057b69485e93575a5c2b1c1dde2dd297.jpeg\",\"width\":64,\"height\":64,\"caption\":\"NBCS Noticias\"},\"image\":{\"@id\":\"https:\\\/\\\/nbcs.mx\\\/#\\\/schema\\\/logo\\\/image\\\/\"},\"sameAs\":[\"https:\\\/\\\/www.facebook.com\\\/NBCSnoticias\",\"https:\\\/\\\/x.com\\\/NBCSnoticias\"]},{\"@type\":\"Person\",\"@id\":\"https:\\\/\\\/nbcs.mx\\\/#\\\/schema\\\/person\\\/ece58bab9a7c1e87a4d28ec9ecd79ff4\",\"name\":\"NBCS Noticias\",\"image\":{\"@type\":\"ImageObject\",\"inLanguage\":\"es\",\"@id\":\"https:\\\/\\\/secure.gravatar.com\\\/avatar\\\/4e52110cad1c4054b43271a0d14bbe9e2ea76aecd0e1097edfc670798d9ca1d4?s=96&d=blank&r=g\",\"url\":\"https:\\\/\\\/secure.gravatar.com\\\/avatar\\\/4e52110cad1c4054b43271a0d14bbe9e2ea76aecd0e1097edfc670798d9ca1d4?s=96&d=blank&r=g\",\"contentUrl\":\"https:\\\/\\\/secure.gravatar.com\\\/avatar\\\/4e52110cad1c4054b43271a0d14bbe9e2ea76aecd0e1097edfc670798d9ca1d4?s=96&d=blank&r=g\",\"caption\":\"NBCS Noticias\"},\"description\":\"\u00bfTienes fotos o video de alg\u00fan acto de posible negligencia, corrupci\u00f3n y abuso de autoridad? M\u00e1ndalo al WhatsApp de NBCS Noticias: 612 141 98 08\",\"sameAs\":[\"https:\\\/\\\/www.nbcs.mx\",\"https:\\\/\\\/www.facebook.com\\\/NBCSnoticias\",\"https:\\\/\\\/www.instagram.com\\\/nbcsnoticias\\\/\",\"https:\\\/\\\/x.com\\\/https:\\\/\\\/twitter.com\\\/NBCSnoticias\"]}]}<\/script>\n<!-- \/ Yoast SEO plugin. -->","yoast_head_json":{"title":"Inauguran m\u00f3dulo del empleo en oficinas del Ayuntamiento de La Paz - NBCS Noticias","robots":{"index":"index","follow":"follow","max-snippet":"max-snippet:-1","max-image-preview":"max-image-preview:large","max-video-preview":"max-video-preview:-1"},"canonical":"https:\/\/nbcs.mx\/?p=128799","og_locale":"es_ES","og_type":"article","og_title":"Inauguran m\u00f3dulo del empleo en oficinas del Ayuntamiento de La Paz - NBCS Noticias","og_description":"La Presidenta Municipal, Milena Quiroga Romero, encabez\u00f3 la inauguraci\u00f3n de la oficina m\u00f3dulo de enlace del Servicio Nacional del Empleo","og_url":"https:\/\/nbcs.mx\/?p=128799","og_site_name":"NBCS Noticias","article_publisher":"https:\/\/www.facebook.com\/NBCSnoticias","article_author":"https:\/\/www.facebook.com\/NBCSnoticias","article_published_time":"2023-09-15T23:08:58+00:00","og_image":[{"url":"https:\/\/nbcs.mx\/wp-content\/uploads\/2023\/09\/Inauguran-modulo-del-empleo-en-oficinas-del-Ayuntamiento-de-La-Paz2-755x436.jpg","type":"","width":"","height":""}],"author":"NBCS Noticias","twitter_card":"summary_large_image","twitter_creator":"@https:\/\/twitter.com\/NBCSnoticias","twitter_site":"@NBCSnoticias","twitter_misc":{"Escrito por":"NBCS Noticias","Tiempo de lectura":"2 minutos"},"schema":{"@context":"https:\/\/schema.org","@graph":[{"@type":"Article","@id":"https:\/\/nbcs.mx\/?p=128799#article","isPartOf":{"@id":"https:\/\/nbcs.mx\/?p=128799"},"author":{"name":"NBCS Noticias","@id":"https:\/\/nbcs.mx\/#\/schema\/person\/ece58bab9a7c1e87a4d28ec9ecd79ff4"},"headline":"Inauguran m\u00f3dulo del empleo en oficinas del Ayuntamiento de La Paz","datePublished":"2023-09-15T23:08:58+00:00","mainEntityOfPage":{"@id":"https:\/\/nbcs.mx\/?p=128799"},"wordCount":326,"commentCount":0,"publisher":{"@id":"https:\/\/nbcs.mx\/#organization"},"image":{"@id":"https:\/\/nbcs.mx\/?p=128799#primaryimage"},"thumbnailUrl":"https:\/\/nbcs.mx\/wp-content\/uploads\/2023\/09\/Inauguran-modulo-del-empleo-en-oficinas-del-Ayuntamiento-de-La-Paz2-755x436.jpg","articleSection":["Municipios"],"inLanguage":"es","potentialAction":[{"@type":"CommentAction","name":"Comment","target":["https:\/\/nbcs.mx\/?p=128799#respond"]}]},{"@type":"WebPage","@id":"https:\/\/nbcs.mx\/?p=128799","url":"https:\/\/nbcs.mx\/?p=128799","name":"Inauguran m\u00f3dulo del empleo en oficinas del Ayuntamiento de La Paz - NBCS Noticias","isPartOf":{"@id":"https:\/\/nbcs.mx\/#website"},"primaryImageOfPage":{"@id":"https:\/\/nbcs.mx\/?p=128799#primaryimage"},"image":{"@id":"https:\/\/nbcs.mx\/?p=128799#primaryimage"},"thumbnailUrl":"https:\/\/nbcs.mx\/wp-content\/uploads\/2023\/09\/Inauguran-modulo-del-empleo-en-oficinas-del-Ayuntamiento-de-La-Paz2-755x436.jpg","datePublished":"2023-09-15T23:08:58+00:00","breadcrumb":{"@id":"https:\/\/nbcs.mx\/?p=128799#breadcrumb"},"inLanguage":"es","potentialAction":[{"@type":"ReadAction","target":["https:\/\/nbcs.mx\/?p=128799"]}]},{"@type":"ImageObject","inLanguage":"es","@id":"https:\/\/nbcs.mx\/?p=128799#primaryimage","url":"https:\/\/nbcs.mx\/wp-content\/uploads\/2023\/09\/Inauguran-modulo-del-empleo-en-oficinas-del-Ayuntamiento-de-La-Paz2-755x436.jpg","contentUrl":"https:\/\/nbcs.mx\/wp-content\/uploads\/2023\/09\/Inauguran-modulo-del-empleo-en-oficinas-del-Ayuntamiento-de-La-Paz2-755x436.jpg"},{"@type":"BreadcrumbList","@id":"https:\/\/nbcs.mx\/?p=128799#breadcrumb","itemListElement":[{"@type":"ListItem","position":1,"name":"Portada","item":"https:\/\/nbcs.mx\/"},{"@type":"ListItem","position":2,"name":"Inauguran m\u00f3dulo del empleo en oficinas del Ayuntamiento de La Paz"}]},{"@type":"WebSite","@id":"https:\/\/nbcs.mx\/#website","url":"https:\/\/nbcs.mx\/","name":"NBCS Noticias","description":"Sitio web de noticias en Baja California Sur","publisher":{"@id":"https:\/\/nbcs.mx\/#organization"},"potentialAction":[{"@type":"SearchAction","target":{"@type":"EntryPoint","urlTemplate":"https:\/\/nbcs.mx\/?s={search_term_string}"},"query-input":{"@type":"PropertyValueSpecification","valueRequired":true,"valueName":"search_term_string"}}],"inLanguage":"es"},{"@type":"Organization","@id":"https:\/\/nbcs.mx\/#organization","name":"NBCS Noticias","url":"https:\/\/nbcs.mx\/","logo":{"@type":"ImageObject","inLanguage":"es","@id":"https:\/\/nbcs.mx\/#\/schema\/logo\/image\/","url":"https:\/\/nbcs.mx\/wp-content\/uploads\/2018\/09\/057b69485e93575a5c2b1c1dde2dd297.jpeg","contentUrl":"https:\/\/nbcs.mx\/wp-content\/uploads\/2018\/09\/057b69485e93575a5c2b1c1dde2dd297.jpeg","width":64,"height":64,"caption":"NBCS Noticias"},"image":{"@id":"https:\/\/nbcs.mx\/#\/schema\/logo\/image\/"},"sameAs":["https:\/\/www.facebook.com\/NBCSnoticias","https:\/\/x.com\/NBCSnoticias"]},{"@type":"Person","@id":"https:\/\/nbcs.mx\/#\/schema\/person\/ece58bab9a7c1e87a4d28ec9ecd79ff4","name":"NBCS Noticias","image":{"@type":"ImageObject","inLanguage":"es","@id":"https:\/\/secure.gravatar.com\/avatar\/4e52110cad1c4054b43271a0d14bbe9e2ea76aecd0e1097edfc670798d9ca1d4?s=96&d=blank&r=g","url":"https:\/\/secure.gravatar.com\/avatar\/4e52110cad1c4054b43271a0d14bbe9e2ea76aecd0e1097edfc670798d9ca1d4?s=96&d=blank&r=g","contentUrl":"https:\/\/secure.gravatar.com\/avatar\/4e52110cad1c4054b43271a0d14bbe9e2ea76aecd0e1097edfc670798d9ca1d4?s=96&d=blank&r=g","caption":"NBCS Noticias"},"description":"\u00bfTienes fotos o video de alg\u00fan acto de posible negligencia, corrupci\u00f3n y abuso de autoridad? M\u00e1ndalo al WhatsApp de NBCS Noticias: 612 141 98 08","sameAs":["https:\/\/www.nbcs.mx","https:\/\/www.facebook.com\/NBCSnoticias","https:\/\/www.instagram.com\/nbcsnoticias\/","https:\/\/x.com\/https:\/\/twitter.com\/NBCSnoticias"]}]}},"jetpack_publicize_connections":[],"jetpack_featured_media_url":"","jetpack_sharing_enabled":true,"_links":{"self":[{"href":"https:\/\/nbcs.mx\/index.php?rest_route=\/wp\/v2\/posts\/128799","targetHints":{"allow":["GET"]}}],"collection":[{"href":"https:\/\/nbcs.mx\/index.php?rest_route=\/wp\/v2\/posts"}],"about":[{"href":"https:\/\/nbcs.mx\/index.php?rest_route=\/wp\/v2\/types\/post"}],"author":[{"embeddable":true,"href":"https:\/\/nbcs.mx\/index.php?rest_route=\/wp\/v2\/users\/1"}],"replies":[{"embeddable":true,"href":"https:\/\/nbcs.mx\/index.php?rest_route=%2Fwp%2Fv2%2Fcomments&post=128799"}],"version-history":[{"count":1,"href":"https:\/\/nbcs.mx\/index.php?rest_route=\/wp\/v2\/posts\/128799\/revisions"}],"predecessor-version":[{"id":128801,"href":"https:\/\/nbcs.mx\/index.php?rest_route=\/wp\/v2\/posts\/128799\/revisions\/128801"}],"wp:attachment":[{"href":"https:\/\/nbcs.mx\/index.php?rest_route=%2Fwp%2Fv2%2Fmedia&parent=128799"}],"wp:term":[{"taxonomy":"category","embeddable":true,"href":"https:\/\/nbcs.mx\/index.php?rest_route=%2Fwp%2Fv2%2Fcategories&post=128799"},{"taxonomy":"post_tag","embeddable":true,"href":"https:\/\/nbcs.mx\/index.php?rest_route=%2Fwp%2Fv2%2Ftags&post=128799"}],"curies":[{"name":"wp","href":"https:\/\/api.w.org\/{rel}","templated":true}]}}