{"id":130791,"date":"2023-11-07T16:38:19","date_gmt":"2023-11-07T23:38:19","guid":{"rendered":"https:\/\/nbcs.mx\/?p=130791"},"modified":"2023-11-07T16:38:19","modified_gmt":"2023-11-07T23:38:19","slug":"rinde-edith-aguilar-segundo-informe-de-gobierno","status":"publish","type":"post","link":"https:\/\/nbcs.mx\/?p=130791","title":{"rendered":"Rinde Edith Aguilar Segundo Informe de Gobierno"},"content":{"rendered":"<p style=\"font-weight: 400; text-align: justify;\"><img loading=\"lazy\" decoding=\"async\" class=\" wp-image-130792 alignleft\" src=\"https:\/\/nbcs.mx\/wp-content\/uploads\/2023\/11\/Foto-4-655x492.jpg\" alt=\"\" width=\"320\" height=\"240\" \/>Este 6 de noviembre, la alcaldesa de Muleg\u00e9, Edith Aguilar Villavicencio, rindi\u00f3 su segundo informe de gobierno, en el marco de una sesi\u00f3n solemne realizada en la plaza p\u00fablica Benito Ju\u00e1rez de Santa Rosal\u00eda.<\/p>\n<p style=\"font-weight: 400; text-align: justify;\">Respaldada por V\u00edctor Manuel Castro Cos\u00edo, Gobernador del Estado as\u00ed como por autoridades civiles y militares; la presidenta municipal de Muleg\u00e9 destac\u00f3 los m\u00e1s importantes logros y avances del \u00faltimo a\u00f1o de ejercicio de gobierno relativos a infraestructura, desarrollo social y econ\u00f3mico; educaci\u00f3n, seguridad p\u00fablica, turismo, servicios p\u00fablicos, asistencia social, arte, cultura y deporte, \u201choy no hay nadie en el estado e incluso a nivel nacional que no haya escuchado de los logros de esta administraci\u00f3n, que han sido muchos y de gran impacto\u201d, se\u00f1al\u00f3 al inicio de su intervenci\u00f3n.<\/p>\n<p style=\"font-weight: 400; text-align: justify;\">La alcaldesa, Edith Aguilar, dio a conocer durante su segundo informe de actividades que, a trav\u00e9s de estrategias puntuales, se trabaja en la consolidaci\u00f3n de un gobierno cercano, incluyente y activo, destacando, como uno de los logros m\u00e1s importante del periodo informado, la obtenci\u00f3n del nombramiento de Pueblo M\u00e1gico para Santa Rosal\u00eda, insignia que representa una alternativa de crecimiento para todo el municipio, pues permite el impulso de la actividad tur\u00edstica, con ello el aumento del n\u00famero de visitantes y la inversi\u00f3n p\u00fablica, lo que supone mayores posibilidades de desarrollo para las 7 delegaciones muleginas.<\/p>\n<p style=\"font-weight: 400; text-align: justify;\">\u201cAs\u00ed como celebramos el reciente nombramiento de Santa Rosal\u00eda como Pueblo M\u00e1gico, me permito tambi\u00e9n celebrar y felicitar a las empresas Sol Azul, productora de Osti\u00f3n en la comunidad de La Laguna de San Ignacio, quienes hoy son reconocidos internacionalmente como Producto Sustentable y a la Sociedad Cooperativa Progreso de La Bocana por resultad ganadora del Premio Nacional de Pesca y Acuacultura Sustentables 2023, que entrega el Gobierno de M\u00e9xico; son orgullo mulegino\u201d, destac\u00f3 Edith Aguilar Villavicencio.<\/p>\n<p style=\"font-weight: 400; text-align: justify;\">En el marco del cumplimiento de este mandato constitucional, la alcaldesa de Muleg\u00e9, dio a conocer que, las condiciones econ\u00f3micas del Ayuntamiento, al arranque de labores de la presente administraci\u00f3n, constitu\u00edan una deuda p\u00fablica sin precedentes, donde sobresal\u00eda la escasez de recursos econ\u00f3micos para cumplir con las obligaciones b\u00e1sicas de un Gobierno, ejemplo de ello, un adeudo de m\u00e1s de 219 millones de pesos con proveedores, instituciones financieras, sindicato de trabajadores; quincenas pendientes de pago a trabajadores, demandas laborales, INFONACOT, Comisi\u00f3n Federal de Electricidad, aunado al adeudo hist\u00f3rico con el Instituto de Seguridad y Servicios Sociales de los Trabajadores del Estado por m\u00e1s de 500 millones de pesos.<\/p>\n<p style=\"font-weight: 400; text-align: justify;\">\u201cUna pol\u00edtica diferente es posible, y desde esa posibilidad emprendimos acciones para rescatar las finanzas y poner la casa en orden. Y hoy seguimos asumiendo los retos y la gran responsabilidad de gobernar el Municipio m\u00e1s grande de M\u00e9xico\u2026 pero lo m\u00e1s importante es que lo hacemos juntos\u201d, extern\u00f3 la primera edil.<\/p>\n<p style=\"font-weight: 400; text-align: justify;\">En este contexto, la Presidenta Municipal, a dos a\u00f1os de gesti\u00f3n, destac\u00f3 las acciones relativas a la regularizaci\u00f3n de estas deudas heredadas, entre las que destacan: la firma de un convenio de reconocimiento de deuda y de forma de pago, del cual se han abonado m\u00e1s de 60 millones de pesos, la liquidaci\u00f3n del adeudo con FONACOT por 38 millones de pesos; pago de 15 millones de pesos, es decir, del 37% de los m\u00e1s de 40 millones adeudados a trabajadoras y trabajadores por concepto de n\u00f3mina, misma que se encontraba pendiente de pago desde la administraci\u00f3n pasada.<\/p>\n<p style=\"font-weight: 400; text-align: justify;\">En este mismo sentido, en materia de regularizaci\u00f3n de deudas, Edith Aguilar enfatiz\u00f3 en que su gobierno ha pagado de manera puntal 8.4 millones de pesos de un cr\u00e9dito solicitado a BANOBRAS en el a\u00f1o 2014 para llevar a cabo la modernizaci\u00f3n catastral, mismo que ascend\u00eda a m\u00e1s de 32 millones de pesos.<\/p>\n<p style=\"font-weight: 400; text-align: justify;\">\n<p style=\"font-weight: 400; text-align: justify;\">\u201cMuchos han sido los esfuerzos administrativos para hacer frente a las deudas heredadas. Gracias a mi equipo de trabajo y a las gestiones oportunas hemos logrado regularizar los pagos de los cr\u00e9ditos y financiamientos recibidos en anteriores gobiernos municipales. Hoy por hoy me es grato informar que, somos una administraci\u00f3n que paga puntualmente a su base trabajadora, proveedores y hace frente, con honradez y honestidad, a las deudas, siempre promoviendo el crecimiento y desarrollo de la econom\u00eda local\u201d, destac\u00f3 la alcaldesa durante su intervenci\u00f3n en la materia.<\/p>\n<p style=\"font-weight: 400; text-align: justify;\">La inversi\u00f3n en infraestructura social, enfatiz\u00f3 la alcaldesa, ha sido hist\u00f3rica durante este segundo a\u00f1o de gobierno, puesto que se han consolidado m\u00e1s de 100 obras, entre las que destacan: el reencarpetado a la Subida de Acceso a la colonia Mesa M\u00e9xico en Santa Rosal\u00eda, el reencarpetado y el alumbrado p\u00fablico en acceso a H. Muleg\u00e9 y la construcci\u00f3n de la cancha de usos m\u00faltiples y \u00e1rea de juegos infantiles en la Colonia Infonavit en Guerrero Negro.<\/p>\n<p style=\"font-weight: 400; text-align: justify;\">\u201cEn Muleg\u00e9 apostamos por el crecimiento y desarrollo, por la mejora constante y el trabajo incansable, hemos consolidado las ampliaciones a la red de agua potable en Guerrero Negro, la construcci\u00f3n de estadios de b\u00e9isbol para La Bocana y Punta Abreojos; y la pr\u00f3xima rehabilitaci\u00f3n y creaci\u00f3n de espacios deportivos y recreativos para 6 comunidades; entre otras acciones; sumando m\u00e1s de 57 millones de pesos, provenientes de diversos fondos\u201d, extern\u00f3 Aguilar Villavicencio.<\/p>\n<p style=\"font-weight: 400; text-align: justify;\">En este contexto, durante este informe ante la ciudadan\u00eda, la Presidenta Municipal hizo menci\u00f3n de importantes obras que se realizaron en el m\u00e1s reciente a\u00f1o, entre las que destacan: la construcci\u00f3n de la Casa de la Cultura en Vizca\u00edno, con una inversi\u00f3n de 3 millones de pesos; mantenimiento y rehabilitaci\u00f3n en las canchas de usos m\u00faltiples y plazas comunitarias de Ejido San Lucas, San Bruno, Ejido Alfredo V. Bonfil y Palo Verde; en Santa Rosal\u00eda la rehabilitaci\u00f3n de la unidad deportiva y de la cancha de Mesa M\u00e9xico, Punta Abreojos y San Hip\u00f3lito. Mientras que, en Punta Prieta, la construcci\u00f3n de la barda perimetral e instalaci\u00f3n de juegos infantiles en el parque de la comunidad, as\u00ed como el mantenimiento y rehabilitaci\u00f3n de la Plaza P\u00fablica en La Bocana. Asimismo, tuvieron lugar mejoras en Bah\u00eda Tortugas, al implementarse trabajos de restauraci\u00f3n en el velatorio de la comunidad.<\/p>\n<p style=\"font-weight: 400; text-align: justify;\">Por otro lado, la primera edil mulegina se congratul\u00f3 de avances que se est\u00e1n generando actualmente para la mejora del sector educativo, al estar en proceso la construcci\u00f3n de techumbres para los planteles Manuel F. Montoya y CBTIS 69 en Santa Rosal\u00eda.<\/p>\n<p style=\"font-weight: 400; text-align: justify;\">En materia tur\u00edstica, la alcaldesa destac\u00f3 la proyecci\u00f3n internacional lograda derivado del nombramiento de Santa Rosal\u00eda como Pueblo M\u00e1gico y destac\u00f3 las participaciones en escaparates que colocan al municipio como un destino tur\u00edstico, deportivo y cultural de escala internacional.<\/p>\n<p style=\"font-weight: 400; text-align: justify;\">\u201cSin lugar a dudas, el nombramiento de Santa Rosal\u00eda como Pueblo M\u00e1gico es un parteaguas para el desarrollo de toda nuestra tierra mulegina, mismo que permiti\u00f3 nuestra participaci\u00f3n en el Primer Festival de Pueblos M\u00e1gicos del Mar de Cort\u00e9s en Todos Santos, espacio donde mostramos nuestra cultura e historia; la asistencia al II Tianguis Internacional de Pueblos M\u00e1gicos en Los \u00c1ngeles California, donde expusimos a nivel internacional el trabajo de nuestros artesanos y se llevaron reuniones con inversionistas internacionales; la creaci\u00f3n de la ruta tur\u00edstica Loreto \u2013 Muleg\u00e9, derivada de la firma de un convenio de hermanamiento entre ambas ciudades; atenci\u00f3n especial a los artesanos locales; capacitaci\u00f3n de prestadores de servicios y la pr\u00f3xima rehabilitaci\u00f3n del andador costero de Santa Rosal\u00eda que se convertir\u00e1 en un importante atractivo tur\u00edstico\u201d, dio a conocer Edith Aguilar.<\/p>\n<p style=\"font-weight: 400; text-align: justify;\">Respecto al fortalecimiento de deporte en el municipio, durante el ciclo deportivo 2022 \u2013 2023, Muleg\u00e9 tuvo presencia en 59 competencias de diversas disciplinas, destacando la participaci\u00f3n de un contingente de 317 atletas y 58 entrenadores en los Juegos CONADE 2023 con una inversi\u00f3n de m\u00e1s de novecientos mil pesos en uniformes, equipamiento, traslado y hospedaje en apoyo a los atletas locales. Asimismo, el municipio se consolid\u00f3 como centro para eventos de gran envergadura, al ser sede de cinco torneos de nivel estatal de b\u00e9isbol, baloncesto y softbol.<\/p>\n<p style=\"font-weight: 400; text-align: justify;\">Con la finalidad de fomentar la cultura de la transparencia proactiva y en cumplimiento a la Ley de Transparencia y Acceso a la Informaci\u00f3n P\u00fablica del Estado de Baja California Sur, durante el periodo informado, se han recibido un total de 60 solicitudes de informaci\u00f3n a las que se ha dado respuesta en tiempo y forma. Adem\u00e1s, como resultado de la verificaci\u00f3n de cumplimientos a las obligaciones de Transparencia 2022 se obtuvo un \u00edndice de 97.05% lo que refleja el compromiso de esta Administraci\u00f3n Municipal y de cada una de las Direcciones Generales del H. XVII Ayuntamiento de Muleg\u00e9.<\/p>\n<p style=\"font-weight: 400; text-align: justify;\">Edith Aguilar se congratul\u00f3 de los resultados logrados en materia de asistencia social, mismos que se encuentran reflejados en las estad\u00edsticas del Sistema DIF municipal, instancia que, en este a\u00f1o, realiz\u00f3 196 visitas domiciliarias, 110 estudios socioecon\u00f3micos; atendi\u00f3 330 solicitudes de juzgado para valoraci\u00f3n psicol\u00f3gica dirigidas a adultos e infantes por controversia familiar; 74 atenciones psicol\u00f3gicas a menores resguardados en casa hogar y sus familias. Asimismo, a trav\u00e9s de la Procuradur\u00eda de la Defensa del Menor y la Familia en Muleg\u00e9, atendi\u00f3 a un total de 2,138 personas.<\/p>\n<p style=\"font-weight: 400; text-align: justify;\">\u201cLos grupos de atenci\u00f3n prioritaria han sido atendidos con calidad y calidez, como ha sido siempre nuestro compromiso. En atenci\u00f3n social destaco la entrega de 8,888 desayunos escolares; 193 apoyos a personas con discapacidad a trav\u00e9s de aparatos de apoyo a movilidad; 1,275 despensas ante el hurac\u00e1n Hilary y la visita a 480 familias por los da\u00f1os causados por este fen\u00f3meno meteorol\u00f3gico\u201d, enfatiz\u00f3 la alcaldesa mulegina.<\/p>\n<p style=\"font-weight: 400; text-align: justify;\">\n<p style=\"font-weight: 400; text-align: justify;\">\n<p style=\"font-weight: 400; text-align: justify;\">Respecto al arte y cultura, rubro de suma importancia para la presente administraci\u00f3n municipal, se destac\u00f3 el respaldo y seguimiento de 26 proyectos culturales de las comunidades de Guerrero Negro, Vizca\u00edno, Sierra de San Francisco, Sierra del Patrocinio, Isla San Marcos, San Ignacio y Santa Rosal\u00eda;\u00a0 incentivos econ\u00f3micos dirigidos a artistas, artesanos e instructores locales que impartieron programas formativos en la materia en las diversas comunidades del municipio; la destacada participaci\u00f3n de cantautores muleginos en el Festival de la Canci\u00f3n Sudcaliforniana; la realizaci\u00f3n de eventos literarios, art\u00edsticos as\u00ed como el fortalecimiento de los tradicionales festejos de fundaci\u00f3n del 138 Aniversario de la Fundaci\u00f3n de Santa Rosal\u00eda.<\/p>\n<p style=\"font-weight: 400; text-align: justify;\">Al concluir este ejercicio de rendici\u00f3n de cuentas, la alcaldesa mulegina, destac\u00f3 la presencia de autoridades de los tres \u00f3rdenes de gobierno y agradeci\u00f3 el apoyo invaluable de la ciudadan\u00eda y empresariado mulegino, quienes, han sumado, desde sus trincheras, para la consolidaci\u00f3n de un mejor municipio.<\/p>\n<p style=\"font-weight: 400; text-align: justify;\">\u201cDesde el inicio hemos tenido muy claro que el gran destino y la vida que las y los muleginos se merecen solo es realizable a trav\u00e9s de un gobierno solidario y del trabajo en equipo, con una idea clara de lo que queremos para el futuro en el cual podemos depositar nuestra esperanza. Aspiramos a un Muleg\u00e9 mejor, pr\u00f3spero, con igualdad de derechos para todas y todos y con mayor desarrollo econ\u00f3mico. Tenemos un enorme potencial y ese potencial no est\u00e1 solamente en las riquezas naturales con las que cuenta nuestro municipio, est\u00e1 en nuestra gente\u2026Y lo \u00fanico que les puedo decir, es que lo que me mueve cada d\u00eda: es el gran amor que le tengo a mi familia, a esta gran tierra tan bondadosa, a mi Muleg\u00e9\u201d, expres\u00f3 la alcaldesa, Edith Aguilar Villavicencio.<\/p>\n<p style=\"font-weight: 400; text-align: justify;\">En este evento destac\u00f3 la presencia del Magistrado Presidente del Tribunal Superior de Justicia del Estado, Ra\u00fal Mendoza Unz\u00f3n; las alcaldesas de La Paz, Loreto y Comond\u00fa, Milena Quiroga, Paola Cota e Iliana Talamantes as\u00ed como la regidora Sarah\u00ed Ramos, representante del Presidente Municipal de Los Cabos; \u00d3scar Leggs; la senadora de la Rep\u00fablica, Guadalupe Salda\u00f1a; diputadas y diputados; Jos\u00e9 Rigoberto Mares Aguilar, Armando Mart\u00ednez, Juan P\u00e9rez Cayetano, Eda Palacios, Gabriela Cisneros, Mar\u00eda Guadalupe Moreno, Paz del Alma Ochoa y Teresita de Jes\u00fas Valent\u00edn; la Presidenta Honoraria de DIF Estatal, Patricia Imelda L\u00f3pez; regidoras y regidores del H. Cabildo de Muleg\u00e9; Jos\u00e9 Aldo Pineda Orozco, Comandante de la 4a Zona Naval de Santa Rosal\u00eda; Teniente Coronel de Infanter\u00eda y Esteban Rodr\u00edguez Calder\u00f3n, Comandante del 2\u00b0 Grupo de Infanter\u00eda Motorizada; los magistrados Cristhian Gilberto Rodr\u00edguez y Y\u00e9sica Sep\u00falveda; Celina Ram\u00edrez, suplente de la presidenta municipal; as\u00ed como representantes del Comit\u00e9 Ejecutivo del Sindicato de Bur\u00f3cratas estatal y municipal, regidoras y regidores de los cabildos de los 4 municipios restantes de nuestro Estado, sector empresarial, delegados, subdelegados, familia y ciudadan\u00eda.<\/p>\n<p style=\"text-align: justify;\">\n","protected":false},"excerpt":{"rendered":"<p>Este 6 de noviembre, la alcaldesa de Muleg\u00e9, Edith Aguilar Villavicencio, rindi\u00f3 su segundo informe de gobierno, en el marco<\/p>\n","protected":false},"author":1,"featured_media":0,"comment_status":"open","ping_status":"closed","sticky":false,"template":"","format":"standard","meta":{"colormag_page_container_layout":"default_layout","colormag_page_sidebar_layout":"default_layout","_jetpack_memberships_contains_paid_content":false,"footnotes":"","jetpack_publicize_message":"","jetpack_publicize_feature_enabled":true,"jetpack_social_post_already_shared":true,"jetpack_social_options":{"image_generator_settings":{"template":"highway","default_image_id":0,"font":"","enabled":false},"version":2}},"categories":[40],"tags":[],"class_list":["post-130791","post","type-post","status-publish","format-standard","hentry","category-municipios"],"yoast_head":"<!-- This site is optimized with the Yoast SEO plugin v27.4 - https:\/\/yoast.com\/product\/yoast-seo-wordpress\/ -->\n<title>Rinde Edith Aguilar Segundo Informe de Gobierno - NBCS Noticias<\/title>\n<meta name=\"robots\" content=\"index, follow, max-snippet:-1, max-image-preview:large, max-video-preview:-1\" \/>\n<link rel=\"canonical\" href=\"https:\/\/nbcs.mx\/?p=130791\" \/>\n<meta property=\"og:locale\" content=\"es_ES\" \/>\n<meta property=\"og:type\" content=\"article\" \/>\n<meta property=\"og:title\" content=\"Rinde Edith Aguilar Segundo Informe de Gobierno - NBCS Noticias\" \/>\n<meta property=\"og:description\" content=\"Este 6 de noviembre, la alcaldesa de Muleg\u00e9, Edith Aguilar Villavicencio, rindi\u00f3 su segundo informe de gobierno, en el marco\" \/>\n<meta property=\"og:url\" content=\"https:\/\/nbcs.mx\/?p=130791\" \/>\n<meta property=\"og:site_name\" content=\"NBCS Noticias\" \/>\n<meta property=\"article:publisher\" content=\"https:\/\/www.facebook.com\/NBCSnoticias\" \/>\n<meta property=\"article:author\" content=\"https:\/\/www.facebook.com\/NBCSnoticias\" \/>\n<meta property=\"article:published_time\" content=\"2023-11-07T23:38:19+00:00\" \/>\n<meta property=\"og:image\" content=\"https:\/\/nbcs.mx\/wp-content\/uploads\/2023\/11\/Foto-4-655x492.jpg\" \/>\n<meta name=\"author\" content=\"NBCS Noticias\" \/>\n<meta name=\"twitter:card\" content=\"summary_large_image\" \/>\n<meta name=\"twitter:creator\" content=\"@https:\/\/twitter.com\/NBCSnoticias\" \/>\n<meta name=\"twitter:site\" content=\"@NBCSnoticias\" \/>\n<meta name=\"twitter:label1\" content=\"Escrito por\" \/>\n\t<meta name=\"twitter:data1\" content=\"NBCS Noticias\" \/>\n\t<meta name=\"twitter:label2\" content=\"Tiempo de lectura\" \/>\n\t<meta name=\"twitter:data2\" content=\"10 minutos\" \/>\n<script type=\"application\/ld+json\" class=\"yoast-schema-graph\">{\"@context\":\"https:\\\/\\\/schema.org\",\"@graph\":[{\"@type\":\"Article\",\"@id\":\"https:\\\/\\\/nbcs.mx\\\/?p=130791#article\",\"isPartOf\":{\"@id\":\"https:\\\/\\\/nbcs.mx\\\/?p=130791\"},\"author\":{\"name\":\"NBCS Noticias\",\"@id\":\"https:\\\/\\\/nbcs.mx\\\/#\\\/schema\\\/person\\\/ece58bab9a7c1e87a4d28ec9ecd79ff4\"},\"headline\":\"Rinde Edith Aguilar Segundo Informe de Gobierno\",\"datePublished\":\"2023-11-07T23:38:19+00:00\",\"mainEntityOfPage\":{\"@id\":\"https:\\\/\\\/nbcs.mx\\\/?p=130791\"},\"wordCount\":2159,\"commentCount\":0,\"publisher\":{\"@id\":\"https:\\\/\\\/nbcs.mx\\\/#organization\"},\"image\":{\"@id\":\"https:\\\/\\\/nbcs.mx\\\/?p=130791#primaryimage\"},\"thumbnailUrl\":\"https:\\\/\\\/nbcs.mx\\\/wp-content\\\/uploads\\\/2023\\\/11\\\/Foto-4-655x492.jpg\",\"articleSection\":[\"Municipios\"],\"inLanguage\":\"es\",\"potentialAction\":[{\"@type\":\"CommentAction\",\"name\":\"Comment\",\"target\":[\"https:\\\/\\\/nbcs.mx\\\/?p=130791#respond\"]}]},{\"@type\":\"WebPage\",\"@id\":\"https:\\\/\\\/nbcs.mx\\\/?p=130791\",\"url\":\"https:\\\/\\\/nbcs.mx\\\/?p=130791\",\"name\":\"Rinde Edith Aguilar Segundo Informe de Gobierno - NBCS Noticias\",\"isPartOf\":{\"@id\":\"https:\\\/\\\/nbcs.mx\\\/#website\"},\"primaryImageOfPage\":{\"@id\":\"https:\\\/\\\/nbcs.mx\\\/?p=130791#primaryimage\"},\"image\":{\"@id\":\"https:\\\/\\\/nbcs.mx\\\/?p=130791#primaryimage\"},\"thumbnailUrl\":\"https:\\\/\\\/nbcs.mx\\\/wp-content\\\/uploads\\\/2023\\\/11\\\/Foto-4-655x492.jpg\",\"datePublished\":\"2023-11-07T23:38:19+00:00\",\"breadcrumb\":{\"@id\":\"https:\\\/\\\/nbcs.mx\\\/?p=130791#breadcrumb\"},\"inLanguage\":\"es\",\"potentialAction\":[{\"@type\":\"ReadAction\",\"target\":[\"https:\\\/\\\/nbcs.mx\\\/?p=130791\"]}]},{\"@type\":\"ImageObject\",\"inLanguage\":\"es\",\"@id\":\"https:\\\/\\\/nbcs.mx\\\/?p=130791#primaryimage\",\"url\":\"https:\\\/\\\/nbcs.mx\\\/wp-content\\\/uploads\\\/2023\\\/11\\\/Foto-4-655x492.jpg\",\"contentUrl\":\"https:\\\/\\\/nbcs.mx\\\/wp-content\\\/uploads\\\/2023\\\/11\\\/Foto-4-655x492.jpg\"},{\"@type\":\"BreadcrumbList\",\"@id\":\"https:\\\/\\\/nbcs.mx\\\/?p=130791#breadcrumb\",\"itemListElement\":[{\"@type\":\"ListItem\",\"position\":1,\"name\":\"Portada\",\"item\":\"https:\\\/\\\/nbcs.mx\\\/\"},{\"@type\":\"ListItem\",\"position\":2,\"name\":\"Rinde Edith Aguilar Segundo Informe de Gobierno\"}]},{\"@type\":\"WebSite\",\"@id\":\"https:\\\/\\\/nbcs.mx\\\/#website\",\"url\":\"https:\\\/\\\/nbcs.mx\\\/\",\"name\":\"NBCS Noticias\",\"description\":\"Sitio web de noticias en Baja California Sur\",\"publisher\":{\"@id\":\"https:\\\/\\\/nbcs.mx\\\/#organization\"},\"potentialAction\":[{\"@type\":\"SearchAction\",\"target\":{\"@type\":\"EntryPoint\",\"urlTemplate\":\"https:\\\/\\\/nbcs.mx\\\/?s={search_term_string}\"},\"query-input\":{\"@type\":\"PropertyValueSpecification\",\"valueRequired\":true,\"valueName\":\"search_term_string\"}}],\"inLanguage\":\"es\"},{\"@type\":\"Organization\",\"@id\":\"https:\\\/\\\/nbcs.mx\\\/#organization\",\"name\":\"NBCS Noticias\",\"url\":\"https:\\\/\\\/nbcs.mx\\\/\",\"logo\":{\"@type\":\"ImageObject\",\"inLanguage\":\"es\",\"@id\":\"https:\\\/\\\/nbcs.mx\\\/#\\\/schema\\\/logo\\\/image\\\/\",\"url\":\"https:\\\/\\\/nbcs.mx\\\/wp-content\\\/uploads\\\/2018\\\/09\\\/057b69485e93575a5c2b1c1dde2dd297.jpeg\",\"contentUrl\":\"https:\\\/\\\/nbcs.mx\\\/wp-content\\\/uploads\\\/2018\\\/09\\\/057b69485e93575a5c2b1c1dde2dd297.jpeg\",\"width\":64,\"height\":64,\"caption\":\"NBCS Noticias\"},\"image\":{\"@id\":\"https:\\\/\\\/nbcs.mx\\\/#\\\/schema\\\/logo\\\/image\\\/\"},\"sameAs\":[\"https:\\\/\\\/www.facebook.com\\\/NBCSnoticias\",\"https:\\\/\\\/x.com\\\/NBCSnoticias\"]},{\"@type\":\"Person\",\"@id\":\"https:\\\/\\\/nbcs.mx\\\/#\\\/schema\\\/person\\\/ece58bab9a7c1e87a4d28ec9ecd79ff4\",\"name\":\"NBCS Noticias\",\"image\":{\"@type\":\"ImageObject\",\"inLanguage\":\"es\",\"@id\":\"https:\\\/\\\/secure.gravatar.com\\\/avatar\\\/4e52110cad1c4054b43271a0d14bbe9e2ea76aecd0e1097edfc670798d9ca1d4?s=96&d=blank&r=g\",\"url\":\"https:\\\/\\\/secure.gravatar.com\\\/avatar\\\/4e52110cad1c4054b43271a0d14bbe9e2ea76aecd0e1097edfc670798d9ca1d4?s=96&d=blank&r=g\",\"contentUrl\":\"https:\\\/\\\/secure.gravatar.com\\\/avatar\\\/4e52110cad1c4054b43271a0d14bbe9e2ea76aecd0e1097edfc670798d9ca1d4?s=96&d=blank&r=g\",\"caption\":\"NBCS Noticias\"},\"description\":\"\u00bfTienes fotos o video de alg\u00fan acto de posible negligencia, corrupci\u00f3n y abuso de autoridad? M\u00e1ndalo al WhatsApp de NBCS Noticias: 612 141 98 08\",\"sameAs\":[\"https:\\\/\\\/www.nbcs.mx\",\"https:\\\/\\\/www.facebook.com\\\/NBCSnoticias\",\"https:\\\/\\\/www.instagram.com\\\/nbcsnoticias\\\/\",\"https:\\\/\\\/x.com\\\/https:\\\/\\\/twitter.com\\\/NBCSnoticias\"]}]}<\/script>\n<!-- \/ Yoast SEO plugin. -->","yoast_head_json":{"title":"Rinde Edith Aguilar Segundo Informe de Gobierno - NBCS Noticias","robots":{"index":"index","follow":"follow","max-snippet":"max-snippet:-1","max-image-preview":"max-image-preview:large","max-video-preview":"max-video-preview:-1"},"canonical":"https:\/\/nbcs.mx\/?p=130791","og_locale":"es_ES","og_type":"article","og_title":"Rinde Edith Aguilar Segundo Informe de Gobierno - NBCS Noticias","og_description":"Este 6 de noviembre, la alcaldesa de Muleg\u00e9, Edith Aguilar Villavicencio, rindi\u00f3 su segundo informe de gobierno, en el marco","og_url":"https:\/\/nbcs.mx\/?p=130791","og_site_name":"NBCS Noticias","article_publisher":"https:\/\/www.facebook.com\/NBCSnoticias","article_author":"https:\/\/www.facebook.com\/NBCSnoticias","article_published_time":"2023-11-07T23:38:19+00:00","og_image":[{"url":"https:\/\/nbcs.mx\/wp-content\/uploads\/2023\/11\/Foto-4-655x492.jpg","type":"","width":"","height":""}],"author":"NBCS Noticias","twitter_card":"summary_large_image","twitter_creator":"@https:\/\/twitter.com\/NBCSnoticias","twitter_site":"@NBCSnoticias","twitter_misc":{"Escrito por":"NBCS Noticias","Tiempo de lectura":"10 minutos"},"schema":{"@context":"https:\/\/schema.org","@graph":[{"@type":"Article","@id":"https:\/\/nbcs.mx\/?p=130791#article","isPartOf":{"@id":"https:\/\/nbcs.mx\/?p=130791"},"author":{"name":"NBCS Noticias","@id":"https:\/\/nbcs.mx\/#\/schema\/person\/ece58bab9a7c1e87a4d28ec9ecd79ff4"},"headline":"Rinde Edith Aguilar Segundo Informe de Gobierno","datePublished":"2023-11-07T23:38:19+00:00","mainEntityOfPage":{"@id":"https:\/\/nbcs.mx\/?p=130791"},"wordCount":2159,"commentCount":0,"publisher":{"@id":"https:\/\/nbcs.mx\/#organization"},"image":{"@id":"https:\/\/nbcs.mx\/?p=130791#primaryimage"},"thumbnailUrl":"https:\/\/nbcs.mx\/wp-content\/uploads\/2023\/11\/Foto-4-655x492.jpg","articleSection":["Municipios"],"inLanguage":"es","potentialAction":[{"@type":"CommentAction","name":"Comment","target":["https:\/\/nbcs.mx\/?p=130791#respond"]}]},{"@type":"WebPage","@id":"https:\/\/nbcs.mx\/?p=130791","url":"https:\/\/nbcs.mx\/?p=130791","name":"Rinde Edith Aguilar Segundo Informe de Gobierno - NBCS Noticias","isPartOf":{"@id":"https:\/\/nbcs.mx\/#website"},"primaryImageOfPage":{"@id":"https:\/\/nbcs.mx\/?p=130791#primaryimage"},"image":{"@id":"https:\/\/nbcs.mx\/?p=130791#primaryimage"},"thumbnailUrl":"https:\/\/nbcs.mx\/wp-content\/uploads\/2023\/11\/Foto-4-655x492.jpg","datePublished":"2023-11-07T23:38:19+00:00","breadcrumb":{"@id":"https:\/\/nbcs.mx\/?p=130791#breadcrumb"},"inLanguage":"es","potentialAction":[{"@type":"ReadAction","target":["https:\/\/nbcs.mx\/?p=130791"]}]},{"@type":"ImageObject","inLanguage":"es","@id":"https:\/\/nbcs.mx\/?p=130791#primaryimage","url":"https:\/\/nbcs.mx\/wp-content\/uploads\/2023\/11\/Foto-4-655x492.jpg","contentUrl":"https:\/\/nbcs.mx\/wp-content\/uploads\/2023\/11\/Foto-4-655x492.jpg"},{"@type":"BreadcrumbList","@id":"https:\/\/nbcs.mx\/?p=130791#breadcrumb","itemListElement":[{"@type":"ListItem","position":1,"name":"Portada","item":"https:\/\/nbcs.mx\/"},{"@type":"ListItem","position":2,"name":"Rinde Edith Aguilar Segundo Informe de Gobierno"}]},{"@type":"WebSite","@id":"https:\/\/nbcs.mx\/#website","url":"https:\/\/nbcs.mx\/","name":"NBCS Noticias","description":"Sitio web de noticias en Baja California Sur","publisher":{"@id":"https:\/\/nbcs.mx\/#organization"},"potentialAction":[{"@type":"SearchAction","target":{"@type":"EntryPoint","urlTemplate":"https:\/\/nbcs.mx\/?s={search_term_string}"},"query-input":{"@type":"PropertyValueSpecification","valueRequired":true,"valueName":"search_term_string"}}],"inLanguage":"es"},{"@type":"Organization","@id":"https:\/\/nbcs.mx\/#organization","name":"NBCS Noticias","url":"https:\/\/nbcs.mx\/","logo":{"@type":"ImageObject","inLanguage":"es","@id":"https:\/\/nbcs.mx\/#\/schema\/logo\/image\/","url":"https:\/\/nbcs.mx\/wp-content\/uploads\/2018\/09\/057b69485e93575a5c2b1c1dde2dd297.jpeg","contentUrl":"https:\/\/nbcs.mx\/wp-content\/uploads\/2018\/09\/057b69485e93575a5c2b1c1dde2dd297.jpeg","width":64,"height":64,"caption":"NBCS Noticias"},"image":{"@id":"https:\/\/nbcs.mx\/#\/schema\/logo\/image\/"},"sameAs":["https:\/\/www.facebook.com\/NBCSnoticias","https:\/\/x.com\/NBCSnoticias"]},{"@type":"Person","@id":"https:\/\/nbcs.mx\/#\/schema\/person\/ece58bab9a7c1e87a4d28ec9ecd79ff4","name":"NBCS Noticias","image":{"@type":"ImageObject","inLanguage":"es","@id":"https:\/\/secure.gravatar.com\/avatar\/4e52110cad1c4054b43271a0d14bbe9e2ea76aecd0e1097edfc670798d9ca1d4?s=96&d=blank&r=g","url":"https:\/\/secure.gravatar.com\/avatar\/4e52110cad1c4054b43271a0d14bbe9e2ea76aecd0e1097edfc670798d9ca1d4?s=96&d=blank&r=g","contentUrl":"https:\/\/secure.gravatar.com\/avatar\/4e52110cad1c4054b43271a0d14bbe9e2ea76aecd0e1097edfc670798d9ca1d4?s=96&d=blank&r=g","caption":"NBCS Noticias"},"description":"\u00bfTienes fotos o video de alg\u00fan acto de posible negligencia, corrupci\u00f3n y abuso de autoridad? M\u00e1ndalo al WhatsApp de NBCS Noticias: 612 141 98 08","sameAs":["https:\/\/www.nbcs.mx","https:\/\/www.facebook.com\/NBCSnoticias","https:\/\/www.instagram.com\/nbcsnoticias\/","https:\/\/x.com\/https:\/\/twitter.com\/NBCSnoticias"]}]}},"jetpack_publicize_connections":[],"jetpack_featured_media_url":"","jetpack_sharing_enabled":true,"_links":{"self":[{"href":"https:\/\/nbcs.mx\/index.php?rest_route=\/wp\/v2\/posts\/130791","targetHints":{"allow":["GET"]}}],"collection":[{"href":"https:\/\/nbcs.mx\/index.php?rest_route=\/wp\/v2\/posts"}],"about":[{"href":"https:\/\/nbcs.mx\/index.php?rest_route=\/wp\/v2\/types\/post"}],"author":[{"embeddable":true,"href":"https:\/\/nbcs.mx\/index.php?rest_route=\/wp\/v2\/users\/1"}],"replies":[{"embeddable":true,"href":"https:\/\/nbcs.mx\/index.php?rest_route=%2Fwp%2Fv2%2Fcomments&post=130791"}],"version-history":[{"count":1,"href":"https:\/\/nbcs.mx\/index.php?rest_route=\/wp\/v2\/posts\/130791\/revisions"}],"predecessor-version":[{"id":130793,"href":"https:\/\/nbcs.mx\/index.php?rest_route=\/wp\/v2\/posts\/130791\/revisions\/130793"}],"wp:attachment":[{"href":"https:\/\/nbcs.mx\/index.php?rest_route=%2Fwp%2Fv2%2Fmedia&parent=130791"}],"wp:term":[{"taxonomy":"category","embeddable":true,"href":"https:\/\/nbcs.mx\/index.php?rest_route=%2Fwp%2Fv2%2Fcategories&post=130791"},{"taxonomy":"post_tag","embeddable":true,"href":"https:\/\/nbcs.mx\/index.php?rest_route=%2Fwp%2Fv2%2Ftags&post=130791"}],"curies":[{"name":"wp","href":"https:\/\/api.w.org\/{rel}","templated":true}]}}