{"id":131086,"date":"2023-11-16T14:22:41","date_gmt":"2023-11-16T21:22:41","guid":{"rendered":"https:\/\/nbcs.mx\/?p=131086"},"modified":"2023-11-16T14:22:41","modified_gmt":"2023-11-16T21:22:41","slug":"participa-sedif-en-xxiii-encuentro-nacional-de-alimentacion-y-desarrollo-comunitario","status":"publish","type":"post","link":"https:\/\/nbcs.mx\/?p=131086","title":{"rendered":"Participa SEDIF en XXIII Encuentro Nacional de Alimentaci\u00f3n y Desarrollo Comunitario"},"content":{"rendered":"<p style=\"font-weight: 400; text-align: justify;\"><img loading=\"lazy\" decoding=\"async\" class=\" wp-image-131087 alignleft\" src=\"https:\/\/nbcs.mx\/wp-content\/uploads\/2023\/11\/FOTO-BOLETIN-DIF-ENCUENTRO-ALIMENTACION-739x492.jpg\" alt=\"\" width=\"341\" height=\"227\" \/>\u201cDel 14 al 17 de noviembre, autoridades y especialistas trabajamos en la implementaci\u00f3n de la Estrategia Integral de Asistencia Social, Alimentaci\u00f3n y Desarrollo Comunitario durante el encuentro nacional n\u00famero 23 en la materia, en la ciudad de Boca del R\u00edo en Veracruz\u201d, inform\u00f3 la presidenta honoraria del Sistema Estatal DIF (SEDIF), Patricia Imelda L\u00f3pez Navarro.<\/p>\n<p style=\"font-weight: 400; text-align: justify;\">\n<p style=\"font-weight: 400; text-align: justify;\">En compa\u00f1\u00eda de autoridades federales, estatales y municipales, la presidenta coment\u00f3 que el objetivo de este encuentro, es el de propiciar espacios de coordinaci\u00f3n y acuerdos entre el Sistema Nacional DIF (SNDIF) y los 32 entes estatales para mejorar la alimentaci\u00f3n de las familias.<\/p>\n<p style=\"font-weight: 400; text-align: justify;\">\n<p style=\"font-weight: 400; text-align: justify;\">Se\u00f1al\u00f3 que, a este encuentro que fue inaugurado por autoridades y especialistas, acudieron tambi\u00e9n la directora de administraci\u00f3n, Judith Leonor Ruiz Rubio, la directora de Atenci\u00f3n a Poblaci\u00f3n Vulnerable, Edna Thal\u00eda Avil\u00e9s Quintero y el coordinador de Alimentaci\u00f3n y Desarrollo Comunitario, Romeo Rieke Rodarte.<\/p>\n<p style=\"font-weight: 400; text-align: justify;\">\n<p style=\"font-weight: 400; text-align: justify;\">Patricia L\u00f3pez dijo que a este evento asistieron m\u00e1s de 300 personas de todo el pa\u00eds, al igual que organizaciones e instituciones aliadas nacionales e internacionales que tienen el inter\u00e9s de ejecutar buenas pr\u00e1cticas alimentarias para la poblaci\u00f3n mexicana.<\/p>\n<p style=\"font-weight: 400; text-align: justify;\">\n<p style=\"font-weight: 400; text-align: justify;\">Asimismo, destac\u00f3 que se abordaron temas como producci\u00f3n local de alimentos, huertos comunitarios para favorecer el consumo local, comunidades del futuro, compras a peque\u00f1os productores, estrategias para la comercializaci\u00f3n de productos de desarrollo y red de mercaditos comunitario, experiencias de productores locales, programas alimentarios, implementaci\u00f3n de huertos escolares, violencia y adicciones, centros de desarrollo comunitario y el modelo Pilares.<\/p>\n<p style=\"font-weight: 400; text-align: justify;\">\n<p style=\"font-weight: 400; text-align: justify;\">Para finalizar, la Presidenta dijo que se continuar\u00e1 buscando el bienestar de todas y todos los sudcalifornianos, y que gracias a la asistencia a estos eventos, es posible conocer las pr\u00e1cticas exitosas que se realizan en otros estados de la Rep\u00fablica, y as\u00ed enriquecer y fortalecer las acciones que puedan implementarse en las comunidades prioritarias de la entidad, \u00a0para que todos y cada uno de quienes habitan en la entidad, tengan las mismas oportunidades de una vida digna y una alimentaci\u00f3n adecuada.<\/p>\n","protected":false},"excerpt":{"rendered":"<p>\u201cDel 14 al 17 de noviembre, autoridades y especialistas trabajamos en la implementaci\u00f3n de la Estrategia Integral de Asistencia Social,<\/p>\n","protected":false},"author":1,"featured_media":0,"comment_status":"open","ping_status":"closed","sticky":false,"template":"","format":"standard","meta":{"colormag_page_container_layout":"default_layout","colormag_page_sidebar_layout":"default_layout","_jetpack_memberships_contains_paid_content":false,"footnotes":"","jetpack_publicize_message":"","jetpack_publicize_feature_enabled":true,"jetpack_social_post_already_shared":true,"jetpack_social_options":{"image_generator_settings":{"template":"highway","default_image_id":0,"font":"","enabled":false},"version":2}},"categories":[1],"tags":[],"class_list":["post-131086","post","type-post","status-publish","format-standard","hentry","category-noticias"],"yoast_head":"<!-- This site is optimized with the Yoast SEO plugin v27.4 - https:\/\/yoast.com\/product\/yoast-seo-wordpress\/ -->\n<title>Participa SEDIF en XXIII Encuentro Nacional de Alimentaci\u00f3n y Desarrollo Comunitario - NBCS Noticias<\/title>\n<meta name=\"robots\" content=\"index, follow, max-snippet:-1, max-image-preview:large, max-video-preview:-1\" \/>\n<link rel=\"canonical\" href=\"https:\/\/nbcs.mx\/?p=131086\" \/>\n<meta property=\"og:locale\" content=\"es_ES\" \/>\n<meta property=\"og:type\" content=\"article\" \/>\n<meta property=\"og:title\" content=\"Participa SEDIF en XXIII Encuentro Nacional de Alimentaci\u00f3n y Desarrollo Comunitario - NBCS Noticias\" \/>\n<meta property=\"og:description\" content=\"\u201cDel 14 al 17 de noviembre, autoridades y especialistas trabajamos en la implementaci\u00f3n de la Estrategia Integral de Asistencia Social,\" \/>\n<meta property=\"og:url\" content=\"https:\/\/nbcs.mx\/?p=131086\" \/>\n<meta property=\"og:site_name\" content=\"NBCS Noticias\" \/>\n<meta property=\"article:publisher\" content=\"https:\/\/www.facebook.com\/NBCSnoticias\" \/>\n<meta property=\"article:author\" content=\"https:\/\/www.facebook.com\/NBCSnoticias\" \/>\n<meta property=\"article:published_time\" content=\"2023-11-16T21:22:41+00:00\" \/>\n<meta property=\"og:image\" content=\"https:\/\/nbcs.mx\/wp-content\/uploads\/2023\/11\/FOTO-BOLETIN-DIF-ENCUENTRO-ALIMENTACION-739x492.jpg\" \/>\n<meta name=\"author\" content=\"NBCS Noticias\" \/>\n<meta name=\"twitter:card\" content=\"summary_large_image\" \/>\n<meta name=\"twitter:creator\" content=\"@https:\/\/twitter.com\/NBCSnoticias\" \/>\n<meta name=\"twitter:site\" content=\"@NBCSnoticias\" \/>\n<meta name=\"twitter:label1\" content=\"Escrito por\" \/>\n\t<meta name=\"twitter:data1\" content=\"NBCS Noticias\" \/>\n\t<meta name=\"twitter:label2\" content=\"Tiempo de lectura\" \/>\n\t<meta name=\"twitter:data2\" content=\"2 minutos\" \/>\n<script type=\"application\/ld+json\" class=\"yoast-schema-graph\">{\"@context\":\"https:\\\/\\\/schema.org\",\"@graph\":[{\"@type\":\"Article\",\"@id\":\"https:\\\/\\\/nbcs.mx\\\/?p=131086#article\",\"isPartOf\":{\"@id\":\"https:\\\/\\\/nbcs.mx\\\/?p=131086\"},\"author\":{\"name\":\"NBCS Noticias\",\"@id\":\"https:\\\/\\\/nbcs.mx\\\/#\\\/schema\\\/person\\\/ece58bab9a7c1e87a4d28ec9ecd79ff4\"},\"headline\":\"Participa SEDIF en XXIII Encuentro Nacional de Alimentaci\u00f3n y Desarrollo Comunitario\",\"datePublished\":\"2023-11-16T21:22:41+00:00\",\"mainEntityOfPage\":{\"@id\":\"https:\\\/\\\/nbcs.mx\\\/?p=131086\"},\"wordCount\":359,\"commentCount\":0,\"publisher\":{\"@id\":\"https:\\\/\\\/nbcs.mx\\\/#organization\"},\"image\":{\"@id\":\"https:\\\/\\\/nbcs.mx\\\/?p=131086#primaryimage\"},\"thumbnailUrl\":\"https:\\\/\\\/nbcs.mx\\\/wp-content\\\/uploads\\\/2023\\\/11\\\/FOTO-BOLETIN-DIF-ENCUENTRO-ALIMENTACION-739x492.jpg\",\"articleSection\":[\"Noticias\"],\"inLanguage\":\"es\",\"potentialAction\":[{\"@type\":\"CommentAction\",\"name\":\"Comment\",\"target\":[\"https:\\\/\\\/nbcs.mx\\\/?p=131086#respond\"]}]},{\"@type\":\"WebPage\",\"@id\":\"https:\\\/\\\/nbcs.mx\\\/?p=131086\",\"url\":\"https:\\\/\\\/nbcs.mx\\\/?p=131086\",\"name\":\"Participa SEDIF en XXIII Encuentro Nacional de Alimentaci\u00f3n y Desarrollo Comunitario - NBCS Noticias\",\"isPartOf\":{\"@id\":\"https:\\\/\\\/nbcs.mx\\\/#website\"},\"primaryImageOfPage\":{\"@id\":\"https:\\\/\\\/nbcs.mx\\\/?p=131086#primaryimage\"},\"image\":{\"@id\":\"https:\\\/\\\/nbcs.mx\\\/?p=131086#primaryimage\"},\"thumbnailUrl\":\"https:\\\/\\\/nbcs.mx\\\/wp-content\\\/uploads\\\/2023\\\/11\\\/FOTO-BOLETIN-DIF-ENCUENTRO-ALIMENTACION-739x492.jpg\",\"datePublished\":\"2023-11-16T21:22:41+00:00\",\"breadcrumb\":{\"@id\":\"https:\\\/\\\/nbcs.mx\\\/?p=131086#breadcrumb\"},\"inLanguage\":\"es\",\"potentialAction\":[{\"@type\":\"ReadAction\",\"target\":[\"https:\\\/\\\/nbcs.mx\\\/?p=131086\"]}]},{\"@type\":\"ImageObject\",\"inLanguage\":\"es\",\"@id\":\"https:\\\/\\\/nbcs.mx\\\/?p=131086#primaryimage\",\"url\":\"https:\\\/\\\/nbcs.mx\\\/wp-content\\\/uploads\\\/2023\\\/11\\\/FOTO-BOLETIN-DIF-ENCUENTRO-ALIMENTACION-739x492.jpg\",\"contentUrl\":\"https:\\\/\\\/nbcs.mx\\\/wp-content\\\/uploads\\\/2023\\\/11\\\/FOTO-BOLETIN-DIF-ENCUENTRO-ALIMENTACION-739x492.jpg\"},{\"@type\":\"BreadcrumbList\",\"@id\":\"https:\\\/\\\/nbcs.mx\\\/?p=131086#breadcrumb\",\"itemListElement\":[{\"@type\":\"ListItem\",\"position\":1,\"name\":\"Portada\",\"item\":\"https:\\\/\\\/nbcs.mx\\\/\"},{\"@type\":\"ListItem\",\"position\":2,\"name\":\"Participa SEDIF en XXIII Encuentro Nacional de Alimentaci\u00f3n y Desarrollo Comunitario\"}]},{\"@type\":\"WebSite\",\"@id\":\"https:\\\/\\\/nbcs.mx\\\/#website\",\"url\":\"https:\\\/\\\/nbcs.mx\\\/\",\"name\":\"NBCS Noticias\",\"description\":\"Sitio web de noticias en Baja California Sur\",\"publisher\":{\"@id\":\"https:\\\/\\\/nbcs.mx\\\/#organization\"},\"potentialAction\":[{\"@type\":\"SearchAction\",\"target\":{\"@type\":\"EntryPoint\",\"urlTemplate\":\"https:\\\/\\\/nbcs.mx\\\/?s={search_term_string}\"},\"query-input\":{\"@type\":\"PropertyValueSpecification\",\"valueRequired\":true,\"valueName\":\"search_term_string\"}}],\"inLanguage\":\"es\"},{\"@type\":\"Organization\",\"@id\":\"https:\\\/\\\/nbcs.mx\\\/#organization\",\"name\":\"NBCS Noticias\",\"url\":\"https:\\\/\\\/nbcs.mx\\\/\",\"logo\":{\"@type\":\"ImageObject\",\"inLanguage\":\"es\",\"@id\":\"https:\\\/\\\/nbcs.mx\\\/#\\\/schema\\\/logo\\\/image\\\/\",\"url\":\"https:\\\/\\\/nbcs.mx\\\/wp-content\\\/uploads\\\/2018\\\/09\\\/057b69485e93575a5c2b1c1dde2dd297.jpeg\",\"contentUrl\":\"https:\\\/\\\/nbcs.mx\\\/wp-content\\\/uploads\\\/2018\\\/09\\\/057b69485e93575a5c2b1c1dde2dd297.jpeg\",\"width\":64,\"height\":64,\"caption\":\"NBCS Noticias\"},\"image\":{\"@id\":\"https:\\\/\\\/nbcs.mx\\\/#\\\/schema\\\/logo\\\/image\\\/\"},\"sameAs\":[\"https:\\\/\\\/www.facebook.com\\\/NBCSnoticias\",\"https:\\\/\\\/x.com\\\/NBCSnoticias\"]},{\"@type\":\"Person\",\"@id\":\"https:\\\/\\\/nbcs.mx\\\/#\\\/schema\\\/person\\\/ece58bab9a7c1e87a4d28ec9ecd79ff4\",\"name\":\"NBCS Noticias\",\"image\":{\"@type\":\"ImageObject\",\"inLanguage\":\"es\",\"@id\":\"https:\\\/\\\/secure.gravatar.com\\\/avatar\\\/4e52110cad1c4054b43271a0d14bbe9e2ea76aecd0e1097edfc670798d9ca1d4?s=96&d=blank&r=g\",\"url\":\"https:\\\/\\\/secure.gravatar.com\\\/avatar\\\/4e52110cad1c4054b43271a0d14bbe9e2ea76aecd0e1097edfc670798d9ca1d4?s=96&d=blank&r=g\",\"contentUrl\":\"https:\\\/\\\/secure.gravatar.com\\\/avatar\\\/4e52110cad1c4054b43271a0d14bbe9e2ea76aecd0e1097edfc670798d9ca1d4?s=96&d=blank&r=g\",\"caption\":\"NBCS Noticias\"},\"description\":\"\u00bfTienes fotos o video de alg\u00fan acto de posible negligencia, corrupci\u00f3n y abuso de autoridad? M\u00e1ndalo al WhatsApp de NBCS Noticias: 612 141 98 08\",\"sameAs\":[\"https:\\\/\\\/www.nbcs.mx\",\"https:\\\/\\\/www.facebook.com\\\/NBCSnoticias\",\"https:\\\/\\\/www.instagram.com\\\/nbcsnoticias\\\/\",\"https:\\\/\\\/x.com\\\/https:\\\/\\\/twitter.com\\\/NBCSnoticias\"]}]}<\/script>\n<!-- \/ Yoast SEO plugin. -->","yoast_head_json":{"title":"Participa SEDIF en XXIII Encuentro Nacional de Alimentaci\u00f3n y Desarrollo Comunitario - NBCS Noticias","robots":{"index":"index","follow":"follow","max-snippet":"max-snippet:-1","max-image-preview":"max-image-preview:large","max-video-preview":"max-video-preview:-1"},"canonical":"https:\/\/nbcs.mx\/?p=131086","og_locale":"es_ES","og_type":"article","og_title":"Participa SEDIF en XXIII Encuentro Nacional de Alimentaci\u00f3n y Desarrollo Comunitario - NBCS Noticias","og_description":"\u201cDel 14 al 17 de noviembre, autoridades y especialistas trabajamos en la implementaci\u00f3n de la Estrategia Integral de Asistencia Social,","og_url":"https:\/\/nbcs.mx\/?p=131086","og_site_name":"NBCS Noticias","article_publisher":"https:\/\/www.facebook.com\/NBCSnoticias","article_author":"https:\/\/www.facebook.com\/NBCSnoticias","article_published_time":"2023-11-16T21:22:41+00:00","og_image":[{"url":"https:\/\/nbcs.mx\/wp-content\/uploads\/2023\/11\/FOTO-BOLETIN-DIF-ENCUENTRO-ALIMENTACION-739x492.jpg","type":"","width":"","height":""}],"author":"NBCS Noticias","twitter_card":"summary_large_image","twitter_creator":"@https:\/\/twitter.com\/NBCSnoticias","twitter_site":"@NBCSnoticias","twitter_misc":{"Escrito por":"NBCS Noticias","Tiempo de lectura":"2 minutos"},"schema":{"@context":"https:\/\/schema.org","@graph":[{"@type":"Article","@id":"https:\/\/nbcs.mx\/?p=131086#article","isPartOf":{"@id":"https:\/\/nbcs.mx\/?p=131086"},"author":{"name":"NBCS Noticias","@id":"https:\/\/nbcs.mx\/#\/schema\/person\/ece58bab9a7c1e87a4d28ec9ecd79ff4"},"headline":"Participa SEDIF en XXIII Encuentro Nacional de Alimentaci\u00f3n y Desarrollo Comunitario","datePublished":"2023-11-16T21:22:41+00:00","mainEntityOfPage":{"@id":"https:\/\/nbcs.mx\/?p=131086"},"wordCount":359,"commentCount":0,"publisher":{"@id":"https:\/\/nbcs.mx\/#organization"},"image":{"@id":"https:\/\/nbcs.mx\/?p=131086#primaryimage"},"thumbnailUrl":"https:\/\/nbcs.mx\/wp-content\/uploads\/2023\/11\/FOTO-BOLETIN-DIF-ENCUENTRO-ALIMENTACION-739x492.jpg","articleSection":["Noticias"],"inLanguage":"es","potentialAction":[{"@type":"CommentAction","name":"Comment","target":["https:\/\/nbcs.mx\/?p=131086#respond"]}]},{"@type":"WebPage","@id":"https:\/\/nbcs.mx\/?p=131086","url":"https:\/\/nbcs.mx\/?p=131086","name":"Participa SEDIF en XXIII Encuentro Nacional de Alimentaci\u00f3n y Desarrollo Comunitario - NBCS Noticias","isPartOf":{"@id":"https:\/\/nbcs.mx\/#website"},"primaryImageOfPage":{"@id":"https:\/\/nbcs.mx\/?p=131086#primaryimage"},"image":{"@id":"https:\/\/nbcs.mx\/?p=131086#primaryimage"},"thumbnailUrl":"https:\/\/nbcs.mx\/wp-content\/uploads\/2023\/11\/FOTO-BOLETIN-DIF-ENCUENTRO-ALIMENTACION-739x492.jpg","datePublished":"2023-11-16T21:22:41+00:00","breadcrumb":{"@id":"https:\/\/nbcs.mx\/?p=131086#breadcrumb"},"inLanguage":"es","potentialAction":[{"@type":"ReadAction","target":["https:\/\/nbcs.mx\/?p=131086"]}]},{"@type":"ImageObject","inLanguage":"es","@id":"https:\/\/nbcs.mx\/?p=131086#primaryimage","url":"https:\/\/nbcs.mx\/wp-content\/uploads\/2023\/11\/FOTO-BOLETIN-DIF-ENCUENTRO-ALIMENTACION-739x492.jpg","contentUrl":"https:\/\/nbcs.mx\/wp-content\/uploads\/2023\/11\/FOTO-BOLETIN-DIF-ENCUENTRO-ALIMENTACION-739x492.jpg"},{"@type":"BreadcrumbList","@id":"https:\/\/nbcs.mx\/?p=131086#breadcrumb","itemListElement":[{"@type":"ListItem","position":1,"name":"Portada","item":"https:\/\/nbcs.mx\/"},{"@type":"ListItem","position":2,"name":"Participa SEDIF en XXIII Encuentro Nacional de Alimentaci\u00f3n y Desarrollo Comunitario"}]},{"@type":"WebSite","@id":"https:\/\/nbcs.mx\/#website","url":"https:\/\/nbcs.mx\/","name":"NBCS Noticias","description":"Sitio web de noticias en Baja California Sur","publisher":{"@id":"https:\/\/nbcs.mx\/#organization"},"potentialAction":[{"@type":"SearchAction","target":{"@type":"EntryPoint","urlTemplate":"https:\/\/nbcs.mx\/?s={search_term_string}"},"query-input":{"@type":"PropertyValueSpecification","valueRequired":true,"valueName":"search_term_string"}}],"inLanguage":"es"},{"@type":"Organization","@id":"https:\/\/nbcs.mx\/#organization","name":"NBCS Noticias","url":"https:\/\/nbcs.mx\/","logo":{"@type":"ImageObject","inLanguage":"es","@id":"https:\/\/nbcs.mx\/#\/schema\/logo\/image\/","url":"https:\/\/nbcs.mx\/wp-content\/uploads\/2018\/09\/057b69485e93575a5c2b1c1dde2dd297.jpeg","contentUrl":"https:\/\/nbcs.mx\/wp-content\/uploads\/2018\/09\/057b69485e93575a5c2b1c1dde2dd297.jpeg","width":64,"height":64,"caption":"NBCS Noticias"},"image":{"@id":"https:\/\/nbcs.mx\/#\/schema\/logo\/image\/"},"sameAs":["https:\/\/www.facebook.com\/NBCSnoticias","https:\/\/x.com\/NBCSnoticias"]},{"@type":"Person","@id":"https:\/\/nbcs.mx\/#\/schema\/person\/ece58bab9a7c1e87a4d28ec9ecd79ff4","name":"NBCS Noticias","image":{"@type":"ImageObject","inLanguage":"es","@id":"https:\/\/secure.gravatar.com\/avatar\/4e52110cad1c4054b43271a0d14bbe9e2ea76aecd0e1097edfc670798d9ca1d4?s=96&d=blank&r=g","url":"https:\/\/secure.gravatar.com\/avatar\/4e52110cad1c4054b43271a0d14bbe9e2ea76aecd0e1097edfc670798d9ca1d4?s=96&d=blank&r=g","contentUrl":"https:\/\/secure.gravatar.com\/avatar\/4e52110cad1c4054b43271a0d14bbe9e2ea76aecd0e1097edfc670798d9ca1d4?s=96&d=blank&r=g","caption":"NBCS Noticias"},"description":"\u00bfTienes fotos o video de alg\u00fan acto de posible negligencia, corrupci\u00f3n y abuso de autoridad? M\u00e1ndalo al WhatsApp de NBCS Noticias: 612 141 98 08","sameAs":["https:\/\/www.nbcs.mx","https:\/\/www.facebook.com\/NBCSnoticias","https:\/\/www.instagram.com\/nbcsnoticias\/","https:\/\/x.com\/https:\/\/twitter.com\/NBCSnoticias"]}]}},"jetpack_publicize_connections":[],"jetpack_featured_media_url":"","jetpack_sharing_enabled":true,"_links":{"self":[{"href":"https:\/\/nbcs.mx\/index.php?rest_route=\/wp\/v2\/posts\/131086","targetHints":{"allow":["GET"]}}],"collection":[{"href":"https:\/\/nbcs.mx\/index.php?rest_route=\/wp\/v2\/posts"}],"about":[{"href":"https:\/\/nbcs.mx\/index.php?rest_route=\/wp\/v2\/types\/post"}],"author":[{"embeddable":true,"href":"https:\/\/nbcs.mx\/index.php?rest_route=\/wp\/v2\/users\/1"}],"replies":[{"embeddable":true,"href":"https:\/\/nbcs.mx\/index.php?rest_route=%2Fwp%2Fv2%2Fcomments&post=131086"}],"version-history":[{"count":1,"href":"https:\/\/nbcs.mx\/index.php?rest_route=\/wp\/v2\/posts\/131086\/revisions"}],"predecessor-version":[{"id":131088,"href":"https:\/\/nbcs.mx\/index.php?rest_route=\/wp\/v2\/posts\/131086\/revisions\/131088"}],"wp:attachment":[{"href":"https:\/\/nbcs.mx\/index.php?rest_route=%2Fwp%2Fv2%2Fmedia&parent=131086"}],"wp:term":[{"taxonomy":"category","embeddable":true,"href":"https:\/\/nbcs.mx\/index.php?rest_route=%2Fwp%2Fv2%2Fcategories&post=131086"},{"taxonomy":"post_tag","embeddable":true,"href":"https:\/\/nbcs.mx\/index.php?rest_route=%2Fwp%2Fv2%2Ftags&post=131086"}],"curies":[{"name":"wp","href":"https:\/\/api.w.org\/{rel}","templated":true}]}}