{"id":131613,"date":"2023-12-03T22:18:50","date_gmt":"2023-12-04T05:18:50","guid":{"rendered":"https:\/\/nbcs.mx\/?p=131613"},"modified":"2023-12-03T22:18:50","modified_gmt":"2023-12-04T05:18:50","slug":"rebasa-los-200-corredores-la-2da-edicion-de-la-carrera-bcs-sin-limite","status":"publish","type":"post","link":"https:\/\/nbcs.mx\/?p=131613","title":{"rendered":"Rebasa los 200 corredores la 2da. Edici\u00f3n de la Carrera BCS Sin L\u00edmite"},"content":{"rendered":"<p style=\"font-weight: 400; text-align: justify;\"><img loading=\"lazy\" decoding=\"async\" class=\" wp-image-131614 alignleft\" src=\"https:\/\/nbcs.mx\/wp-content\/uploads\/2023\/12\/Rebasa-los-200-corredores-la-2da.-Edicion-de-la-Carrera-BCS-Sin-Limite3-755x426.jpg\" alt=\"\" width=\"349\" height=\"197\" \/>Con la participaci\u00f3n de m\u00e1s de 200 corredores se llev\u00f3 a cabo este domingo 03 de Diciembre la Carrera Atl\u00e9tica BCS Sin L\u00edmite, en el marco del D\u00eda Internacional de las Personas con Discapacidad, competencia inclusiva que apoy\u00f3 la Direcci\u00f3n General de Inclusi\u00f3n y Diversidad, a cargo de Amor Fenech Monta\u00f1o.<\/p>\n<p style=\"font-weight: 400; text-align: justify;\">\n<p style=\"font-weight: 400; text-align: justify;\">Al respecto, destac\u00f3 la importancia de impulsar el deporte inclusivo, en particular las carreras, ya que permite que deportistas con alguna discapacidad participen en este tipo de eventos, que adem\u00e1s familiares, y en esta ocasi\u00f3n no fue la excepci\u00f3n la participaci\u00f3n de este sector de la poblaci\u00f3n.<\/p>\n<p style=\"font-weight: 400; text-align: justify;\">\n<p style=\"font-weight: 400; text-align: justify;\">La carrera arranc\u00f3 en el Parque Cuauht\u00e9moc, hacia El Molinito, ida y vuelta; mientras que, la ruta Caminata, fue del parque Cuauht\u00e9moc al Kiosco, ida y vuelta.<\/p>\n<p style=\"font-weight: 400; text-align: justify;\">\n<p style=\"font-weight: 400; text-align: justify;\">En la rama femenil, el primer lugar fue para Cristina Cota con 19:30 minutos, el segundo lugar para Luc\u00eda Jim\u00e9nez con 20:10 minutos y el tercer sitio para Kasandra Meza con 20:29 minutos. En la rama varonil el primero en cruzar la meta fue Daniel Mart\u00ednez con 12:48 minutos, el segundo lugar Oscar Alonso con 15:12 minutos y el tercer sitio Jos\u00e9 Apolinar con 15:37 minutos. En la categor\u00eda especial, el primer lugar fue para \u00c1ngel Mendoza con 22:19 minutos, el segundo para Eduardo Flores con 22:32 minutos y el tercer sitio para Everardo S\u00e1nchez con 25:40 minutos.<\/p>\n<p style=\"font-weight: 400; text-align: justify;\">\n<p style=\"font-weight: 400; text-align: justify;\">Por su parte, el director Municipal de Inclusi\u00f3n, Francisco Mart\u00ednez Monge, dijo que esta carrera es impulsada por Ismael Lean de Anda y tuvo dos objetivos: primero, recaudar fondos en pro del competidor en silla de ruedas, Mario P\u00e9rez Gonz\u00e1lez, quien representar\u00e1 a M\u00e9xico en el Grand Prix de Suiza; y segundo, para instalar un circuito de entrenamiento en terrenos de la Escuela de Cultura F\u00edsica (Escufi), donde los ciudadanos que necesiten andar en sillas de ruedas aprendan a utilizarla a trav\u00e9s de obst\u00e1culos, subir y bajar escaleras, rampas, entre otros.<\/p>\n<p style=\"font-weight: 400; text-align: justify;\">\n<p style=\"font-weight: 400; text-align: justify;\">A\u00f1adi\u00f3 que estas carreras buscan promover el deporte entre las personas con discapacidad en La Paz, fomentar la inclusi\u00f3n social y promover espacios de sana convivencia, contando con las medidas necesarias para poder cuidar su integridad y la de sus acompa\u00f1antes.<\/p>\n","protected":false},"excerpt":{"rendered":"<p>Con la participaci\u00f3n de m\u00e1s de 200 corredores se llev\u00f3 a cabo este domingo 03 de Diciembre la Carrera Atl\u00e9tica<\/p>\n","protected":false},"author":1,"featured_media":0,"comment_status":"open","ping_status":"closed","sticky":false,"template":"","format":"standard","meta":{"colormag_page_container_layout":"default_layout","colormag_page_sidebar_layout":"default_layout","_jetpack_memberships_contains_paid_content":false,"footnotes":"","jetpack_publicize_message":"","jetpack_publicize_feature_enabled":true,"jetpack_social_post_already_shared":true,"jetpack_social_options":{"image_generator_settings":{"template":"highway","default_image_id":0,"font":"","enabled":false},"version":2}},"categories":[23],"tags":[],"class_list":["post-131613","post","type-post","status-publish","format-standard","hentry","category-deportes"],"yoast_head":"<!-- This site is optimized with the Yoast SEO plugin v27.5 - https:\/\/yoast.com\/product\/yoast-seo-wordpress\/ -->\n<title>Rebasa los 200 corredores la 2da. Edici\u00f3n de la Carrera BCS Sin L\u00edmite - NBCS Noticias<\/title>\n<meta name=\"robots\" content=\"index, follow, max-snippet:-1, max-image-preview:large, max-video-preview:-1\" \/>\n<link rel=\"canonical\" href=\"https:\/\/nbcs.mx\/?p=131613\" \/>\n<meta property=\"og:locale\" content=\"es_ES\" \/>\n<meta property=\"og:type\" content=\"article\" \/>\n<meta property=\"og:title\" content=\"Rebasa los 200 corredores la 2da. Edici\u00f3n de la Carrera BCS Sin L\u00edmite - NBCS Noticias\" \/>\n<meta property=\"og:description\" content=\"Con la participaci\u00f3n de m\u00e1s de 200 corredores se llev\u00f3 a cabo este domingo 03 de Diciembre la Carrera Atl\u00e9tica\" \/>\n<meta property=\"og:url\" content=\"https:\/\/nbcs.mx\/?p=131613\" \/>\n<meta property=\"og:site_name\" content=\"NBCS Noticias\" \/>\n<meta property=\"article:publisher\" content=\"https:\/\/www.facebook.com\/NBCSnoticias\" \/>\n<meta property=\"article:author\" content=\"https:\/\/www.facebook.com\/NBCSnoticias\" \/>\n<meta property=\"article:published_time\" content=\"2023-12-04T05:18:50+00:00\" \/>\n<meta property=\"og:image\" content=\"https:\/\/nbcs.mx\/wp-content\/uploads\/2023\/12\/Rebasa-los-200-corredores-la-2da.-Edicion-de-la-Carrera-BCS-Sin-Limite3-755x426.jpg\" \/>\n<meta name=\"author\" content=\"NBCS Noticias\" \/>\n<meta name=\"twitter:card\" content=\"summary_large_image\" \/>\n<meta name=\"twitter:creator\" content=\"@https:\/\/twitter.com\/NBCSnoticias\" \/>\n<meta name=\"twitter:site\" content=\"@NBCSnoticias\" \/>\n<meta name=\"twitter:label1\" content=\"Escrito por\" \/>\n\t<meta name=\"twitter:data1\" content=\"NBCS Noticias\" \/>\n\t<meta name=\"twitter:label2\" content=\"Tiempo de lectura\" \/>\n\t<meta name=\"twitter:data2\" content=\"2 minutos\" \/>\n<script type=\"application\/ld+json\" class=\"yoast-schema-graph\">{\"@context\":\"https:\\\/\\\/schema.org\",\"@graph\":[{\"@type\":\"Article\",\"@id\":\"https:\\\/\\\/nbcs.mx\\\/?p=131613#article\",\"isPartOf\":{\"@id\":\"https:\\\/\\\/nbcs.mx\\\/?p=131613\"},\"author\":{\"name\":\"NBCS Noticias\",\"@id\":\"https:\\\/\\\/nbcs.mx\\\/#\\\/schema\\\/person\\\/ece58bab9a7c1e87a4d28ec9ecd79ff4\"},\"headline\":\"Rebasa los 200 corredores la 2da. Edici\u00f3n de la Carrera BCS Sin L\u00edmite\",\"datePublished\":\"2023-12-04T05:18:50+00:00\",\"mainEntityOfPage\":{\"@id\":\"https:\\\/\\\/nbcs.mx\\\/?p=131613\"},\"wordCount\":389,\"commentCount\":0,\"publisher\":{\"@id\":\"https:\\\/\\\/nbcs.mx\\\/#organization\"},\"image\":{\"@id\":\"https:\\\/\\\/nbcs.mx\\\/?p=131613#primaryimage\"},\"thumbnailUrl\":\"https:\\\/\\\/nbcs.mx\\\/wp-content\\\/uploads\\\/2023\\\/12\\\/Rebasa-los-200-corredores-la-2da.-Edicion-de-la-Carrera-BCS-Sin-Limite3-755x426.jpg\",\"articleSection\":[\"Deportes\"],\"inLanguage\":\"es\",\"potentialAction\":[{\"@type\":\"CommentAction\",\"name\":\"Comment\",\"target\":[\"https:\\\/\\\/nbcs.mx\\\/?p=131613#respond\"]}]},{\"@type\":\"WebPage\",\"@id\":\"https:\\\/\\\/nbcs.mx\\\/?p=131613\",\"url\":\"https:\\\/\\\/nbcs.mx\\\/?p=131613\",\"name\":\"Rebasa los 200 corredores la 2da. Edici\u00f3n de la Carrera BCS Sin L\u00edmite - NBCS Noticias\",\"isPartOf\":{\"@id\":\"https:\\\/\\\/nbcs.mx\\\/#website\"},\"primaryImageOfPage\":{\"@id\":\"https:\\\/\\\/nbcs.mx\\\/?p=131613#primaryimage\"},\"image\":{\"@id\":\"https:\\\/\\\/nbcs.mx\\\/?p=131613#primaryimage\"},\"thumbnailUrl\":\"https:\\\/\\\/nbcs.mx\\\/wp-content\\\/uploads\\\/2023\\\/12\\\/Rebasa-los-200-corredores-la-2da.-Edicion-de-la-Carrera-BCS-Sin-Limite3-755x426.jpg\",\"datePublished\":\"2023-12-04T05:18:50+00:00\",\"breadcrumb\":{\"@id\":\"https:\\\/\\\/nbcs.mx\\\/?p=131613#breadcrumb\"},\"inLanguage\":\"es\",\"potentialAction\":[{\"@type\":\"ReadAction\",\"target\":[\"https:\\\/\\\/nbcs.mx\\\/?p=131613\"]}]},{\"@type\":\"ImageObject\",\"inLanguage\":\"es\",\"@id\":\"https:\\\/\\\/nbcs.mx\\\/?p=131613#primaryimage\",\"url\":\"https:\\\/\\\/nbcs.mx\\\/wp-content\\\/uploads\\\/2023\\\/12\\\/Rebasa-los-200-corredores-la-2da.-Edicion-de-la-Carrera-BCS-Sin-Limite3-755x426.jpg\",\"contentUrl\":\"https:\\\/\\\/nbcs.mx\\\/wp-content\\\/uploads\\\/2023\\\/12\\\/Rebasa-los-200-corredores-la-2da.-Edicion-de-la-Carrera-BCS-Sin-Limite3-755x426.jpg\"},{\"@type\":\"BreadcrumbList\",\"@id\":\"https:\\\/\\\/nbcs.mx\\\/?p=131613#breadcrumb\",\"itemListElement\":[{\"@type\":\"ListItem\",\"position\":1,\"name\":\"Portada\",\"item\":\"https:\\\/\\\/nbcs.mx\\\/\"},{\"@type\":\"ListItem\",\"position\":2,\"name\":\"Rebasa los 200 corredores la 2da. Edici\u00f3n de la Carrera BCS Sin L\u00edmite\"}]},{\"@type\":\"WebSite\",\"@id\":\"https:\\\/\\\/nbcs.mx\\\/#website\",\"url\":\"https:\\\/\\\/nbcs.mx\\\/\",\"name\":\"NBCS Noticias\",\"description\":\"Sitio web de noticias en Baja California Sur\",\"publisher\":{\"@id\":\"https:\\\/\\\/nbcs.mx\\\/#organization\"},\"potentialAction\":[{\"@type\":\"SearchAction\",\"target\":{\"@type\":\"EntryPoint\",\"urlTemplate\":\"https:\\\/\\\/nbcs.mx\\\/?s={search_term_string}\"},\"query-input\":{\"@type\":\"PropertyValueSpecification\",\"valueRequired\":true,\"valueName\":\"search_term_string\"}}],\"inLanguage\":\"es\"},{\"@type\":\"Organization\",\"@id\":\"https:\\\/\\\/nbcs.mx\\\/#organization\",\"name\":\"NBCS Noticias\",\"url\":\"https:\\\/\\\/nbcs.mx\\\/\",\"logo\":{\"@type\":\"ImageObject\",\"inLanguage\":\"es\",\"@id\":\"https:\\\/\\\/nbcs.mx\\\/#\\\/schema\\\/logo\\\/image\\\/\",\"url\":\"https:\\\/\\\/nbcs.mx\\\/wp-content\\\/uploads\\\/2018\\\/09\\\/057b69485e93575a5c2b1c1dde2dd297.jpeg\",\"contentUrl\":\"https:\\\/\\\/nbcs.mx\\\/wp-content\\\/uploads\\\/2018\\\/09\\\/057b69485e93575a5c2b1c1dde2dd297.jpeg\",\"width\":64,\"height\":64,\"caption\":\"NBCS Noticias\"},\"image\":{\"@id\":\"https:\\\/\\\/nbcs.mx\\\/#\\\/schema\\\/logo\\\/image\\\/\"},\"sameAs\":[\"https:\\\/\\\/www.facebook.com\\\/NBCSnoticias\",\"https:\\\/\\\/x.com\\\/NBCSnoticias\"]},{\"@type\":\"Person\",\"@id\":\"https:\\\/\\\/nbcs.mx\\\/#\\\/schema\\\/person\\\/ece58bab9a7c1e87a4d28ec9ecd79ff4\",\"name\":\"NBCS Noticias\",\"image\":{\"@type\":\"ImageObject\",\"inLanguage\":\"es\",\"@id\":\"https:\\\/\\\/secure.gravatar.com\\\/avatar\\\/4e52110cad1c4054b43271a0d14bbe9e2ea76aecd0e1097edfc670798d9ca1d4?s=96&d=blank&r=g\",\"url\":\"https:\\\/\\\/secure.gravatar.com\\\/avatar\\\/4e52110cad1c4054b43271a0d14bbe9e2ea76aecd0e1097edfc670798d9ca1d4?s=96&d=blank&r=g\",\"contentUrl\":\"https:\\\/\\\/secure.gravatar.com\\\/avatar\\\/4e52110cad1c4054b43271a0d14bbe9e2ea76aecd0e1097edfc670798d9ca1d4?s=96&d=blank&r=g\",\"caption\":\"NBCS Noticias\"},\"description\":\"\u00bfTienes fotos o video de alg\u00fan acto de posible negligencia, corrupci\u00f3n y abuso de autoridad? M\u00e1ndalo al WhatsApp de NBCS Noticias: 612 141 98 08\",\"sameAs\":[\"https:\\\/\\\/www.nbcs.mx\",\"https:\\\/\\\/www.facebook.com\\\/NBCSnoticias\",\"https:\\\/\\\/www.instagram.com\\\/nbcsnoticias\\\/\",\"https:\\\/\\\/x.com\\\/https:\\\/\\\/twitter.com\\\/NBCSnoticias\"]}]}<\/script>\n<!-- \/ Yoast SEO plugin. -->","yoast_head_json":{"title":"Rebasa los 200 corredores la 2da. Edici\u00f3n de la Carrera BCS Sin L\u00edmite - NBCS Noticias","robots":{"index":"index","follow":"follow","max-snippet":"max-snippet:-1","max-image-preview":"max-image-preview:large","max-video-preview":"max-video-preview:-1"},"canonical":"https:\/\/nbcs.mx\/?p=131613","og_locale":"es_ES","og_type":"article","og_title":"Rebasa los 200 corredores la 2da. Edici\u00f3n de la Carrera BCS Sin L\u00edmite - NBCS Noticias","og_description":"Con la participaci\u00f3n de m\u00e1s de 200 corredores se llev\u00f3 a cabo este domingo 03 de Diciembre la Carrera Atl\u00e9tica","og_url":"https:\/\/nbcs.mx\/?p=131613","og_site_name":"NBCS Noticias","article_publisher":"https:\/\/www.facebook.com\/NBCSnoticias","article_author":"https:\/\/www.facebook.com\/NBCSnoticias","article_published_time":"2023-12-04T05:18:50+00:00","og_image":[{"url":"https:\/\/nbcs.mx\/wp-content\/uploads\/2023\/12\/Rebasa-los-200-corredores-la-2da.-Edicion-de-la-Carrera-BCS-Sin-Limite3-755x426.jpg","type":"","width":"","height":""}],"author":"NBCS Noticias","twitter_card":"summary_large_image","twitter_creator":"@https:\/\/twitter.com\/NBCSnoticias","twitter_site":"@NBCSnoticias","twitter_misc":{"Escrito por":"NBCS Noticias","Tiempo de lectura":"2 minutos"},"schema":{"@context":"https:\/\/schema.org","@graph":[{"@type":"Article","@id":"https:\/\/nbcs.mx\/?p=131613#article","isPartOf":{"@id":"https:\/\/nbcs.mx\/?p=131613"},"author":{"name":"NBCS Noticias","@id":"https:\/\/nbcs.mx\/#\/schema\/person\/ece58bab9a7c1e87a4d28ec9ecd79ff4"},"headline":"Rebasa los 200 corredores la 2da. Edici\u00f3n de la Carrera BCS Sin L\u00edmite","datePublished":"2023-12-04T05:18:50+00:00","mainEntityOfPage":{"@id":"https:\/\/nbcs.mx\/?p=131613"},"wordCount":389,"commentCount":0,"publisher":{"@id":"https:\/\/nbcs.mx\/#organization"},"image":{"@id":"https:\/\/nbcs.mx\/?p=131613#primaryimage"},"thumbnailUrl":"https:\/\/nbcs.mx\/wp-content\/uploads\/2023\/12\/Rebasa-los-200-corredores-la-2da.-Edicion-de-la-Carrera-BCS-Sin-Limite3-755x426.jpg","articleSection":["Deportes"],"inLanguage":"es","potentialAction":[{"@type":"CommentAction","name":"Comment","target":["https:\/\/nbcs.mx\/?p=131613#respond"]}]},{"@type":"WebPage","@id":"https:\/\/nbcs.mx\/?p=131613","url":"https:\/\/nbcs.mx\/?p=131613","name":"Rebasa los 200 corredores la 2da. Edici\u00f3n de la Carrera BCS Sin L\u00edmite - NBCS Noticias","isPartOf":{"@id":"https:\/\/nbcs.mx\/#website"},"primaryImageOfPage":{"@id":"https:\/\/nbcs.mx\/?p=131613#primaryimage"},"image":{"@id":"https:\/\/nbcs.mx\/?p=131613#primaryimage"},"thumbnailUrl":"https:\/\/nbcs.mx\/wp-content\/uploads\/2023\/12\/Rebasa-los-200-corredores-la-2da.-Edicion-de-la-Carrera-BCS-Sin-Limite3-755x426.jpg","datePublished":"2023-12-04T05:18:50+00:00","breadcrumb":{"@id":"https:\/\/nbcs.mx\/?p=131613#breadcrumb"},"inLanguage":"es","potentialAction":[{"@type":"ReadAction","target":["https:\/\/nbcs.mx\/?p=131613"]}]},{"@type":"ImageObject","inLanguage":"es","@id":"https:\/\/nbcs.mx\/?p=131613#primaryimage","url":"https:\/\/nbcs.mx\/wp-content\/uploads\/2023\/12\/Rebasa-los-200-corredores-la-2da.-Edicion-de-la-Carrera-BCS-Sin-Limite3-755x426.jpg","contentUrl":"https:\/\/nbcs.mx\/wp-content\/uploads\/2023\/12\/Rebasa-los-200-corredores-la-2da.-Edicion-de-la-Carrera-BCS-Sin-Limite3-755x426.jpg"},{"@type":"BreadcrumbList","@id":"https:\/\/nbcs.mx\/?p=131613#breadcrumb","itemListElement":[{"@type":"ListItem","position":1,"name":"Portada","item":"https:\/\/nbcs.mx\/"},{"@type":"ListItem","position":2,"name":"Rebasa los 200 corredores la 2da. Edici\u00f3n de la Carrera BCS Sin L\u00edmite"}]},{"@type":"WebSite","@id":"https:\/\/nbcs.mx\/#website","url":"https:\/\/nbcs.mx\/","name":"NBCS Noticias","description":"Sitio web de noticias en Baja California Sur","publisher":{"@id":"https:\/\/nbcs.mx\/#organization"},"potentialAction":[{"@type":"SearchAction","target":{"@type":"EntryPoint","urlTemplate":"https:\/\/nbcs.mx\/?s={search_term_string}"},"query-input":{"@type":"PropertyValueSpecification","valueRequired":true,"valueName":"search_term_string"}}],"inLanguage":"es"},{"@type":"Organization","@id":"https:\/\/nbcs.mx\/#organization","name":"NBCS Noticias","url":"https:\/\/nbcs.mx\/","logo":{"@type":"ImageObject","inLanguage":"es","@id":"https:\/\/nbcs.mx\/#\/schema\/logo\/image\/","url":"https:\/\/nbcs.mx\/wp-content\/uploads\/2018\/09\/057b69485e93575a5c2b1c1dde2dd297.jpeg","contentUrl":"https:\/\/nbcs.mx\/wp-content\/uploads\/2018\/09\/057b69485e93575a5c2b1c1dde2dd297.jpeg","width":64,"height":64,"caption":"NBCS Noticias"},"image":{"@id":"https:\/\/nbcs.mx\/#\/schema\/logo\/image\/"},"sameAs":["https:\/\/www.facebook.com\/NBCSnoticias","https:\/\/x.com\/NBCSnoticias"]},{"@type":"Person","@id":"https:\/\/nbcs.mx\/#\/schema\/person\/ece58bab9a7c1e87a4d28ec9ecd79ff4","name":"NBCS Noticias","image":{"@type":"ImageObject","inLanguage":"es","@id":"https:\/\/secure.gravatar.com\/avatar\/4e52110cad1c4054b43271a0d14bbe9e2ea76aecd0e1097edfc670798d9ca1d4?s=96&d=blank&r=g","url":"https:\/\/secure.gravatar.com\/avatar\/4e52110cad1c4054b43271a0d14bbe9e2ea76aecd0e1097edfc670798d9ca1d4?s=96&d=blank&r=g","contentUrl":"https:\/\/secure.gravatar.com\/avatar\/4e52110cad1c4054b43271a0d14bbe9e2ea76aecd0e1097edfc670798d9ca1d4?s=96&d=blank&r=g","caption":"NBCS Noticias"},"description":"\u00bfTienes fotos o video de alg\u00fan acto de posible negligencia, corrupci\u00f3n y abuso de autoridad? M\u00e1ndalo al WhatsApp de NBCS Noticias: 612 141 98 08","sameAs":["https:\/\/www.nbcs.mx","https:\/\/www.facebook.com\/NBCSnoticias","https:\/\/www.instagram.com\/nbcsnoticias\/","https:\/\/x.com\/https:\/\/twitter.com\/NBCSnoticias"]}]}},"jetpack_publicize_connections":[],"jetpack_featured_media_url":"","jetpack_sharing_enabled":true,"_links":{"self":[{"href":"https:\/\/nbcs.mx\/index.php?rest_route=\/wp\/v2\/posts\/131613","targetHints":{"allow":["GET"]}}],"collection":[{"href":"https:\/\/nbcs.mx\/index.php?rest_route=\/wp\/v2\/posts"}],"about":[{"href":"https:\/\/nbcs.mx\/index.php?rest_route=\/wp\/v2\/types\/post"}],"author":[{"embeddable":true,"href":"https:\/\/nbcs.mx\/index.php?rest_route=\/wp\/v2\/users\/1"}],"replies":[{"embeddable":true,"href":"https:\/\/nbcs.mx\/index.php?rest_route=%2Fwp%2Fv2%2Fcomments&post=131613"}],"version-history":[{"count":1,"href":"https:\/\/nbcs.mx\/index.php?rest_route=\/wp\/v2\/posts\/131613\/revisions"}],"predecessor-version":[{"id":131615,"href":"https:\/\/nbcs.mx\/index.php?rest_route=\/wp\/v2\/posts\/131613\/revisions\/131615"}],"wp:attachment":[{"href":"https:\/\/nbcs.mx\/index.php?rest_route=%2Fwp%2Fv2%2Fmedia&parent=131613"}],"wp:term":[{"taxonomy":"category","embeddable":true,"href":"https:\/\/nbcs.mx\/index.php?rest_route=%2Fwp%2Fv2%2Fcategories&post=131613"},{"taxonomy":"post_tag","embeddable":true,"href":"https:\/\/nbcs.mx\/index.php?rest_route=%2Fwp%2Fv2%2Ftags&post=131613"}],"curies":[{"name":"wp","href":"https:\/\/api.w.org\/{rel}","templated":true}]}}