{"id":131934,"date":"2023-12-12T18:24:32","date_gmt":"2023-12-13T01:24:32","guid":{"rendered":"https:\/\/nbcs.mx\/?p=131934"},"modified":"2023-12-12T18:24:32","modified_gmt":"2023-12-13T01:24:32","slug":"realizan-la-segunda-sesion-ordinaria-del-sipinna-la-paz","status":"publish","type":"post","link":"https:\/\/nbcs.mx\/?p=131934","title":{"rendered":"Realizan la Segunda Sesi\u00f3n Ordinaria del SIPINNA La Paz"},"content":{"rendered":"<p style=\"font-weight: 400; text-align: justify;\"><img loading=\"lazy\" decoding=\"async\" class=\" wp-image-131935 alignleft\" src=\"https:\/\/nbcs.mx\/wp-content\/uploads\/2023\/12\/Realizan-la-Segunda-Sesion-Ordinaria-del-SIPINNA-La-Paz2-755x438.jpg\" alt=\"\" width=\"431\" height=\"250\" \/>Se llev\u00f3 a cabo la Segunda Sesi\u00f3n Ordinaria del Sistema Municipal de Protecci\u00f3n Integral de Ni\u00f1as Ni\u00f1os y Adolescentes de La Paz, en el que por unanimidad se aprob\u00f3 la Ruta de Atenci\u00f3n y Derivaci\u00f3n de Casos de Vulneraci\u00f3n de Derechos de Ni\u00f1as, Ni\u00f1os y Adolescentes del SIPINNA, con la finalidad de llevar la correcta atenci\u00f3n y evitar la revictimizaci\u00f3n, en caso de violencia infantil y juvenil.<\/p>\n<p style=\"font-weight: 400; text-align: justify;\">\n<p style=\"font-weight: 400; text-align: justify;\">Marissa Samantha Hern\u00e1ndez Flores, secretaria Ejecutiva del SIPINNA La Paz, en representaci\u00f3n de la Presidenta Municipal, Milena Quiroga Romero, destac\u00f3 que como autoridades, es de suma importancia ocuparse del bienestar de nuestras ni\u00f1as, ni\u00f1os y adolescentes, ya que ellos representan \u00e9l aqu\u00ed y el ahora de nuestra sociedad y por ning\u00fan motivo se debe ser omiso en casos de violencia o maltrato.<\/p>\n<p style=\"font-weight: 400; text-align: justify;\">\n<p style=\"font-weight: 400; text-align: justify;\">Tambi\u00e9n en esta segunda Sesi\u00f3n se llev\u00f3 a cabo la conformaci\u00f3n y aprobaci\u00f3n de la Comisi\u00f3n, para poner fin a toda forma de violencia, contra ni\u00f1as, ni\u00f1os y adolescentes, la cual estar\u00e1 integrada por la DGSPPPyTM, el Instituto Municipal de las Mujeres (IMM), la Coordinaci\u00f3n Municipal de Derechos Humanos, la Procuradur\u00eda de la Defensa de Ni\u00f1as, Ni\u00f1os y Adolescentes y la Familia del DIF Municipal, la Direcci\u00f3n General de Inclusi\u00f3n y Diversidad, la Coordinaci\u00f3n Municipal del Delito y Justicia C\u00edvica, as\u00ed el representante del Poder Judicial del Estado de BCS.<\/p>\n<p style=\"font-weight: 400; text-align: justify;\">\n<p style=\"font-weight: 400; text-align: justify;\">Acompa\u00f1ada por el Secretario General Municipal, Pavel Castro R\u00edos, la titular del SIPINNA La Paz, mencion\u00f3 que se est\u00e1 trabajando con programas y acciones en diferentes espacios, para visibilizar y concientizar sobre los derechos de la ni\u00f1ez y la juventud, con el prop\u00f3sito de evitar casos de violencia o maltrato.<\/p>\n<p style=\"font-weight: 400; text-align: justify;\">\n<p style=\"font-weight: 400; text-align: justify;\">En esta Segunda Sesi\u00f3n Ordinaria del SIPINNA La Paz, en la estuvieron presentes titulares y representantes de instituciones de los tres \u00f3rdenes de gobierno, se acord\u00f3 seguir redoblando esfuerzos para garantizar el bienestar de ni\u00f1as, ni\u00f1os y adolescentes en nuestro municipio.<\/p>\n","protected":false},"excerpt":{"rendered":"<p>Se llev\u00f3 a cabo la Segunda Sesi\u00f3n Ordinaria del Sistema Municipal de Protecci\u00f3n Integral de Ni\u00f1as Ni\u00f1os y Adolescentes de<\/p>\n","protected":false},"author":1,"featured_media":0,"comment_status":"open","ping_status":"closed","sticky":false,"template":"","format":"standard","meta":{"colormag_page_container_layout":"default_layout","colormag_page_sidebar_layout":"default_layout","_jetpack_newsletter_access":"","_jetpack_dont_email_post_to_subs":false,"_jetpack_newsletter_tier_id":0,"_jetpack_memberships_contains_paywalled_content":false,"_jetpack_feature_clip_id":0,"_jetpack_memberships_contains_paid_content":false,"footnotes":"","jetpack_publicize_message":"","jetpack_publicize_feature_enabled":true,"jetpack_social_post_already_shared":true,"jetpack_social_options":{"image_generator_settings":{"template":"highway","default_image_id":0,"font":"","enabled":false},"version":2},"jetpack_post_was_ever_published":false},"categories":[40],"tags":[],"class_list":["post-131934","post","type-post","status-publish","format-standard","hentry","category-municipios"],"yoast_head":"<!-- This site is optimized with the Yoast SEO plugin v28.4 - https:\/\/yoast.com\/product\/yoast-seo-wordpress\/ -->\n<title>Realizan la Segunda Sesi\u00f3n Ordinaria del SIPINNA La Paz - NBCS Noticias<\/title>\n<meta name=\"robots\" content=\"index, follow, max-snippet:-1, max-image-preview:large, max-video-preview:-1\" \/>\n<link rel=\"canonical\" href=\"https:\/\/nbcs.mx\/?p=131934\" \/>\n<meta property=\"og:locale\" content=\"es_ES\" \/>\n<meta property=\"og:type\" content=\"article\" \/>\n<meta property=\"og:title\" content=\"Realizan la Segunda Sesi\u00f3n Ordinaria del SIPINNA La Paz - NBCS Noticias\" \/>\n<meta property=\"og:description\" content=\"Se llev\u00f3 a cabo la Segunda Sesi\u00f3n Ordinaria del Sistema Municipal de Protecci\u00f3n Integral de Ni\u00f1as Ni\u00f1os y Adolescentes de\" \/>\n<meta property=\"og:url\" content=\"https:\/\/nbcs.mx\/?p=131934\" \/>\n<meta property=\"og:site_name\" content=\"NBCS Noticias\" \/>\n<meta property=\"article:publisher\" content=\"https:\/\/www.facebook.com\/NBCSnoticias\" \/>\n<meta property=\"article:author\" content=\"https:\/\/www.facebook.com\/NBCSnoticias\" \/>\n<meta property=\"article:published_time\" content=\"2023-12-13T01:24:32+00:00\" \/>\n<meta property=\"og:image\" content=\"https:\/\/nbcs.mx\/wp-content\/uploads\/2023\/12\/Realizan-la-Segunda-Sesion-Ordinaria-del-SIPINNA-La-Paz2-755x438.jpg\" \/>\n<meta name=\"author\" content=\"NBCS Noticias\" \/>\n<meta name=\"twitter:card\" content=\"summary_large_image\" \/>\n<meta name=\"twitter:creator\" content=\"@https:\/\/twitter.com\/NBCSnoticias\" \/>\n<meta name=\"twitter:site\" content=\"@NBCSnoticias\" \/>\n<meta name=\"twitter:label1\" content=\"Escrito por\" \/>\n\t<meta name=\"twitter:data1\" content=\"NBCS Noticias\" \/>\n\t<meta name=\"twitter:label2\" content=\"Tiempo de lectura\" \/>\n\t<meta name=\"twitter:data2\" content=\"2 minutos\" \/>\n<script type=\"application\/ld+json\" class=\"yoast-schema-graph\">{\"@context\":\"https:\\\/\\\/schema.org\",\"@graph\":[{\"@type\":\"Article\",\"@id\":\"https:\\\/\\\/nbcs.mx\\\/?p=131934#article\",\"isPartOf\":{\"@id\":\"https:\\\/\\\/nbcs.mx\\\/?p=131934\"},\"author\":{\"name\":\"NBCS Noticias\",\"@id\":\"https:\\\/\\\/nbcs.mx\\\/#\\\/schema\\\/person\\\/ece58bab9a7c1e87a4d28ec9ecd79ff4\"},\"headline\":\"Realizan la Segunda Sesi\u00f3n Ordinaria del SIPINNA La Paz\",\"datePublished\":\"2023-12-13T01:24:32+00:00\",\"mainEntityOfPage\":{\"@id\":\"https:\\\/\\\/nbcs.mx\\\/?p=131934\"},\"wordCount\":358,\"commentCount\":0,\"publisher\":{\"@id\":\"https:\\\/\\\/nbcs.mx\\\/#organization\"},\"image\":{\"@id\":\"https:\\\/\\\/nbcs.mx\\\/?p=131934#primaryimage\"},\"thumbnailUrl\":\"https:\\\/\\\/nbcs.mx\\\/wp-content\\\/uploads\\\/2023\\\/12\\\/Realizan-la-Segunda-Sesion-Ordinaria-del-SIPINNA-La-Paz2-755x438.jpg\",\"articleSection\":[\"Municipios\"],\"inLanguage\":\"es\",\"potentialAction\":[{\"@type\":\"CommentAction\",\"name\":\"Comment\",\"target\":[\"https:\\\/\\\/nbcs.mx\\\/?p=131934#respond\"]}]},{\"@type\":\"WebPage\",\"@id\":\"https:\\\/\\\/nbcs.mx\\\/?p=131934\",\"url\":\"https:\\\/\\\/nbcs.mx\\\/?p=131934\",\"name\":\"Realizan la Segunda Sesi\u00f3n Ordinaria del SIPINNA La Paz - NBCS Noticias\",\"isPartOf\":{\"@id\":\"https:\\\/\\\/nbcs.mx\\\/#website\"},\"primaryImageOfPage\":{\"@id\":\"https:\\\/\\\/nbcs.mx\\\/?p=131934#primaryimage\"},\"image\":{\"@id\":\"https:\\\/\\\/nbcs.mx\\\/?p=131934#primaryimage\"},\"thumbnailUrl\":\"https:\\\/\\\/nbcs.mx\\\/wp-content\\\/uploads\\\/2023\\\/12\\\/Realizan-la-Segunda-Sesion-Ordinaria-del-SIPINNA-La-Paz2-755x438.jpg\",\"datePublished\":\"2023-12-13T01:24:32+00:00\",\"breadcrumb\":{\"@id\":\"https:\\\/\\\/nbcs.mx\\\/?p=131934#breadcrumb\"},\"inLanguage\":\"es\",\"potentialAction\":[{\"@type\":\"ReadAction\",\"target\":[\"https:\\\/\\\/nbcs.mx\\\/?p=131934\"]}]},{\"@type\":\"ImageObject\",\"inLanguage\":\"es\",\"@id\":\"https:\\\/\\\/nbcs.mx\\\/?p=131934#primaryimage\",\"url\":\"https:\\\/\\\/nbcs.mx\\\/wp-content\\\/uploads\\\/2023\\\/12\\\/Realizan-la-Segunda-Sesion-Ordinaria-del-SIPINNA-La-Paz2-755x438.jpg\",\"contentUrl\":\"https:\\\/\\\/nbcs.mx\\\/wp-content\\\/uploads\\\/2023\\\/12\\\/Realizan-la-Segunda-Sesion-Ordinaria-del-SIPINNA-La-Paz2-755x438.jpg\"},{\"@type\":\"BreadcrumbList\",\"@id\":\"https:\\\/\\\/nbcs.mx\\\/?p=131934#breadcrumb\",\"itemListElement\":[{\"@type\":\"ListItem\",\"position\":1,\"name\":\"Portada\",\"item\":\"https:\\\/\\\/nbcs.mx\\\/\"},{\"@type\":\"ListItem\",\"position\":2,\"name\":\"Realizan la Segunda Sesi\u00f3n Ordinaria del SIPINNA La Paz\"}]},{\"@type\":\"WebSite\",\"@id\":\"https:\\\/\\\/nbcs.mx\\\/#website\",\"url\":\"https:\\\/\\\/nbcs.mx\\\/\",\"name\":\"NBCS Noticias\",\"description\":\"Sitio web de noticias en Baja California Sur\",\"publisher\":{\"@id\":\"https:\\\/\\\/nbcs.mx\\\/#organization\"},\"potentialAction\":[{\"@type\":\"SearchAction\",\"target\":{\"@type\":\"EntryPoint\",\"urlTemplate\":\"https:\\\/\\\/nbcs.mx\\\/?s={search_term_string}\"},\"query-input\":{\"@type\":\"PropertyValueSpecification\",\"valueRequired\":true,\"valueName\":\"search_term_string\"}}],\"inLanguage\":\"es\"},{\"@type\":\"Organization\",\"@id\":\"https:\\\/\\\/nbcs.mx\\\/#organization\",\"name\":\"NBCS Noticias\",\"url\":\"https:\\\/\\\/nbcs.mx\\\/\",\"logo\":{\"@type\":\"ImageObject\",\"inLanguage\":\"es\",\"@id\":\"https:\\\/\\\/nbcs.mx\\\/#\\\/schema\\\/logo\\\/image\\\/\",\"url\":\"https:\\\/\\\/nbcs.mx\\\/wp-content\\\/uploads\\\/2018\\\/09\\\/057b69485e93575a5c2b1c1dde2dd297.jpeg\",\"contentUrl\":\"https:\\\/\\\/nbcs.mx\\\/wp-content\\\/uploads\\\/2018\\\/09\\\/057b69485e93575a5c2b1c1dde2dd297.jpeg\",\"width\":64,\"height\":64,\"caption\":\"NBCS Noticias\"},\"image\":{\"@id\":\"https:\\\/\\\/nbcs.mx\\\/#\\\/schema\\\/logo\\\/image\\\/\"},\"sameAs\":[\"https:\\\/\\\/www.facebook.com\\\/NBCSnoticias\",\"https:\\\/\\\/x.com\\\/NBCSnoticias\"]},{\"@type\":\"Person\",\"@id\":\"https:\\\/\\\/nbcs.mx\\\/#\\\/schema\\\/person\\\/ece58bab9a7c1e87a4d28ec9ecd79ff4\",\"name\":\"NBCS Noticias\",\"image\":{\"@type\":\"ImageObject\",\"inLanguage\":\"es\",\"@id\":\"https:\\\/\\\/secure.gravatar.com\\\/avatar\\\/4e52110cad1c4054b43271a0d14bbe9e2ea76aecd0e1097edfc670798d9ca1d4?s=96&d=blank&r=g\",\"url\":\"https:\\\/\\\/secure.gravatar.com\\\/avatar\\\/4e52110cad1c4054b43271a0d14bbe9e2ea76aecd0e1097edfc670798d9ca1d4?s=96&d=blank&r=g\",\"contentUrl\":\"https:\\\/\\\/secure.gravatar.com\\\/avatar\\\/4e52110cad1c4054b43271a0d14bbe9e2ea76aecd0e1097edfc670798d9ca1d4?s=96&d=blank&r=g\",\"caption\":\"NBCS Noticias\"},\"description\":\"\u00bfTienes fotos o video de alg\u00fan acto de posible negligencia, corrupci\u00f3n y abuso de autoridad? M\u00e1ndalo al WhatsApp de NBCS Noticias: 612 141 98 08\",\"sameAs\":[\"https:\\\/\\\/www.nbcs.mx\",\"https:\\\/\\\/www.facebook.com\\\/NBCSnoticias\",\"https:\\\/\\\/www.instagram.com\\\/nbcsnoticias\\\/\",\"https:\\\/\\\/x.com\\\/https:\\\/\\\/twitter.com\\\/NBCSnoticias\"]}]}<\/script>\n<!-- \/ Yoast SEO plugin. -->","yoast_head_json":{"title":"Realizan la Segunda Sesi\u00f3n Ordinaria del SIPINNA La Paz - NBCS Noticias","robots":{"index":"index","follow":"follow","max-snippet":"max-snippet:-1","max-image-preview":"max-image-preview:large","max-video-preview":"max-video-preview:-1"},"canonical":"https:\/\/nbcs.mx\/?p=131934","og_locale":"es_ES","og_type":"article","og_title":"Realizan la Segunda Sesi\u00f3n Ordinaria del SIPINNA La Paz - NBCS Noticias","og_description":"Se llev\u00f3 a cabo la Segunda Sesi\u00f3n Ordinaria del Sistema Municipal de Protecci\u00f3n Integral de Ni\u00f1as Ni\u00f1os y Adolescentes de","og_url":"https:\/\/nbcs.mx\/?p=131934","og_site_name":"NBCS Noticias","article_publisher":"https:\/\/www.facebook.com\/NBCSnoticias","article_author":"https:\/\/www.facebook.com\/NBCSnoticias","article_published_time":"2023-12-13T01:24:32+00:00","og_image":[{"url":"https:\/\/nbcs.mx\/wp-content\/uploads\/2023\/12\/Realizan-la-Segunda-Sesion-Ordinaria-del-SIPINNA-La-Paz2-755x438.jpg","type":"","width":"","height":""}],"author":"NBCS Noticias","twitter_card":"summary_large_image","twitter_creator":"@https:\/\/twitter.com\/NBCSnoticias","twitter_site":"@NBCSnoticias","twitter_misc":{"Escrito por":"NBCS Noticias","Tiempo de lectura":"2 minutos"},"schema":{"@context":"https:\/\/schema.org","@graph":[{"@type":"Article","@id":"https:\/\/nbcs.mx\/?p=131934#article","isPartOf":{"@id":"https:\/\/nbcs.mx\/?p=131934"},"author":{"name":"NBCS Noticias","@id":"https:\/\/nbcs.mx\/#\/schema\/person\/ece58bab9a7c1e87a4d28ec9ecd79ff4"},"headline":"Realizan la Segunda Sesi\u00f3n Ordinaria del SIPINNA La Paz","datePublished":"2023-12-13T01:24:32+00:00","mainEntityOfPage":{"@id":"https:\/\/nbcs.mx\/?p=131934"},"wordCount":358,"commentCount":0,"publisher":{"@id":"https:\/\/nbcs.mx\/#organization"},"image":{"@id":"https:\/\/nbcs.mx\/?p=131934#primaryimage"},"thumbnailUrl":"https:\/\/nbcs.mx\/wp-content\/uploads\/2023\/12\/Realizan-la-Segunda-Sesion-Ordinaria-del-SIPINNA-La-Paz2-755x438.jpg","articleSection":["Municipios"],"inLanguage":"es","potentialAction":[{"@type":"CommentAction","name":"Comment","target":["https:\/\/nbcs.mx\/?p=131934#respond"]}]},{"@type":"WebPage","@id":"https:\/\/nbcs.mx\/?p=131934","url":"https:\/\/nbcs.mx\/?p=131934","name":"Realizan la Segunda Sesi\u00f3n Ordinaria del SIPINNA La Paz - NBCS Noticias","isPartOf":{"@id":"https:\/\/nbcs.mx\/#website"},"primaryImageOfPage":{"@id":"https:\/\/nbcs.mx\/?p=131934#primaryimage"},"image":{"@id":"https:\/\/nbcs.mx\/?p=131934#primaryimage"},"thumbnailUrl":"https:\/\/nbcs.mx\/wp-content\/uploads\/2023\/12\/Realizan-la-Segunda-Sesion-Ordinaria-del-SIPINNA-La-Paz2-755x438.jpg","datePublished":"2023-12-13T01:24:32+00:00","breadcrumb":{"@id":"https:\/\/nbcs.mx\/?p=131934#breadcrumb"},"inLanguage":"es","potentialAction":[{"@type":"ReadAction","target":["https:\/\/nbcs.mx\/?p=131934"]}]},{"@type":"ImageObject","inLanguage":"es","@id":"https:\/\/nbcs.mx\/?p=131934#primaryimage","url":"https:\/\/nbcs.mx\/wp-content\/uploads\/2023\/12\/Realizan-la-Segunda-Sesion-Ordinaria-del-SIPINNA-La-Paz2-755x438.jpg","contentUrl":"https:\/\/nbcs.mx\/wp-content\/uploads\/2023\/12\/Realizan-la-Segunda-Sesion-Ordinaria-del-SIPINNA-La-Paz2-755x438.jpg"},{"@type":"BreadcrumbList","@id":"https:\/\/nbcs.mx\/?p=131934#breadcrumb","itemListElement":[{"@type":"ListItem","position":1,"name":"Portada","item":"https:\/\/nbcs.mx\/"},{"@type":"ListItem","position":2,"name":"Realizan la Segunda Sesi\u00f3n Ordinaria del SIPINNA La Paz"}]},{"@type":"WebSite","@id":"https:\/\/nbcs.mx\/#website","url":"https:\/\/nbcs.mx\/","name":"NBCS Noticias","description":"Sitio web de noticias en Baja California Sur","publisher":{"@id":"https:\/\/nbcs.mx\/#organization"},"potentialAction":[{"@type":"SearchAction","target":{"@type":"EntryPoint","urlTemplate":"https:\/\/nbcs.mx\/?s={search_term_string}"},"query-input":{"@type":"PropertyValueSpecification","valueRequired":true,"valueName":"search_term_string"}}],"inLanguage":"es"},{"@type":"Organization","@id":"https:\/\/nbcs.mx\/#organization","name":"NBCS Noticias","url":"https:\/\/nbcs.mx\/","logo":{"@type":"ImageObject","inLanguage":"es","@id":"https:\/\/nbcs.mx\/#\/schema\/logo\/image\/","url":"https:\/\/nbcs.mx\/wp-content\/uploads\/2018\/09\/057b69485e93575a5c2b1c1dde2dd297.jpeg","contentUrl":"https:\/\/nbcs.mx\/wp-content\/uploads\/2018\/09\/057b69485e93575a5c2b1c1dde2dd297.jpeg","width":64,"height":64,"caption":"NBCS Noticias"},"image":{"@id":"https:\/\/nbcs.mx\/#\/schema\/logo\/image\/"},"sameAs":["https:\/\/www.facebook.com\/NBCSnoticias","https:\/\/x.com\/NBCSnoticias"]},{"@type":"Person","@id":"https:\/\/nbcs.mx\/#\/schema\/person\/ece58bab9a7c1e87a4d28ec9ecd79ff4","name":"NBCS Noticias","image":{"@type":"ImageObject","inLanguage":"es","@id":"https:\/\/secure.gravatar.com\/avatar\/4e52110cad1c4054b43271a0d14bbe9e2ea76aecd0e1097edfc670798d9ca1d4?s=96&d=blank&r=g","url":"https:\/\/secure.gravatar.com\/avatar\/4e52110cad1c4054b43271a0d14bbe9e2ea76aecd0e1097edfc670798d9ca1d4?s=96&d=blank&r=g","contentUrl":"https:\/\/secure.gravatar.com\/avatar\/4e52110cad1c4054b43271a0d14bbe9e2ea76aecd0e1097edfc670798d9ca1d4?s=96&d=blank&r=g","caption":"NBCS Noticias"},"description":"\u00bfTienes fotos o video de alg\u00fan acto de posible negligencia, corrupci\u00f3n y abuso de autoridad? M\u00e1ndalo al WhatsApp de NBCS Noticias: 612 141 98 08","sameAs":["https:\/\/www.nbcs.mx","https:\/\/www.facebook.com\/NBCSnoticias","https:\/\/www.instagram.com\/nbcsnoticias\/","https:\/\/x.com\/https:\/\/twitter.com\/NBCSnoticias"]}]}},"jetpack_publicize_connections":[],"jetpack_sharing_enabled":true,"jetpack_featured_media_url":"","_links":{"self":[{"href":"https:\/\/nbcs.mx\/index.php?rest_route=\/wp\/v2\/posts\/131934","targetHints":{"allow":["GET"]}}],"collection":[{"href":"https:\/\/nbcs.mx\/index.php?rest_route=\/wp\/v2\/posts"}],"about":[{"href":"https:\/\/nbcs.mx\/index.php?rest_route=\/wp\/v2\/types\/post"}],"author":[{"embeddable":true,"href":"https:\/\/nbcs.mx\/index.php?rest_route=\/wp\/v2\/users\/1"}],"replies":[{"embeddable":true,"href":"https:\/\/nbcs.mx\/index.php?rest_route=%2Fwp%2Fv2%2Fcomments&post=131934"}],"version-history":[{"count":1,"href":"https:\/\/nbcs.mx\/index.php?rest_route=\/wp\/v2\/posts\/131934\/revisions"}],"predecessor-version":[{"id":131936,"href":"https:\/\/nbcs.mx\/index.php?rest_route=\/wp\/v2\/posts\/131934\/revisions\/131936"}],"wp:attachment":[{"href":"https:\/\/nbcs.mx\/index.php?rest_route=%2Fwp%2Fv2%2Fmedia&parent=131934"}],"wp:term":[{"taxonomy":"category","embeddable":true,"href":"https:\/\/nbcs.mx\/index.php?rest_route=%2Fwp%2Fv2%2Fcategories&post=131934"},{"taxonomy":"post_tag","embeddable":true,"href":"https:\/\/nbcs.mx\/index.php?rest_route=%2Fwp%2Fv2%2Ftags&post=131934"}],"curies":[{"name":"wp","href":"https:\/\/api.w.org\/{rel}","templated":true}]}}