{"id":131971,"date":"2023-12-13T18:08:30","date_gmt":"2023-12-14T01:08:30","guid":{"rendered":"https:\/\/nbcs.mx\/?p=131971"},"modified":"2023-12-13T18:08:30","modified_gmt":"2023-12-14T01:08:30","slug":"uabcs-campus-la-paz-entrega-222-titulos-profesionales-y-grados-academicos-en-solemne-ceremonia","status":"publish","type":"post","link":"https:\/\/nbcs.mx\/?p=131971","title":{"rendered":"UABCS Campus La Paz entrega 222 t\u00edtulos profesionales y grados acad\u00e9micos en solemne ceremonia"},"content":{"rendered":"<p style=\"text-align: justify;\"><img loading=\"lazy\" decoding=\"async\" class=\" wp-image-131972 alignleft\" src=\"https:\/\/nbcs.mx\/wp-content\/uploads\/2023\/12\/13-12-23-Entrega-de-titulos-2023-II-2-738x492.jpeg\" alt=\"\" width=\"336\" height=\"224\" \/>Cumpliendo una vez m\u00e1s con su misi\u00f3n de formar profesionales altamente capacitados en diferentes disciplinas, la Universidad Aut\u00f3noma de Baja California Sur (UABCS) hizo entrega de 199 t\u00edtulos profesionales de Licenciatura y 23 grados acad\u00e9micos de nivel Posgrado en su Campus La Paz.<\/p>\n<p style=\"text-align: justify;\">Al recibir la documentaci\u00f3n respectiva, egresados y egresadas culminan un ciclo acad\u00e9mico que demand\u00f3 un amplio esfuerzo, dedicaci\u00f3n y compromiso, siendo testigos de este enorme logro, familiares, amistades, autoridades de los poderes del estado e integrantes de la propia comunidad universitaria.<\/p>\n<p style=\"text-align: justify;\">El acto de entrega fue presidido por el Dr. Dante Salgado Gonz\u00e1lez, quien en su calidad de rector de la UABCS, tom\u00f3 protesta a la nueva generaci\u00f3n de profesionistas, a quienes exhort\u00f3 a conducirse con \u00e9tica y a aplicar los conocimientos adquiridos en beneficio de la sociedad y progreso de sus comunidades.<\/p>\n<p style=\"text-align: justify;\">\u00a0\u00a0\u00a0\u00a0\u00a0\u00a0\u00a0\u00a0\u00a0\u00a0\u00a0 \u201cHoy celebramos no s\u00f3lo el fin de una etapa acad\u00e9mica, sino tambi\u00e9n el comienzo de nuevas oportunidades y responsabilidades. Ustedes pasan a convertirse en los embajadores de esta casa de estudios y representan el futuro prometedor de este pa\u00eds\u201d, indic\u00f3 el rector en su mensaje.<\/p>\n<p style=\"text-align: justify;\">\u00a0\u00a0\u00a0\u00a0\u00a0\u00a0\u00a0\u00a0\u00a0\u00a0\u00a0 Como parte de su discurso, tambi\u00e9n les invit\u00f3 a mantenerse cercanos a su alma m\u00e1ter, la cual siempre les esperar\u00e1 con las puertas abiertas ya sea para que contin\u00faen prepar\u00e1ndose a nivel posgrado, a trav\u00e9s de actividades de formaci\u00f3n continua, eventos y conferencias u otros servicios y beneficios para respaldar su \u00e9xito profesional.<\/p>\n<p style=\"text-align: justify;\">\u00a0\u00a0\u00a0\u00a0\u00a0\u00a0\u00a0\u00a0\u00a0\u00a0\u00a0 Se refiri\u00f3 al grupo de egresados y egresadas como personas exitosas que pasan a formar parte de una estad\u00edstica muy selecta en el pa\u00eds en cuanto a estudios profesionales se refiere, por lo que les conmin\u00f3 a retribuir desde la posici\u00f3n en que se ubiquen a la construcci\u00f3n de un Estado m\u00e1s justo, equitativo y arm\u00f3nico.<\/p>\n<p style=\"text-align: justify;\">\u00a0\u00a0\u00a0\u00a0\u00a0\u00a0\u00a0\u00a0\u00a0\u00a0\u00a0 Por su parte, el Dr. Dante Salgado reiter\u00f3 el compromiso institucional con la formaci\u00f3n integral de sus estudiantes, con miras a seguir formando a las generaciones del presente y futuro de este pa\u00eds, capaces de contribuir en su momento al bienestar de sus comunidades.<\/p>\n<p style=\"text-align: justify;\">\u00a0\u00a0\u00a0\u00a0\u00a0\u00a0\u00a0\u00a0\u00a0\u00a0\u00a0 Toc\u00f3 turno a la Mtra. Margarita Amador Robles,\u00a0directora de Profesiones de Educaci\u00f3n Superior y Media Superior, en representaci\u00f3n del profesor V\u00edctor Castro Cos\u00edo, Gobernador Constitucional del Estado de BCS, y de la Mtra. Alicia Meza Osuna, Secretaria de Educaci\u00f3n P\u00fablica en BCS, clausurar el evento.<\/p>\n<p style=\"text-align: justify;\">\u00a0\u00a0\u00a0\u00a0\u00a0\u00a0\u00a0\u00a0\u00a0\u00a0\u00a0 En su oportunidad, reconoci\u00f3 la labor de la UABCS en la formaci\u00f3n de profesionistas capacitados y su aporte al desarrollo de las comunidades de la media pen\u00ednsula.<\/p>\n<p style=\"text-align: justify;\">\u00a0\u00a0\u00a0\u00a0\u00a0\u00a0\u00a0\u00a0\u00a0\u00a0\u00a0 Llam\u00f3 a los nuevos titulados a ejercer su profesi\u00f3n con humildad, tratando de dejar un impacto social positivo y motivando al resto de la ciudadan\u00eda a ser m\u00e1s participativa y solidaria, como parte de ese compromiso que adquieren como egresados de la UABCS.<\/p>\n<p style=\"text-align: justify;\">\n","protected":false},"excerpt":{"rendered":"<p>Cumpliendo una vez m\u00e1s con su misi\u00f3n de formar profesionales altamente capacitados en diferentes disciplinas, la Universidad Aut\u00f3noma de Baja<\/p>\n","protected":false},"author":1,"featured_media":0,"comment_status":"open","ping_status":"closed","sticky":false,"template":"","format":"standard","meta":{"colormag_page_container_layout":"default_layout","colormag_page_sidebar_layout":"default_layout","_jetpack_memberships_contains_paid_content":false,"footnotes":"","jetpack_publicize_message":"","jetpack_publicize_feature_enabled":true,"jetpack_social_post_already_shared":true,"jetpack_social_options":{"image_generator_settings":{"template":"highway","default_image_id":0,"font":"","enabled":false},"version":2}},"categories":[1],"tags":[],"class_list":["post-131971","post","type-post","status-publish","format-standard","hentry","category-noticias"],"yoast_head":"<!-- This site is optimized with the Yoast SEO plugin v27.5 - https:\/\/yoast.com\/product\/yoast-seo-wordpress\/ -->\n<title>UABCS Campus La Paz entrega 222 t\u00edtulos profesionales y grados acad\u00e9micos en solemne ceremonia - NBCS Noticias<\/title>\n<meta name=\"robots\" content=\"index, follow, max-snippet:-1, max-image-preview:large, max-video-preview:-1\" \/>\n<link rel=\"canonical\" href=\"https:\/\/nbcs.mx\/?p=131971\" \/>\n<meta property=\"og:locale\" content=\"es_ES\" \/>\n<meta property=\"og:type\" content=\"article\" \/>\n<meta property=\"og:title\" content=\"UABCS Campus La Paz entrega 222 t\u00edtulos profesionales y grados acad\u00e9micos en solemne ceremonia - NBCS Noticias\" \/>\n<meta property=\"og:description\" content=\"Cumpliendo una vez m\u00e1s con su misi\u00f3n de formar profesionales altamente capacitados en diferentes disciplinas, la Universidad Aut\u00f3noma de Baja\" \/>\n<meta property=\"og:url\" content=\"https:\/\/nbcs.mx\/?p=131971\" \/>\n<meta property=\"og:site_name\" content=\"NBCS Noticias\" \/>\n<meta property=\"article:publisher\" content=\"https:\/\/www.facebook.com\/NBCSnoticias\" \/>\n<meta property=\"article:author\" content=\"https:\/\/www.facebook.com\/NBCSnoticias\" \/>\n<meta property=\"article:published_time\" content=\"2023-12-14T01:08:30+00:00\" \/>\n<meta property=\"og:image\" content=\"https:\/\/nbcs.mx\/wp-content\/uploads\/2023\/12\/13-12-23-Entrega-de-titulos-2023-II-2-738x492.jpeg\" \/>\n<meta name=\"author\" content=\"NBCS Noticias\" \/>\n<meta name=\"twitter:card\" content=\"summary_large_image\" \/>\n<meta name=\"twitter:creator\" content=\"@https:\/\/twitter.com\/NBCSnoticias\" \/>\n<meta name=\"twitter:site\" content=\"@NBCSnoticias\" \/>\n<meta name=\"twitter:label1\" content=\"Escrito por\" \/>\n\t<meta name=\"twitter:data1\" content=\"NBCS Noticias\" \/>\n\t<meta name=\"twitter:label2\" content=\"Tiempo de lectura\" \/>\n\t<meta name=\"twitter:data2\" content=\"3 minutos\" \/>\n<script type=\"application\/ld+json\" class=\"yoast-schema-graph\">{\"@context\":\"https:\\\/\\\/schema.org\",\"@graph\":[{\"@type\":\"Article\",\"@id\":\"https:\\\/\\\/nbcs.mx\\\/?p=131971#article\",\"isPartOf\":{\"@id\":\"https:\\\/\\\/nbcs.mx\\\/?p=131971\"},\"author\":{\"name\":\"NBCS Noticias\",\"@id\":\"https:\\\/\\\/nbcs.mx\\\/#\\\/schema\\\/person\\\/ece58bab9a7c1e87a4d28ec9ecd79ff4\"},\"headline\":\"UABCS Campus La Paz entrega 222 t\u00edtulos profesionales y grados acad\u00e9micos en solemne ceremonia\",\"datePublished\":\"2023-12-14T01:08:30+00:00\",\"mainEntityOfPage\":{\"@id\":\"https:\\\/\\\/nbcs.mx\\\/?p=131971\"},\"wordCount\":502,\"commentCount\":0,\"publisher\":{\"@id\":\"https:\\\/\\\/nbcs.mx\\\/#organization\"},\"image\":{\"@id\":\"https:\\\/\\\/nbcs.mx\\\/?p=131971#primaryimage\"},\"thumbnailUrl\":\"https:\\\/\\\/nbcs.mx\\\/wp-content\\\/uploads\\\/2023\\\/12\\\/13-12-23-Entrega-de-titulos-2023-II-2-738x492.jpeg\",\"articleSection\":[\"Noticias\"],\"inLanguage\":\"es\",\"potentialAction\":[{\"@type\":\"CommentAction\",\"name\":\"Comment\",\"target\":[\"https:\\\/\\\/nbcs.mx\\\/?p=131971#respond\"]}]},{\"@type\":\"WebPage\",\"@id\":\"https:\\\/\\\/nbcs.mx\\\/?p=131971\",\"url\":\"https:\\\/\\\/nbcs.mx\\\/?p=131971\",\"name\":\"UABCS Campus La Paz entrega 222 t\u00edtulos profesionales y grados acad\u00e9micos en solemne ceremonia - NBCS Noticias\",\"isPartOf\":{\"@id\":\"https:\\\/\\\/nbcs.mx\\\/#website\"},\"primaryImageOfPage\":{\"@id\":\"https:\\\/\\\/nbcs.mx\\\/?p=131971#primaryimage\"},\"image\":{\"@id\":\"https:\\\/\\\/nbcs.mx\\\/?p=131971#primaryimage\"},\"thumbnailUrl\":\"https:\\\/\\\/nbcs.mx\\\/wp-content\\\/uploads\\\/2023\\\/12\\\/13-12-23-Entrega-de-titulos-2023-II-2-738x492.jpeg\",\"datePublished\":\"2023-12-14T01:08:30+00:00\",\"breadcrumb\":{\"@id\":\"https:\\\/\\\/nbcs.mx\\\/?p=131971#breadcrumb\"},\"inLanguage\":\"es\",\"potentialAction\":[{\"@type\":\"ReadAction\",\"target\":[\"https:\\\/\\\/nbcs.mx\\\/?p=131971\"]}]},{\"@type\":\"ImageObject\",\"inLanguage\":\"es\",\"@id\":\"https:\\\/\\\/nbcs.mx\\\/?p=131971#primaryimage\",\"url\":\"https:\\\/\\\/nbcs.mx\\\/wp-content\\\/uploads\\\/2023\\\/12\\\/13-12-23-Entrega-de-titulos-2023-II-2-738x492.jpeg\",\"contentUrl\":\"https:\\\/\\\/nbcs.mx\\\/wp-content\\\/uploads\\\/2023\\\/12\\\/13-12-23-Entrega-de-titulos-2023-II-2-738x492.jpeg\"},{\"@type\":\"BreadcrumbList\",\"@id\":\"https:\\\/\\\/nbcs.mx\\\/?p=131971#breadcrumb\",\"itemListElement\":[{\"@type\":\"ListItem\",\"position\":1,\"name\":\"Portada\",\"item\":\"https:\\\/\\\/nbcs.mx\\\/\"},{\"@type\":\"ListItem\",\"position\":2,\"name\":\"UABCS Campus La Paz entrega 222 t\u00edtulos profesionales y grados acad\u00e9micos en solemne ceremonia\"}]},{\"@type\":\"WebSite\",\"@id\":\"https:\\\/\\\/nbcs.mx\\\/#website\",\"url\":\"https:\\\/\\\/nbcs.mx\\\/\",\"name\":\"NBCS Noticias\",\"description\":\"Sitio web de noticias en Baja California Sur\",\"publisher\":{\"@id\":\"https:\\\/\\\/nbcs.mx\\\/#organization\"},\"potentialAction\":[{\"@type\":\"SearchAction\",\"target\":{\"@type\":\"EntryPoint\",\"urlTemplate\":\"https:\\\/\\\/nbcs.mx\\\/?s={search_term_string}\"},\"query-input\":{\"@type\":\"PropertyValueSpecification\",\"valueRequired\":true,\"valueName\":\"search_term_string\"}}],\"inLanguage\":\"es\"},{\"@type\":\"Organization\",\"@id\":\"https:\\\/\\\/nbcs.mx\\\/#organization\",\"name\":\"NBCS Noticias\",\"url\":\"https:\\\/\\\/nbcs.mx\\\/\",\"logo\":{\"@type\":\"ImageObject\",\"inLanguage\":\"es\",\"@id\":\"https:\\\/\\\/nbcs.mx\\\/#\\\/schema\\\/logo\\\/image\\\/\",\"url\":\"https:\\\/\\\/nbcs.mx\\\/wp-content\\\/uploads\\\/2018\\\/09\\\/057b69485e93575a5c2b1c1dde2dd297.jpeg\",\"contentUrl\":\"https:\\\/\\\/nbcs.mx\\\/wp-content\\\/uploads\\\/2018\\\/09\\\/057b69485e93575a5c2b1c1dde2dd297.jpeg\",\"width\":64,\"height\":64,\"caption\":\"NBCS Noticias\"},\"image\":{\"@id\":\"https:\\\/\\\/nbcs.mx\\\/#\\\/schema\\\/logo\\\/image\\\/\"},\"sameAs\":[\"https:\\\/\\\/www.facebook.com\\\/NBCSnoticias\",\"https:\\\/\\\/x.com\\\/NBCSnoticias\"]},{\"@type\":\"Person\",\"@id\":\"https:\\\/\\\/nbcs.mx\\\/#\\\/schema\\\/person\\\/ece58bab9a7c1e87a4d28ec9ecd79ff4\",\"name\":\"NBCS Noticias\",\"image\":{\"@type\":\"ImageObject\",\"inLanguage\":\"es\",\"@id\":\"https:\\\/\\\/secure.gravatar.com\\\/avatar\\\/4e52110cad1c4054b43271a0d14bbe9e2ea76aecd0e1097edfc670798d9ca1d4?s=96&d=blank&r=g\",\"url\":\"https:\\\/\\\/secure.gravatar.com\\\/avatar\\\/4e52110cad1c4054b43271a0d14bbe9e2ea76aecd0e1097edfc670798d9ca1d4?s=96&d=blank&r=g\",\"contentUrl\":\"https:\\\/\\\/secure.gravatar.com\\\/avatar\\\/4e52110cad1c4054b43271a0d14bbe9e2ea76aecd0e1097edfc670798d9ca1d4?s=96&d=blank&r=g\",\"caption\":\"NBCS Noticias\"},\"description\":\"\u00bfTienes fotos o video de alg\u00fan acto de posible negligencia, corrupci\u00f3n y abuso de autoridad? M\u00e1ndalo al WhatsApp de NBCS Noticias: 612 141 98 08\",\"sameAs\":[\"https:\\\/\\\/www.nbcs.mx\",\"https:\\\/\\\/www.facebook.com\\\/NBCSnoticias\",\"https:\\\/\\\/www.instagram.com\\\/nbcsnoticias\\\/\",\"https:\\\/\\\/x.com\\\/https:\\\/\\\/twitter.com\\\/NBCSnoticias\"]}]}<\/script>\n<!-- \/ Yoast SEO plugin. -->","yoast_head_json":{"title":"UABCS Campus La Paz entrega 222 t\u00edtulos profesionales y grados acad\u00e9micos en solemne ceremonia - NBCS Noticias","robots":{"index":"index","follow":"follow","max-snippet":"max-snippet:-1","max-image-preview":"max-image-preview:large","max-video-preview":"max-video-preview:-1"},"canonical":"https:\/\/nbcs.mx\/?p=131971","og_locale":"es_ES","og_type":"article","og_title":"UABCS Campus La Paz entrega 222 t\u00edtulos profesionales y grados acad\u00e9micos en solemne ceremonia - NBCS Noticias","og_description":"Cumpliendo una vez m\u00e1s con su misi\u00f3n de formar profesionales altamente capacitados en diferentes disciplinas, la Universidad Aut\u00f3noma de Baja","og_url":"https:\/\/nbcs.mx\/?p=131971","og_site_name":"NBCS Noticias","article_publisher":"https:\/\/www.facebook.com\/NBCSnoticias","article_author":"https:\/\/www.facebook.com\/NBCSnoticias","article_published_time":"2023-12-14T01:08:30+00:00","og_image":[{"url":"https:\/\/nbcs.mx\/wp-content\/uploads\/2023\/12\/13-12-23-Entrega-de-titulos-2023-II-2-738x492.jpeg","type":"","width":"","height":""}],"author":"NBCS Noticias","twitter_card":"summary_large_image","twitter_creator":"@https:\/\/twitter.com\/NBCSnoticias","twitter_site":"@NBCSnoticias","twitter_misc":{"Escrito por":"NBCS Noticias","Tiempo de lectura":"3 minutos"},"schema":{"@context":"https:\/\/schema.org","@graph":[{"@type":"Article","@id":"https:\/\/nbcs.mx\/?p=131971#article","isPartOf":{"@id":"https:\/\/nbcs.mx\/?p=131971"},"author":{"name":"NBCS Noticias","@id":"https:\/\/nbcs.mx\/#\/schema\/person\/ece58bab9a7c1e87a4d28ec9ecd79ff4"},"headline":"UABCS Campus La Paz entrega 222 t\u00edtulos profesionales y grados acad\u00e9micos en solemne ceremonia","datePublished":"2023-12-14T01:08:30+00:00","mainEntityOfPage":{"@id":"https:\/\/nbcs.mx\/?p=131971"},"wordCount":502,"commentCount":0,"publisher":{"@id":"https:\/\/nbcs.mx\/#organization"},"image":{"@id":"https:\/\/nbcs.mx\/?p=131971#primaryimage"},"thumbnailUrl":"https:\/\/nbcs.mx\/wp-content\/uploads\/2023\/12\/13-12-23-Entrega-de-titulos-2023-II-2-738x492.jpeg","articleSection":["Noticias"],"inLanguage":"es","potentialAction":[{"@type":"CommentAction","name":"Comment","target":["https:\/\/nbcs.mx\/?p=131971#respond"]}]},{"@type":"WebPage","@id":"https:\/\/nbcs.mx\/?p=131971","url":"https:\/\/nbcs.mx\/?p=131971","name":"UABCS Campus La Paz entrega 222 t\u00edtulos profesionales y grados acad\u00e9micos en solemne ceremonia - NBCS Noticias","isPartOf":{"@id":"https:\/\/nbcs.mx\/#website"},"primaryImageOfPage":{"@id":"https:\/\/nbcs.mx\/?p=131971#primaryimage"},"image":{"@id":"https:\/\/nbcs.mx\/?p=131971#primaryimage"},"thumbnailUrl":"https:\/\/nbcs.mx\/wp-content\/uploads\/2023\/12\/13-12-23-Entrega-de-titulos-2023-II-2-738x492.jpeg","datePublished":"2023-12-14T01:08:30+00:00","breadcrumb":{"@id":"https:\/\/nbcs.mx\/?p=131971#breadcrumb"},"inLanguage":"es","potentialAction":[{"@type":"ReadAction","target":["https:\/\/nbcs.mx\/?p=131971"]}]},{"@type":"ImageObject","inLanguage":"es","@id":"https:\/\/nbcs.mx\/?p=131971#primaryimage","url":"https:\/\/nbcs.mx\/wp-content\/uploads\/2023\/12\/13-12-23-Entrega-de-titulos-2023-II-2-738x492.jpeg","contentUrl":"https:\/\/nbcs.mx\/wp-content\/uploads\/2023\/12\/13-12-23-Entrega-de-titulos-2023-II-2-738x492.jpeg"},{"@type":"BreadcrumbList","@id":"https:\/\/nbcs.mx\/?p=131971#breadcrumb","itemListElement":[{"@type":"ListItem","position":1,"name":"Portada","item":"https:\/\/nbcs.mx\/"},{"@type":"ListItem","position":2,"name":"UABCS Campus La Paz entrega 222 t\u00edtulos profesionales y grados acad\u00e9micos en solemne ceremonia"}]},{"@type":"WebSite","@id":"https:\/\/nbcs.mx\/#website","url":"https:\/\/nbcs.mx\/","name":"NBCS Noticias","description":"Sitio web de noticias en Baja California Sur","publisher":{"@id":"https:\/\/nbcs.mx\/#organization"},"potentialAction":[{"@type":"SearchAction","target":{"@type":"EntryPoint","urlTemplate":"https:\/\/nbcs.mx\/?s={search_term_string}"},"query-input":{"@type":"PropertyValueSpecification","valueRequired":true,"valueName":"search_term_string"}}],"inLanguage":"es"},{"@type":"Organization","@id":"https:\/\/nbcs.mx\/#organization","name":"NBCS Noticias","url":"https:\/\/nbcs.mx\/","logo":{"@type":"ImageObject","inLanguage":"es","@id":"https:\/\/nbcs.mx\/#\/schema\/logo\/image\/","url":"https:\/\/nbcs.mx\/wp-content\/uploads\/2018\/09\/057b69485e93575a5c2b1c1dde2dd297.jpeg","contentUrl":"https:\/\/nbcs.mx\/wp-content\/uploads\/2018\/09\/057b69485e93575a5c2b1c1dde2dd297.jpeg","width":64,"height":64,"caption":"NBCS Noticias"},"image":{"@id":"https:\/\/nbcs.mx\/#\/schema\/logo\/image\/"},"sameAs":["https:\/\/www.facebook.com\/NBCSnoticias","https:\/\/x.com\/NBCSnoticias"]},{"@type":"Person","@id":"https:\/\/nbcs.mx\/#\/schema\/person\/ece58bab9a7c1e87a4d28ec9ecd79ff4","name":"NBCS Noticias","image":{"@type":"ImageObject","inLanguage":"es","@id":"https:\/\/secure.gravatar.com\/avatar\/4e52110cad1c4054b43271a0d14bbe9e2ea76aecd0e1097edfc670798d9ca1d4?s=96&d=blank&r=g","url":"https:\/\/secure.gravatar.com\/avatar\/4e52110cad1c4054b43271a0d14bbe9e2ea76aecd0e1097edfc670798d9ca1d4?s=96&d=blank&r=g","contentUrl":"https:\/\/secure.gravatar.com\/avatar\/4e52110cad1c4054b43271a0d14bbe9e2ea76aecd0e1097edfc670798d9ca1d4?s=96&d=blank&r=g","caption":"NBCS Noticias"},"description":"\u00bfTienes fotos o video de alg\u00fan acto de posible negligencia, corrupci\u00f3n y abuso de autoridad? M\u00e1ndalo al WhatsApp de NBCS Noticias: 612 141 98 08","sameAs":["https:\/\/www.nbcs.mx","https:\/\/www.facebook.com\/NBCSnoticias","https:\/\/www.instagram.com\/nbcsnoticias\/","https:\/\/x.com\/https:\/\/twitter.com\/NBCSnoticias"]}]}},"jetpack_publicize_connections":[],"jetpack_featured_media_url":"","jetpack_sharing_enabled":true,"_links":{"self":[{"href":"https:\/\/nbcs.mx\/index.php?rest_route=\/wp\/v2\/posts\/131971","targetHints":{"allow":["GET"]}}],"collection":[{"href":"https:\/\/nbcs.mx\/index.php?rest_route=\/wp\/v2\/posts"}],"about":[{"href":"https:\/\/nbcs.mx\/index.php?rest_route=\/wp\/v2\/types\/post"}],"author":[{"embeddable":true,"href":"https:\/\/nbcs.mx\/index.php?rest_route=\/wp\/v2\/users\/1"}],"replies":[{"embeddable":true,"href":"https:\/\/nbcs.mx\/index.php?rest_route=%2Fwp%2Fv2%2Fcomments&post=131971"}],"version-history":[{"count":1,"href":"https:\/\/nbcs.mx\/index.php?rest_route=\/wp\/v2\/posts\/131971\/revisions"}],"predecessor-version":[{"id":131973,"href":"https:\/\/nbcs.mx\/index.php?rest_route=\/wp\/v2\/posts\/131971\/revisions\/131973"}],"wp:attachment":[{"href":"https:\/\/nbcs.mx\/index.php?rest_route=%2Fwp%2Fv2%2Fmedia&parent=131971"}],"wp:term":[{"taxonomy":"category","embeddable":true,"href":"https:\/\/nbcs.mx\/index.php?rest_route=%2Fwp%2Fv2%2Fcategories&post=131971"},{"taxonomy":"post_tag","embeddable":true,"href":"https:\/\/nbcs.mx\/index.php?rest_route=%2Fwp%2Fv2%2Ftags&post=131971"}],"curies":[{"name":"wp","href":"https:\/\/api.w.org\/{rel}","templated":true}]}}