{"id":133050,"date":"2024-01-21T19:39:29","date_gmt":"2024-01-22T02:39:29","guid":{"rendered":"https:\/\/nbcs.mx\/?p=133050"},"modified":"2024-01-21T19:39:29","modified_gmt":"2024-01-22T02:39:29","slug":"festival-del-cabrito-de-san-francisco-de-la-sierra-promueve-identidad-del-poblado","status":"publish","type":"post","link":"https:\/\/nbcs.mx\/?p=133050","title":{"rendered":"Festival del Cabrito de San Francisco de la Sierra, promueve identidad del poblado"},"content":{"rendered":"<p style=\"font-weight: 400; text-align: justify;\"><img loading=\"lazy\" decoding=\"async\" class=\" wp-image-133051 alignleft\" src=\"https:\/\/nbcs.mx\/wp-content\/uploads\/2024\/01\/FOTO-BOLETIN-SETUE-FESTIVAL-CABRITO-755x352.png\" alt=\"\" width=\"350\" height=\"163\" srcset=\"https:\/\/nbcs.mx\/wp-content\/uploads\/2024\/01\/FOTO-BOLETIN-SETUE-FESTIVAL-CABRITO-755x352.png 755w, https:\/\/nbcs.mx\/wp-content\/uploads\/2024\/01\/FOTO-BOLETIN-SETUE-FESTIVAL-CABRITO-1024x478.png 1024w, https:\/\/nbcs.mx\/wp-content\/uploads\/2024\/01\/FOTO-BOLETIN-SETUE-FESTIVAL-CABRITO-150x70.png 150w, https:\/\/nbcs.mx\/wp-content\/uploads\/2024\/01\/FOTO-BOLETIN-SETUE-FESTIVAL-CABRITO-768x358.png 768w, https:\/\/nbcs.mx\/wp-content\/uploads\/2024\/01\/FOTO-BOLETIN-SETUE-FESTIVAL-CABRITO-1536x717.png 1536w, https:\/\/nbcs.mx\/wp-content\/uploads\/2024\/01\/FOTO-BOLETIN-SETUE-FESTIVAL-CABRITO.png 1714w\" sizes=\"auto, (max-width: 350px) 100vw, 350px\" \/>Este 17 de febrero, a partir de las 10:00 horas, el Gobierno del Estado llevar\u00e1 a cabo el 1er. Festival del Cabrito en San Francisco de la Sierra, con el objetivo de fortalecer la actividad econ\u00f3mica en la zona y promover los productos regionales que se elaboran en el lugar y comunidades aleda\u00f1as, as\u00ed lo dio a conocer Maribel Collins, titular de la Secretar\u00eda de Turismo y Econom\u00eda (SETUE).<\/p>\n<p style=\"font-weight: 400; text-align: justify;\">\n<p style=\"font-weight: 400; text-align: justify;\">Al respecto, a\u00f1adi\u00f3 que con eventos como este, la actividad tur\u00edstica de la localidad ir\u00e1 creciendo de manera gradual, creando nuevos productos y concretando m\u00e1s proyectos que ser\u00e1n de gran beneficio para sus habitantes y los turistas.<\/p>\n<p style=\"font-weight: 400; text-align: justify;\">\n<p style=\"font-weight: 400; text-align: justify;\">\u201cHacemos una cordial invitaci\u00f3n a este primer Festival Gastron\u00f3mico del Cabrito que se realizar\u00e1 en San Francisco de la Sierra, como parte de las estrategias que se est\u00e1n implementando para llevar los beneficios de la industria tur\u00edstica a las comunidades sudcalifornianas. Habr\u00e1 concursos ganaderos, muestra gastron\u00f3mica, venta de productos regionales y artesan\u00edas, m\u00fasica en vivo y programa art\u00edstico-cultural\u201d, expres\u00f3 Collins S\u00e1nchez.<\/p>\n<p style=\"font-weight: 400; text-align: justify;\">\n<p style=\"font-weight: 400; text-align: justify;\">Dijo adem\u00e1s que este evento surge a iniciativa de la Asociaci\u00f3n Ganadera Local Especializada de Caprinocultores Unidos de San Francisco de la Sierra y se trabaja en coordinaci\u00f3n con la Secretar\u00eda de Pesca, Acuacultura y Desarrollo Agropecuario (SEPADA), el Instituto Sudcaliforniano de Cultura (ISC), as\u00ed como el Sistema Estatal para el Desarrollo Integral para la Familia (SEDIF).<\/p>\n<p style=\"font-weight: 400; text-align: justify;\">\n<p style=\"font-weight: 400; text-align: justify;\">Para finalizar, Maribel Collins refrend\u00f3 la invitaci\u00f3n a la ciudadan\u00eda, a quienes dijo que esta zona ofrece experiencias \u00fanicas, en donde se pueden hacer recorridos por las pinturas rupestres, degustar la gastronom\u00eda local y practicar senderismo por el entorno natural.<\/p>\n","protected":false},"excerpt":{"rendered":"<p>Este 17 de febrero, a partir de las 10:00 horas, el Gobierno del Estado llevar\u00e1 a cabo el 1er. Festival<\/p>\n","protected":false},"author":1,"featured_media":133051,"comment_status":"open","ping_status":"closed","sticky":false,"template":"","format":"standard","meta":{"colormag_page_container_layout":"default_layout","colormag_page_sidebar_layout":"default_layout","_jetpack_memberships_contains_paid_content":false,"footnotes":"","jetpack_publicize_message":"","jetpack_publicize_feature_enabled":true,"jetpack_social_post_already_shared":true,"jetpack_social_options":{"image_generator_settings":{"template":"highway","default_image_id":0,"font":"","enabled":false},"version":2}},"categories":[1],"tags":[],"class_list":["post-133050","post","type-post","status-publish","format-standard","has-post-thumbnail","hentry","category-noticias"],"yoast_head":"<!-- This site is optimized with the Yoast SEO plugin v27.5 - https:\/\/yoast.com\/product\/yoast-seo-wordpress\/ -->\n<title>Festival del Cabrito de San Francisco de la Sierra, promueve identidad del poblado - NBCS Noticias<\/title>\n<meta name=\"robots\" content=\"index, follow, max-snippet:-1, max-image-preview:large, max-video-preview:-1\" \/>\n<link rel=\"canonical\" href=\"https:\/\/nbcs.mx\/?p=133050\" \/>\n<meta property=\"og:locale\" content=\"es_ES\" \/>\n<meta property=\"og:type\" content=\"article\" \/>\n<meta property=\"og:title\" content=\"Festival del Cabrito de San Francisco de la Sierra, promueve identidad del poblado - NBCS Noticias\" \/>\n<meta property=\"og:description\" content=\"Este 17 de febrero, a partir de las 10:00 horas, el Gobierno del Estado llevar\u00e1 a cabo el 1er. Festival\" \/>\n<meta property=\"og:url\" content=\"https:\/\/nbcs.mx\/?p=133050\" \/>\n<meta property=\"og:site_name\" content=\"NBCS Noticias\" \/>\n<meta property=\"article:publisher\" content=\"https:\/\/www.facebook.com\/NBCSnoticias\" \/>\n<meta property=\"article:author\" content=\"https:\/\/www.facebook.com\/NBCSnoticias\" \/>\n<meta property=\"article:published_time\" content=\"2024-01-22T02:39:29+00:00\" \/>\n<meta property=\"og:image\" content=\"https:\/\/nbcs.mx\/wp-content\/uploads\/2024\/01\/FOTO-BOLETIN-SETUE-FESTIVAL-CABRITO-1024x478.png\" \/>\n\t<meta property=\"og:image:width\" content=\"1024\" \/>\n\t<meta property=\"og:image:height\" content=\"478\" \/>\n\t<meta property=\"og:image:type\" content=\"image\/png\" \/>\n<meta name=\"author\" content=\"NBCS Noticias\" \/>\n<meta name=\"twitter:card\" content=\"summary_large_image\" \/>\n<meta name=\"twitter:creator\" content=\"@https:\/\/twitter.com\/NBCSnoticias\" \/>\n<meta name=\"twitter:site\" content=\"@NBCSnoticias\" \/>\n<meta name=\"twitter:label1\" content=\"Escrito por\" \/>\n\t<meta name=\"twitter:data1\" content=\"NBCS Noticias\" \/>\n\t<meta name=\"twitter:label2\" content=\"Tiempo de lectura\" \/>\n\t<meta name=\"twitter:data2\" content=\"2 minutos\" \/>\n<script type=\"application\/ld+json\" class=\"yoast-schema-graph\">{\"@context\":\"https:\\\/\\\/schema.org\",\"@graph\":[{\"@type\":\"Article\",\"@id\":\"https:\\\/\\\/nbcs.mx\\\/?p=133050#article\",\"isPartOf\":{\"@id\":\"https:\\\/\\\/nbcs.mx\\\/?p=133050\"},\"author\":{\"name\":\"NBCS Noticias\",\"@id\":\"https:\\\/\\\/nbcs.mx\\\/#\\\/schema\\\/person\\\/ece58bab9a7c1e87a4d28ec9ecd79ff4\"},\"headline\":\"Festival del Cabrito de San Francisco de la Sierra, promueve identidad del poblado\",\"datePublished\":\"2024-01-22T02:39:29+00:00\",\"mainEntityOfPage\":{\"@id\":\"https:\\\/\\\/nbcs.mx\\\/?p=133050\"},\"wordCount\":299,\"commentCount\":0,\"publisher\":{\"@id\":\"https:\\\/\\\/nbcs.mx\\\/#organization\"},\"image\":{\"@id\":\"https:\\\/\\\/nbcs.mx\\\/?p=133050#primaryimage\"},\"thumbnailUrl\":\"https:\\\/\\\/nbcs.mx\\\/wp-content\\\/uploads\\\/2024\\\/01\\\/FOTO-BOLETIN-SETUE-FESTIVAL-CABRITO.png\",\"articleSection\":[\"Noticias\"],\"inLanguage\":\"es\",\"potentialAction\":[{\"@type\":\"CommentAction\",\"name\":\"Comment\",\"target\":[\"https:\\\/\\\/nbcs.mx\\\/?p=133050#respond\"]}]},{\"@type\":\"WebPage\",\"@id\":\"https:\\\/\\\/nbcs.mx\\\/?p=133050\",\"url\":\"https:\\\/\\\/nbcs.mx\\\/?p=133050\",\"name\":\"Festival del Cabrito de San Francisco de la Sierra, promueve identidad del poblado - NBCS Noticias\",\"isPartOf\":{\"@id\":\"https:\\\/\\\/nbcs.mx\\\/#website\"},\"primaryImageOfPage\":{\"@id\":\"https:\\\/\\\/nbcs.mx\\\/?p=133050#primaryimage\"},\"image\":{\"@id\":\"https:\\\/\\\/nbcs.mx\\\/?p=133050#primaryimage\"},\"thumbnailUrl\":\"https:\\\/\\\/nbcs.mx\\\/wp-content\\\/uploads\\\/2024\\\/01\\\/FOTO-BOLETIN-SETUE-FESTIVAL-CABRITO.png\",\"datePublished\":\"2024-01-22T02:39:29+00:00\",\"breadcrumb\":{\"@id\":\"https:\\\/\\\/nbcs.mx\\\/?p=133050#breadcrumb\"},\"inLanguage\":\"es\",\"potentialAction\":[{\"@type\":\"ReadAction\",\"target\":[\"https:\\\/\\\/nbcs.mx\\\/?p=133050\"]}]},{\"@type\":\"ImageObject\",\"inLanguage\":\"es\",\"@id\":\"https:\\\/\\\/nbcs.mx\\\/?p=133050#primaryimage\",\"url\":\"https:\\\/\\\/nbcs.mx\\\/wp-content\\\/uploads\\\/2024\\\/01\\\/FOTO-BOLETIN-SETUE-FESTIVAL-CABRITO.png\",\"contentUrl\":\"https:\\\/\\\/nbcs.mx\\\/wp-content\\\/uploads\\\/2024\\\/01\\\/FOTO-BOLETIN-SETUE-FESTIVAL-CABRITO.png\",\"width\":1714,\"height\":800},{\"@type\":\"BreadcrumbList\",\"@id\":\"https:\\\/\\\/nbcs.mx\\\/?p=133050#breadcrumb\",\"itemListElement\":[{\"@type\":\"ListItem\",\"position\":1,\"name\":\"Portada\",\"item\":\"https:\\\/\\\/nbcs.mx\\\/\"},{\"@type\":\"ListItem\",\"position\":2,\"name\":\"Festival del Cabrito de San Francisco de la Sierra, promueve identidad del poblado\"}]},{\"@type\":\"WebSite\",\"@id\":\"https:\\\/\\\/nbcs.mx\\\/#website\",\"url\":\"https:\\\/\\\/nbcs.mx\\\/\",\"name\":\"NBCS Noticias\",\"description\":\"Sitio web de noticias en Baja California Sur\",\"publisher\":{\"@id\":\"https:\\\/\\\/nbcs.mx\\\/#organization\"},\"potentialAction\":[{\"@type\":\"SearchAction\",\"target\":{\"@type\":\"EntryPoint\",\"urlTemplate\":\"https:\\\/\\\/nbcs.mx\\\/?s={search_term_string}\"},\"query-input\":{\"@type\":\"PropertyValueSpecification\",\"valueRequired\":true,\"valueName\":\"search_term_string\"}}],\"inLanguage\":\"es\"},{\"@type\":\"Organization\",\"@id\":\"https:\\\/\\\/nbcs.mx\\\/#organization\",\"name\":\"NBCS Noticias\",\"url\":\"https:\\\/\\\/nbcs.mx\\\/\",\"logo\":{\"@type\":\"ImageObject\",\"inLanguage\":\"es\",\"@id\":\"https:\\\/\\\/nbcs.mx\\\/#\\\/schema\\\/logo\\\/image\\\/\",\"url\":\"https:\\\/\\\/nbcs.mx\\\/wp-content\\\/uploads\\\/2018\\\/09\\\/057b69485e93575a5c2b1c1dde2dd297.jpeg\",\"contentUrl\":\"https:\\\/\\\/nbcs.mx\\\/wp-content\\\/uploads\\\/2018\\\/09\\\/057b69485e93575a5c2b1c1dde2dd297.jpeg\",\"width\":64,\"height\":64,\"caption\":\"NBCS Noticias\"},\"image\":{\"@id\":\"https:\\\/\\\/nbcs.mx\\\/#\\\/schema\\\/logo\\\/image\\\/\"},\"sameAs\":[\"https:\\\/\\\/www.facebook.com\\\/NBCSnoticias\",\"https:\\\/\\\/x.com\\\/NBCSnoticias\"]},{\"@type\":\"Person\",\"@id\":\"https:\\\/\\\/nbcs.mx\\\/#\\\/schema\\\/person\\\/ece58bab9a7c1e87a4d28ec9ecd79ff4\",\"name\":\"NBCS Noticias\",\"image\":{\"@type\":\"ImageObject\",\"inLanguage\":\"es\",\"@id\":\"https:\\\/\\\/secure.gravatar.com\\\/avatar\\\/4e52110cad1c4054b43271a0d14bbe9e2ea76aecd0e1097edfc670798d9ca1d4?s=96&d=blank&r=g\",\"url\":\"https:\\\/\\\/secure.gravatar.com\\\/avatar\\\/4e52110cad1c4054b43271a0d14bbe9e2ea76aecd0e1097edfc670798d9ca1d4?s=96&d=blank&r=g\",\"contentUrl\":\"https:\\\/\\\/secure.gravatar.com\\\/avatar\\\/4e52110cad1c4054b43271a0d14bbe9e2ea76aecd0e1097edfc670798d9ca1d4?s=96&d=blank&r=g\",\"caption\":\"NBCS Noticias\"},\"description\":\"\u00bfTienes fotos o video de alg\u00fan acto de posible negligencia, corrupci\u00f3n y abuso de autoridad? M\u00e1ndalo al WhatsApp de NBCS Noticias: 612 141 98 08\",\"sameAs\":[\"https:\\\/\\\/www.nbcs.mx\",\"https:\\\/\\\/www.facebook.com\\\/NBCSnoticias\",\"https:\\\/\\\/www.instagram.com\\\/nbcsnoticias\\\/\",\"https:\\\/\\\/x.com\\\/https:\\\/\\\/twitter.com\\\/NBCSnoticias\"]}]}<\/script>\n<!-- \/ Yoast SEO plugin. -->","yoast_head_json":{"title":"Festival del Cabrito de San Francisco de la Sierra, promueve identidad del poblado - NBCS Noticias","robots":{"index":"index","follow":"follow","max-snippet":"max-snippet:-1","max-image-preview":"max-image-preview:large","max-video-preview":"max-video-preview:-1"},"canonical":"https:\/\/nbcs.mx\/?p=133050","og_locale":"es_ES","og_type":"article","og_title":"Festival del Cabrito de San Francisco de la Sierra, promueve identidad del poblado - NBCS Noticias","og_description":"Este 17 de febrero, a partir de las 10:00 horas, el Gobierno del Estado llevar\u00e1 a cabo el 1er. Festival","og_url":"https:\/\/nbcs.mx\/?p=133050","og_site_name":"NBCS Noticias","article_publisher":"https:\/\/www.facebook.com\/NBCSnoticias","article_author":"https:\/\/www.facebook.com\/NBCSnoticias","article_published_time":"2024-01-22T02:39:29+00:00","og_image":[{"width":1024,"height":478,"url":"https:\/\/nbcs.mx\/wp-content\/uploads\/2024\/01\/FOTO-BOLETIN-SETUE-FESTIVAL-CABRITO-1024x478.png","type":"image\/png"}],"author":"NBCS Noticias","twitter_card":"summary_large_image","twitter_creator":"@https:\/\/twitter.com\/NBCSnoticias","twitter_site":"@NBCSnoticias","twitter_misc":{"Escrito por":"NBCS Noticias","Tiempo de lectura":"2 minutos"},"schema":{"@context":"https:\/\/schema.org","@graph":[{"@type":"Article","@id":"https:\/\/nbcs.mx\/?p=133050#article","isPartOf":{"@id":"https:\/\/nbcs.mx\/?p=133050"},"author":{"name":"NBCS Noticias","@id":"https:\/\/nbcs.mx\/#\/schema\/person\/ece58bab9a7c1e87a4d28ec9ecd79ff4"},"headline":"Festival del Cabrito de San Francisco de la Sierra, promueve identidad del poblado","datePublished":"2024-01-22T02:39:29+00:00","mainEntityOfPage":{"@id":"https:\/\/nbcs.mx\/?p=133050"},"wordCount":299,"commentCount":0,"publisher":{"@id":"https:\/\/nbcs.mx\/#organization"},"image":{"@id":"https:\/\/nbcs.mx\/?p=133050#primaryimage"},"thumbnailUrl":"https:\/\/nbcs.mx\/wp-content\/uploads\/2024\/01\/FOTO-BOLETIN-SETUE-FESTIVAL-CABRITO.png","articleSection":["Noticias"],"inLanguage":"es","potentialAction":[{"@type":"CommentAction","name":"Comment","target":["https:\/\/nbcs.mx\/?p=133050#respond"]}]},{"@type":"WebPage","@id":"https:\/\/nbcs.mx\/?p=133050","url":"https:\/\/nbcs.mx\/?p=133050","name":"Festival del Cabrito de San Francisco de la Sierra, promueve identidad del poblado - NBCS Noticias","isPartOf":{"@id":"https:\/\/nbcs.mx\/#website"},"primaryImageOfPage":{"@id":"https:\/\/nbcs.mx\/?p=133050#primaryimage"},"image":{"@id":"https:\/\/nbcs.mx\/?p=133050#primaryimage"},"thumbnailUrl":"https:\/\/nbcs.mx\/wp-content\/uploads\/2024\/01\/FOTO-BOLETIN-SETUE-FESTIVAL-CABRITO.png","datePublished":"2024-01-22T02:39:29+00:00","breadcrumb":{"@id":"https:\/\/nbcs.mx\/?p=133050#breadcrumb"},"inLanguage":"es","potentialAction":[{"@type":"ReadAction","target":["https:\/\/nbcs.mx\/?p=133050"]}]},{"@type":"ImageObject","inLanguage":"es","@id":"https:\/\/nbcs.mx\/?p=133050#primaryimage","url":"https:\/\/nbcs.mx\/wp-content\/uploads\/2024\/01\/FOTO-BOLETIN-SETUE-FESTIVAL-CABRITO.png","contentUrl":"https:\/\/nbcs.mx\/wp-content\/uploads\/2024\/01\/FOTO-BOLETIN-SETUE-FESTIVAL-CABRITO.png","width":1714,"height":800},{"@type":"BreadcrumbList","@id":"https:\/\/nbcs.mx\/?p=133050#breadcrumb","itemListElement":[{"@type":"ListItem","position":1,"name":"Portada","item":"https:\/\/nbcs.mx\/"},{"@type":"ListItem","position":2,"name":"Festival del Cabrito de San Francisco de la Sierra, promueve identidad del poblado"}]},{"@type":"WebSite","@id":"https:\/\/nbcs.mx\/#website","url":"https:\/\/nbcs.mx\/","name":"NBCS Noticias","description":"Sitio web de noticias en Baja California Sur","publisher":{"@id":"https:\/\/nbcs.mx\/#organization"},"potentialAction":[{"@type":"SearchAction","target":{"@type":"EntryPoint","urlTemplate":"https:\/\/nbcs.mx\/?s={search_term_string}"},"query-input":{"@type":"PropertyValueSpecification","valueRequired":true,"valueName":"search_term_string"}}],"inLanguage":"es"},{"@type":"Organization","@id":"https:\/\/nbcs.mx\/#organization","name":"NBCS Noticias","url":"https:\/\/nbcs.mx\/","logo":{"@type":"ImageObject","inLanguage":"es","@id":"https:\/\/nbcs.mx\/#\/schema\/logo\/image\/","url":"https:\/\/nbcs.mx\/wp-content\/uploads\/2018\/09\/057b69485e93575a5c2b1c1dde2dd297.jpeg","contentUrl":"https:\/\/nbcs.mx\/wp-content\/uploads\/2018\/09\/057b69485e93575a5c2b1c1dde2dd297.jpeg","width":64,"height":64,"caption":"NBCS Noticias"},"image":{"@id":"https:\/\/nbcs.mx\/#\/schema\/logo\/image\/"},"sameAs":["https:\/\/www.facebook.com\/NBCSnoticias","https:\/\/x.com\/NBCSnoticias"]},{"@type":"Person","@id":"https:\/\/nbcs.mx\/#\/schema\/person\/ece58bab9a7c1e87a4d28ec9ecd79ff4","name":"NBCS Noticias","image":{"@type":"ImageObject","inLanguage":"es","@id":"https:\/\/secure.gravatar.com\/avatar\/4e52110cad1c4054b43271a0d14bbe9e2ea76aecd0e1097edfc670798d9ca1d4?s=96&d=blank&r=g","url":"https:\/\/secure.gravatar.com\/avatar\/4e52110cad1c4054b43271a0d14bbe9e2ea76aecd0e1097edfc670798d9ca1d4?s=96&d=blank&r=g","contentUrl":"https:\/\/secure.gravatar.com\/avatar\/4e52110cad1c4054b43271a0d14bbe9e2ea76aecd0e1097edfc670798d9ca1d4?s=96&d=blank&r=g","caption":"NBCS Noticias"},"description":"\u00bfTienes fotos o video de alg\u00fan acto de posible negligencia, corrupci\u00f3n y abuso de autoridad? M\u00e1ndalo al WhatsApp de NBCS Noticias: 612 141 98 08","sameAs":["https:\/\/www.nbcs.mx","https:\/\/www.facebook.com\/NBCSnoticias","https:\/\/www.instagram.com\/nbcsnoticias\/","https:\/\/x.com\/https:\/\/twitter.com\/NBCSnoticias"]}]}},"jetpack_publicize_connections":[],"jetpack_featured_media_url":"https:\/\/nbcs.mx\/wp-content\/uploads\/2024\/01\/FOTO-BOLETIN-SETUE-FESTIVAL-CABRITO.png","jetpack_sharing_enabled":true,"_links":{"self":[{"href":"https:\/\/nbcs.mx\/index.php?rest_route=\/wp\/v2\/posts\/133050","targetHints":{"allow":["GET"]}}],"collection":[{"href":"https:\/\/nbcs.mx\/index.php?rest_route=\/wp\/v2\/posts"}],"about":[{"href":"https:\/\/nbcs.mx\/index.php?rest_route=\/wp\/v2\/types\/post"}],"author":[{"embeddable":true,"href":"https:\/\/nbcs.mx\/index.php?rest_route=\/wp\/v2\/users\/1"}],"replies":[{"embeddable":true,"href":"https:\/\/nbcs.mx\/index.php?rest_route=%2Fwp%2Fv2%2Fcomments&post=133050"}],"version-history":[{"count":1,"href":"https:\/\/nbcs.mx\/index.php?rest_route=\/wp\/v2\/posts\/133050\/revisions"}],"predecessor-version":[{"id":133052,"href":"https:\/\/nbcs.mx\/index.php?rest_route=\/wp\/v2\/posts\/133050\/revisions\/133052"}],"wp:featuredmedia":[{"embeddable":true,"href":"https:\/\/nbcs.mx\/index.php?rest_route=\/wp\/v2\/media\/133051"}],"wp:attachment":[{"href":"https:\/\/nbcs.mx\/index.php?rest_route=%2Fwp%2Fv2%2Fmedia&parent=133050"}],"wp:term":[{"taxonomy":"category","embeddable":true,"href":"https:\/\/nbcs.mx\/index.php?rest_route=%2Fwp%2Fv2%2Fcategories&post=133050"},{"taxonomy":"post_tag","embeddable":true,"href":"https:\/\/nbcs.mx\/index.php?rest_route=%2Fwp%2Fv2%2Ftags&post=133050"}],"curies":[{"name":"wp","href":"https:\/\/api.w.org\/{rel}","templated":true}]}}