{"id":133734,"date":"2024-02-10T15:05:38","date_gmt":"2024-02-10T22:05:38","guid":{"rendered":"https:\/\/nbcs.mx\/?p=133734"},"modified":"2024-02-10T15:05:38","modified_gmt":"2024-02-10T22:05:38","slug":"devela-gobernador-vcc-placa-en-honor-a-trayectoria-del-maestro-luis-pelaez-garcia","status":"publish","type":"post","link":"https:\/\/nbcs.mx\/?p=133734","title":{"rendered":"Devela gobernador VCC, placa en honor a trayectoria del maestro Luis Pel\u00e1ez Garc\u00eda"},"content":{"rendered":"<p style=\"font-weight: 400; text-align: justify;\"><img loading=\"lazy\" decoding=\"async\" class=\" wp-image-133735 alignleft\" src=\"https:\/\/nbcs.mx\/wp-content\/uploads\/2024\/02\/FOTO-BOLETIN-1137-DEVELACION-PLACA-738x492.jpg\" alt=\"\" width=\"355\" height=\"237\" srcset=\"https:\/\/nbcs.mx\/wp-content\/uploads\/2024\/02\/FOTO-BOLETIN-1137-DEVELACION-PLACA-738x492.jpg 738w, https:\/\/nbcs.mx\/wp-content\/uploads\/2024\/02\/FOTO-BOLETIN-1137-DEVELACION-PLACA-1024x682.jpg 1024w, https:\/\/nbcs.mx\/wp-content\/uploads\/2024\/02\/FOTO-BOLETIN-1137-DEVELACION-PLACA-150x100.jpg 150w, https:\/\/nbcs.mx\/wp-content\/uploads\/2024\/02\/FOTO-BOLETIN-1137-DEVELACION-PLACA-768x512.jpg 768w, https:\/\/nbcs.mx\/wp-content\/uploads\/2024\/02\/FOTO-BOLETIN-1137-DEVELACION-PLACA.jpg 1280w\" sizes=\"auto, (max-width: 355px) 100vw, 355px\" \/>\u201cEl reconocimiento al maestro Luis Pel\u00e1ez, es a la trayectoria de una familia que se ha distinguido en la entidad por su amor y dedicaci\u00f3n a la m\u00fasica\u201d, se\u00f1al\u00f3 el gobernador V\u00edctor Manuel Castro Cos\u00edo al acudir al significativo acto en donde se ofreci\u00f3 un homenaje a este destacado artista sudcaliforniano.<\/p>\n<p style=\"font-weight: 400; text-align: justify;\">\n<p style=\"font-weight: 400; text-align: justify;\">Durante este significativo evento realizado en la sala de conciertos de la Escuela de M\u00fasica del Estado, se devel\u00f3 una placa en honor del maestro Luis Pel\u00e1ez Garc\u00eda, destacando su entrega al contexto musical y a poner en alto el nombre de Baja California Sur.<\/p>\n<p style=\"font-weight: 400; text-align: justify;\">\n<p style=\"font-weight: 400; text-align: justify;\">\u201cCon esto tambi\u00e9n se brinda un reconocimiento a toda la familia; quiero darle realce a este tipo de acciones, ya que eso har\u00e1 que perdure en la historia y que las nuevas generaciones sepan que han existido talentos locales, nacionales e internacionales, como tambi\u00e9n en el caso de la maestra Jes\u00fas Isa\u00eds\u201d, agreg\u00f3.<\/p>\n<p style=\"font-weight: 400; text-align: justify;\">\n<p style=\"font-weight: 400; text-align: justify;\">El Gobernador V\u00edctor Manuel Castro Cos\u00edo, reiter\u00f3 la importancia de reconocer el talento, la dedicaci\u00f3n y el profesionalismo de quienes han logrado que nuestra entidad tome notoriedad. \u201cQue todos los sudcalifornianos sepan que tenemos personajes destacados cuyo ejemplo debe ser seguido\u201d, puntualiz\u00f3 el Mandatario sudcaliforniano.<\/p>\n","protected":false},"excerpt":{"rendered":"<p>\u201cEl reconocimiento al maestro Luis Pel\u00e1ez, es a la trayectoria de una familia que se ha distinguido en la entidad<\/p>\n","protected":false},"author":1,"featured_media":133735,"comment_status":"open","ping_status":"closed","sticky":false,"template":"","format":"standard","meta":{"colormag_page_container_layout":"default_layout","colormag_page_sidebar_layout":"default_layout","_jetpack_newsletter_access":"","_jetpack_dont_email_post_to_subs":false,"_jetpack_newsletter_tier_id":0,"_jetpack_memberships_contains_paywalled_content":false,"_jetpack_feature_clip_id":0,"_jetpack_memberships_contains_paid_content":false,"footnotes":"","jetpack_publicize_message":"","jetpack_publicize_feature_enabled":true,"jetpack_social_post_already_shared":true,"jetpack_social_options":{"image_generator_settings":{"template":"highway","default_image_id":0,"font":"","enabled":false},"version":2},"jetpack_post_was_ever_published":false},"categories":[1],"tags":[],"class_list":["post-133734","post","type-post","status-publish","format-standard","has-post-thumbnail","hentry","category-noticias"],"yoast_head":"<!-- This site is optimized with the Yoast SEO plugin v28.4 - https:\/\/yoast.com\/product\/yoast-seo-wordpress\/ -->\n<title>Devela gobernador VCC, placa en honor a trayectoria del maestro Luis Pel\u00e1ez Garc\u00eda - NBCS Noticias<\/title>\n<meta name=\"robots\" content=\"index, follow, max-snippet:-1, max-image-preview:large, max-video-preview:-1\" \/>\n<link rel=\"canonical\" href=\"https:\/\/nbcs.mx\/?p=133734\" \/>\n<meta property=\"og:locale\" content=\"es_ES\" \/>\n<meta property=\"og:type\" content=\"article\" \/>\n<meta property=\"og:title\" content=\"Devela gobernador VCC, placa en honor a trayectoria del maestro Luis Pel\u00e1ez Garc\u00eda - NBCS Noticias\" \/>\n<meta property=\"og:description\" content=\"\u201cEl reconocimiento al maestro Luis Pel\u00e1ez, es a la trayectoria de una familia que se ha distinguido en la entidad\" \/>\n<meta property=\"og:url\" content=\"https:\/\/nbcs.mx\/?p=133734\" \/>\n<meta property=\"og:site_name\" content=\"NBCS Noticias\" \/>\n<meta property=\"article:publisher\" content=\"https:\/\/www.facebook.com\/NBCSnoticias\" \/>\n<meta property=\"article:author\" content=\"https:\/\/www.facebook.com\/NBCSnoticias\" \/>\n<meta property=\"article:published_time\" content=\"2024-02-10T22:05:38+00:00\" \/>\n<meta property=\"og:image\" content=\"https:\/\/nbcs.mx\/wp-content\/uploads\/2024\/02\/FOTO-BOLETIN-1137-DEVELACION-PLACA.jpg\" \/>\n\t<meta property=\"og:image:width\" content=\"1280\" \/>\n\t<meta property=\"og:image:height\" content=\"853\" \/>\n\t<meta property=\"og:image:type\" content=\"image\/jpeg\" \/>\n<meta name=\"author\" content=\"NBCS Noticias\" \/>\n<meta name=\"twitter:card\" content=\"summary_large_image\" \/>\n<meta name=\"twitter:creator\" content=\"@https:\/\/twitter.com\/NBCSnoticias\" \/>\n<meta name=\"twitter:site\" content=\"@NBCSnoticias\" \/>\n<meta name=\"twitter:label1\" content=\"Escrito por\" \/>\n\t<meta name=\"twitter:data1\" content=\"NBCS Noticias\" \/>\n\t<meta name=\"twitter:label2\" content=\"Tiempo de lectura\" \/>\n\t<meta name=\"twitter:data2\" content=\"2 minutos\" \/>\n<script type=\"application\/ld+json\" class=\"yoast-schema-graph\">{\"@context\":\"https:\\\/\\\/schema.org\",\"@graph\":[{\"@type\":\"Article\",\"@id\":\"https:\\\/\\\/nbcs.mx\\\/?p=133734#article\",\"isPartOf\":{\"@id\":\"https:\\\/\\\/nbcs.mx\\\/?p=133734\"},\"author\":{\"name\":\"NBCS Noticias\",\"@id\":\"https:\\\/\\\/nbcs.mx\\\/#\\\/schema\\\/person\\\/ece58bab9a7c1e87a4d28ec9ecd79ff4\"},\"headline\":\"Devela gobernador VCC, placa en honor a trayectoria del maestro Luis Pel\u00e1ez Garc\u00eda\",\"datePublished\":\"2024-02-10T22:05:38+00:00\",\"mainEntityOfPage\":{\"@id\":\"https:\\\/\\\/nbcs.mx\\\/?p=133734\"},\"wordCount\":225,\"commentCount\":0,\"publisher\":{\"@id\":\"https:\\\/\\\/nbcs.mx\\\/#organization\"},\"image\":{\"@id\":\"https:\\\/\\\/nbcs.mx\\\/?p=133734#primaryimage\"},\"thumbnailUrl\":\"https:\\\/\\\/nbcs.mx\\\/wp-content\\\/uploads\\\/2024\\\/02\\\/FOTO-BOLETIN-1137-DEVELACION-PLACA.jpg\",\"articleSection\":[\"Noticias\"],\"inLanguage\":\"es\",\"potentialAction\":[{\"@type\":\"CommentAction\",\"name\":\"Comment\",\"target\":[\"https:\\\/\\\/nbcs.mx\\\/?p=133734#respond\"]}]},{\"@type\":\"WebPage\",\"@id\":\"https:\\\/\\\/nbcs.mx\\\/?p=133734\",\"url\":\"https:\\\/\\\/nbcs.mx\\\/?p=133734\",\"name\":\"Devela gobernador VCC, placa en honor a trayectoria del maestro Luis Pel\u00e1ez Garc\u00eda - NBCS Noticias\",\"isPartOf\":{\"@id\":\"https:\\\/\\\/nbcs.mx\\\/#website\"},\"primaryImageOfPage\":{\"@id\":\"https:\\\/\\\/nbcs.mx\\\/?p=133734#primaryimage\"},\"image\":{\"@id\":\"https:\\\/\\\/nbcs.mx\\\/?p=133734#primaryimage\"},\"thumbnailUrl\":\"https:\\\/\\\/nbcs.mx\\\/wp-content\\\/uploads\\\/2024\\\/02\\\/FOTO-BOLETIN-1137-DEVELACION-PLACA.jpg\",\"datePublished\":\"2024-02-10T22:05:38+00:00\",\"breadcrumb\":{\"@id\":\"https:\\\/\\\/nbcs.mx\\\/?p=133734#breadcrumb\"},\"inLanguage\":\"es\",\"potentialAction\":[{\"@type\":\"ReadAction\",\"target\":[\"https:\\\/\\\/nbcs.mx\\\/?p=133734\"]}]},{\"@type\":\"ImageObject\",\"inLanguage\":\"es\",\"@id\":\"https:\\\/\\\/nbcs.mx\\\/?p=133734#primaryimage\",\"url\":\"https:\\\/\\\/nbcs.mx\\\/wp-content\\\/uploads\\\/2024\\\/02\\\/FOTO-BOLETIN-1137-DEVELACION-PLACA.jpg\",\"contentUrl\":\"https:\\\/\\\/nbcs.mx\\\/wp-content\\\/uploads\\\/2024\\\/02\\\/FOTO-BOLETIN-1137-DEVELACION-PLACA.jpg\",\"width\":1280,\"height\":853},{\"@type\":\"BreadcrumbList\",\"@id\":\"https:\\\/\\\/nbcs.mx\\\/?p=133734#breadcrumb\",\"itemListElement\":[{\"@type\":\"ListItem\",\"position\":1,\"name\":\"Portada\",\"item\":\"https:\\\/\\\/nbcs.mx\\\/\"},{\"@type\":\"ListItem\",\"position\":2,\"name\":\"Devela gobernador VCC, placa en honor a trayectoria del maestro Luis Pel\u00e1ez Garc\u00eda\"}]},{\"@type\":\"WebSite\",\"@id\":\"https:\\\/\\\/nbcs.mx\\\/#website\",\"url\":\"https:\\\/\\\/nbcs.mx\\\/\",\"name\":\"NBCS Noticias\",\"description\":\"Sitio web de noticias en Baja California Sur\",\"publisher\":{\"@id\":\"https:\\\/\\\/nbcs.mx\\\/#organization\"},\"potentialAction\":[{\"@type\":\"SearchAction\",\"target\":{\"@type\":\"EntryPoint\",\"urlTemplate\":\"https:\\\/\\\/nbcs.mx\\\/?s={search_term_string}\"},\"query-input\":{\"@type\":\"PropertyValueSpecification\",\"valueRequired\":true,\"valueName\":\"search_term_string\"}}],\"inLanguage\":\"es\"},{\"@type\":\"Organization\",\"@id\":\"https:\\\/\\\/nbcs.mx\\\/#organization\",\"name\":\"NBCS Noticias\",\"url\":\"https:\\\/\\\/nbcs.mx\\\/\",\"logo\":{\"@type\":\"ImageObject\",\"inLanguage\":\"es\",\"@id\":\"https:\\\/\\\/nbcs.mx\\\/#\\\/schema\\\/logo\\\/image\\\/\",\"url\":\"https:\\\/\\\/nbcs.mx\\\/wp-content\\\/uploads\\\/2018\\\/09\\\/057b69485e93575a5c2b1c1dde2dd297.jpeg\",\"contentUrl\":\"https:\\\/\\\/nbcs.mx\\\/wp-content\\\/uploads\\\/2018\\\/09\\\/057b69485e93575a5c2b1c1dde2dd297.jpeg\",\"width\":64,\"height\":64,\"caption\":\"NBCS Noticias\"},\"image\":{\"@id\":\"https:\\\/\\\/nbcs.mx\\\/#\\\/schema\\\/logo\\\/image\\\/\"},\"sameAs\":[\"https:\\\/\\\/www.facebook.com\\\/NBCSnoticias\",\"https:\\\/\\\/x.com\\\/NBCSnoticias\"]},{\"@type\":\"Person\",\"@id\":\"https:\\\/\\\/nbcs.mx\\\/#\\\/schema\\\/person\\\/ece58bab9a7c1e87a4d28ec9ecd79ff4\",\"name\":\"NBCS Noticias\",\"image\":{\"@type\":\"ImageObject\",\"inLanguage\":\"es\",\"@id\":\"https:\\\/\\\/secure.gravatar.com\\\/avatar\\\/4e52110cad1c4054b43271a0d14bbe9e2ea76aecd0e1097edfc670798d9ca1d4?s=96&d=blank&r=g\",\"url\":\"https:\\\/\\\/secure.gravatar.com\\\/avatar\\\/4e52110cad1c4054b43271a0d14bbe9e2ea76aecd0e1097edfc670798d9ca1d4?s=96&d=blank&r=g\",\"contentUrl\":\"https:\\\/\\\/secure.gravatar.com\\\/avatar\\\/4e52110cad1c4054b43271a0d14bbe9e2ea76aecd0e1097edfc670798d9ca1d4?s=96&d=blank&r=g\",\"caption\":\"NBCS Noticias\"},\"description\":\"\u00bfTienes fotos o video de alg\u00fan acto de posible negligencia, corrupci\u00f3n y abuso de autoridad? M\u00e1ndalo al WhatsApp de NBCS Noticias: 612 141 98 08\",\"sameAs\":[\"https:\\\/\\\/www.nbcs.mx\",\"https:\\\/\\\/www.facebook.com\\\/NBCSnoticias\",\"https:\\\/\\\/www.instagram.com\\\/nbcsnoticias\\\/\",\"https:\\\/\\\/x.com\\\/https:\\\/\\\/twitter.com\\\/NBCSnoticias\"]}]}<\/script>\n<!-- \/ Yoast SEO plugin. -->","yoast_head_json":{"title":"Devela gobernador VCC, placa en honor a trayectoria del maestro Luis Pel\u00e1ez Garc\u00eda - NBCS Noticias","robots":{"index":"index","follow":"follow","max-snippet":"max-snippet:-1","max-image-preview":"max-image-preview:large","max-video-preview":"max-video-preview:-1"},"canonical":"https:\/\/nbcs.mx\/?p=133734","og_locale":"es_ES","og_type":"article","og_title":"Devela gobernador VCC, placa en honor a trayectoria del maestro Luis Pel\u00e1ez Garc\u00eda - NBCS Noticias","og_description":"\u201cEl reconocimiento al maestro Luis Pel\u00e1ez, es a la trayectoria de una familia que se ha distinguido en la entidad","og_url":"https:\/\/nbcs.mx\/?p=133734","og_site_name":"NBCS Noticias","article_publisher":"https:\/\/www.facebook.com\/NBCSnoticias","article_author":"https:\/\/www.facebook.com\/NBCSnoticias","article_published_time":"2024-02-10T22:05:38+00:00","og_image":[{"width":1280,"height":853,"url":"https:\/\/nbcs.mx\/wp-content\/uploads\/2024\/02\/FOTO-BOLETIN-1137-DEVELACION-PLACA.jpg","type":"image\/jpeg"}],"author":"NBCS Noticias","twitter_card":"summary_large_image","twitter_creator":"@https:\/\/twitter.com\/NBCSnoticias","twitter_site":"@NBCSnoticias","twitter_misc":{"Escrito por":"NBCS Noticias","Tiempo de lectura":"2 minutos"},"schema":{"@context":"https:\/\/schema.org","@graph":[{"@type":"Article","@id":"https:\/\/nbcs.mx\/?p=133734#article","isPartOf":{"@id":"https:\/\/nbcs.mx\/?p=133734"},"author":{"name":"NBCS Noticias","@id":"https:\/\/nbcs.mx\/#\/schema\/person\/ece58bab9a7c1e87a4d28ec9ecd79ff4"},"headline":"Devela gobernador VCC, placa en honor a trayectoria del maestro Luis Pel\u00e1ez Garc\u00eda","datePublished":"2024-02-10T22:05:38+00:00","mainEntityOfPage":{"@id":"https:\/\/nbcs.mx\/?p=133734"},"wordCount":225,"commentCount":0,"publisher":{"@id":"https:\/\/nbcs.mx\/#organization"},"image":{"@id":"https:\/\/nbcs.mx\/?p=133734#primaryimage"},"thumbnailUrl":"https:\/\/nbcs.mx\/wp-content\/uploads\/2024\/02\/FOTO-BOLETIN-1137-DEVELACION-PLACA.jpg","articleSection":["Noticias"],"inLanguage":"es","potentialAction":[{"@type":"CommentAction","name":"Comment","target":["https:\/\/nbcs.mx\/?p=133734#respond"]}]},{"@type":"WebPage","@id":"https:\/\/nbcs.mx\/?p=133734","url":"https:\/\/nbcs.mx\/?p=133734","name":"Devela gobernador VCC, placa en honor a trayectoria del maestro Luis Pel\u00e1ez Garc\u00eda - NBCS Noticias","isPartOf":{"@id":"https:\/\/nbcs.mx\/#website"},"primaryImageOfPage":{"@id":"https:\/\/nbcs.mx\/?p=133734#primaryimage"},"image":{"@id":"https:\/\/nbcs.mx\/?p=133734#primaryimage"},"thumbnailUrl":"https:\/\/nbcs.mx\/wp-content\/uploads\/2024\/02\/FOTO-BOLETIN-1137-DEVELACION-PLACA.jpg","datePublished":"2024-02-10T22:05:38+00:00","breadcrumb":{"@id":"https:\/\/nbcs.mx\/?p=133734#breadcrumb"},"inLanguage":"es","potentialAction":[{"@type":"ReadAction","target":["https:\/\/nbcs.mx\/?p=133734"]}]},{"@type":"ImageObject","inLanguage":"es","@id":"https:\/\/nbcs.mx\/?p=133734#primaryimage","url":"https:\/\/nbcs.mx\/wp-content\/uploads\/2024\/02\/FOTO-BOLETIN-1137-DEVELACION-PLACA.jpg","contentUrl":"https:\/\/nbcs.mx\/wp-content\/uploads\/2024\/02\/FOTO-BOLETIN-1137-DEVELACION-PLACA.jpg","width":1280,"height":853},{"@type":"BreadcrumbList","@id":"https:\/\/nbcs.mx\/?p=133734#breadcrumb","itemListElement":[{"@type":"ListItem","position":1,"name":"Portada","item":"https:\/\/nbcs.mx\/"},{"@type":"ListItem","position":2,"name":"Devela gobernador VCC, placa en honor a trayectoria del maestro Luis Pel\u00e1ez Garc\u00eda"}]},{"@type":"WebSite","@id":"https:\/\/nbcs.mx\/#website","url":"https:\/\/nbcs.mx\/","name":"NBCS Noticias","description":"Sitio web de noticias en Baja California Sur","publisher":{"@id":"https:\/\/nbcs.mx\/#organization"},"potentialAction":[{"@type":"SearchAction","target":{"@type":"EntryPoint","urlTemplate":"https:\/\/nbcs.mx\/?s={search_term_string}"},"query-input":{"@type":"PropertyValueSpecification","valueRequired":true,"valueName":"search_term_string"}}],"inLanguage":"es"},{"@type":"Organization","@id":"https:\/\/nbcs.mx\/#organization","name":"NBCS Noticias","url":"https:\/\/nbcs.mx\/","logo":{"@type":"ImageObject","inLanguage":"es","@id":"https:\/\/nbcs.mx\/#\/schema\/logo\/image\/","url":"https:\/\/nbcs.mx\/wp-content\/uploads\/2018\/09\/057b69485e93575a5c2b1c1dde2dd297.jpeg","contentUrl":"https:\/\/nbcs.mx\/wp-content\/uploads\/2018\/09\/057b69485e93575a5c2b1c1dde2dd297.jpeg","width":64,"height":64,"caption":"NBCS Noticias"},"image":{"@id":"https:\/\/nbcs.mx\/#\/schema\/logo\/image\/"},"sameAs":["https:\/\/www.facebook.com\/NBCSnoticias","https:\/\/x.com\/NBCSnoticias"]},{"@type":"Person","@id":"https:\/\/nbcs.mx\/#\/schema\/person\/ece58bab9a7c1e87a4d28ec9ecd79ff4","name":"NBCS Noticias","image":{"@type":"ImageObject","inLanguage":"es","@id":"https:\/\/secure.gravatar.com\/avatar\/4e52110cad1c4054b43271a0d14bbe9e2ea76aecd0e1097edfc670798d9ca1d4?s=96&d=blank&r=g","url":"https:\/\/secure.gravatar.com\/avatar\/4e52110cad1c4054b43271a0d14bbe9e2ea76aecd0e1097edfc670798d9ca1d4?s=96&d=blank&r=g","contentUrl":"https:\/\/secure.gravatar.com\/avatar\/4e52110cad1c4054b43271a0d14bbe9e2ea76aecd0e1097edfc670798d9ca1d4?s=96&d=blank&r=g","caption":"NBCS Noticias"},"description":"\u00bfTienes fotos o video de alg\u00fan acto de posible negligencia, corrupci\u00f3n y abuso de autoridad? M\u00e1ndalo al WhatsApp de NBCS Noticias: 612 141 98 08","sameAs":["https:\/\/www.nbcs.mx","https:\/\/www.facebook.com\/NBCSnoticias","https:\/\/www.instagram.com\/nbcsnoticias\/","https:\/\/x.com\/https:\/\/twitter.com\/NBCSnoticias"]}]}},"jetpack_publicize_connections":[],"jetpack_sharing_enabled":true,"jetpack_featured_media_url":"https:\/\/nbcs.mx\/wp-content\/uploads\/2024\/02\/FOTO-BOLETIN-1137-DEVELACION-PLACA.jpg","_links":{"self":[{"href":"https:\/\/nbcs.mx\/index.php?rest_route=\/wp\/v2\/posts\/133734","targetHints":{"allow":["GET"]}}],"collection":[{"href":"https:\/\/nbcs.mx\/index.php?rest_route=\/wp\/v2\/posts"}],"about":[{"href":"https:\/\/nbcs.mx\/index.php?rest_route=\/wp\/v2\/types\/post"}],"author":[{"embeddable":true,"href":"https:\/\/nbcs.mx\/index.php?rest_route=\/wp\/v2\/users\/1"}],"replies":[{"embeddable":true,"href":"https:\/\/nbcs.mx\/index.php?rest_route=%2Fwp%2Fv2%2Fcomments&post=133734"}],"version-history":[{"count":1,"href":"https:\/\/nbcs.mx\/index.php?rest_route=\/wp\/v2\/posts\/133734\/revisions"}],"predecessor-version":[{"id":133736,"href":"https:\/\/nbcs.mx\/index.php?rest_route=\/wp\/v2\/posts\/133734\/revisions\/133736"}],"wp:featuredmedia":[{"embeddable":true,"href":"https:\/\/nbcs.mx\/index.php?rest_route=\/wp\/v2\/media\/133735"}],"wp:attachment":[{"href":"https:\/\/nbcs.mx\/index.php?rest_route=%2Fwp%2Fv2%2Fmedia&parent=133734"}],"wp:term":[{"taxonomy":"category","embeddable":true,"href":"https:\/\/nbcs.mx\/index.php?rest_route=%2Fwp%2Fv2%2Fcategories&post=133734"},{"taxonomy":"post_tag","embeddable":true,"href":"https:\/\/nbcs.mx\/index.php?rest_route=%2Fwp%2Fv2%2Ftags&post=133734"}],"curies":[{"name":"wp","href":"https:\/\/api.w.org\/{rel}","templated":true}]}}