{"id":134420,"date":"2024-02-29T15:56:55","date_gmt":"2024-02-29T22:56:55","guid":{"rendered":"https:\/\/nbcs.mx\/?p=134420"},"modified":"2024-02-29T15:56:55","modified_gmt":"2024-02-29T22:56:55","slug":"participan-mas-de-2-mil-docentes-en-el-proceso-de-admision-a-la-educacion-basica-2024-2025","status":"publish","type":"post","link":"https:\/\/nbcs.mx\/?p=134420","title":{"rendered":"Participan m\u00e1s de 2 mil docentes en el proceso de admisi\u00f3n a la educaci\u00f3n b\u00e1sica 2024-2025"},"content":{"rendered":"<p style=\"font-weight: 400; text-align: justify;\"><img loading=\"lazy\" decoding=\"async\" class=\" wp-image-134421 alignleft\" src=\"https:\/\/nbcs.mx\/wp-content\/uploads\/2024\/02\/FOTO-SEP-PROCESO-DE-ADMISION-738x492.jpg\" alt=\"\" width=\"381\" height=\"254\" srcset=\"https:\/\/nbcs.mx\/wp-content\/uploads\/2024\/02\/FOTO-SEP-PROCESO-DE-ADMISION-738x492.jpg 738w, https:\/\/nbcs.mx\/wp-content\/uploads\/2024\/02\/FOTO-SEP-PROCESO-DE-ADMISION-1024x683.jpg 1024w, https:\/\/nbcs.mx\/wp-content\/uploads\/2024\/02\/FOTO-SEP-PROCESO-DE-ADMISION-150x100.jpg 150w, https:\/\/nbcs.mx\/wp-content\/uploads\/2024\/02\/FOTO-SEP-PROCESO-DE-ADMISION-768x512.jpg 768w, https:\/\/nbcs.mx\/wp-content\/uploads\/2024\/02\/FOTO-SEP-PROCESO-DE-ADMISION-1536x1024.jpg 1536w, https:\/\/nbcs.mx\/wp-content\/uploads\/2024\/02\/FOTO-SEP-PROCESO-DE-ADMISION-2048x1365.jpg 2048w\" sizes=\"auto, (max-width: 381px) 100vw, 381px\" \/>La Secretar\u00eda de Educaci\u00f3n P\u00fablica de Baja California Sur ha registrado a 2 mil 616 mentores que participar\u00e1n en el proceso de admisi\u00f3n a la educaci\u00f3n b\u00e1sica para el ciclo escolar 2024-2025, quienes seg\u00fan la convocatoria deber\u00e1n cumplir los requisitos que ah\u00ed se indican, incluidos los cursos de habilidades para ejercer la docencia, inform\u00f3 Erika Real Miranda, coordinadora estatal de la Unidad del Sistema para la Carrera de las Maestras y los Maestros (USICAMM).<\/p>\n<p style=\"font-weight: 400; text-align: justify;\">\n<p style=\"font-weight: 400; text-align: justify;\">La servidora p\u00fablica, indic\u00f3 que se encuentra en curso la etapa de verificaci\u00f3n de documentos, posteriormente se informar\u00e1 a quienes corresponda su carta de aceptaci\u00f3n a la prueba, agreg\u00f3 que los seleccionados pasar\u00e1n por un examen de conocimientos y aptitudes los d\u00edas 18 y 19 de mayo.<\/p>\n<p style=\"font-weight: 400; text-align: justify;\">\n<p style=\"font-weight: 400; text-align: justify;\">En este sentido, Real Miranda precis\u00f3 que la evaluaci\u00f3n ser\u00e1 virtual y los participantes podr\u00e1n consultar los resultados en la plataforma Venus el 21 de junio. Al acordar con la puntuaci\u00f3n obtenida esperar\u00e1n la publicaci\u00f3n del listado nominal, de lo contrario podr\u00e1n interponer de inmediato un recurso de reconsideraci\u00f3n.<\/p>\n<p style=\"font-weight: 400; text-align: justify;\">\n<p style=\"font-weight: 400; text-align: justify;\">Finalmente, la titular de la USICAMM puntualiz\u00f3 que una vez publicado el orden de prelaci\u00f3n, el d\u00eda 5 de agosto pr\u00f3ximo, se organizar\u00e1 un evento p\u00fablico de asignaci\u00f3n de plazas para los docentes que estar\u00e1n frente a grupo en la educaci\u00f3n b\u00e1sica a partir del ciclo escolar 2024-2025.<\/p>\n<p style=\"font-weight: 400; text-align: justify;\">\n","protected":false},"excerpt":{"rendered":"<p>La Secretar\u00eda de Educaci\u00f3n P\u00fablica de Baja California Sur ha registrado a 2 mil 616 mentores que participar\u00e1n en el<\/p>\n","protected":false},"author":1,"featured_media":134421,"comment_status":"open","ping_status":"closed","sticky":false,"template":"","format":"standard","meta":{"colormag_page_container_layout":"default_layout","colormag_page_sidebar_layout":"default_layout","_jetpack_memberships_contains_paid_content":false,"footnotes":"","jetpack_publicize_message":"","jetpack_publicize_feature_enabled":true,"jetpack_social_post_already_shared":true,"jetpack_social_options":{"image_generator_settings":{"template":"highway","default_image_id":0,"font":"","enabled":false},"version":2}},"categories":[1],"tags":[],"class_list":["post-134420","post","type-post","status-publish","format-standard","has-post-thumbnail","hentry","category-noticias"],"yoast_head":"<!-- This site is optimized with the Yoast SEO plugin v27.4 - https:\/\/yoast.com\/product\/yoast-seo-wordpress\/ -->\n<title>Participan m\u00e1s de 2 mil docentes en el proceso de admisi\u00f3n a la educaci\u00f3n b\u00e1sica 2024-2025 - NBCS Noticias<\/title>\n<meta name=\"robots\" content=\"index, follow, max-snippet:-1, max-image-preview:large, max-video-preview:-1\" \/>\n<link rel=\"canonical\" href=\"https:\/\/nbcs.mx\/?p=134420\" \/>\n<meta property=\"og:locale\" content=\"es_ES\" \/>\n<meta property=\"og:type\" content=\"article\" \/>\n<meta property=\"og:title\" content=\"Participan m\u00e1s de 2 mil docentes en el proceso de admisi\u00f3n a la educaci\u00f3n b\u00e1sica 2024-2025 - NBCS Noticias\" \/>\n<meta property=\"og:description\" content=\"La Secretar\u00eda de Educaci\u00f3n P\u00fablica de Baja California Sur ha registrado a 2 mil 616 mentores que participar\u00e1n en el\" \/>\n<meta property=\"og:url\" content=\"https:\/\/nbcs.mx\/?p=134420\" \/>\n<meta property=\"og:site_name\" content=\"NBCS Noticias\" \/>\n<meta property=\"article:publisher\" content=\"https:\/\/www.facebook.com\/NBCSnoticias\" \/>\n<meta property=\"article:author\" content=\"https:\/\/www.facebook.com\/NBCSnoticias\" \/>\n<meta property=\"article:published_time\" content=\"2024-02-29T22:56:55+00:00\" \/>\n<meta property=\"og:image\" content=\"https:\/\/nbcs.mx\/wp-content\/uploads\/2024\/02\/FOTO-SEP-PROCESO-DE-ADMISION-scaled.jpg\" \/>\n\t<meta property=\"og:image:width\" content=\"2560\" \/>\n\t<meta property=\"og:image:height\" content=\"1707\" \/>\n\t<meta property=\"og:image:type\" content=\"image\/jpeg\" \/>\n<meta name=\"author\" content=\"NBCS Noticias\" \/>\n<meta name=\"twitter:card\" content=\"summary_large_image\" \/>\n<meta name=\"twitter:creator\" content=\"@https:\/\/twitter.com\/NBCSnoticias\" \/>\n<meta name=\"twitter:site\" content=\"@NBCSnoticias\" \/>\n<meta name=\"twitter:label1\" content=\"Escrito por\" \/>\n\t<meta name=\"twitter:data1\" content=\"NBCS Noticias\" \/>\n\t<meta name=\"twitter:label2\" content=\"Tiempo de lectura\" \/>\n\t<meta name=\"twitter:data2\" content=\"2 minutos\" \/>\n<script type=\"application\/ld+json\" class=\"yoast-schema-graph\">{\"@context\":\"https:\\\/\\\/schema.org\",\"@graph\":[{\"@type\":\"Article\",\"@id\":\"https:\\\/\\\/nbcs.mx\\\/?p=134420#article\",\"isPartOf\":{\"@id\":\"https:\\\/\\\/nbcs.mx\\\/?p=134420\"},\"author\":{\"name\":\"NBCS Noticias\",\"@id\":\"https:\\\/\\\/nbcs.mx\\\/#\\\/schema\\\/person\\\/ece58bab9a7c1e87a4d28ec9ecd79ff4\"},\"headline\":\"Participan m\u00e1s de 2 mil docentes en el proceso de admisi\u00f3n a la educaci\u00f3n b\u00e1sica 2024-2025\",\"datePublished\":\"2024-02-29T22:56:55+00:00\",\"mainEntityOfPage\":{\"@id\":\"https:\\\/\\\/nbcs.mx\\\/?p=134420\"},\"wordCount\":260,\"commentCount\":0,\"publisher\":{\"@id\":\"https:\\\/\\\/nbcs.mx\\\/#organization\"},\"image\":{\"@id\":\"https:\\\/\\\/nbcs.mx\\\/?p=134420#primaryimage\"},\"thumbnailUrl\":\"https:\\\/\\\/nbcs.mx\\\/wp-content\\\/uploads\\\/2024\\\/02\\\/FOTO-SEP-PROCESO-DE-ADMISION-scaled.jpg\",\"articleSection\":[\"Noticias\"],\"inLanguage\":\"es\",\"potentialAction\":[{\"@type\":\"CommentAction\",\"name\":\"Comment\",\"target\":[\"https:\\\/\\\/nbcs.mx\\\/?p=134420#respond\"]}]},{\"@type\":\"WebPage\",\"@id\":\"https:\\\/\\\/nbcs.mx\\\/?p=134420\",\"url\":\"https:\\\/\\\/nbcs.mx\\\/?p=134420\",\"name\":\"Participan m\u00e1s de 2 mil docentes en el proceso de admisi\u00f3n a la educaci\u00f3n b\u00e1sica 2024-2025 - NBCS Noticias\",\"isPartOf\":{\"@id\":\"https:\\\/\\\/nbcs.mx\\\/#website\"},\"primaryImageOfPage\":{\"@id\":\"https:\\\/\\\/nbcs.mx\\\/?p=134420#primaryimage\"},\"image\":{\"@id\":\"https:\\\/\\\/nbcs.mx\\\/?p=134420#primaryimage\"},\"thumbnailUrl\":\"https:\\\/\\\/nbcs.mx\\\/wp-content\\\/uploads\\\/2024\\\/02\\\/FOTO-SEP-PROCESO-DE-ADMISION-scaled.jpg\",\"datePublished\":\"2024-02-29T22:56:55+00:00\",\"breadcrumb\":{\"@id\":\"https:\\\/\\\/nbcs.mx\\\/?p=134420#breadcrumb\"},\"inLanguage\":\"es\",\"potentialAction\":[{\"@type\":\"ReadAction\",\"target\":[\"https:\\\/\\\/nbcs.mx\\\/?p=134420\"]}]},{\"@type\":\"ImageObject\",\"inLanguage\":\"es\",\"@id\":\"https:\\\/\\\/nbcs.mx\\\/?p=134420#primaryimage\",\"url\":\"https:\\\/\\\/nbcs.mx\\\/wp-content\\\/uploads\\\/2024\\\/02\\\/FOTO-SEP-PROCESO-DE-ADMISION-scaled.jpg\",\"contentUrl\":\"https:\\\/\\\/nbcs.mx\\\/wp-content\\\/uploads\\\/2024\\\/02\\\/FOTO-SEP-PROCESO-DE-ADMISION-scaled.jpg\",\"width\":2560,\"height\":1707},{\"@type\":\"BreadcrumbList\",\"@id\":\"https:\\\/\\\/nbcs.mx\\\/?p=134420#breadcrumb\",\"itemListElement\":[{\"@type\":\"ListItem\",\"position\":1,\"name\":\"Portada\",\"item\":\"https:\\\/\\\/nbcs.mx\\\/\"},{\"@type\":\"ListItem\",\"position\":2,\"name\":\"Participan m\u00e1s de 2 mil docentes en el proceso de admisi\u00f3n a la educaci\u00f3n b\u00e1sica 2024-2025\"}]},{\"@type\":\"WebSite\",\"@id\":\"https:\\\/\\\/nbcs.mx\\\/#website\",\"url\":\"https:\\\/\\\/nbcs.mx\\\/\",\"name\":\"NBCS Noticias\",\"description\":\"Sitio web de noticias en Baja California Sur\",\"publisher\":{\"@id\":\"https:\\\/\\\/nbcs.mx\\\/#organization\"},\"potentialAction\":[{\"@type\":\"SearchAction\",\"target\":{\"@type\":\"EntryPoint\",\"urlTemplate\":\"https:\\\/\\\/nbcs.mx\\\/?s={search_term_string}\"},\"query-input\":{\"@type\":\"PropertyValueSpecification\",\"valueRequired\":true,\"valueName\":\"search_term_string\"}}],\"inLanguage\":\"es\"},{\"@type\":\"Organization\",\"@id\":\"https:\\\/\\\/nbcs.mx\\\/#organization\",\"name\":\"NBCS Noticias\",\"url\":\"https:\\\/\\\/nbcs.mx\\\/\",\"logo\":{\"@type\":\"ImageObject\",\"inLanguage\":\"es\",\"@id\":\"https:\\\/\\\/nbcs.mx\\\/#\\\/schema\\\/logo\\\/image\\\/\",\"url\":\"https:\\\/\\\/nbcs.mx\\\/wp-content\\\/uploads\\\/2018\\\/09\\\/057b69485e93575a5c2b1c1dde2dd297.jpeg\",\"contentUrl\":\"https:\\\/\\\/nbcs.mx\\\/wp-content\\\/uploads\\\/2018\\\/09\\\/057b69485e93575a5c2b1c1dde2dd297.jpeg\",\"width\":64,\"height\":64,\"caption\":\"NBCS Noticias\"},\"image\":{\"@id\":\"https:\\\/\\\/nbcs.mx\\\/#\\\/schema\\\/logo\\\/image\\\/\"},\"sameAs\":[\"https:\\\/\\\/www.facebook.com\\\/NBCSnoticias\",\"https:\\\/\\\/x.com\\\/NBCSnoticias\"]},{\"@type\":\"Person\",\"@id\":\"https:\\\/\\\/nbcs.mx\\\/#\\\/schema\\\/person\\\/ece58bab9a7c1e87a4d28ec9ecd79ff4\",\"name\":\"NBCS Noticias\",\"image\":{\"@type\":\"ImageObject\",\"inLanguage\":\"es\",\"@id\":\"https:\\\/\\\/secure.gravatar.com\\\/avatar\\\/4e52110cad1c4054b43271a0d14bbe9e2ea76aecd0e1097edfc670798d9ca1d4?s=96&d=blank&r=g\",\"url\":\"https:\\\/\\\/secure.gravatar.com\\\/avatar\\\/4e52110cad1c4054b43271a0d14bbe9e2ea76aecd0e1097edfc670798d9ca1d4?s=96&d=blank&r=g\",\"contentUrl\":\"https:\\\/\\\/secure.gravatar.com\\\/avatar\\\/4e52110cad1c4054b43271a0d14bbe9e2ea76aecd0e1097edfc670798d9ca1d4?s=96&d=blank&r=g\",\"caption\":\"NBCS Noticias\"},\"description\":\"\u00bfTienes fotos o video de alg\u00fan acto de posible negligencia, corrupci\u00f3n y abuso de autoridad? M\u00e1ndalo al WhatsApp de NBCS Noticias: 612 141 98 08\",\"sameAs\":[\"https:\\\/\\\/www.nbcs.mx\",\"https:\\\/\\\/www.facebook.com\\\/NBCSnoticias\",\"https:\\\/\\\/www.instagram.com\\\/nbcsnoticias\\\/\",\"https:\\\/\\\/x.com\\\/https:\\\/\\\/twitter.com\\\/NBCSnoticias\"]}]}<\/script>\n<!-- \/ Yoast SEO plugin. -->","yoast_head_json":{"title":"Participan m\u00e1s de 2 mil docentes en el proceso de admisi\u00f3n a la educaci\u00f3n b\u00e1sica 2024-2025 - NBCS Noticias","robots":{"index":"index","follow":"follow","max-snippet":"max-snippet:-1","max-image-preview":"max-image-preview:large","max-video-preview":"max-video-preview:-1"},"canonical":"https:\/\/nbcs.mx\/?p=134420","og_locale":"es_ES","og_type":"article","og_title":"Participan m\u00e1s de 2 mil docentes en el proceso de admisi\u00f3n a la educaci\u00f3n b\u00e1sica 2024-2025 - NBCS Noticias","og_description":"La Secretar\u00eda de Educaci\u00f3n P\u00fablica de Baja California Sur ha registrado a 2 mil 616 mentores que participar\u00e1n en el","og_url":"https:\/\/nbcs.mx\/?p=134420","og_site_name":"NBCS Noticias","article_publisher":"https:\/\/www.facebook.com\/NBCSnoticias","article_author":"https:\/\/www.facebook.com\/NBCSnoticias","article_published_time":"2024-02-29T22:56:55+00:00","og_image":[{"width":2560,"height":1707,"url":"https:\/\/nbcs.mx\/wp-content\/uploads\/2024\/02\/FOTO-SEP-PROCESO-DE-ADMISION-scaled.jpg","type":"image\/jpeg"}],"author":"NBCS Noticias","twitter_card":"summary_large_image","twitter_creator":"@https:\/\/twitter.com\/NBCSnoticias","twitter_site":"@NBCSnoticias","twitter_misc":{"Escrito por":"NBCS Noticias","Tiempo de lectura":"2 minutos"},"schema":{"@context":"https:\/\/schema.org","@graph":[{"@type":"Article","@id":"https:\/\/nbcs.mx\/?p=134420#article","isPartOf":{"@id":"https:\/\/nbcs.mx\/?p=134420"},"author":{"name":"NBCS Noticias","@id":"https:\/\/nbcs.mx\/#\/schema\/person\/ece58bab9a7c1e87a4d28ec9ecd79ff4"},"headline":"Participan m\u00e1s de 2 mil docentes en el proceso de admisi\u00f3n a la educaci\u00f3n b\u00e1sica 2024-2025","datePublished":"2024-02-29T22:56:55+00:00","mainEntityOfPage":{"@id":"https:\/\/nbcs.mx\/?p=134420"},"wordCount":260,"commentCount":0,"publisher":{"@id":"https:\/\/nbcs.mx\/#organization"},"image":{"@id":"https:\/\/nbcs.mx\/?p=134420#primaryimage"},"thumbnailUrl":"https:\/\/nbcs.mx\/wp-content\/uploads\/2024\/02\/FOTO-SEP-PROCESO-DE-ADMISION-scaled.jpg","articleSection":["Noticias"],"inLanguage":"es","potentialAction":[{"@type":"CommentAction","name":"Comment","target":["https:\/\/nbcs.mx\/?p=134420#respond"]}]},{"@type":"WebPage","@id":"https:\/\/nbcs.mx\/?p=134420","url":"https:\/\/nbcs.mx\/?p=134420","name":"Participan m\u00e1s de 2 mil docentes en el proceso de admisi\u00f3n a la educaci\u00f3n b\u00e1sica 2024-2025 - NBCS Noticias","isPartOf":{"@id":"https:\/\/nbcs.mx\/#website"},"primaryImageOfPage":{"@id":"https:\/\/nbcs.mx\/?p=134420#primaryimage"},"image":{"@id":"https:\/\/nbcs.mx\/?p=134420#primaryimage"},"thumbnailUrl":"https:\/\/nbcs.mx\/wp-content\/uploads\/2024\/02\/FOTO-SEP-PROCESO-DE-ADMISION-scaled.jpg","datePublished":"2024-02-29T22:56:55+00:00","breadcrumb":{"@id":"https:\/\/nbcs.mx\/?p=134420#breadcrumb"},"inLanguage":"es","potentialAction":[{"@type":"ReadAction","target":["https:\/\/nbcs.mx\/?p=134420"]}]},{"@type":"ImageObject","inLanguage":"es","@id":"https:\/\/nbcs.mx\/?p=134420#primaryimage","url":"https:\/\/nbcs.mx\/wp-content\/uploads\/2024\/02\/FOTO-SEP-PROCESO-DE-ADMISION-scaled.jpg","contentUrl":"https:\/\/nbcs.mx\/wp-content\/uploads\/2024\/02\/FOTO-SEP-PROCESO-DE-ADMISION-scaled.jpg","width":2560,"height":1707},{"@type":"BreadcrumbList","@id":"https:\/\/nbcs.mx\/?p=134420#breadcrumb","itemListElement":[{"@type":"ListItem","position":1,"name":"Portada","item":"https:\/\/nbcs.mx\/"},{"@type":"ListItem","position":2,"name":"Participan m\u00e1s de 2 mil docentes en el proceso de admisi\u00f3n a la educaci\u00f3n b\u00e1sica 2024-2025"}]},{"@type":"WebSite","@id":"https:\/\/nbcs.mx\/#website","url":"https:\/\/nbcs.mx\/","name":"NBCS Noticias","description":"Sitio web de noticias en Baja California Sur","publisher":{"@id":"https:\/\/nbcs.mx\/#organization"},"potentialAction":[{"@type":"SearchAction","target":{"@type":"EntryPoint","urlTemplate":"https:\/\/nbcs.mx\/?s={search_term_string}"},"query-input":{"@type":"PropertyValueSpecification","valueRequired":true,"valueName":"search_term_string"}}],"inLanguage":"es"},{"@type":"Organization","@id":"https:\/\/nbcs.mx\/#organization","name":"NBCS Noticias","url":"https:\/\/nbcs.mx\/","logo":{"@type":"ImageObject","inLanguage":"es","@id":"https:\/\/nbcs.mx\/#\/schema\/logo\/image\/","url":"https:\/\/nbcs.mx\/wp-content\/uploads\/2018\/09\/057b69485e93575a5c2b1c1dde2dd297.jpeg","contentUrl":"https:\/\/nbcs.mx\/wp-content\/uploads\/2018\/09\/057b69485e93575a5c2b1c1dde2dd297.jpeg","width":64,"height":64,"caption":"NBCS Noticias"},"image":{"@id":"https:\/\/nbcs.mx\/#\/schema\/logo\/image\/"},"sameAs":["https:\/\/www.facebook.com\/NBCSnoticias","https:\/\/x.com\/NBCSnoticias"]},{"@type":"Person","@id":"https:\/\/nbcs.mx\/#\/schema\/person\/ece58bab9a7c1e87a4d28ec9ecd79ff4","name":"NBCS Noticias","image":{"@type":"ImageObject","inLanguage":"es","@id":"https:\/\/secure.gravatar.com\/avatar\/4e52110cad1c4054b43271a0d14bbe9e2ea76aecd0e1097edfc670798d9ca1d4?s=96&d=blank&r=g","url":"https:\/\/secure.gravatar.com\/avatar\/4e52110cad1c4054b43271a0d14bbe9e2ea76aecd0e1097edfc670798d9ca1d4?s=96&d=blank&r=g","contentUrl":"https:\/\/secure.gravatar.com\/avatar\/4e52110cad1c4054b43271a0d14bbe9e2ea76aecd0e1097edfc670798d9ca1d4?s=96&d=blank&r=g","caption":"NBCS Noticias"},"description":"\u00bfTienes fotos o video de alg\u00fan acto de posible negligencia, corrupci\u00f3n y abuso de autoridad? M\u00e1ndalo al WhatsApp de NBCS Noticias: 612 141 98 08","sameAs":["https:\/\/www.nbcs.mx","https:\/\/www.facebook.com\/NBCSnoticias","https:\/\/www.instagram.com\/nbcsnoticias\/","https:\/\/x.com\/https:\/\/twitter.com\/NBCSnoticias"]}]}},"jetpack_publicize_connections":[],"jetpack_featured_media_url":"https:\/\/nbcs.mx\/wp-content\/uploads\/2024\/02\/FOTO-SEP-PROCESO-DE-ADMISION-scaled.jpg","jetpack_sharing_enabled":true,"_links":{"self":[{"href":"https:\/\/nbcs.mx\/index.php?rest_route=\/wp\/v2\/posts\/134420","targetHints":{"allow":["GET"]}}],"collection":[{"href":"https:\/\/nbcs.mx\/index.php?rest_route=\/wp\/v2\/posts"}],"about":[{"href":"https:\/\/nbcs.mx\/index.php?rest_route=\/wp\/v2\/types\/post"}],"author":[{"embeddable":true,"href":"https:\/\/nbcs.mx\/index.php?rest_route=\/wp\/v2\/users\/1"}],"replies":[{"embeddable":true,"href":"https:\/\/nbcs.mx\/index.php?rest_route=%2Fwp%2Fv2%2Fcomments&post=134420"}],"version-history":[{"count":1,"href":"https:\/\/nbcs.mx\/index.php?rest_route=\/wp\/v2\/posts\/134420\/revisions"}],"predecessor-version":[{"id":134422,"href":"https:\/\/nbcs.mx\/index.php?rest_route=\/wp\/v2\/posts\/134420\/revisions\/134422"}],"wp:featuredmedia":[{"embeddable":true,"href":"https:\/\/nbcs.mx\/index.php?rest_route=\/wp\/v2\/media\/134421"}],"wp:attachment":[{"href":"https:\/\/nbcs.mx\/index.php?rest_route=%2Fwp%2Fv2%2Fmedia&parent=134420"}],"wp:term":[{"taxonomy":"category","embeddable":true,"href":"https:\/\/nbcs.mx\/index.php?rest_route=%2Fwp%2Fv2%2Fcategories&post=134420"},{"taxonomy":"post_tag","embeddable":true,"href":"https:\/\/nbcs.mx\/index.php?rest_route=%2Fwp%2Fv2%2Ftags&post=134420"}],"curies":[{"name":"wp","href":"https:\/\/api.w.org\/{rel}","templated":true}]}}