{"id":134613,"date":"2024-03-06T06:47:10","date_gmt":"2024-03-06T13:47:10","guid":{"rendered":"https:\/\/nbcs.mx\/?p=134613"},"modified":"2024-03-06T06:47:10","modified_gmt":"2024-03-06T13:47:10","slug":"con-retrasos-finalmente-inicio-la-construccion-de-la-puerta-de-la-paz","status":"publish","type":"post","link":"https:\/\/nbcs.mx\/?p=134613","title":{"rendered":"Con retrasos, finalmente inici\u00f3 la construcci\u00f3n de La Puerta de La Paz"},"content":{"rendered":"<p style=\"text-align: justify;\"><img loading=\"lazy\" decoding=\"async\" class=\" wp-image-134614 alignleft\" src=\"https:\/\/nbcs.mx\/wp-content\/uploads\/2024\/03\/Puerta-de-La-Paz.jpeg\" alt=\"\" width=\"341\" height=\"188\" srcset=\"https:\/\/nbcs.mx\/wp-content\/uploads\/2024\/03\/Puerta-de-La-Paz.jpeg 725w, https:\/\/nbcs.mx\/wp-content\/uploads\/2024\/03\/Puerta-de-La-Paz-150x83.jpeg 150w\" sizes=\"auto, (max-width: 341px) 100vw, 341px\" \/>La Puerta de La Paz, que enmarcar\u00e1 el acceso sur de la ciudad, tambi\u00e9n presenta retraso en su construcci\u00f3n, por lo que ahora se estima que se concluir\u00e1 en el mes de mayo, confirm\u00f3 la presidenta municipal, Milena Quiroga Romero.<\/p>\n<p style=\"text-align: justify;\">Dijo que actualmente se trabaja en esa obra, luego de que se hab\u00eda dicho que arrancar\u00eda en agosto y se terminar\u00eda a finales de noviembre o principios de diciembre, y despu\u00e9s, que el inicio ser\u00eda en enero, lo cual tampoco sucedi\u00f3.<\/p>\n<p style=\"text-align: justify;\">La modernizaci\u00f3n del acceso a la capital sudcaliforniana fue motivo de pol\u00e9mica tras el anuncio del proyecto en julio del a\u00f1o pasado, cuando algunos ciudadanos consideraron que la inversi\u00f3n de 19 millones de pesos estimados en ese entonces, deb\u00eda aplicarse en obras de beneficio de los ciudadanos, como agua, seguridad, recolecci\u00f3n de basura o pavimentaci\u00f3n, entre otros.<\/p>\n<p style=\"text-align: justify;\">La Alcaldesa de La Paz dijo recientemente a medios de comunicaci\u00f3n que los trabajos comenzaron, y que uno de los factores del retraso fue que el punto en el que se ubicar\u00e1 esa estructura, tuvo que ser cambiado hasta en tres ocasiones, debido a un proyecto carretero que existe en esa zona.<\/p>\n<p style=\"text-align: justify;\">Record\u00f3 que existe un proyecto de la ahora Secretar\u00eda de Infraestructura, Comunicaciones y Transportes (SICT), consistente en un libramiento que enlazar\u00e1 las salidas al norte y al sur, a fin de sacar de la ciudad el tr\u00e1nsito pesado y agilizar el traslado de quienes viajan hacia cualquiera de esos puntos.<\/p>\n<p style=\"text-align: justify;\">En ese sentido, manifest\u00f3 que la dependencia federal les advirti\u00f3 que el \u00e1rea de enlace hacia el sur, se ubicar\u00e1 en la zona donde se planeaba poner La Puerta de La Paz, por lo que considerando que el libramiento es por ahora solo un proyecto, era mejor anticiparse en caso de que se concrete.<\/p>\n<p style=\"text-align: justify;\">Expres\u00f3 que de esa manera, la nueva ubicaci\u00f3n qued\u00f3 mejor, ya que permitir\u00e1 prevenir el probable crecimiento de la ciudad y la construcci\u00f3n de ese libramiento, por lo que se defini\u00f3 construir este acceso entre el puente localizado antes de llegar San Pedro y la colonia Calafia. (Por: Arturo Nieves).<\/p>\n<div class=\"addtoany_share_save_container addtoany_content addtoany_content_bottom\">\n<div class=\"a2a_kit a2a_kit_size_32 addtoany_list\" style=\"text-align: justify;\" data-a2a-url=\"https:\/\/www.palabrabcs.com\/municipios\/la-paz\/con-retrasos-finalmente-inicio-la-construccion-de-la-puerta-de-la-paz\/\" data-a2a-title=\"Con retrasos, finalmente inici\u00f3 la construcci\u00f3n de La Puerta de La Paz\"><\/div>\n<\/div>\n","protected":false},"excerpt":{"rendered":"<p>La Puerta de La Paz, que enmarcar\u00e1 el acceso sur de la ciudad, tambi\u00e9n presenta retraso en su construcci\u00f3n, por<\/p>\n","protected":false},"author":1,"featured_media":134614,"comment_status":"open","ping_status":"closed","sticky":false,"template":"","format":"standard","meta":{"colormag_page_container_layout":"default_layout","colormag_page_sidebar_layout":"default_layout","_jetpack_memberships_contains_paid_content":false,"footnotes":"","jetpack_publicize_message":"","jetpack_publicize_feature_enabled":true,"jetpack_social_post_already_shared":true,"jetpack_social_options":{"image_generator_settings":{"template":"highway","default_image_id":0,"font":"","enabled":false},"version":2}},"categories":[40],"tags":[],"class_list":["post-134613","post","type-post","status-publish","format-standard","has-post-thumbnail","hentry","category-municipios"],"yoast_head":"<!-- This site is optimized with the Yoast SEO plugin v27.5 - https:\/\/yoast.com\/product\/yoast-seo-wordpress\/ -->\n<title>Con retrasos, finalmente inici\u00f3 la construcci\u00f3n de La Puerta de La Paz - NBCS Noticias<\/title>\n<meta name=\"robots\" content=\"index, follow, max-snippet:-1, max-image-preview:large, max-video-preview:-1\" \/>\n<link rel=\"canonical\" href=\"https:\/\/nbcs.mx\/?p=134613\" \/>\n<meta property=\"og:locale\" content=\"es_ES\" \/>\n<meta property=\"og:type\" content=\"article\" \/>\n<meta property=\"og:title\" content=\"Con retrasos, finalmente inici\u00f3 la construcci\u00f3n de La Puerta de La Paz - NBCS Noticias\" \/>\n<meta property=\"og:description\" content=\"La Puerta de La Paz, que enmarcar\u00e1 el acceso sur de la ciudad, tambi\u00e9n presenta retraso en su construcci\u00f3n, por\" \/>\n<meta property=\"og:url\" content=\"https:\/\/nbcs.mx\/?p=134613\" \/>\n<meta property=\"og:site_name\" content=\"NBCS Noticias\" \/>\n<meta property=\"article:publisher\" content=\"https:\/\/www.facebook.com\/NBCSnoticias\" \/>\n<meta property=\"article:author\" content=\"https:\/\/www.facebook.com\/NBCSnoticias\" \/>\n<meta property=\"article:published_time\" content=\"2024-03-06T13:47:10+00:00\" \/>\n<meta property=\"og:image\" content=\"https:\/\/nbcs.mx\/wp-content\/uploads\/2024\/03\/Puerta-de-La-Paz.jpeg\" \/>\n\t<meta property=\"og:image:width\" content=\"725\" \/>\n\t<meta property=\"og:image:height\" content=\"400\" \/>\n\t<meta property=\"og:image:type\" content=\"image\/jpeg\" \/>\n<meta name=\"author\" content=\"NBCS Noticias\" \/>\n<meta name=\"twitter:card\" content=\"summary_large_image\" \/>\n<meta name=\"twitter:creator\" content=\"@https:\/\/twitter.com\/NBCSnoticias\" \/>\n<meta name=\"twitter:site\" content=\"@NBCSnoticias\" \/>\n<meta name=\"twitter:label1\" content=\"Escrito por\" \/>\n\t<meta name=\"twitter:data1\" content=\"NBCS Noticias\" \/>\n\t<meta name=\"twitter:label2\" content=\"Tiempo de lectura\" \/>\n\t<meta name=\"twitter:data2\" content=\"2 minutos\" \/>\n<script type=\"application\/ld+json\" class=\"yoast-schema-graph\">{\"@context\":\"https:\\\/\\\/schema.org\",\"@graph\":[{\"@type\":\"Article\",\"@id\":\"https:\\\/\\\/nbcs.mx\\\/?p=134613#article\",\"isPartOf\":{\"@id\":\"https:\\\/\\\/nbcs.mx\\\/?p=134613\"},\"author\":{\"name\":\"NBCS Noticias\",\"@id\":\"https:\\\/\\\/nbcs.mx\\\/#\\\/schema\\\/person\\\/ece58bab9a7c1e87a4d28ec9ecd79ff4\"},\"headline\":\"Con retrasos, finalmente inici\u00f3 la construcci\u00f3n de La Puerta de La Paz\",\"datePublished\":\"2024-03-06T13:47:10+00:00\",\"mainEntityOfPage\":{\"@id\":\"https:\\\/\\\/nbcs.mx\\\/?p=134613\"},\"wordCount\":375,\"commentCount\":0,\"publisher\":{\"@id\":\"https:\\\/\\\/nbcs.mx\\\/#organization\"},\"image\":{\"@id\":\"https:\\\/\\\/nbcs.mx\\\/?p=134613#primaryimage\"},\"thumbnailUrl\":\"https:\\\/\\\/nbcs.mx\\\/wp-content\\\/uploads\\\/2024\\\/03\\\/Puerta-de-La-Paz.jpeg\",\"articleSection\":[\"Municipios\"],\"inLanguage\":\"es\",\"potentialAction\":[{\"@type\":\"CommentAction\",\"name\":\"Comment\",\"target\":[\"https:\\\/\\\/nbcs.mx\\\/?p=134613#respond\"]}]},{\"@type\":\"WebPage\",\"@id\":\"https:\\\/\\\/nbcs.mx\\\/?p=134613\",\"url\":\"https:\\\/\\\/nbcs.mx\\\/?p=134613\",\"name\":\"Con retrasos, finalmente inici\u00f3 la construcci\u00f3n de La Puerta de La Paz - NBCS Noticias\",\"isPartOf\":{\"@id\":\"https:\\\/\\\/nbcs.mx\\\/#website\"},\"primaryImageOfPage\":{\"@id\":\"https:\\\/\\\/nbcs.mx\\\/?p=134613#primaryimage\"},\"image\":{\"@id\":\"https:\\\/\\\/nbcs.mx\\\/?p=134613#primaryimage\"},\"thumbnailUrl\":\"https:\\\/\\\/nbcs.mx\\\/wp-content\\\/uploads\\\/2024\\\/03\\\/Puerta-de-La-Paz.jpeg\",\"datePublished\":\"2024-03-06T13:47:10+00:00\",\"breadcrumb\":{\"@id\":\"https:\\\/\\\/nbcs.mx\\\/?p=134613#breadcrumb\"},\"inLanguage\":\"es\",\"potentialAction\":[{\"@type\":\"ReadAction\",\"target\":[\"https:\\\/\\\/nbcs.mx\\\/?p=134613\"]}]},{\"@type\":\"ImageObject\",\"inLanguage\":\"es\",\"@id\":\"https:\\\/\\\/nbcs.mx\\\/?p=134613#primaryimage\",\"url\":\"https:\\\/\\\/nbcs.mx\\\/wp-content\\\/uploads\\\/2024\\\/03\\\/Puerta-de-La-Paz.jpeg\",\"contentUrl\":\"https:\\\/\\\/nbcs.mx\\\/wp-content\\\/uploads\\\/2024\\\/03\\\/Puerta-de-La-Paz.jpeg\",\"width\":725,\"height\":400},{\"@type\":\"BreadcrumbList\",\"@id\":\"https:\\\/\\\/nbcs.mx\\\/?p=134613#breadcrumb\",\"itemListElement\":[{\"@type\":\"ListItem\",\"position\":1,\"name\":\"Portada\",\"item\":\"https:\\\/\\\/nbcs.mx\\\/\"},{\"@type\":\"ListItem\",\"position\":2,\"name\":\"Con retrasos, finalmente inici\u00f3 la construcci\u00f3n de La Puerta de La Paz\"}]},{\"@type\":\"WebSite\",\"@id\":\"https:\\\/\\\/nbcs.mx\\\/#website\",\"url\":\"https:\\\/\\\/nbcs.mx\\\/\",\"name\":\"NBCS Noticias\",\"description\":\"Sitio web de noticias en Baja California Sur\",\"publisher\":{\"@id\":\"https:\\\/\\\/nbcs.mx\\\/#organization\"},\"potentialAction\":[{\"@type\":\"SearchAction\",\"target\":{\"@type\":\"EntryPoint\",\"urlTemplate\":\"https:\\\/\\\/nbcs.mx\\\/?s={search_term_string}\"},\"query-input\":{\"@type\":\"PropertyValueSpecification\",\"valueRequired\":true,\"valueName\":\"search_term_string\"}}],\"inLanguage\":\"es\"},{\"@type\":\"Organization\",\"@id\":\"https:\\\/\\\/nbcs.mx\\\/#organization\",\"name\":\"NBCS Noticias\",\"url\":\"https:\\\/\\\/nbcs.mx\\\/\",\"logo\":{\"@type\":\"ImageObject\",\"inLanguage\":\"es\",\"@id\":\"https:\\\/\\\/nbcs.mx\\\/#\\\/schema\\\/logo\\\/image\\\/\",\"url\":\"https:\\\/\\\/nbcs.mx\\\/wp-content\\\/uploads\\\/2018\\\/09\\\/057b69485e93575a5c2b1c1dde2dd297.jpeg\",\"contentUrl\":\"https:\\\/\\\/nbcs.mx\\\/wp-content\\\/uploads\\\/2018\\\/09\\\/057b69485e93575a5c2b1c1dde2dd297.jpeg\",\"width\":64,\"height\":64,\"caption\":\"NBCS Noticias\"},\"image\":{\"@id\":\"https:\\\/\\\/nbcs.mx\\\/#\\\/schema\\\/logo\\\/image\\\/\"},\"sameAs\":[\"https:\\\/\\\/www.facebook.com\\\/NBCSnoticias\",\"https:\\\/\\\/x.com\\\/NBCSnoticias\"]},{\"@type\":\"Person\",\"@id\":\"https:\\\/\\\/nbcs.mx\\\/#\\\/schema\\\/person\\\/ece58bab9a7c1e87a4d28ec9ecd79ff4\",\"name\":\"NBCS Noticias\",\"image\":{\"@type\":\"ImageObject\",\"inLanguage\":\"es\",\"@id\":\"https:\\\/\\\/secure.gravatar.com\\\/avatar\\\/4e52110cad1c4054b43271a0d14bbe9e2ea76aecd0e1097edfc670798d9ca1d4?s=96&d=blank&r=g\",\"url\":\"https:\\\/\\\/secure.gravatar.com\\\/avatar\\\/4e52110cad1c4054b43271a0d14bbe9e2ea76aecd0e1097edfc670798d9ca1d4?s=96&d=blank&r=g\",\"contentUrl\":\"https:\\\/\\\/secure.gravatar.com\\\/avatar\\\/4e52110cad1c4054b43271a0d14bbe9e2ea76aecd0e1097edfc670798d9ca1d4?s=96&d=blank&r=g\",\"caption\":\"NBCS Noticias\"},\"description\":\"\u00bfTienes fotos o video de alg\u00fan acto de posible negligencia, corrupci\u00f3n y abuso de autoridad? M\u00e1ndalo al WhatsApp de NBCS Noticias: 612 141 98 08\",\"sameAs\":[\"https:\\\/\\\/www.nbcs.mx\",\"https:\\\/\\\/www.facebook.com\\\/NBCSnoticias\",\"https:\\\/\\\/www.instagram.com\\\/nbcsnoticias\\\/\",\"https:\\\/\\\/x.com\\\/https:\\\/\\\/twitter.com\\\/NBCSnoticias\"]}]}<\/script>\n<!-- \/ Yoast SEO plugin. -->","yoast_head_json":{"title":"Con retrasos, finalmente inici\u00f3 la construcci\u00f3n de La Puerta de La Paz - NBCS Noticias","robots":{"index":"index","follow":"follow","max-snippet":"max-snippet:-1","max-image-preview":"max-image-preview:large","max-video-preview":"max-video-preview:-1"},"canonical":"https:\/\/nbcs.mx\/?p=134613","og_locale":"es_ES","og_type":"article","og_title":"Con retrasos, finalmente inici\u00f3 la construcci\u00f3n de La Puerta de La Paz - NBCS Noticias","og_description":"La Puerta de La Paz, que enmarcar\u00e1 el acceso sur de la ciudad, tambi\u00e9n presenta retraso en su construcci\u00f3n, por","og_url":"https:\/\/nbcs.mx\/?p=134613","og_site_name":"NBCS Noticias","article_publisher":"https:\/\/www.facebook.com\/NBCSnoticias","article_author":"https:\/\/www.facebook.com\/NBCSnoticias","article_published_time":"2024-03-06T13:47:10+00:00","og_image":[{"width":725,"height":400,"url":"https:\/\/nbcs.mx\/wp-content\/uploads\/2024\/03\/Puerta-de-La-Paz.jpeg","type":"image\/jpeg"}],"author":"NBCS Noticias","twitter_card":"summary_large_image","twitter_creator":"@https:\/\/twitter.com\/NBCSnoticias","twitter_site":"@NBCSnoticias","twitter_misc":{"Escrito por":"NBCS Noticias","Tiempo de lectura":"2 minutos"},"schema":{"@context":"https:\/\/schema.org","@graph":[{"@type":"Article","@id":"https:\/\/nbcs.mx\/?p=134613#article","isPartOf":{"@id":"https:\/\/nbcs.mx\/?p=134613"},"author":{"name":"NBCS Noticias","@id":"https:\/\/nbcs.mx\/#\/schema\/person\/ece58bab9a7c1e87a4d28ec9ecd79ff4"},"headline":"Con retrasos, finalmente inici\u00f3 la construcci\u00f3n de La Puerta de La Paz","datePublished":"2024-03-06T13:47:10+00:00","mainEntityOfPage":{"@id":"https:\/\/nbcs.mx\/?p=134613"},"wordCount":375,"commentCount":0,"publisher":{"@id":"https:\/\/nbcs.mx\/#organization"},"image":{"@id":"https:\/\/nbcs.mx\/?p=134613#primaryimage"},"thumbnailUrl":"https:\/\/nbcs.mx\/wp-content\/uploads\/2024\/03\/Puerta-de-La-Paz.jpeg","articleSection":["Municipios"],"inLanguage":"es","potentialAction":[{"@type":"CommentAction","name":"Comment","target":["https:\/\/nbcs.mx\/?p=134613#respond"]}]},{"@type":"WebPage","@id":"https:\/\/nbcs.mx\/?p=134613","url":"https:\/\/nbcs.mx\/?p=134613","name":"Con retrasos, finalmente inici\u00f3 la construcci\u00f3n de La Puerta de La Paz - NBCS Noticias","isPartOf":{"@id":"https:\/\/nbcs.mx\/#website"},"primaryImageOfPage":{"@id":"https:\/\/nbcs.mx\/?p=134613#primaryimage"},"image":{"@id":"https:\/\/nbcs.mx\/?p=134613#primaryimage"},"thumbnailUrl":"https:\/\/nbcs.mx\/wp-content\/uploads\/2024\/03\/Puerta-de-La-Paz.jpeg","datePublished":"2024-03-06T13:47:10+00:00","breadcrumb":{"@id":"https:\/\/nbcs.mx\/?p=134613#breadcrumb"},"inLanguage":"es","potentialAction":[{"@type":"ReadAction","target":["https:\/\/nbcs.mx\/?p=134613"]}]},{"@type":"ImageObject","inLanguage":"es","@id":"https:\/\/nbcs.mx\/?p=134613#primaryimage","url":"https:\/\/nbcs.mx\/wp-content\/uploads\/2024\/03\/Puerta-de-La-Paz.jpeg","contentUrl":"https:\/\/nbcs.mx\/wp-content\/uploads\/2024\/03\/Puerta-de-La-Paz.jpeg","width":725,"height":400},{"@type":"BreadcrumbList","@id":"https:\/\/nbcs.mx\/?p=134613#breadcrumb","itemListElement":[{"@type":"ListItem","position":1,"name":"Portada","item":"https:\/\/nbcs.mx\/"},{"@type":"ListItem","position":2,"name":"Con retrasos, finalmente inici\u00f3 la construcci\u00f3n de La Puerta de La Paz"}]},{"@type":"WebSite","@id":"https:\/\/nbcs.mx\/#website","url":"https:\/\/nbcs.mx\/","name":"NBCS Noticias","description":"Sitio web de noticias en Baja California Sur","publisher":{"@id":"https:\/\/nbcs.mx\/#organization"},"potentialAction":[{"@type":"SearchAction","target":{"@type":"EntryPoint","urlTemplate":"https:\/\/nbcs.mx\/?s={search_term_string}"},"query-input":{"@type":"PropertyValueSpecification","valueRequired":true,"valueName":"search_term_string"}}],"inLanguage":"es"},{"@type":"Organization","@id":"https:\/\/nbcs.mx\/#organization","name":"NBCS Noticias","url":"https:\/\/nbcs.mx\/","logo":{"@type":"ImageObject","inLanguage":"es","@id":"https:\/\/nbcs.mx\/#\/schema\/logo\/image\/","url":"https:\/\/nbcs.mx\/wp-content\/uploads\/2018\/09\/057b69485e93575a5c2b1c1dde2dd297.jpeg","contentUrl":"https:\/\/nbcs.mx\/wp-content\/uploads\/2018\/09\/057b69485e93575a5c2b1c1dde2dd297.jpeg","width":64,"height":64,"caption":"NBCS Noticias"},"image":{"@id":"https:\/\/nbcs.mx\/#\/schema\/logo\/image\/"},"sameAs":["https:\/\/www.facebook.com\/NBCSnoticias","https:\/\/x.com\/NBCSnoticias"]},{"@type":"Person","@id":"https:\/\/nbcs.mx\/#\/schema\/person\/ece58bab9a7c1e87a4d28ec9ecd79ff4","name":"NBCS Noticias","image":{"@type":"ImageObject","inLanguage":"es","@id":"https:\/\/secure.gravatar.com\/avatar\/4e52110cad1c4054b43271a0d14bbe9e2ea76aecd0e1097edfc670798d9ca1d4?s=96&d=blank&r=g","url":"https:\/\/secure.gravatar.com\/avatar\/4e52110cad1c4054b43271a0d14bbe9e2ea76aecd0e1097edfc670798d9ca1d4?s=96&d=blank&r=g","contentUrl":"https:\/\/secure.gravatar.com\/avatar\/4e52110cad1c4054b43271a0d14bbe9e2ea76aecd0e1097edfc670798d9ca1d4?s=96&d=blank&r=g","caption":"NBCS Noticias"},"description":"\u00bfTienes fotos o video de alg\u00fan acto de posible negligencia, corrupci\u00f3n y abuso de autoridad? M\u00e1ndalo al WhatsApp de NBCS Noticias: 612 141 98 08","sameAs":["https:\/\/www.nbcs.mx","https:\/\/www.facebook.com\/NBCSnoticias","https:\/\/www.instagram.com\/nbcsnoticias\/","https:\/\/x.com\/https:\/\/twitter.com\/NBCSnoticias"]}]}},"jetpack_publicize_connections":[],"jetpack_featured_media_url":"https:\/\/nbcs.mx\/wp-content\/uploads\/2024\/03\/Puerta-de-La-Paz.jpeg","jetpack_sharing_enabled":true,"_links":{"self":[{"href":"https:\/\/nbcs.mx\/index.php?rest_route=\/wp\/v2\/posts\/134613","targetHints":{"allow":["GET"]}}],"collection":[{"href":"https:\/\/nbcs.mx\/index.php?rest_route=\/wp\/v2\/posts"}],"about":[{"href":"https:\/\/nbcs.mx\/index.php?rest_route=\/wp\/v2\/types\/post"}],"author":[{"embeddable":true,"href":"https:\/\/nbcs.mx\/index.php?rest_route=\/wp\/v2\/users\/1"}],"replies":[{"embeddable":true,"href":"https:\/\/nbcs.mx\/index.php?rest_route=%2Fwp%2Fv2%2Fcomments&post=134613"}],"version-history":[{"count":1,"href":"https:\/\/nbcs.mx\/index.php?rest_route=\/wp\/v2\/posts\/134613\/revisions"}],"predecessor-version":[{"id":134615,"href":"https:\/\/nbcs.mx\/index.php?rest_route=\/wp\/v2\/posts\/134613\/revisions\/134615"}],"wp:featuredmedia":[{"embeddable":true,"href":"https:\/\/nbcs.mx\/index.php?rest_route=\/wp\/v2\/media\/134614"}],"wp:attachment":[{"href":"https:\/\/nbcs.mx\/index.php?rest_route=%2Fwp%2Fv2%2Fmedia&parent=134613"}],"wp:term":[{"taxonomy":"category","embeddable":true,"href":"https:\/\/nbcs.mx\/index.php?rest_route=%2Fwp%2Fv2%2Fcategories&post=134613"},{"taxonomy":"post_tag","embeddable":true,"href":"https:\/\/nbcs.mx\/index.php?rest_route=%2Fwp%2Fv2%2Ftags&post=134613"}],"curies":[{"name":"wp","href":"https:\/\/api.w.org\/{rel}","templated":true}]}}