{"id":134769,"date":"2024-03-13T06:49:34","date_gmt":"2024-03-13T13:49:34","guid":{"rendered":"https:\/\/nbcs.mx\/?p=134769"},"modified":"2024-03-13T06:49:34","modified_gmt":"2024-03-13T13:49:34","slug":"invita-instituto-municipal-de-las-mujeres-a-la-editona-en-la-paz","status":"publish","type":"post","link":"https:\/\/nbcs.mx\/?p=134769","title":{"rendered":"Invita Instituto Municipal de las Mujeres a la Editona en La Paz"},"content":{"rendered":"<p style=\"font-weight: 400; text-align: justify;\"><img loading=\"lazy\" decoding=\"async\" class=\" wp-image-134770 alignleft\" src=\"https:\/\/nbcs.mx\/wp-content\/uploads\/2024\/03\/Invita-Instituto-Municipal-de-las-Mujeres-a-la-Editona-en-La-Paz2-755x402.jpg\" alt=\"\" width=\"342\" height=\"182\" srcset=\"https:\/\/nbcs.mx\/wp-content\/uploads\/2024\/03\/Invita-Instituto-Municipal-de-las-Mujeres-a-la-Editona-en-La-Paz2-755x402.jpg 755w, https:\/\/nbcs.mx\/wp-content\/uploads\/2024\/03\/Invita-Instituto-Municipal-de-las-Mujeres-a-la-Editona-en-La-Paz2-1024x545.jpg 1024w, https:\/\/nbcs.mx\/wp-content\/uploads\/2024\/03\/Invita-Instituto-Municipal-de-las-Mujeres-a-la-Editona-en-La-Paz2-150x80.jpg 150w, https:\/\/nbcs.mx\/wp-content\/uploads\/2024\/03\/Invita-Instituto-Municipal-de-las-Mujeres-a-la-Editona-en-La-Paz2-768x409.jpg 768w, https:\/\/nbcs.mx\/wp-content\/uploads\/2024\/03\/Invita-Instituto-Municipal-de-las-Mujeres-a-la-Editona-en-La-Paz2.jpg 1044w\" sizes=\"auto, (max-width: 342px) 100vw, 342px\" \/>En el marco del D\u00eda Internacional de las Mujeres y en colaboraci\u00f3n con Wikimedia M\u00e9xico, el Instituto Municipal de las Mujeres (IMM) invita a la realizaci\u00f3n de la Editatona \u00abMujeres Destacadas en la Historia de Sudcalifornia\u00bb, evento con el cual se busca honrar y visibilizar el legado de las mujeres que han dejado una huella significativa en la historia de Baja California Sur, inform\u00f3 su titular Paola Arzate.<\/p>\n<p style=\"font-weight: 400; text-align: justify;\">\n<p style=\"font-weight: 400; text-align: justify;\">Se\u00f1al\u00f3 que la Editatona se llevar\u00e1 a cabo el mi\u00e9rcoles 13 de marzo, con un taller de edici\u00f3n virtual de 18:00 a 20:00 horas, as\u00ed como de manera presencial el viernes 15 de marzo, de 11:00 a 15:00 horas, en la sala de juntas de la Secretar\u00eda de Bienestar. Durante ambos eventos se invita a las participantes a contribuir con la creaci\u00f3n y edici\u00f3n de biograf\u00edas de mujeres destacadas en la historia sudcaliforniana en Wikipedia.<\/p>\n<p style=\"font-weight: 400; text-align: justify;\">\n<p style=\"font-weight: 400; text-align: justify;\">\u00abEl 8 de marzo no es solo un d\u00eda, es una conmemoraci\u00f3n de la lucha hist\u00f3rica de las mujeres por su participaci\u00f3n activa en la sociedad y su continuo desarrollo\u00bb, expres\u00f3 Paola Arzate. \u00abCon esta Editatona, buscamos no solo cerrar la brecha de g\u00e9nero en la informaci\u00f3n en l\u00ednea, sino tambi\u00e9n celebrar y resaltar los logros de las mujeres a lo largo del tiempo, inmortalizando su labor en internet a trav\u00e9s de Wikipedia\u00bb.<\/p>\n<p style=\"font-weight: 400; text-align: justify;\">\n<p style=\"font-weight: 400; text-align: justify;\">La participaci\u00f3n en la Editatona est\u00e1 abierta a las mujeres interesadas en contribuir al reconocimiento de las mujeres sudcalifornianas que han dejado un legado en la regi\u00f3n. Adem\u00e1s, se invita a la comunidad a postular a aquellas mujeres que consideren merecedoras de ser documentadas en la Wikipedia en espa\u00f1ol.<\/p>\n<p style=\"font-weight: 400; text-align: justify;\">\n<p style=\"font-weight: 400; text-align: justify;\">Para participar en la Editatona, la Directora del Instituto Municipal de las Mujeres se\u00f1al\u00f3 que se requiere registro previo para el taller de edici\u00f3n virtual, donde las participantes aprender\u00e1n a editar en Wikipedia y validar informaci\u00f3n, podr\u00e1n registrarse para editar y\/o postular a una mujer destacada: https:\/\/forms.gle\/LaaMsd7p3GSJM99S9.<\/p>\n","protected":false},"excerpt":{"rendered":"<p>En el marco del D\u00eda Internacional de las Mujeres y en colaboraci\u00f3n con Wikimedia M\u00e9xico, el Instituto Municipal de las<\/p>\n","protected":false},"author":1,"featured_media":134770,"comment_status":"open","ping_status":"closed","sticky":false,"template":"","format":"standard","meta":{"colormag_page_container_layout":"default_layout","colormag_page_sidebar_layout":"default_layout","_jetpack_memberships_contains_paid_content":false,"footnotes":"","jetpack_publicize_message":"","jetpack_publicize_feature_enabled":true,"jetpack_social_post_already_shared":true,"jetpack_social_options":{"image_generator_settings":{"template":"highway","default_image_id":0,"font":"","enabled":false},"version":2}},"categories":[40],"tags":[],"class_list":["post-134769","post","type-post","status-publish","format-standard","has-post-thumbnail","hentry","category-municipios"],"yoast_head":"<!-- This site is optimized with the Yoast SEO plugin v27.5 - https:\/\/yoast.com\/product\/yoast-seo-wordpress\/ -->\n<title>Invita Instituto Municipal de las Mujeres a la Editona en La Paz - NBCS Noticias<\/title>\n<meta name=\"robots\" content=\"index, follow, max-snippet:-1, max-image-preview:large, max-video-preview:-1\" \/>\n<link rel=\"canonical\" href=\"https:\/\/nbcs.mx\/?p=134769\" \/>\n<meta property=\"og:locale\" content=\"es_ES\" \/>\n<meta property=\"og:type\" content=\"article\" \/>\n<meta property=\"og:title\" content=\"Invita Instituto Municipal de las Mujeres a la Editona en La Paz - NBCS Noticias\" \/>\n<meta property=\"og:description\" content=\"En el marco del D\u00eda Internacional de las Mujeres y en colaboraci\u00f3n con Wikimedia M\u00e9xico, el Instituto Municipal de las\" \/>\n<meta property=\"og:url\" content=\"https:\/\/nbcs.mx\/?p=134769\" \/>\n<meta property=\"og:site_name\" content=\"NBCS Noticias\" \/>\n<meta property=\"article:publisher\" content=\"https:\/\/www.facebook.com\/NBCSnoticias\" \/>\n<meta property=\"article:author\" content=\"https:\/\/www.facebook.com\/NBCSnoticias\" \/>\n<meta property=\"article:published_time\" content=\"2024-03-13T13:49:34+00:00\" \/>\n<meta property=\"og:image\" content=\"https:\/\/nbcs.mx\/wp-content\/uploads\/2024\/03\/Invita-Instituto-Municipal-de-las-Mujeres-a-la-Editona-en-La-Paz2.jpg\" \/>\n\t<meta property=\"og:image:width\" content=\"1044\" \/>\n\t<meta property=\"og:image:height\" content=\"556\" \/>\n\t<meta property=\"og:image:type\" content=\"image\/jpeg\" \/>\n<meta name=\"author\" content=\"NBCS Noticias\" \/>\n<meta name=\"twitter:card\" content=\"summary_large_image\" \/>\n<meta name=\"twitter:creator\" content=\"@https:\/\/twitter.com\/NBCSnoticias\" \/>\n<meta name=\"twitter:site\" content=\"@NBCSnoticias\" \/>\n<meta name=\"twitter:label1\" content=\"Escrito por\" \/>\n\t<meta name=\"twitter:data1\" content=\"NBCS Noticias\" \/>\n\t<meta name=\"twitter:label2\" content=\"Tiempo de lectura\" \/>\n\t<meta name=\"twitter:data2\" content=\"2 minutos\" \/>\n<script type=\"application\/ld+json\" class=\"yoast-schema-graph\">{\"@context\":\"https:\\\/\\\/schema.org\",\"@graph\":[{\"@type\":\"Article\",\"@id\":\"https:\\\/\\\/nbcs.mx\\\/?p=134769#article\",\"isPartOf\":{\"@id\":\"https:\\\/\\\/nbcs.mx\\\/?p=134769\"},\"author\":{\"name\":\"NBCS Noticias\",\"@id\":\"https:\\\/\\\/nbcs.mx\\\/#\\\/schema\\\/person\\\/ece58bab9a7c1e87a4d28ec9ecd79ff4\"},\"headline\":\"Invita Instituto Municipal de las Mujeres a la Editona en La Paz\",\"datePublished\":\"2024-03-13T13:49:34+00:00\",\"mainEntityOfPage\":{\"@id\":\"https:\\\/\\\/nbcs.mx\\\/?p=134769\"},\"wordCount\":353,\"commentCount\":0,\"publisher\":{\"@id\":\"https:\\\/\\\/nbcs.mx\\\/#organization\"},\"image\":{\"@id\":\"https:\\\/\\\/nbcs.mx\\\/?p=134769#primaryimage\"},\"thumbnailUrl\":\"https:\\\/\\\/nbcs.mx\\\/wp-content\\\/uploads\\\/2024\\\/03\\\/Invita-Instituto-Municipal-de-las-Mujeres-a-la-Editona-en-La-Paz2.jpg\",\"articleSection\":[\"Municipios\"],\"inLanguage\":\"es\",\"potentialAction\":[{\"@type\":\"CommentAction\",\"name\":\"Comment\",\"target\":[\"https:\\\/\\\/nbcs.mx\\\/?p=134769#respond\"]}]},{\"@type\":\"WebPage\",\"@id\":\"https:\\\/\\\/nbcs.mx\\\/?p=134769\",\"url\":\"https:\\\/\\\/nbcs.mx\\\/?p=134769\",\"name\":\"Invita Instituto Municipal de las Mujeres a la Editona en La Paz - NBCS Noticias\",\"isPartOf\":{\"@id\":\"https:\\\/\\\/nbcs.mx\\\/#website\"},\"primaryImageOfPage\":{\"@id\":\"https:\\\/\\\/nbcs.mx\\\/?p=134769#primaryimage\"},\"image\":{\"@id\":\"https:\\\/\\\/nbcs.mx\\\/?p=134769#primaryimage\"},\"thumbnailUrl\":\"https:\\\/\\\/nbcs.mx\\\/wp-content\\\/uploads\\\/2024\\\/03\\\/Invita-Instituto-Municipal-de-las-Mujeres-a-la-Editona-en-La-Paz2.jpg\",\"datePublished\":\"2024-03-13T13:49:34+00:00\",\"breadcrumb\":{\"@id\":\"https:\\\/\\\/nbcs.mx\\\/?p=134769#breadcrumb\"},\"inLanguage\":\"es\",\"potentialAction\":[{\"@type\":\"ReadAction\",\"target\":[\"https:\\\/\\\/nbcs.mx\\\/?p=134769\"]}]},{\"@type\":\"ImageObject\",\"inLanguage\":\"es\",\"@id\":\"https:\\\/\\\/nbcs.mx\\\/?p=134769#primaryimage\",\"url\":\"https:\\\/\\\/nbcs.mx\\\/wp-content\\\/uploads\\\/2024\\\/03\\\/Invita-Instituto-Municipal-de-las-Mujeres-a-la-Editona-en-La-Paz2.jpg\",\"contentUrl\":\"https:\\\/\\\/nbcs.mx\\\/wp-content\\\/uploads\\\/2024\\\/03\\\/Invita-Instituto-Municipal-de-las-Mujeres-a-la-Editona-en-La-Paz2.jpg\",\"width\":1044,\"height\":556},{\"@type\":\"BreadcrumbList\",\"@id\":\"https:\\\/\\\/nbcs.mx\\\/?p=134769#breadcrumb\",\"itemListElement\":[{\"@type\":\"ListItem\",\"position\":1,\"name\":\"Portada\",\"item\":\"https:\\\/\\\/nbcs.mx\\\/\"},{\"@type\":\"ListItem\",\"position\":2,\"name\":\"Invita Instituto Municipal de las Mujeres a la Editona en La Paz\"}]},{\"@type\":\"WebSite\",\"@id\":\"https:\\\/\\\/nbcs.mx\\\/#website\",\"url\":\"https:\\\/\\\/nbcs.mx\\\/\",\"name\":\"NBCS Noticias\",\"description\":\"Sitio web de noticias en Baja California Sur\",\"publisher\":{\"@id\":\"https:\\\/\\\/nbcs.mx\\\/#organization\"},\"potentialAction\":[{\"@type\":\"SearchAction\",\"target\":{\"@type\":\"EntryPoint\",\"urlTemplate\":\"https:\\\/\\\/nbcs.mx\\\/?s={search_term_string}\"},\"query-input\":{\"@type\":\"PropertyValueSpecification\",\"valueRequired\":true,\"valueName\":\"search_term_string\"}}],\"inLanguage\":\"es\"},{\"@type\":\"Organization\",\"@id\":\"https:\\\/\\\/nbcs.mx\\\/#organization\",\"name\":\"NBCS Noticias\",\"url\":\"https:\\\/\\\/nbcs.mx\\\/\",\"logo\":{\"@type\":\"ImageObject\",\"inLanguage\":\"es\",\"@id\":\"https:\\\/\\\/nbcs.mx\\\/#\\\/schema\\\/logo\\\/image\\\/\",\"url\":\"https:\\\/\\\/nbcs.mx\\\/wp-content\\\/uploads\\\/2018\\\/09\\\/057b69485e93575a5c2b1c1dde2dd297.jpeg\",\"contentUrl\":\"https:\\\/\\\/nbcs.mx\\\/wp-content\\\/uploads\\\/2018\\\/09\\\/057b69485e93575a5c2b1c1dde2dd297.jpeg\",\"width\":64,\"height\":64,\"caption\":\"NBCS Noticias\"},\"image\":{\"@id\":\"https:\\\/\\\/nbcs.mx\\\/#\\\/schema\\\/logo\\\/image\\\/\"},\"sameAs\":[\"https:\\\/\\\/www.facebook.com\\\/NBCSnoticias\",\"https:\\\/\\\/x.com\\\/NBCSnoticias\"]},{\"@type\":\"Person\",\"@id\":\"https:\\\/\\\/nbcs.mx\\\/#\\\/schema\\\/person\\\/ece58bab9a7c1e87a4d28ec9ecd79ff4\",\"name\":\"NBCS Noticias\",\"image\":{\"@type\":\"ImageObject\",\"inLanguage\":\"es\",\"@id\":\"https:\\\/\\\/secure.gravatar.com\\\/avatar\\\/4e52110cad1c4054b43271a0d14bbe9e2ea76aecd0e1097edfc670798d9ca1d4?s=96&d=blank&r=g\",\"url\":\"https:\\\/\\\/secure.gravatar.com\\\/avatar\\\/4e52110cad1c4054b43271a0d14bbe9e2ea76aecd0e1097edfc670798d9ca1d4?s=96&d=blank&r=g\",\"contentUrl\":\"https:\\\/\\\/secure.gravatar.com\\\/avatar\\\/4e52110cad1c4054b43271a0d14bbe9e2ea76aecd0e1097edfc670798d9ca1d4?s=96&d=blank&r=g\",\"caption\":\"NBCS Noticias\"},\"description\":\"\u00bfTienes fotos o video de alg\u00fan acto de posible negligencia, corrupci\u00f3n y abuso de autoridad? M\u00e1ndalo al WhatsApp de NBCS Noticias: 612 141 98 08\",\"sameAs\":[\"https:\\\/\\\/www.nbcs.mx\",\"https:\\\/\\\/www.facebook.com\\\/NBCSnoticias\",\"https:\\\/\\\/www.instagram.com\\\/nbcsnoticias\\\/\",\"https:\\\/\\\/x.com\\\/https:\\\/\\\/twitter.com\\\/NBCSnoticias\"]}]}<\/script>\n<!-- \/ Yoast SEO plugin. -->","yoast_head_json":{"title":"Invita Instituto Municipal de las Mujeres a la Editona en La Paz - NBCS Noticias","robots":{"index":"index","follow":"follow","max-snippet":"max-snippet:-1","max-image-preview":"max-image-preview:large","max-video-preview":"max-video-preview:-1"},"canonical":"https:\/\/nbcs.mx\/?p=134769","og_locale":"es_ES","og_type":"article","og_title":"Invita Instituto Municipal de las Mujeres a la Editona en La Paz - NBCS Noticias","og_description":"En el marco del D\u00eda Internacional de las Mujeres y en colaboraci\u00f3n con Wikimedia M\u00e9xico, el Instituto Municipal de las","og_url":"https:\/\/nbcs.mx\/?p=134769","og_site_name":"NBCS Noticias","article_publisher":"https:\/\/www.facebook.com\/NBCSnoticias","article_author":"https:\/\/www.facebook.com\/NBCSnoticias","article_published_time":"2024-03-13T13:49:34+00:00","og_image":[{"width":1044,"height":556,"url":"https:\/\/nbcs.mx\/wp-content\/uploads\/2024\/03\/Invita-Instituto-Municipal-de-las-Mujeres-a-la-Editona-en-La-Paz2.jpg","type":"image\/jpeg"}],"author":"NBCS Noticias","twitter_card":"summary_large_image","twitter_creator":"@https:\/\/twitter.com\/NBCSnoticias","twitter_site":"@NBCSnoticias","twitter_misc":{"Escrito por":"NBCS Noticias","Tiempo de lectura":"2 minutos"},"schema":{"@context":"https:\/\/schema.org","@graph":[{"@type":"Article","@id":"https:\/\/nbcs.mx\/?p=134769#article","isPartOf":{"@id":"https:\/\/nbcs.mx\/?p=134769"},"author":{"name":"NBCS Noticias","@id":"https:\/\/nbcs.mx\/#\/schema\/person\/ece58bab9a7c1e87a4d28ec9ecd79ff4"},"headline":"Invita Instituto Municipal de las Mujeres a la Editona en La Paz","datePublished":"2024-03-13T13:49:34+00:00","mainEntityOfPage":{"@id":"https:\/\/nbcs.mx\/?p=134769"},"wordCount":353,"commentCount":0,"publisher":{"@id":"https:\/\/nbcs.mx\/#organization"},"image":{"@id":"https:\/\/nbcs.mx\/?p=134769#primaryimage"},"thumbnailUrl":"https:\/\/nbcs.mx\/wp-content\/uploads\/2024\/03\/Invita-Instituto-Municipal-de-las-Mujeres-a-la-Editona-en-La-Paz2.jpg","articleSection":["Municipios"],"inLanguage":"es","potentialAction":[{"@type":"CommentAction","name":"Comment","target":["https:\/\/nbcs.mx\/?p=134769#respond"]}]},{"@type":"WebPage","@id":"https:\/\/nbcs.mx\/?p=134769","url":"https:\/\/nbcs.mx\/?p=134769","name":"Invita Instituto Municipal de las Mujeres a la Editona en La Paz - NBCS Noticias","isPartOf":{"@id":"https:\/\/nbcs.mx\/#website"},"primaryImageOfPage":{"@id":"https:\/\/nbcs.mx\/?p=134769#primaryimage"},"image":{"@id":"https:\/\/nbcs.mx\/?p=134769#primaryimage"},"thumbnailUrl":"https:\/\/nbcs.mx\/wp-content\/uploads\/2024\/03\/Invita-Instituto-Municipal-de-las-Mujeres-a-la-Editona-en-La-Paz2.jpg","datePublished":"2024-03-13T13:49:34+00:00","breadcrumb":{"@id":"https:\/\/nbcs.mx\/?p=134769#breadcrumb"},"inLanguage":"es","potentialAction":[{"@type":"ReadAction","target":["https:\/\/nbcs.mx\/?p=134769"]}]},{"@type":"ImageObject","inLanguage":"es","@id":"https:\/\/nbcs.mx\/?p=134769#primaryimage","url":"https:\/\/nbcs.mx\/wp-content\/uploads\/2024\/03\/Invita-Instituto-Municipal-de-las-Mujeres-a-la-Editona-en-La-Paz2.jpg","contentUrl":"https:\/\/nbcs.mx\/wp-content\/uploads\/2024\/03\/Invita-Instituto-Municipal-de-las-Mujeres-a-la-Editona-en-La-Paz2.jpg","width":1044,"height":556},{"@type":"BreadcrumbList","@id":"https:\/\/nbcs.mx\/?p=134769#breadcrumb","itemListElement":[{"@type":"ListItem","position":1,"name":"Portada","item":"https:\/\/nbcs.mx\/"},{"@type":"ListItem","position":2,"name":"Invita Instituto Municipal de las Mujeres a la Editona en La Paz"}]},{"@type":"WebSite","@id":"https:\/\/nbcs.mx\/#website","url":"https:\/\/nbcs.mx\/","name":"NBCS Noticias","description":"Sitio web de noticias en Baja California Sur","publisher":{"@id":"https:\/\/nbcs.mx\/#organization"},"potentialAction":[{"@type":"SearchAction","target":{"@type":"EntryPoint","urlTemplate":"https:\/\/nbcs.mx\/?s={search_term_string}"},"query-input":{"@type":"PropertyValueSpecification","valueRequired":true,"valueName":"search_term_string"}}],"inLanguage":"es"},{"@type":"Organization","@id":"https:\/\/nbcs.mx\/#organization","name":"NBCS Noticias","url":"https:\/\/nbcs.mx\/","logo":{"@type":"ImageObject","inLanguage":"es","@id":"https:\/\/nbcs.mx\/#\/schema\/logo\/image\/","url":"https:\/\/nbcs.mx\/wp-content\/uploads\/2018\/09\/057b69485e93575a5c2b1c1dde2dd297.jpeg","contentUrl":"https:\/\/nbcs.mx\/wp-content\/uploads\/2018\/09\/057b69485e93575a5c2b1c1dde2dd297.jpeg","width":64,"height":64,"caption":"NBCS Noticias"},"image":{"@id":"https:\/\/nbcs.mx\/#\/schema\/logo\/image\/"},"sameAs":["https:\/\/www.facebook.com\/NBCSnoticias","https:\/\/x.com\/NBCSnoticias"]},{"@type":"Person","@id":"https:\/\/nbcs.mx\/#\/schema\/person\/ece58bab9a7c1e87a4d28ec9ecd79ff4","name":"NBCS Noticias","image":{"@type":"ImageObject","inLanguage":"es","@id":"https:\/\/secure.gravatar.com\/avatar\/4e52110cad1c4054b43271a0d14bbe9e2ea76aecd0e1097edfc670798d9ca1d4?s=96&d=blank&r=g","url":"https:\/\/secure.gravatar.com\/avatar\/4e52110cad1c4054b43271a0d14bbe9e2ea76aecd0e1097edfc670798d9ca1d4?s=96&d=blank&r=g","contentUrl":"https:\/\/secure.gravatar.com\/avatar\/4e52110cad1c4054b43271a0d14bbe9e2ea76aecd0e1097edfc670798d9ca1d4?s=96&d=blank&r=g","caption":"NBCS Noticias"},"description":"\u00bfTienes fotos o video de alg\u00fan acto de posible negligencia, corrupci\u00f3n y abuso de autoridad? M\u00e1ndalo al WhatsApp de NBCS Noticias: 612 141 98 08","sameAs":["https:\/\/www.nbcs.mx","https:\/\/www.facebook.com\/NBCSnoticias","https:\/\/www.instagram.com\/nbcsnoticias\/","https:\/\/x.com\/https:\/\/twitter.com\/NBCSnoticias"]}]}},"jetpack_publicize_connections":[],"jetpack_featured_media_url":"https:\/\/nbcs.mx\/wp-content\/uploads\/2024\/03\/Invita-Instituto-Municipal-de-las-Mujeres-a-la-Editona-en-La-Paz2.jpg","jetpack_sharing_enabled":true,"_links":{"self":[{"href":"https:\/\/nbcs.mx\/index.php?rest_route=\/wp\/v2\/posts\/134769","targetHints":{"allow":["GET"]}}],"collection":[{"href":"https:\/\/nbcs.mx\/index.php?rest_route=\/wp\/v2\/posts"}],"about":[{"href":"https:\/\/nbcs.mx\/index.php?rest_route=\/wp\/v2\/types\/post"}],"author":[{"embeddable":true,"href":"https:\/\/nbcs.mx\/index.php?rest_route=\/wp\/v2\/users\/1"}],"replies":[{"embeddable":true,"href":"https:\/\/nbcs.mx\/index.php?rest_route=%2Fwp%2Fv2%2Fcomments&post=134769"}],"version-history":[{"count":1,"href":"https:\/\/nbcs.mx\/index.php?rest_route=\/wp\/v2\/posts\/134769\/revisions"}],"predecessor-version":[{"id":134771,"href":"https:\/\/nbcs.mx\/index.php?rest_route=\/wp\/v2\/posts\/134769\/revisions\/134771"}],"wp:featuredmedia":[{"embeddable":true,"href":"https:\/\/nbcs.mx\/index.php?rest_route=\/wp\/v2\/media\/134770"}],"wp:attachment":[{"href":"https:\/\/nbcs.mx\/index.php?rest_route=%2Fwp%2Fv2%2Fmedia&parent=134769"}],"wp:term":[{"taxonomy":"category","embeddable":true,"href":"https:\/\/nbcs.mx\/index.php?rest_route=%2Fwp%2Fv2%2Fcategories&post=134769"},{"taxonomy":"post_tag","embeddable":true,"href":"https:\/\/nbcs.mx\/index.php?rest_route=%2Fwp%2Fv2%2Ftags&post=134769"}],"curies":[{"name":"wp","href":"https:\/\/api.w.org\/{rel}","templated":true}]}}