{"id":135073,"date":"2024-03-21T17:36:09","date_gmt":"2024-03-22T00:36:09","guid":{"rendered":"https:\/\/nbcs.mx\/?p=135073"},"modified":"2024-03-21T17:36:09","modified_gmt":"2024-03-22T00:36:09","slug":"conmemoran-el-218-aniversario-del-natalicio-de-benito-juarez-garcia","status":"publish","type":"post","link":"https:\/\/nbcs.mx\/?p=135073","title":{"rendered":"Conmemoran el 218 Aniversario del Natalicio de Benito Ju\u00e1rez Garc\u00eda"},"content":{"rendered":"<p style=\"font-weight: 400; text-align: justify;\"><img loading=\"lazy\" decoding=\"async\" class=\" wp-image-135074 alignleft\" src=\"https:\/\/nbcs.mx\/wp-content\/uploads\/2024\/03\/FOTO-BOLETIN-SGG-ANIVERSARIO-BENITO-JUAREZ-2-755x432.jpg\" alt=\"\" width=\"346\" height=\"198\" srcset=\"https:\/\/nbcs.mx\/wp-content\/uploads\/2024\/03\/FOTO-BOLETIN-SGG-ANIVERSARIO-BENITO-JUAREZ-2-755x432.jpg 755w, https:\/\/nbcs.mx\/wp-content\/uploads\/2024\/03\/FOTO-BOLETIN-SGG-ANIVERSARIO-BENITO-JUAREZ-2-150x86.jpg 150w, https:\/\/nbcs.mx\/wp-content\/uploads\/2024\/03\/FOTO-BOLETIN-SGG-ANIVERSARIO-BENITO-JUAREZ-2-768x440.jpg 768w, https:\/\/nbcs.mx\/wp-content\/uploads\/2024\/03\/FOTO-BOLETIN-SGG-ANIVERSARIO-BENITO-JUAREZ-2.jpg 1024w\" sizes=\"auto, (max-width: 346px) 100vw, 346px\" \/>Autoridades civiles y militares de los tres \u00f3rdenes de gobierno, as\u00ed como los Poderes P\u00fablicos, encabezados por el titular de la Secretar\u00eda General de Gobierno, conmemoraron en acto c\u00edvico celebrado en Plaza de la Reforma, el 218 Aniversario del Natalicio de Benito Ju\u00e1rez Garc\u00eda, donde se record\u00f3 su aportaci\u00f3n para sentar las bases del Estado Mexicano, el \u00e1mbito jur\u00eddico, instituciones y el fomento de los derechos de las y los mexicanos.<\/p>\n<p style=\"font-weight: 400; text-align: justify;\">\n<p style=\"font-weight: 400; text-align: justify;\">Ceremonia en la que se cont\u00f3 con la participaci\u00f3n de las Logias Mas\u00f3nicas de Sudcalifornia y la Asociaci\u00f3n de Oaxaque\u00f1os radicados en Baja California Sur, quienes resaltaron en su intervenci\u00f3n que los principios del tambi\u00e9n conocido \u201cBenem\u00e9rito de las Am\u00e9ricas\u201d, se mantienen vigentes en el marco legal que rige al pa\u00eds.<\/p>\n<p style=\"font-weight: 400; text-align: justify;\">\n<p style=\"font-weight: 400; text-align: justify;\">Por su parte, la secretaria de Educaci\u00f3n P\u00fablica (SEP), oradora oficial, mencion\u00f3 que Benito Ju\u00e1rez, es uno de los presidentes de M\u00e9xico m\u00e1s recordados por la historia, ya que sus ideales siguen nutriendo las inquietudes de un pueblo, por eso hoy que se cumplen 218 a\u00f1os de su nacimiento, lo seguimos recordando a partir del apotegma: \u201cEntre los individuos, como en las naciones, el respeto al derecho ajeno es la paz\u201d, expres\u00f3.<\/p>\n<p style=\"font-weight: 400; text-align: justify;\">\n<p style=\"font-weight: 400; text-align: justify;\">Puntualiz\u00f3, que dicha frase contiene las bases filos\u00f3ficas en las que casi dos siglos despu\u00e9s, forman parte de los principios que norman la convivencia social en el pa\u00eds y tambi\u00e9n en los v\u00ednculos entre la diversidad de naciones.<\/p>\n<p style=\"font-weight: 400; text-align: justify;\">\n<p style=\"font-weight: 400; text-align: justify;\">\u201cHoy a la distancia nuevas generaciones de mexicanos tienen que reavivar los ojos al siglo XIX, rescatar la memoria hist\u00f3rica, para que los valores y s\u00edmbolos nacionales adquieran presencia y relevancia, conociendo la gran epopeya de lo que significa la adversidad y divisiones, la construcci\u00f3n de este gran pa\u00eds y nunca m\u00e1s, el sometiendo del pueblo al yugo extranjero\u201d, destac\u00f3.<\/p>\n<p style=\"font-weight: 400; text-align: justify;\">\n<p style=\"font-weight: 400; text-align: justify;\">Indic\u00f3 que, con Ju\u00e1rez, se dio inicio a la arquitectura constitucional del M\u00e9xico de hoy, ya que en este tiempo se decretan las leyes, es decir la estructura jur\u00eddica-pol\u00edtica y democr\u00e1tica de la rep\u00fablica, la separaci\u00f3n de la iglesia del estado, el car\u00e1cter laico del gobierno, lo que trajo consigo el reconocimiento de otros derechos fundamentales de las personas.<\/p>\n<p style=\"font-weight: 400; text-align: justify;\">\n<p style=\"font-weight: 400; text-align: justify;\">Su legado y esp\u00edritu se encuentran en las instituciones pol\u00edticas, culturales y sociedad, recordarlo es una obligaci\u00f3n c\u00edvica para amar a esta patria, la cual debemos conocer su ejemplar forma de gobernar, ya que sent\u00f3 las bases de la identidad nacional, concluy\u00f3 la titular de la SEP.<\/p>\n","protected":false},"excerpt":{"rendered":"<p>Autoridades civiles y militares de los tres \u00f3rdenes de gobierno, as\u00ed como los Poderes P\u00fablicos, encabezados por el titular de<\/p>\n","protected":false},"author":1,"featured_media":135074,"comment_status":"open","ping_status":"closed","sticky":false,"template":"","format":"standard","meta":{"colormag_page_container_layout":"default_layout","colormag_page_sidebar_layout":"default_layout","_jetpack_newsletter_access":"","_jetpack_dont_email_post_to_subs":false,"_jetpack_newsletter_tier_id":0,"_jetpack_memberships_contains_paywalled_content":false,"_jetpack_feature_clip_id":0,"_jetpack_memberships_contains_paid_content":false,"footnotes":"","jetpack_publicize_message":"","jetpack_publicize_feature_enabled":true,"jetpack_social_post_already_shared":true,"jetpack_social_options":{"image_generator_settings":{"template":"highway","default_image_id":0,"font":"","enabled":false},"version":2},"jetpack_post_was_ever_published":false},"categories":[1],"tags":[],"class_list":["post-135073","post","type-post","status-publish","format-standard","has-post-thumbnail","hentry","category-noticias"],"yoast_head":"<!-- This site is optimized with the Yoast SEO plugin v28.3 - https:\/\/yoast.com\/product\/yoast-seo-wordpress\/ -->\n<title>Conmemoran el 218 Aniversario del Natalicio de Benito Ju\u00e1rez Garc\u00eda - NBCS Noticias<\/title>\n<meta name=\"robots\" content=\"index, follow, max-snippet:-1, max-image-preview:large, max-video-preview:-1\" \/>\n<link rel=\"canonical\" href=\"https:\/\/nbcs.mx\/?p=135073\" \/>\n<meta property=\"og:locale\" content=\"es_ES\" \/>\n<meta property=\"og:type\" content=\"article\" \/>\n<meta property=\"og:title\" content=\"Conmemoran el 218 Aniversario del Natalicio de Benito Ju\u00e1rez Garc\u00eda - NBCS Noticias\" \/>\n<meta property=\"og:description\" content=\"Autoridades civiles y militares de los tres \u00f3rdenes de gobierno, as\u00ed como los Poderes P\u00fablicos, encabezados por el titular de\" \/>\n<meta property=\"og:url\" content=\"https:\/\/nbcs.mx\/?p=135073\" \/>\n<meta property=\"og:site_name\" content=\"NBCS Noticias\" \/>\n<meta property=\"article:publisher\" content=\"https:\/\/www.facebook.com\/NBCSnoticias\" \/>\n<meta property=\"article:author\" content=\"https:\/\/www.facebook.com\/NBCSnoticias\" \/>\n<meta property=\"article:published_time\" content=\"2024-03-22T00:36:09+00:00\" \/>\n<meta property=\"og:image\" content=\"https:\/\/nbcs.mx\/wp-content\/uploads\/2024\/03\/FOTO-BOLETIN-SGG-ANIVERSARIO-BENITO-JUAREZ-2.jpg\" \/>\n\t<meta property=\"og:image:width\" content=\"1024\" \/>\n\t<meta property=\"og:image:height\" content=\"586\" \/>\n\t<meta property=\"og:image:type\" content=\"image\/jpeg\" \/>\n<meta name=\"author\" content=\"NBCS Noticias\" \/>\n<meta name=\"twitter:card\" content=\"summary_large_image\" \/>\n<meta name=\"twitter:creator\" content=\"@https:\/\/twitter.com\/NBCSnoticias\" \/>\n<meta name=\"twitter:site\" content=\"@NBCSnoticias\" \/>\n<meta name=\"twitter:label1\" content=\"Escrito por\" \/>\n\t<meta name=\"twitter:data1\" content=\"NBCS Noticias\" \/>\n\t<meta name=\"twitter:label2\" content=\"Tiempo de lectura\" \/>\n\t<meta name=\"twitter:data2\" content=\"3 minutos\" \/>\n<script type=\"application\/ld+json\" class=\"yoast-schema-graph\">{\"@context\":\"https:\\\/\\\/schema.org\",\"@graph\":[{\"@type\":\"Article\",\"@id\":\"https:\\\/\\\/nbcs.mx\\\/?p=135073#article\",\"isPartOf\":{\"@id\":\"https:\\\/\\\/nbcs.mx\\\/?p=135073\"},\"author\":{\"name\":\"NBCS Noticias\",\"@id\":\"https:\\\/\\\/nbcs.mx\\\/#\\\/schema\\\/person\\\/ece58bab9a7c1e87a4d28ec9ecd79ff4\"},\"headline\":\"Conmemoran el 218 Aniversario del Natalicio de Benito Ju\u00e1rez Garc\u00eda\",\"datePublished\":\"2024-03-22T00:36:09+00:00\",\"mainEntityOfPage\":{\"@id\":\"https:\\\/\\\/nbcs.mx\\\/?p=135073\"},\"wordCount\":451,\"commentCount\":0,\"publisher\":{\"@id\":\"https:\\\/\\\/nbcs.mx\\\/#organization\"},\"image\":{\"@id\":\"https:\\\/\\\/nbcs.mx\\\/?p=135073#primaryimage\"},\"thumbnailUrl\":\"https:\\\/\\\/nbcs.mx\\\/wp-content\\\/uploads\\\/2024\\\/03\\\/FOTO-BOLETIN-SGG-ANIVERSARIO-BENITO-JUAREZ-2.jpg\",\"articleSection\":[\"Noticias\"],\"inLanguage\":\"es\",\"potentialAction\":[{\"@type\":\"CommentAction\",\"name\":\"Comment\",\"target\":[\"https:\\\/\\\/nbcs.mx\\\/?p=135073#respond\"]}]},{\"@type\":\"WebPage\",\"@id\":\"https:\\\/\\\/nbcs.mx\\\/?p=135073\",\"url\":\"https:\\\/\\\/nbcs.mx\\\/?p=135073\",\"name\":\"Conmemoran el 218 Aniversario del Natalicio de Benito Ju\u00e1rez Garc\u00eda - NBCS Noticias\",\"isPartOf\":{\"@id\":\"https:\\\/\\\/nbcs.mx\\\/#website\"},\"primaryImageOfPage\":{\"@id\":\"https:\\\/\\\/nbcs.mx\\\/?p=135073#primaryimage\"},\"image\":{\"@id\":\"https:\\\/\\\/nbcs.mx\\\/?p=135073#primaryimage\"},\"thumbnailUrl\":\"https:\\\/\\\/nbcs.mx\\\/wp-content\\\/uploads\\\/2024\\\/03\\\/FOTO-BOLETIN-SGG-ANIVERSARIO-BENITO-JUAREZ-2.jpg\",\"datePublished\":\"2024-03-22T00:36:09+00:00\",\"breadcrumb\":{\"@id\":\"https:\\\/\\\/nbcs.mx\\\/?p=135073#breadcrumb\"},\"inLanguage\":\"es\",\"potentialAction\":[{\"@type\":\"ReadAction\",\"target\":[\"https:\\\/\\\/nbcs.mx\\\/?p=135073\"]}]},{\"@type\":\"ImageObject\",\"inLanguage\":\"es\",\"@id\":\"https:\\\/\\\/nbcs.mx\\\/?p=135073#primaryimage\",\"url\":\"https:\\\/\\\/nbcs.mx\\\/wp-content\\\/uploads\\\/2024\\\/03\\\/FOTO-BOLETIN-SGG-ANIVERSARIO-BENITO-JUAREZ-2.jpg\",\"contentUrl\":\"https:\\\/\\\/nbcs.mx\\\/wp-content\\\/uploads\\\/2024\\\/03\\\/FOTO-BOLETIN-SGG-ANIVERSARIO-BENITO-JUAREZ-2.jpg\",\"width\":1024,\"height\":586},{\"@type\":\"BreadcrumbList\",\"@id\":\"https:\\\/\\\/nbcs.mx\\\/?p=135073#breadcrumb\",\"itemListElement\":[{\"@type\":\"ListItem\",\"position\":1,\"name\":\"Portada\",\"item\":\"https:\\\/\\\/nbcs.mx\\\/\"},{\"@type\":\"ListItem\",\"position\":2,\"name\":\"Conmemoran el 218 Aniversario del Natalicio de Benito Ju\u00e1rez Garc\u00eda\"}]},{\"@type\":\"WebSite\",\"@id\":\"https:\\\/\\\/nbcs.mx\\\/#website\",\"url\":\"https:\\\/\\\/nbcs.mx\\\/\",\"name\":\"NBCS Noticias\",\"description\":\"Sitio web de noticias en Baja California Sur\",\"publisher\":{\"@id\":\"https:\\\/\\\/nbcs.mx\\\/#organization\"},\"potentialAction\":[{\"@type\":\"SearchAction\",\"target\":{\"@type\":\"EntryPoint\",\"urlTemplate\":\"https:\\\/\\\/nbcs.mx\\\/?s={search_term_string}\"},\"query-input\":{\"@type\":\"PropertyValueSpecification\",\"valueRequired\":true,\"valueName\":\"search_term_string\"}}],\"inLanguage\":\"es\"},{\"@type\":\"Organization\",\"@id\":\"https:\\\/\\\/nbcs.mx\\\/#organization\",\"name\":\"NBCS Noticias\",\"url\":\"https:\\\/\\\/nbcs.mx\\\/\",\"logo\":{\"@type\":\"ImageObject\",\"inLanguage\":\"es\",\"@id\":\"https:\\\/\\\/nbcs.mx\\\/#\\\/schema\\\/logo\\\/image\\\/\",\"url\":\"https:\\\/\\\/nbcs.mx\\\/wp-content\\\/uploads\\\/2018\\\/09\\\/057b69485e93575a5c2b1c1dde2dd297.jpeg\",\"contentUrl\":\"https:\\\/\\\/nbcs.mx\\\/wp-content\\\/uploads\\\/2018\\\/09\\\/057b69485e93575a5c2b1c1dde2dd297.jpeg\",\"width\":64,\"height\":64,\"caption\":\"NBCS Noticias\"},\"image\":{\"@id\":\"https:\\\/\\\/nbcs.mx\\\/#\\\/schema\\\/logo\\\/image\\\/\"},\"sameAs\":[\"https:\\\/\\\/www.facebook.com\\\/NBCSnoticias\",\"https:\\\/\\\/x.com\\\/NBCSnoticias\"]},{\"@type\":\"Person\",\"@id\":\"https:\\\/\\\/nbcs.mx\\\/#\\\/schema\\\/person\\\/ece58bab9a7c1e87a4d28ec9ecd79ff4\",\"name\":\"NBCS Noticias\",\"image\":{\"@type\":\"ImageObject\",\"inLanguage\":\"es\",\"@id\":\"https:\\\/\\\/secure.gravatar.com\\\/avatar\\\/4e52110cad1c4054b43271a0d14bbe9e2ea76aecd0e1097edfc670798d9ca1d4?s=96&d=blank&r=g\",\"url\":\"https:\\\/\\\/secure.gravatar.com\\\/avatar\\\/4e52110cad1c4054b43271a0d14bbe9e2ea76aecd0e1097edfc670798d9ca1d4?s=96&d=blank&r=g\",\"contentUrl\":\"https:\\\/\\\/secure.gravatar.com\\\/avatar\\\/4e52110cad1c4054b43271a0d14bbe9e2ea76aecd0e1097edfc670798d9ca1d4?s=96&d=blank&r=g\",\"caption\":\"NBCS Noticias\"},\"description\":\"\u00bfTienes fotos o video de alg\u00fan acto de posible negligencia, corrupci\u00f3n y abuso de autoridad? M\u00e1ndalo al WhatsApp de NBCS Noticias: 612 141 98 08\",\"sameAs\":[\"https:\\\/\\\/www.nbcs.mx\",\"https:\\\/\\\/www.facebook.com\\\/NBCSnoticias\",\"https:\\\/\\\/www.instagram.com\\\/nbcsnoticias\\\/\",\"https:\\\/\\\/x.com\\\/https:\\\/\\\/twitter.com\\\/NBCSnoticias\"]}]}<\/script>\n<!-- \/ Yoast SEO plugin. -->","yoast_head_json":{"title":"Conmemoran el 218 Aniversario del Natalicio de Benito Ju\u00e1rez Garc\u00eda - NBCS Noticias","robots":{"index":"index","follow":"follow","max-snippet":"max-snippet:-1","max-image-preview":"max-image-preview:large","max-video-preview":"max-video-preview:-1"},"canonical":"https:\/\/nbcs.mx\/?p=135073","og_locale":"es_ES","og_type":"article","og_title":"Conmemoran el 218 Aniversario del Natalicio de Benito Ju\u00e1rez Garc\u00eda - NBCS Noticias","og_description":"Autoridades civiles y militares de los tres \u00f3rdenes de gobierno, as\u00ed como los Poderes P\u00fablicos, encabezados por el titular de","og_url":"https:\/\/nbcs.mx\/?p=135073","og_site_name":"NBCS Noticias","article_publisher":"https:\/\/www.facebook.com\/NBCSnoticias","article_author":"https:\/\/www.facebook.com\/NBCSnoticias","article_published_time":"2024-03-22T00:36:09+00:00","og_image":[{"width":1024,"height":586,"url":"https:\/\/nbcs.mx\/wp-content\/uploads\/2024\/03\/FOTO-BOLETIN-SGG-ANIVERSARIO-BENITO-JUAREZ-2.jpg","type":"image\/jpeg"}],"author":"NBCS Noticias","twitter_card":"summary_large_image","twitter_creator":"@https:\/\/twitter.com\/NBCSnoticias","twitter_site":"@NBCSnoticias","twitter_misc":{"Escrito por":"NBCS Noticias","Tiempo de lectura":"3 minutos"},"schema":{"@context":"https:\/\/schema.org","@graph":[{"@type":"Article","@id":"https:\/\/nbcs.mx\/?p=135073#article","isPartOf":{"@id":"https:\/\/nbcs.mx\/?p=135073"},"author":{"name":"NBCS Noticias","@id":"https:\/\/nbcs.mx\/#\/schema\/person\/ece58bab9a7c1e87a4d28ec9ecd79ff4"},"headline":"Conmemoran el 218 Aniversario del Natalicio de Benito Ju\u00e1rez Garc\u00eda","datePublished":"2024-03-22T00:36:09+00:00","mainEntityOfPage":{"@id":"https:\/\/nbcs.mx\/?p=135073"},"wordCount":451,"commentCount":0,"publisher":{"@id":"https:\/\/nbcs.mx\/#organization"},"image":{"@id":"https:\/\/nbcs.mx\/?p=135073#primaryimage"},"thumbnailUrl":"https:\/\/nbcs.mx\/wp-content\/uploads\/2024\/03\/FOTO-BOLETIN-SGG-ANIVERSARIO-BENITO-JUAREZ-2.jpg","articleSection":["Noticias"],"inLanguage":"es","potentialAction":[{"@type":"CommentAction","name":"Comment","target":["https:\/\/nbcs.mx\/?p=135073#respond"]}]},{"@type":"WebPage","@id":"https:\/\/nbcs.mx\/?p=135073","url":"https:\/\/nbcs.mx\/?p=135073","name":"Conmemoran el 218 Aniversario del Natalicio de Benito Ju\u00e1rez Garc\u00eda - NBCS Noticias","isPartOf":{"@id":"https:\/\/nbcs.mx\/#website"},"primaryImageOfPage":{"@id":"https:\/\/nbcs.mx\/?p=135073#primaryimage"},"image":{"@id":"https:\/\/nbcs.mx\/?p=135073#primaryimage"},"thumbnailUrl":"https:\/\/nbcs.mx\/wp-content\/uploads\/2024\/03\/FOTO-BOLETIN-SGG-ANIVERSARIO-BENITO-JUAREZ-2.jpg","datePublished":"2024-03-22T00:36:09+00:00","breadcrumb":{"@id":"https:\/\/nbcs.mx\/?p=135073#breadcrumb"},"inLanguage":"es","potentialAction":[{"@type":"ReadAction","target":["https:\/\/nbcs.mx\/?p=135073"]}]},{"@type":"ImageObject","inLanguage":"es","@id":"https:\/\/nbcs.mx\/?p=135073#primaryimage","url":"https:\/\/nbcs.mx\/wp-content\/uploads\/2024\/03\/FOTO-BOLETIN-SGG-ANIVERSARIO-BENITO-JUAREZ-2.jpg","contentUrl":"https:\/\/nbcs.mx\/wp-content\/uploads\/2024\/03\/FOTO-BOLETIN-SGG-ANIVERSARIO-BENITO-JUAREZ-2.jpg","width":1024,"height":586},{"@type":"BreadcrumbList","@id":"https:\/\/nbcs.mx\/?p=135073#breadcrumb","itemListElement":[{"@type":"ListItem","position":1,"name":"Portada","item":"https:\/\/nbcs.mx\/"},{"@type":"ListItem","position":2,"name":"Conmemoran el 218 Aniversario del Natalicio de Benito Ju\u00e1rez Garc\u00eda"}]},{"@type":"WebSite","@id":"https:\/\/nbcs.mx\/#website","url":"https:\/\/nbcs.mx\/","name":"NBCS Noticias","description":"Sitio web de noticias en Baja California Sur","publisher":{"@id":"https:\/\/nbcs.mx\/#organization"},"potentialAction":[{"@type":"SearchAction","target":{"@type":"EntryPoint","urlTemplate":"https:\/\/nbcs.mx\/?s={search_term_string}"},"query-input":{"@type":"PropertyValueSpecification","valueRequired":true,"valueName":"search_term_string"}}],"inLanguage":"es"},{"@type":"Organization","@id":"https:\/\/nbcs.mx\/#organization","name":"NBCS Noticias","url":"https:\/\/nbcs.mx\/","logo":{"@type":"ImageObject","inLanguage":"es","@id":"https:\/\/nbcs.mx\/#\/schema\/logo\/image\/","url":"https:\/\/nbcs.mx\/wp-content\/uploads\/2018\/09\/057b69485e93575a5c2b1c1dde2dd297.jpeg","contentUrl":"https:\/\/nbcs.mx\/wp-content\/uploads\/2018\/09\/057b69485e93575a5c2b1c1dde2dd297.jpeg","width":64,"height":64,"caption":"NBCS Noticias"},"image":{"@id":"https:\/\/nbcs.mx\/#\/schema\/logo\/image\/"},"sameAs":["https:\/\/www.facebook.com\/NBCSnoticias","https:\/\/x.com\/NBCSnoticias"]},{"@type":"Person","@id":"https:\/\/nbcs.mx\/#\/schema\/person\/ece58bab9a7c1e87a4d28ec9ecd79ff4","name":"NBCS Noticias","image":{"@type":"ImageObject","inLanguage":"es","@id":"https:\/\/secure.gravatar.com\/avatar\/4e52110cad1c4054b43271a0d14bbe9e2ea76aecd0e1097edfc670798d9ca1d4?s=96&d=blank&r=g","url":"https:\/\/secure.gravatar.com\/avatar\/4e52110cad1c4054b43271a0d14bbe9e2ea76aecd0e1097edfc670798d9ca1d4?s=96&d=blank&r=g","contentUrl":"https:\/\/secure.gravatar.com\/avatar\/4e52110cad1c4054b43271a0d14bbe9e2ea76aecd0e1097edfc670798d9ca1d4?s=96&d=blank&r=g","caption":"NBCS Noticias"},"description":"\u00bfTienes fotos o video de alg\u00fan acto de posible negligencia, corrupci\u00f3n y abuso de autoridad? M\u00e1ndalo al WhatsApp de NBCS Noticias: 612 141 98 08","sameAs":["https:\/\/www.nbcs.mx","https:\/\/www.facebook.com\/NBCSnoticias","https:\/\/www.instagram.com\/nbcsnoticias\/","https:\/\/x.com\/https:\/\/twitter.com\/NBCSnoticias"]}]}},"jetpack_publicize_connections":[],"jetpack_sharing_enabled":true,"jetpack_featured_media_url":"https:\/\/nbcs.mx\/wp-content\/uploads\/2024\/03\/FOTO-BOLETIN-SGG-ANIVERSARIO-BENITO-JUAREZ-2.jpg","_links":{"self":[{"href":"https:\/\/nbcs.mx\/index.php?rest_route=\/wp\/v2\/posts\/135073","targetHints":{"allow":["GET"]}}],"collection":[{"href":"https:\/\/nbcs.mx\/index.php?rest_route=\/wp\/v2\/posts"}],"about":[{"href":"https:\/\/nbcs.mx\/index.php?rest_route=\/wp\/v2\/types\/post"}],"author":[{"embeddable":true,"href":"https:\/\/nbcs.mx\/index.php?rest_route=\/wp\/v2\/users\/1"}],"replies":[{"embeddable":true,"href":"https:\/\/nbcs.mx\/index.php?rest_route=%2Fwp%2Fv2%2Fcomments&post=135073"}],"version-history":[{"count":1,"href":"https:\/\/nbcs.mx\/index.php?rest_route=\/wp\/v2\/posts\/135073\/revisions"}],"predecessor-version":[{"id":135075,"href":"https:\/\/nbcs.mx\/index.php?rest_route=\/wp\/v2\/posts\/135073\/revisions\/135075"}],"wp:featuredmedia":[{"embeddable":true,"href":"https:\/\/nbcs.mx\/index.php?rest_route=\/wp\/v2\/media\/135074"}],"wp:attachment":[{"href":"https:\/\/nbcs.mx\/index.php?rest_route=%2Fwp%2Fv2%2Fmedia&parent=135073"}],"wp:term":[{"taxonomy":"category","embeddable":true,"href":"https:\/\/nbcs.mx\/index.php?rest_route=%2Fwp%2Fv2%2Fcategories&post=135073"},{"taxonomy":"post_tag","embeddable":true,"href":"https:\/\/nbcs.mx\/index.php?rest_route=%2Fwp%2Fv2%2Ftags&post=135073"}],"curies":[{"name":"wp","href":"https:\/\/api.w.org\/{rel}","templated":true}]}}