{"id":136033,"date":"2024-04-18T22:50:11","date_gmt":"2024-04-19T04:50:11","guid":{"rendered":"https:\/\/nbcs.mx\/?p=136033"},"modified":"2024-04-18T22:50:11","modified_gmt":"2024-04-19T04:50:11","slug":"con-el-sector-empresarial-vamos-por-mas-la-paz-mqr","status":"publish","type":"post","link":"https:\/\/nbcs.mx\/?p=136033","title":{"rendered":"Con el sector empresarial vamos por m\u00e1s La Paz: MQR"},"content":{"rendered":"<p style=\"font-weight: 400; text-align: justify;\"><img loading=\"lazy\" decoding=\"async\" class=\" wp-image-136034 alignleft\" src=\"https:\/\/nbcs.mx\/wp-content\/uploads\/2024\/04\/Foto-COPARMEX-1-2024-04-18-755x404.jpeg\" alt=\"\" width=\"364\" height=\"195\" srcset=\"https:\/\/nbcs.mx\/wp-content\/uploads\/2024\/04\/Foto-COPARMEX-1-2024-04-18-755x404.jpeg 755w, https:\/\/nbcs.mx\/wp-content\/uploads\/2024\/04\/Foto-COPARMEX-1-2024-04-18-1024x548.jpeg 1024w, https:\/\/nbcs.mx\/wp-content\/uploads\/2024\/04\/Foto-COPARMEX-1-2024-04-18-150x80.jpeg 150w, https:\/\/nbcs.mx\/wp-content\/uploads\/2024\/04\/Foto-COPARMEX-1-2024-04-18-768x411.jpeg 768w, https:\/\/nbcs.mx\/wp-content\/uploads\/2024\/04\/Foto-COPARMEX-1-2024-04-18-1536x822.jpeg 1536w, https:\/\/nbcs.mx\/wp-content\/uploads\/2024\/04\/Foto-COPARMEX-1-2024-04-18.jpeg 1600w\" sizes=\"auto, (max-width: 364px) 100vw, 364px\" \/>En un encuentro con miembros del Consejo Coordinador Empresarial (CCE), la candidata a la alcald\u00eda de La Paz por Morena, Milena Quiroga Romero, agradeci\u00f3 el apoyo del gremio y reconoci\u00f3 que trabajando en equipo se obtienen mejores resultados, en este sentido, les present\u00f3 varias de sus propuestas para fortalecer la gesti\u00f3n municipal, hacerla a\u00fan m\u00e1s accesible para los ciudadanos y transparente mediante la optimizaci\u00f3n del gobierno digital.<\/p>\n<p style=\"font-weight: 400; text-align: justify;\">\n<p style=\"font-weight: 400; text-align: justify;\">Abordaron los avances obtenidos durante su administraci\u00f3n en cuanto al suministro de agua potable, de la planta potabilizadora de la presa de La Buena Mujer y c\u00f3mo impactar\u00e1 en la vida de al menos 30 mil personas, tambi\u00e9n comentaron que con el apoyo de la candidata a la presidencia de M\u00e9xico, Claudia Sheinbaum, La Paz tendr\u00e1 una nueva presa. Adem\u00e1s, la candidata explic\u00f3 el proceso de sectorizaci\u00f3n de la red para que m\u00e1s colonias reciban agua las 24\/7.<\/p>\n<p style=\"font-weight: 400; text-align: justify;\">\n<p style=\"font-weight: 400; text-align: justify;\">\u201cSostuvimos un encuentro con el Consejo Coordinador Empresarial en donde hubo una amplia participaci\u00f3n y se expuso el plan M\u00e1s para La Paz, recibimos bastantes comentarios, algunas propuestas adicionales, comentarios de estos primeros dos a\u00f1os de administraci\u00f3n municipal y de lo que podemos lograr en los pr\u00f3ximos tres a\u00f1os con la continuidad que se est\u00e1 buscando\u201d, se\u00f1al\u00f3.<\/p>\n<p style=\"font-weight: 400; text-align: justify;\">\n<p style=\"font-weight: 400; text-align: justify;\">Respecto a la movilidad, destac\u00f3 que despu\u00e9s de tantos a\u00f1os, los habitantes del municipio tendr\u00e1n un nuevo sistema de transporte urbano con camiones incluyentes y en \u00f3ptimas condiciones, y habr\u00e1 m\u00e1s vialidades que ayuden a desfogar el congestionamiento vial. En cuanto a la seguridad, fue enf\u00e1tica al decir que La Paz se convertir\u00e1 en el tercer municipio m\u00e1s seguro del pa\u00eds.<\/p>\n<p style=\"font-weight: 400; text-align: justify;\">\n<p style=\"font-weight: 400; text-align: justify;\">De la misma manera, acompa\u00f1ada por la aspirante a diputada local por el distrito 15, Karina Olivas Parra, Quiroga Romero se reuni\u00f3 con la asociaci\u00f3n de top\u00f3grafos y por la tarde realiz\u00f3 una caminata en la colonia Ampliaci\u00f3n Navarro Rubio junto a la candidata al segundo distrito, Dalia Collins.<\/p>\n","protected":false},"excerpt":{"rendered":"<p>En un encuentro con miembros del Consejo Coordinador Empresarial (CCE), la candidata a la alcald\u00eda de La Paz por Morena,<\/p>\n","protected":false},"author":1,"featured_media":136034,"comment_status":"open","ping_status":"closed","sticky":false,"template":"","format":"standard","meta":{"colormag_page_container_layout":"default_layout","colormag_page_sidebar_layout":"default_layout","_jetpack_memberships_contains_paid_content":false,"footnotes":"","jetpack_publicize_message":"","jetpack_publicize_feature_enabled":true,"jetpack_social_post_already_shared":true,"jetpack_social_options":{"image_generator_settings":{"template":"highway","default_image_id":0,"font":"","enabled":false},"version":2}},"categories":[45],"tags":[],"class_list":["post-136033","post","type-post","status-publish","format-standard","has-post-thumbnail","hentry","category-elecciones-2024"],"yoast_head":"<!-- This site is optimized with the Yoast SEO plugin v27.5 - https:\/\/yoast.com\/product\/yoast-seo-wordpress\/ -->\n<title>Con el sector empresarial vamos por m\u00e1s La Paz: MQR - NBCS Noticias<\/title>\n<meta name=\"robots\" content=\"index, follow, max-snippet:-1, max-image-preview:large, max-video-preview:-1\" \/>\n<link rel=\"canonical\" href=\"https:\/\/nbcs.mx\/?p=136033\" \/>\n<meta property=\"og:locale\" content=\"es_ES\" \/>\n<meta property=\"og:type\" content=\"article\" \/>\n<meta property=\"og:title\" content=\"Con el sector empresarial vamos por m\u00e1s La Paz: MQR - NBCS Noticias\" \/>\n<meta property=\"og:description\" content=\"En un encuentro con miembros del Consejo Coordinador Empresarial (CCE), la candidata a la alcald\u00eda de La Paz por Morena,\" \/>\n<meta property=\"og:url\" content=\"https:\/\/nbcs.mx\/?p=136033\" \/>\n<meta property=\"og:site_name\" content=\"NBCS Noticias\" \/>\n<meta property=\"article:publisher\" content=\"https:\/\/www.facebook.com\/NBCSnoticias\" \/>\n<meta property=\"article:author\" content=\"https:\/\/www.facebook.com\/NBCSnoticias\" \/>\n<meta property=\"article:published_time\" content=\"2024-04-19T04:50:11+00:00\" \/>\n<meta property=\"og:image\" content=\"https:\/\/nbcs.mx\/wp-content\/uploads\/2024\/04\/Foto-COPARMEX-1-2024-04-18.jpeg\" \/>\n\t<meta property=\"og:image:width\" content=\"1600\" \/>\n\t<meta property=\"og:image:height\" content=\"856\" \/>\n\t<meta property=\"og:image:type\" content=\"image\/jpeg\" \/>\n<meta name=\"author\" content=\"NBCS Noticias\" \/>\n<meta name=\"twitter:card\" content=\"summary_large_image\" \/>\n<meta name=\"twitter:creator\" content=\"@https:\/\/twitter.com\/NBCSnoticias\" \/>\n<meta name=\"twitter:site\" content=\"@NBCSnoticias\" \/>\n<meta name=\"twitter:label1\" content=\"Escrito por\" \/>\n\t<meta name=\"twitter:data1\" content=\"NBCS Noticias\" \/>\n\t<meta name=\"twitter:label2\" content=\"Tiempo de lectura\" \/>\n\t<meta name=\"twitter:data2\" content=\"2 minutos\" \/>\n<script type=\"application\/ld+json\" class=\"yoast-schema-graph\">{\"@context\":\"https:\\\/\\\/schema.org\",\"@graph\":[{\"@type\":\"Article\",\"@id\":\"https:\\\/\\\/nbcs.mx\\\/?p=136033#article\",\"isPartOf\":{\"@id\":\"https:\\\/\\\/nbcs.mx\\\/?p=136033\"},\"author\":{\"name\":\"NBCS Noticias\",\"@id\":\"https:\\\/\\\/nbcs.mx\\\/#\\\/schema\\\/person\\\/ece58bab9a7c1e87a4d28ec9ecd79ff4\"},\"headline\":\"Con el sector empresarial vamos por m\u00e1s La Paz: MQR\",\"datePublished\":\"2024-04-19T04:50:11+00:00\",\"mainEntityOfPage\":{\"@id\":\"https:\\\/\\\/nbcs.mx\\\/?p=136033\"},\"wordCount\":350,\"commentCount\":0,\"publisher\":{\"@id\":\"https:\\\/\\\/nbcs.mx\\\/#organization\"},\"image\":{\"@id\":\"https:\\\/\\\/nbcs.mx\\\/?p=136033#primaryimage\"},\"thumbnailUrl\":\"https:\\\/\\\/nbcs.mx\\\/wp-content\\\/uploads\\\/2024\\\/04\\\/Foto-COPARMEX-1-2024-04-18.jpeg\",\"articleSection\":[\"Elecciones 2024\"],\"inLanguage\":\"es\",\"potentialAction\":[{\"@type\":\"CommentAction\",\"name\":\"Comment\",\"target\":[\"https:\\\/\\\/nbcs.mx\\\/?p=136033#respond\"]}]},{\"@type\":\"WebPage\",\"@id\":\"https:\\\/\\\/nbcs.mx\\\/?p=136033\",\"url\":\"https:\\\/\\\/nbcs.mx\\\/?p=136033\",\"name\":\"Con el sector empresarial vamos por m\u00e1s La Paz: MQR - NBCS Noticias\",\"isPartOf\":{\"@id\":\"https:\\\/\\\/nbcs.mx\\\/#website\"},\"primaryImageOfPage\":{\"@id\":\"https:\\\/\\\/nbcs.mx\\\/?p=136033#primaryimage\"},\"image\":{\"@id\":\"https:\\\/\\\/nbcs.mx\\\/?p=136033#primaryimage\"},\"thumbnailUrl\":\"https:\\\/\\\/nbcs.mx\\\/wp-content\\\/uploads\\\/2024\\\/04\\\/Foto-COPARMEX-1-2024-04-18.jpeg\",\"datePublished\":\"2024-04-19T04:50:11+00:00\",\"breadcrumb\":{\"@id\":\"https:\\\/\\\/nbcs.mx\\\/?p=136033#breadcrumb\"},\"inLanguage\":\"es\",\"potentialAction\":[{\"@type\":\"ReadAction\",\"target\":[\"https:\\\/\\\/nbcs.mx\\\/?p=136033\"]}]},{\"@type\":\"ImageObject\",\"inLanguage\":\"es\",\"@id\":\"https:\\\/\\\/nbcs.mx\\\/?p=136033#primaryimage\",\"url\":\"https:\\\/\\\/nbcs.mx\\\/wp-content\\\/uploads\\\/2024\\\/04\\\/Foto-COPARMEX-1-2024-04-18.jpeg\",\"contentUrl\":\"https:\\\/\\\/nbcs.mx\\\/wp-content\\\/uploads\\\/2024\\\/04\\\/Foto-COPARMEX-1-2024-04-18.jpeg\",\"width\":1600,\"height\":856},{\"@type\":\"BreadcrumbList\",\"@id\":\"https:\\\/\\\/nbcs.mx\\\/?p=136033#breadcrumb\",\"itemListElement\":[{\"@type\":\"ListItem\",\"position\":1,\"name\":\"Portada\",\"item\":\"https:\\\/\\\/nbcs.mx\\\/\"},{\"@type\":\"ListItem\",\"position\":2,\"name\":\"Con el sector empresarial vamos por m\u00e1s La Paz: MQR\"}]},{\"@type\":\"WebSite\",\"@id\":\"https:\\\/\\\/nbcs.mx\\\/#website\",\"url\":\"https:\\\/\\\/nbcs.mx\\\/\",\"name\":\"NBCS Noticias\",\"description\":\"Sitio web de noticias en Baja California Sur\",\"publisher\":{\"@id\":\"https:\\\/\\\/nbcs.mx\\\/#organization\"},\"potentialAction\":[{\"@type\":\"SearchAction\",\"target\":{\"@type\":\"EntryPoint\",\"urlTemplate\":\"https:\\\/\\\/nbcs.mx\\\/?s={search_term_string}\"},\"query-input\":{\"@type\":\"PropertyValueSpecification\",\"valueRequired\":true,\"valueName\":\"search_term_string\"}}],\"inLanguage\":\"es\"},{\"@type\":\"Organization\",\"@id\":\"https:\\\/\\\/nbcs.mx\\\/#organization\",\"name\":\"NBCS Noticias\",\"url\":\"https:\\\/\\\/nbcs.mx\\\/\",\"logo\":{\"@type\":\"ImageObject\",\"inLanguage\":\"es\",\"@id\":\"https:\\\/\\\/nbcs.mx\\\/#\\\/schema\\\/logo\\\/image\\\/\",\"url\":\"https:\\\/\\\/nbcs.mx\\\/wp-content\\\/uploads\\\/2018\\\/09\\\/057b69485e93575a5c2b1c1dde2dd297.jpeg\",\"contentUrl\":\"https:\\\/\\\/nbcs.mx\\\/wp-content\\\/uploads\\\/2018\\\/09\\\/057b69485e93575a5c2b1c1dde2dd297.jpeg\",\"width\":64,\"height\":64,\"caption\":\"NBCS Noticias\"},\"image\":{\"@id\":\"https:\\\/\\\/nbcs.mx\\\/#\\\/schema\\\/logo\\\/image\\\/\"},\"sameAs\":[\"https:\\\/\\\/www.facebook.com\\\/NBCSnoticias\",\"https:\\\/\\\/x.com\\\/NBCSnoticias\"]},{\"@type\":\"Person\",\"@id\":\"https:\\\/\\\/nbcs.mx\\\/#\\\/schema\\\/person\\\/ece58bab9a7c1e87a4d28ec9ecd79ff4\",\"name\":\"NBCS Noticias\",\"image\":{\"@type\":\"ImageObject\",\"inLanguage\":\"es\",\"@id\":\"https:\\\/\\\/secure.gravatar.com\\\/avatar\\\/4e52110cad1c4054b43271a0d14bbe9e2ea76aecd0e1097edfc670798d9ca1d4?s=96&d=blank&r=g\",\"url\":\"https:\\\/\\\/secure.gravatar.com\\\/avatar\\\/4e52110cad1c4054b43271a0d14bbe9e2ea76aecd0e1097edfc670798d9ca1d4?s=96&d=blank&r=g\",\"contentUrl\":\"https:\\\/\\\/secure.gravatar.com\\\/avatar\\\/4e52110cad1c4054b43271a0d14bbe9e2ea76aecd0e1097edfc670798d9ca1d4?s=96&d=blank&r=g\",\"caption\":\"NBCS Noticias\"},\"description\":\"\u00bfTienes fotos o video de alg\u00fan acto de posible negligencia, corrupci\u00f3n y abuso de autoridad? M\u00e1ndalo al WhatsApp de NBCS Noticias: 612 141 98 08\",\"sameAs\":[\"https:\\\/\\\/www.nbcs.mx\",\"https:\\\/\\\/www.facebook.com\\\/NBCSnoticias\",\"https:\\\/\\\/www.instagram.com\\\/nbcsnoticias\\\/\",\"https:\\\/\\\/x.com\\\/https:\\\/\\\/twitter.com\\\/NBCSnoticias\"]}]}<\/script>\n<!-- \/ Yoast SEO plugin. -->","yoast_head_json":{"title":"Con el sector empresarial vamos por m\u00e1s La Paz: MQR - NBCS Noticias","robots":{"index":"index","follow":"follow","max-snippet":"max-snippet:-1","max-image-preview":"max-image-preview:large","max-video-preview":"max-video-preview:-1"},"canonical":"https:\/\/nbcs.mx\/?p=136033","og_locale":"es_ES","og_type":"article","og_title":"Con el sector empresarial vamos por m\u00e1s La Paz: MQR - NBCS Noticias","og_description":"En un encuentro con miembros del Consejo Coordinador Empresarial (CCE), la candidata a la alcald\u00eda de La Paz por Morena,","og_url":"https:\/\/nbcs.mx\/?p=136033","og_site_name":"NBCS Noticias","article_publisher":"https:\/\/www.facebook.com\/NBCSnoticias","article_author":"https:\/\/www.facebook.com\/NBCSnoticias","article_published_time":"2024-04-19T04:50:11+00:00","og_image":[{"width":1600,"height":856,"url":"https:\/\/nbcs.mx\/wp-content\/uploads\/2024\/04\/Foto-COPARMEX-1-2024-04-18.jpeg","type":"image\/jpeg"}],"author":"NBCS Noticias","twitter_card":"summary_large_image","twitter_creator":"@https:\/\/twitter.com\/NBCSnoticias","twitter_site":"@NBCSnoticias","twitter_misc":{"Escrito por":"NBCS Noticias","Tiempo de lectura":"2 minutos"},"schema":{"@context":"https:\/\/schema.org","@graph":[{"@type":"Article","@id":"https:\/\/nbcs.mx\/?p=136033#article","isPartOf":{"@id":"https:\/\/nbcs.mx\/?p=136033"},"author":{"name":"NBCS Noticias","@id":"https:\/\/nbcs.mx\/#\/schema\/person\/ece58bab9a7c1e87a4d28ec9ecd79ff4"},"headline":"Con el sector empresarial vamos por m\u00e1s La Paz: MQR","datePublished":"2024-04-19T04:50:11+00:00","mainEntityOfPage":{"@id":"https:\/\/nbcs.mx\/?p=136033"},"wordCount":350,"commentCount":0,"publisher":{"@id":"https:\/\/nbcs.mx\/#organization"},"image":{"@id":"https:\/\/nbcs.mx\/?p=136033#primaryimage"},"thumbnailUrl":"https:\/\/nbcs.mx\/wp-content\/uploads\/2024\/04\/Foto-COPARMEX-1-2024-04-18.jpeg","articleSection":["Elecciones 2024"],"inLanguage":"es","potentialAction":[{"@type":"CommentAction","name":"Comment","target":["https:\/\/nbcs.mx\/?p=136033#respond"]}]},{"@type":"WebPage","@id":"https:\/\/nbcs.mx\/?p=136033","url":"https:\/\/nbcs.mx\/?p=136033","name":"Con el sector empresarial vamos por m\u00e1s La Paz: MQR - NBCS Noticias","isPartOf":{"@id":"https:\/\/nbcs.mx\/#website"},"primaryImageOfPage":{"@id":"https:\/\/nbcs.mx\/?p=136033#primaryimage"},"image":{"@id":"https:\/\/nbcs.mx\/?p=136033#primaryimage"},"thumbnailUrl":"https:\/\/nbcs.mx\/wp-content\/uploads\/2024\/04\/Foto-COPARMEX-1-2024-04-18.jpeg","datePublished":"2024-04-19T04:50:11+00:00","breadcrumb":{"@id":"https:\/\/nbcs.mx\/?p=136033#breadcrumb"},"inLanguage":"es","potentialAction":[{"@type":"ReadAction","target":["https:\/\/nbcs.mx\/?p=136033"]}]},{"@type":"ImageObject","inLanguage":"es","@id":"https:\/\/nbcs.mx\/?p=136033#primaryimage","url":"https:\/\/nbcs.mx\/wp-content\/uploads\/2024\/04\/Foto-COPARMEX-1-2024-04-18.jpeg","contentUrl":"https:\/\/nbcs.mx\/wp-content\/uploads\/2024\/04\/Foto-COPARMEX-1-2024-04-18.jpeg","width":1600,"height":856},{"@type":"BreadcrumbList","@id":"https:\/\/nbcs.mx\/?p=136033#breadcrumb","itemListElement":[{"@type":"ListItem","position":1,"name":"Portada","item":"https:\/\/nbcs.mx\/"},{"@type":"ListItem","position":2,"name":"Con el sector empresarial vamos por m\u00e1s La Paz: MQR"}]},{"@type":"WebSite","@id":"https:\/\/nbcs.mx\/#website","url":"https:\/\/nbcs.mx\/","name":"NBCS Noticias","description":"Sitio web de noticias en Baja California Sur","publisher":{"@id":"https:\/\/nbcs.mx\/#organization"},"potentialAction":[{"@type":"SearchAction","target":{"@type":"EntryPoint","urlTemplate":"https:\/\/nbcs.mx\/?s={search_term_string}"},"query-input":{"@type":"PropertyValueSpecification","valueRequired":true,"valueName":"search_term_string"}}],"inLanguage":"es"},{"@type":"Organization","@id":"https:\/\/nbcs.mx\/#organization","name":"NBCS Noticias","url":"https:\/\/nbcs.mx\/","logo":{"@type":"ImageObject","inLanguage":"es","@id":"https:\/\/nbcs.mx\/#\/schema\/logo\/image\/","url":"https:\/\/nbcs.mx\/wp-content\/uploads\/2018\/09\/057b69485e93575a5c2b1c1dde2dd297.jpeg","contentUrl":"https:\/\/nbcs.mx\/wp-content\/uploads\/2018\/09\/057b69485e93575a5c2b1c1dde2dd297.jpeg","width":64,"height":64,"caption":"NBCS Noticias"},"image":{"@id":"https:\/\/nbcs.mx\/#\/schema\/logo\/image\/"},"sameAs":["https:\/\/www.facebook.com\/NBCSnoticias","https:\/\/x.com\/NBCSnoticias"]},{"@type":"Person","@id":"https:\/\/nbcs.mx\/#\/schema\/person\/ece58bab9a7c1e87a4d28ec9ecd79ff4","name":"NBCS Noticias","image":{"@type":"ImageObject","inLanguage":"es","@id":"https:\/\/secure.gravatar.com\/avatar\/4e52110cad1c4054b43271a0d14bbe9e2ea76aecd0e1097edfc670798d9ca1d4?s=96&d=blank&r=g","url":"https:\/\/secure.gravatar.com\/avatar\/4e52110cad1c4054b43271a0d14bbe9e2ea76aecd0e1097edfc670798d9ca1d4?s=96&d=blank&r=g","contentUrl":"https:\/\/secure.gravatar.com\/avatar\/4e52110cad1c4054b43271a0d14bbe9e2ea76aecd0e1097edfc670798d9ca1d4?s=96&d=blank&r=g","caption":"NBCS Noticias"},"description":"\u00bfTienes fotos o video de alg\u00fan acto de posible negligencia, corrupci\u00f3n y abuso de autoridad? M\u00e1ndalo al WhatsApp de NBCS Noticias: 612 141 98 08","sameAs":["https:\/\/www.nbcs.mx","https:\/\/www.facebook.com\/NBCSnoticias","https:\/\/www.instagram.com\/nbcsnoticias\/","https:\/\/x.com\/https:\/\/twitter.com\/NBCSnoticias"]}]}},"jetpack_publicize_connections":[],"jetpack_featured_media_url":"https:\/\/nbcs.mx\/wp-content\/uploads\/2024\/04\/Foto-COPARMEX-1-2024-04-18.jpeg","jetpack_sharing_enabled":true,"_links":{"self":[{"href":"https:\/\/nbcs.mx\/index.php?rest_route=\/wp\/v2\/posts\/136033","targetHints":{"allow":["GET"]}}],"collection":[{"href":"https:\/\/nbcs.mx\/index.php?rest_route=\/wp\/v2\/posts"}],"about":[{"href":"https:\/\/nbcs.mx\/index.php?rest_route=\/wp\/v2\/types\/post"}],"author":[{"embeddable":true,"href":"https:\/\/nbcs.mx\/index.php?rest_route=\/wp\/v2\/users\/1"}],"replies":[{"embeddable":true,"href":"https:\/\/nbcs.mx\/index.php?rest_route=%2Fwp%2Fv2%2Fcomments&post=136033"}],"version-history":[{"count":1,"href":"https:\/\/nbcs.mx\/index.php?rest_route=\/wp\/v2\/posts\/136033\/revisions"}],"predecessor-version":[{"id":136035,"href":"https:\/\/nbcs.mx\/index.php?rest_route=\/wp\/v2\/posts\/136033\/revisions\/136035"}],"wp:featuredmedia":[{"embeddable":true,"href":"https:\/\/nbcs.mx\/index.php?rest_route=\/wp\/v2\/media\/136034"}],"wp:attachment":[{"href":"https:\/\/nbcs.mx\/index.php?rest_route=%2Fwp%2Fv2%2Fmedia&parent=136033"}],"wp:term":[{"taxonomy":"category","embeddable":true,"href":"https:\/\/nbcs.mx\/index.php?rest_route=%2Fwp%2Fv2%2Fcategories&post=136033"},{"taxonomy":"post_tag","embeddable":true,"href":"https:\/\/nbcs.mx\/index.php?rest_route=%2Fwp%2Fv2%2Ftags&post=136033"}],"curies":[{"name":"wp","href":"https:\/\/api.w.org\/{rel}","templated":true}]}}