{"id":136244,"date":"2024-04-25T00:00:21","date_gmt":"2024-04-25T06:00:21","guid":{"rendered":"https:\/\/nbcs.mx\/?p=136244"},"modified":"2024-04-25T00:01:12","modified_gmt":"2024-04-25T06:01:12","slug":"se-suman-mas-liderazgos-sociales-al-proyecto-de-milena-quiroga","status":"publish","type":"post","link":"https:\/\/nbcs.mx\/?p=136244","title":{"rendered":"Se suman m\u00e1s liderazgos sociales al proyecto de Milena Quiroga"},"content":{"rendered":"<p style=\"font-weight: 400; text-align: justify;\"><img loading=\"lazy\" decoding=\"async\" class=\" wp-image-136245 alignleft\" src=\"https:\/\/nbcs.mx\/wp-content\/uploads\/2024\/04\/Foto-1-2024-04-24-737x492.jpeg\" alt=\"\" width=\"343\" height=\"229\" srcset=\"https:\/\/nbcs.mx\/wp-content\/uploads\/2024\/04\/Foto-1-2024-04-24-737x492.jpeg 737w, https:\/\/nbcs.mx\/wp-content\/uploads\/2024\/04\/Foto-1-2024-04-24-1024x684.jpeg 1024w, https:\/\/nbcs.mx\/wp-content\/uploads\/2024\/04\/Foto-1-2024-04-24-150x100.jpeg 150w, https:\/\/nbcs.mx\/wp-content\/uploads\/2024\/04\/Foto-1-2024-04-24-768x513.jpeg 768w, https:\/\/nbcs.mx\/wp-content\/uploads\/2024\/04\/Foto-1-2024-04-24-1536x1025.jpeg 1536w, https:\/\/nbcs.mx\/wp-content\/uploads\/2024\/04\/Foto-1-2024-04-24.jpeg 1600w\" sizes=\"auto, (max-width: 343px) 100vw, 343px\" \/>M\u00e1s de 200 personas de distintas organizaciones, entre los que destacan SUTERM, Sindicato Minero y grupos del sector art\u00edstico y cultural, recibieron a Milena Quiroga Romero, candidata de Morena a la alcald\u00eda de La Paz, en un evento donde manifestaron su apoyo al proyecto de continuidad de la transformaci\u00f3n en el municipio pace\u00f1o.<\/p>\n<p style=\"font-weight: 400; text-align: justify;\">Los presentes reconocieron el trabajo que llev\u00f3 a cabo durante su gesti\u00f3n al frente del gobierno municipal, as\u00ed como los avances en el suministro de agua potable, regularizaci\u00f3n de servicios p\u00fablicos, eficacia en tr\u00e1mites administrativos, impulso a la cultura y una adecuada administraci\u00f3n de los recursos municipales, mostr\u00e1ndose convencidos de que viene m\u00e1s para La Paz.<\/p>\n<p style=\"font-weight: 400; text-align: justify;\">\u201cQuiero agradecer la confianza que han depositado en este proyecto, y como lo manifestaron en la reuni\u00f3n, esto ha sido por los resultados que han visto en los servicios municipales y que conf\u00edan que traeremos m\u00e1s para La Paz. Seguimos sumando voluntades a este gran proyecto\u201d, expres\u00f3.<\/p>\n<p style=\"font-weight: 400; text-align: justify;\">La abanderada de Morena, PT, Partido Verde y Nueva Alianza, se comprometi\u00f3 a seguir trabajando con transparencia, hacer realidad las obras de transformaci\u00f3n como la nueva presa, favorecer los proyectos de movilidad, no abandonar los servicios p\u00fablicos y por el contrario, hacerlos m\u00e1s eficientes as\u00ed como el \u00e1rea de gobierno digital, adem\u00e1s, seguir apoyando las actividades que fomentan la cultura y las artes en todo el municipio.<\/p>\n<p style=\"font-weight: 400; text-align: justify;\">Entre los asistentes, el Secretario General de SUTERM La Paz, Enrique Armenta Villegas y Michelle Navarro, Secretaria de Acci\u00f3n Pol\u00edtica del Sindicato Minero, en representaci\u00f3n de sus afiliados manifestaron su respaldo. En el mismo tenor, l\u00edderes de grupos de ayuda social, de las coordinaciones de Mujeres de Avanzada BCS, artistas pl\u00e1sticos y artesanos, expusieron su apoyo a la candidata.<\/p>\n","protected":false},"excerpt":{"rendered":"<p>M\u00e1s de 200 personas de distintas organizaciones, entre los que destacan SUTERM, Sindicato Minero y grupos del sector art\u00edstico y<\/p>\n","protected":false},"author":1,"featured_media":136245,"comment_status":"open","ping_status":"closed","sticky":false,"template":"","format":"standard","meta":{"colormag_page_container_layout":"default_layout","colormag_page_sidebar_layout":"default_layout","_jetpack_memberships_contains_paid_content":false,"footnotes":"","jetpack_publicize_message":"","jetpack_publicize_feature_enabled":true,"jetpack_social_post_already_shared":true,"jetpack_social_options":{"image_generator_settings":{"template":"highway","default_image_id":0,"font":"","enabled":false},"version":2}},"categories":[45],"tags":[],"class_list":["post-136244","post","type-post","status-publish","format-standard","has-post-thumbnail","hentry","category-elecciones-2024"],"yoast_head":"<!-- This site is optimized with the Yoast SEO plugin v27.5 - https:\/\/yoast.com\/product\/yoast-seo-wordpress\/ -->\n<title>Se suman m\u00e1s liderazgos sociales al proyecto de Milena Quiroga - NBCS Noticias<\/title>\n<meta name=\"robots\" content=\"index, follow, max-snippet:-1, max-image-preview:large, max-video-preview:-1\" \/>\n<link rel=\"canonical\" href=\"https:\/\/nbcs.mx\/?p=136244\" \/>\n<meta property=\"og:locale\" content=\"es_ES\" \/>\n<meta property=\"og:type\" content=\"article\" \/>\n<meta property=\"og:title\" content=\"Se suman m\u00e1s liderazgos sociales al proyecto de Milena Quiroga - NBCS Noticias\" \/>\n<meta property=\"og:description\" content=\"M\u00e1s de 200 personas de distintas organizaciones, entre los que destacan SUTERM, Sindicato Minero y grupos del sector art\u00edstico y\" \/>\n<meta property=\"og:url\" content=\"https:\/\/nbcs.mx\/?p=136244\" \/>\n<meta property=\"og:site_name\" content=\"NBCS Noticias\" \/>\n<meta property=\"article:publisher\" content=\"https:\/\/www.facebook.com\/NBCSnoticias\" \/>\n<meta property=\"article:author\" content=\"https:\/\/www.facebook.com\/NBCSnoticias\" \/>\n<meta property=\"article:published_time\" content=\"2024-04-25T06:00:21+00:00\" \/>\n<meta property=\"article:modified_time\" content=\"2024-04-25T06:01:12+00:00\" \/>\n<meta property=\"og:image\" content=\"https:\/\/nbcs.mx\/wp-content\/uploads\/2024\/04\/Foto-1-2024-04-24.jpeg\" \/>\n\t<meta property=\"og:image:width\" content=\"1600\" \/>\n\t<meta property=\"og:image:height\" content=\"1068\" \/>\n\t<meta property=\"og:image:type\" content=\"image\/jpeg\" \/>\n<meta name=\"author\" content=\"NBCS Noticias\" \/>\n<meta name=\"twitter:card\" content=\"summary_large_image\" \/>\n<meta name=\"twitter:creator\" content=\"@https:\/\/twitter.com\/NBCSnoticias\" \/>\n<meta name=\"twitter:site\" content=\"@NBCSnoticias\" \/>\n<meta name=\"twitter:label1\" content=\"Escrito por\" \/>\n\t<meta name=\"twitter:data1\" content=\"NBCS Noticias\" \/>\n\t<meta name=\"twitter:label2\" content=\"Tiempo de lectura\" \/>\n\t<meta name=\"twitter:data2\" content=\"2 minutos\" \/>\n<script type=\"application\/ld+json\" class=\"yoast-schema-graph\">{\"@context\":\"https:\\\/\\\/schema.org\",\"@graph\":[{\"@type\":\"Article\",\"@id\":\"https:\\\/\\\/nbcs.mx\\\/?p=136244#article\",\"isPartOf\":{\"@id\":\"https:\\\/\\\/nbcs.mx\\\/?p=136244\"},\"author\":{\"name\":\"NBCS Noticias\",\"@id\":\"https:\\\/\\\/nbcs.mx\\\/#\\\/schema\\\/person\\\/ece58bab9a7c1e87a4d28ec9ecd79ff4\"},\"headline\":\"Se suman m\u00e1s liderazgos sociales al proyecto de Milena Quiroga\",\"datePublished\":\"2024-04-25T06:00:21+00:00\",\"dateModified\":\"2024-04-25T06:01:12+00:00\",\"mainEntityOfPage\":{\"@id\":\"https:\\\/\\\/nbcs.mx\\\/?p=136244\"},\"wordCount\":316,\"commentCount\":0,\"publisher\":{\"@id\":\"https:\\\/\\\/nbcs.mx\\\/#organization\"},\"image\":{\"@id\":\"https:\\\/\\\/nbcs.mx\\\/?p=136244#primaryimage\"},\"thumbnailUrl\":\"https:\\\/\\\/nbcs.mx\\\/wp-content\\\/uploads\\\/2024\\\/04\\\/Foto-1-2024-04-24.jpeg\",\"articleSection\":[\"Elecciones 2024\"],\"inLanguage\":\"es\",\"potentialAction\":[{\"@type\":\"CommentAction\",\"name\":\"Comment\",\"target\":[\"https:\\\/\\\/nbcs.mx\\\/?p=136244#respond\"]}]},{\"@type\":\"WebPage\",\"@id\":\"https:\\\/\\\/nbcs.mx\\\/?p=136244\",\"url\":\"https:\\\/\\\/nbcs.mx\\\/?p=136244\",\"name\":\"Se suman m\u00e1s liderazgos sociales al proyecto de Milena Quiroga - NBCS Noticias\",\"isPartOf\":{\"@id\":\"https:\\\/\\\/nbcs.mx\\\/#website\"},\"primaryImageOfPage\":{\"@id\":\"https:\\\/\\\/nbcs.mx\\\/?p=136244#primaryimage\"},\"image\":{\"@id\":\"https:\\\/\\\/nbcs.mx\\\/?p=136244#primaryimage\"},\"thumbnailUrl\":\"https:\\\/\\\/nbcs.mx\\\/wp-content\\\/uploads\\\/2024\\\/04\\\/Foto-1-2024-04-24.jpeg\",\"datePublished\":\"2024-04-25T06:00:21+00:00\",\"dateModified\":\"2024-04-25T06:01:12+00:00\",\"breadcrumb\":{\"@id\":\"https:\\\/\\\/nbcs.mx\\\/?p=136244#breadcrumb\"},\"inLanguage\":\"es\",\"potentialAction\":[{\"@type\":\"ReadAction\",\"target\":[\"https:\\\/\\\/nbcs.mx\\\/?p=136244\"]}]},{\"@type\":\"ImageObject\",\"inLanguage\":\"es\",\"@id\":\"https:\\\/\\\/nbcs.mx\\\/?p=136244#primaryimage\",\"url\":\"https:\\\/\\\/nbcs.mx\\\/wp-content\\\/uploads\\\/2024\\\/04\\\/Foto-1-2024-04-24.jpeg\",\"contentUrl\":\"https:\\\/\\\/nbcs.mx\\\/wp-content\\\/uploads\\\/2024\\\/04\\\/Foto-1-2024-04-24.jpeg\",\"width\":1600,\"height\":1068},{\"@type\":\"BreadcrumbList\",\"@id\":\"https:\\\/\\\/nbcs.mx\\\/?p=136244#breadcrumb\",\"itemListElement\":[{\"@type\":\"ListItem\",\"position\":1,\"name\":\"Portada\",\"item\":\"https:\\\/\\\/nbcs.mx\\\/\"},{\"@type\":\"ListItem\",\"position\":2,\"name\":\"Se suman m\u00e1s liderazgos sociales al proyecto de Milena Quiroga\"}]},{\"@type\":\"WebSite\",\"@id\":\"https:\\\/\\\/nbcs.mx\\\/#website\",\"url\":\"https:\\\/\\\/nbcs.mx\\\/\",\"name\":\"NBCS Noticias\",\"description\":\"Sitio web de noticias en Baja California Sur\",\"publisher\":{\"@id\":\"https:\\\/\\\/nbcs.mx\\\/#organization\"},\"potentialAction\":[{\"@type\":\"SearchAction\",\"target\":{\"@type\":\"EntryPoint\",\"urlTemplate\":\"https:\\\/\\\/nbcs.mx\\\/?s={search_term_string}\"},\"query-input\":{\"@type\":\"PropertyValueSpecification\",\"valueRequired\":true,\"valueName\":\"search_term_string\"}}],\"inLanguage\":\"es\"},{\"@type\":\"Organization\",\"@id\":\"https:\\\/\\\/nbcs.mx\\\/#organization\",\"name\":\"NBCS Noticias\",\"url\":\"https:\\\/\\\/nbcs.mx\\\/\",\"logo\":{\"@type\":\"ImageObject\",\"inLanguage\":\"es\",\"@id\":\"https:\\\/\\\/nbcs.mx\\\/#\\\/schema\\\/logo\\\/image\\\/\",\"url\":\"https:\\\/\\\/nbcs.mx\\\/wp-content\\\/uploads\\\/2018\\\/09\\\/057b69485e93575a5c2b1c1dde2dd297.jpeg\",\"contentUrl\":\"https:\\\/\\\/nbcs.mx\\\/wp-content\\\/uploads\\\/2018\\\/09\\\/057b69485e93575a5c2b1c1dde2dd297.jpeg\",\"width\":64,\"height\":64,\"caption\":\"NBCS Noticias\"},\"image\":{\"@id\":\"https:\\\/\\\/nbcs.mx\\\/#\\\/schema\\\/logo\\\/image\\\/\"},\"sameAs\":[\"https:\\\/\\\/www.facebook.com\\\/NBCSnoticias\",\"https:\\\/\\\/x.com\\\/NBCSnoticias\"]},{\"@type\":\"Person\",\"@id\":\"https:\\\/\\\/nbcs.mx\\\/#\\\/schema\\\/person\\\/ece58bab9a7c1e87a4d28ec9ecd79ff4\",\"name\":\"NBCS Noticias\",\"image\":{\"@type\":\"ImageObject\",\"inLanguage\":\"es\",\"@id\":\"https:\\\/\\\/secure.gravatar.com\\\/avatar\\\/4e52110cad1c4054b43271a0d14bbe9e2ea76aecd0e1097edfc670798d9ca1d4?s=96&d=blank&r=g\",\"url\":\"https:\\\/\\\/secure.gravatar.com\\\/avatar\\\/4e52110cad1c4054b43271a0d14bbe9e2ea76aecd0e1097edfc670798d9ca1d4?s=96&d=blank&r=g\",\"contentUrl\":\"https:\\\/\\\/secure.gravatar.com\\\/avatar\\\/4e52110cad1c4054b43271a0d14bbe9e2ea76aecd0e1097edfc670798d9ca1d4?s=96&d=blank&r=g\",\"caption\":\"NBCS Noticias\"},\"description\":\"\u00bfTienes fotos o video de alg\u00fan acto de posible negligencia, corrupci\u00f3n y abuso de autoridad? M\u00e1ndalo al WhatsApp de NBCS Noticias: 612 141 98 08\",\"sameAs\":[\"https:\\\/\\\/www.nbcs.mx\",\"https:\\\/\\\/www.facebook.com\\\/NBCSnoticias\",\"https:\\\/\\\/www.instagram.com\\\/nbcsnoticias\\\/\",\"https:\\\/\\\/x.com\\\/https:\\\/\\\/twitter.com\\\/NBCSnoticias\"]}]}<\/script>\n<!-- \/ Yoast SEO plugin. -->","yoast_head_json":{"title":"Se suman m\u00e1s liderazgos sociales al proyecto de Milena Quiroga - NBCS Noticias","robots":{"index":"index","follow":"follow","max-snippet":"max-snippet:-1","max-image-preview":"max-image-preview:large","max-video-preview":"max-video-preview:-1"},"canonical":"https:\/\/nbcs.mx\/?p=136244","og_locale":"es_ES","og_type":"article","og_title":"Se suman m\u00e1s liderazgos sociales al proyecto de Milena Quiroga - NBCS Noticias","og_description":"M\u00e1s de 200 personas de distintas organizaciones, entre los que destacan SUTERM, Sindicato Minero y grupos del sector art\u00edstico y","og_url":"https:\/\/nbcs.mx\/?p=136244","og_site_name":"NBCS Noticias","article_publisher":"https:\/\/www.facebook.com\/NBCSnoticias","article_author":"https:\/\/www.facebook.com\/NBCSnoticias","article_published_time":"2024-04-25T06:00:21+00:00","article_modified_time":"2024-04-25T06:01:12+00:00","og_image":[{"width":1600,"height":1068,"url":"https:\/\/nbcs.mx\/wp-content\/uploads\/2024\/04\/Foto-1-2024-04-24.jpeg","type":"image\/jpeg"}],"author":"NBCS Noticias","twitter_card":"summary_large_image","twitter_creator":"@https:\/\/twitter.com\/NBCSnoticias","twitter_site":"@NBCSnoticias","twitter_misc":{"Escrito por":"NBCS Noticias","Tiempo de lectura":"2 minutos"},"schema":{"@context":"https:\/\/schema.org","@graph":[{"@type":"Article","@id":"https:\/\/nbcs.mx\/?p=136244#article","isPartOf":{"@id":"https:\/\/nbcs.mx\/?p=136244"},"author":{"name":"NBCS Noticias","@id":"https:\/\/nbcs.mx\/#\/schema\/person\/ece58bab9a7c1e87a4d28ec9ecd79ff4"},"headline":"Se suman m\u00e1s liderazgos sociales al proyecto de Milena Quiroga","datePublished":"2024-04-25T06:00:21+00:00","dateModified":"2024-04-25T06:01:12+00:00","mainEntityOfPage":{"@id":"https:\/\/nbcs.mx\/?p=136244"},"wordCount":316,"commentCount":0,"publisher":{"@id":"https:\/\/nbcs.mx\/#organization"},"image":{"@id":"https:\/\/nbcs.mx\/?p=136244#primaryimage"},"thumbnailUrl":"https:\/\/nbcs.mx\/wp-content\/uploads\/2024\/04\/Foto-1-2024-04-24.jpeg","articleSection":["Elecciones 2024"],"inLanguage":"es","potentialAction":[{"@type":"CommentAction","name":"Comment","target":["https:\/\/nbcs.mx\/?p=136244#respond"]}]},{"@type":"WebPage","@id":"https:\/\/nbcs.mx\/?p=136244","url":"https:\/\/nbcs.mx\/?p=136244","name":"Se suman m\u00e1s liderazgos sociales al proyecto de Milena Quiroga - NBCS Noticias","isPartOf":{"@id":"https:\/\/nbcs.mx\/#website"},"primaryImageOfPage":{"@id":"https:\/\/nbcs.mx\/?p=136244#primaryimage"},"image":{"@id":"https:\/\/nbcs.mx\/?p=136244#primaryimage"},"thumbnailUrl":"https:\/\/nbcs.mx\/wp-content\/uploads\/2024\/04\/Foto-1-2024-04-24.jpeg","datePublished":"2024-04-25T06:00:21+00:00","dateModified":"2024-04-25T06:01:12+00:00","breadcrumb":{"@id":"https:\/\/nbcs.mx\/?p=136244#breadcrumb"},"inLanguage":"es","potentialAction":[{"@type":"ReadAction","target":["https:\/\/nbcs.mx\/?p=136244"]}]},{"@type":"ImageObject","inLanguage":"es","@id":"https:\/\/nbcs.mx\/?p=136244#primaryimage","url":"https:\/\/nbcs.mx\/wp-content\/uploads\/2024\/04\/Foto-1-2024-04-24.jpeg","contentUrl":"https:\/\/nbcs.mx\/wp-content\/uploads\/2024\/04\/Foto-1-2024-04-24.jpeg","width":1600,"height":1068},{"@type":"BreadcrumbList","@id":"https:\/\/nbcs.mx\/?p=136244#breadcrumb","itemListElement":[{"@type":"ListItem","position":1,"name":"Portada","item":"https:\/\/nbcs.mx\/"},{"@type":"ListItem","position":2,"name":"Se suman m\u00e1s liderazgos sociales al proyecto de Milena Quiroga"}]},{"@type":"WebSite","@id":"https:\/\/nbcs.mx\/#website","url":"https:\/\/nbcs.mx\/","name":"NBCS Noticias","description":"Sitio web de noticias en Baja California Sur","publisher":{"@id":"https:\/\/nbcs.mx\/#organization"},"potentialAction":[{"@type":"SearchAction","target":{"@type":"EntryPoint","urlTemplate":"https:\/\/nbcs.mx\/?s={search_term_string}"},"query-input":{"@type":"PropertyValueSpecification","valueRequired":true,"valueName":"search_term_string"}}],"inLanguage":"es"},{"@type":"Organization","@id":"https:\/\/nbcs.mx\/#organization","name":"NBCS Noticias","url":"https:\/\/nbcs.mx\/","logo":{"@type":"ImageObject","inLanguage":"es","@id":"https:\/\/nbcs.mx\/#\/schema\/logo\/image\/","url":"https:\/\/nbcs.mx\/wp-content\/uploads\/2018\/09\/057b69485e93575a5c2b1c1dde2dd297.jpeg","contentUrl":"https:\/\/nbcs.mx\/wp-content\/uploads\/2018\/09\/057b69485e93575a5c2b1c1dde2dd297.jpeg","width":64,"height":64,"caption":"NBCS Noticias"},"image":{"@id":"https:\/\/nbcs.mx\/#\/schema\/logo\/image\/"},"sameAs":["https:\/\/www.facebook.com\/NBCSnoticias","https:\/\/x.com\/NBCSnoticias"]},{"@type":"Person","@id":"https:\/\/nbcs.mx\/#\/schema\/person\/ece58bab9a7c1e87a4d28ec9ecd79ff4","name":"NBCS Noticias","image":{"@type":"ImageObject","inLanguage":"es","@id":"https:\/\/secure.gravatar.com\/avatar\/4e52110cad1c4054b43271a0d14bbe9e2ea76aecd0e1097edfc670798d9ca1d4?s=96&d=blank&r=g","url":"https:\/\/secure.gravatar.com\/avatar\/4e52110cad1c4054b43271a0d14bbe9e2ea76aecd0e1097edfc670798d9ca1d4?s=96&d=blank&r=g","contentUrl":"https:\/\/secure.gravatar.com\/avatar\/4e52110cad1c4054b43271a0d14bbe9e2ea76aecd0e1097edfc670798d9ca1d4?s=96&d=blank&r=g","caption":"NBCS Noticias"},"description":"\u00bfTienes fotos o video de alg\u00fan acto de posible negligencia, corrupci\u00f3n y abuso de autoridad? M\u00e1ndalo al WhatsApp de NBCS Noticias: 612 141 98 08","sameAs":["https:\/\/www.nbcs.mx","https:\/\/www.facebook.com\/NBCSnoticias","https:\/\/www.instagram.com\/nbcsnoticias\/","https:\/\/x.com\/https:\/\/twitter.com\/NBCSnoticias"]}]}},"jetpack_publicize_connections":[],"jetpack_featured_media_url":"https:\/\/nbcs.mx\/wp-content\/uploads\/2024\/04\/Foto-1-2024-04-24.jpeg","jetpack_sharing_enabled":true,"_links":{"self":[{"href":"https:\/\/nbcs.mx\/index.php?rest_route=\/wp\/v2\/posts\/136244","targetHints":{"allow":["GET"]}}],"collection":[{"href":"https:\/\/nbcs.mx\/index.php?rest_route=\/wp\/v2\/posts"}],"about":[{"href":"https:\/\/nbcs.mx\/index.php?rest_route=\/wp\/v2\/types\/post"}],"author":[{"embeddable":true,"href":"https:\/\/nbcs.mx\/index.php?rest_route=\/wp\/v2\/users\/1"}],"replies":[{"embeddable":true,"href":"https:\/\/nbcs.mx\/index.php?rest_route=%2Fwp%2Fv2%2Fcomments&post=136244"}],"version-history":[{"count":2,"href":"https:\/\/nbcs.mx\/index.php?rest_route=\/wp\/v2\/posts\/136244\/revisions"}],"predecessor-version":[{"id":136247,"href":"https:\/\/nbcs.mx\/index.php?rest_route=\/wp\/v2\/posts\/136244\/revisions\/136247"}],"wp:featuredmedia":[{"embeddable":true,"href":"https:\/\/nbcs.mx\/index.php?rest_route=\/wp\/v2\/media\/136245"}],"wp:attachment":[{"href":"https:\/\/nbcs.mx\/index.php?rest_route=%2Fwp%2Fv2%2Fmedia&parent=136244"}],"wp:term":[{"taxonomy":"category","embeddable":true,"href":"https:\/\/nbcs.mx\/index.php?rest_route=%2Fwp%2Fv2%2Fcategories&post=136244"},{"taxonomy":"post_tag","embeddable":true,"href":"https:\/\/nbcs.mx\/index.php?rest_route=%2Fwp%2Fv2%2Ftags&post=136244"}],"curies":[{"name":"wp","href":"https:\/\/api.w.org\/{rel}","templated":true}]}}