{"id":136321,"date":"2024-04-27T11:39:04","date_gmt":"2024-04-27T17:39:04","guid":{"rendered":"https:\/\/nbcs.mx\/?p=136321"},"modified":"2024-04-27T11:39:19","modified_gmt":"2024-04-27T17:39:19","slug":"realizara-hoy-el-sector-salud-jornada-intensiva-de-vacunacion-en-bcs","status":"publish","type":"post","link":"https:\/\/nbcs.mx\/?p=136321","title":{"rendered":"Realizar\u00e1 hoy el sector salud jornada intensiva de vacunaci\u00f3n en BCS"},"content":{"rendered":"<p style=\"text-align: justify;\"><img loading=\"lazy\" decoding=\"async\" class=\" wp-image-136322 alignleft\" src=\"https:\/\/nbcs.mx\/wp-content\/uploads\/2024\/04\/IMG_3002-738x492.jpg\" alt=\"\" width=\"342\" height=\"228\" srcset=\"https:\/\/nbcs.mx\/wp-content\/uploads\/2024\/04\/IMG_3002-738x492.jpg 738w, https:\/\/nbcs.mx\/wp-content\/uploads\/2024\/04\/IMG_3002-1024x682.jpg 1024w, https:\/\/nbcs.mx\/wp-content\/uploads\/2024\/04\/IMG_3002-150x100.jpg 150w, https:\/\/nbcs.mx\/wp-content\/uploads\/2024\/04\/IMG_3002-768x512.jpg 768w, https:\/\/nbcs.mx\/wp-content\/uploads\/2024\/04\/IMG_3002.jpg 1280w\" sizes=\"auto, (max-width: 342px) 100vw, 342px\" \/>Este s\u00e1bado se realizar\u00e1 una jornada intensiva de vacunaci\u00f3n para ni\u00f1os y j\u00f3venes que se encuentren desprotegidos contra sarampi\u00f3n, rubeola, paperas y poliomielitis, inform\u00f3 el coordinador Estatal de Vacunaci\u00f3n de la Secretar\u00eda de Salud (SSA) en Baja California Sur, H\u00e9ctor Garc\u00eda Hurtado.<\/p>\n<p style=\"text-align: justify;\">Manifest\u00f3 que si bien el programa institucional de vacunaci\u00f3n arranc\u00f3 desde el pasado 1\u00ba de abril, la intenci\u00f3n es realizar esta jornada con el fin de llegar al mayor n\u00famero de ni\u00f1os y j\u00f3venes que necesiten completar sus esquemas.<\/p>\n<p style=\"text-align: justify;\">Estas acciones forman parte del programa de recuperaci\u00f3n de vacunaci\u00f3n, que se vio afectada por la interrupci\u00f3n forzada a causa de la pandemia de Covid-19.<\/p>\n<p style=\"text-align: justify;\">Precis\u00f3 que en esta jornada intensiva se aplicar\u00e1 la tripleviral para menores de 9 a\u00f1os, la dobleviral, para la poblaci\u00f3n de entre 10 y 19 a\u00f1os, as\u00ed como hexavalente, dirigida a beb\u00e9s de 2, 4 y 6 meses, as\u00ed como ni\u00f1os de 3 a 4 a\u00f1os que no hayan recibido la cuarta dosis o no cuenten con su esquema completo.<\/p>\n<p style=\"text-align: justify;\">Dijo que en total se instalar\u00e1n 50 puestos de vacunaci\u00f3n en todo el Estado, durante este s\u00e1bado 27 de abril, como una manera de dar facilidad a los padres de familia para que lleven a sus hijos a vacunar, en caso de que entre semana les sea complicado.<\/p>\n<p style=\"text-align: justify;\">El funcionario de Salud asegur\u00f3 que hay suficiente biol\u00f3gico para atender la demanda, y que el personal se encuentra debidamente capacitado para aplicarlo sin ning\u00fan problema.<\/p>\n<p style=\"text-align: justify;\">Insisti\u00f3 en que la jornada intensiva, no limita que cualquier otro d\u00eda, las personas puedan acudir a cualquier unidad de salud para solicitar informes, e incluso, aplicarse la vacuna en caso de que se tuviera en existencia, ya que en ocasiones se agota por cortos per\u00edodos o se retira para garantizar su conservaci\u00f3n.<\/p>\n<p style=\"text-align: justify;\">H\u00e9ctor Garc\u00eda, aclar\u00f3 que en las unidades m\u00e9dicas se cuenta con otro tipo de vacunas, incluso para adultos, como t\u00e9tanos, por lo cual, igualmente se puede solicitar la informaci\u00f3n correspondiente. (Por: Arturo Nieves).<\/p>\n","protected":false},"excerpt":{"rendered":"<p>Este s\u00e1bado se realizar\u00e1 una jornada intensiva de vacunaci\u00f3n para ni\u00f1os y j\u00f3venes que se encuentren desprotegidos contra sarampi\u00f3n, rubeola,<\/p>\n","protected":false},"author":1,"featured_media":136322,"comment_status":"open","ping_status":"closed","sticky":false,"template":"","format":"standard","meta":{"colormag_page_container_layout":"default_layout","colormag_page_sidebar_layout":"default_layout","_jetpack_memberships_contains_paid_content":false,"footnotes":"","jetpack_publicize_message":"","jetpack_publicize_feature_enabled":true,"jetpack_social_post_already_shared":true,"jetpack_social_options":{"image_generator_settings":{"template":"highway","default_image_id":0,"font":"","enabled":false},"version":2}},"categories":[1],"tags":[],"class_list":["post-136321","post","type-post","status-publish","format-standard","has-post-thumbnail","hentry","category-noticias"],"yoast_head":"<!-- This site is optimized with the Yoast SEO plugin v27.4 - https:\/\/yoast.com\/product\/yoast-seo-wordpress\/ -->\n<title>Realizar\u00e1 hoy el sector salud jornada intensiva de vacunaci\u00f3n en BCS - NBCS Noticias<\/title>\n<meta name=\"robots\" content=\"index, follow, max-snippet:-1, max-image-preview:large, max-video-preview:-1\" \/>\n<link rel=\"canonical\" href=\"https:\/\/nbcs.mx\/?p=136321\" \/>\n<meta property=\"og:locale\" content=\"es_ES\" \/>\n<meta property=\"og:type\" content=\"article\" \/>\n<meta property=\"og:title\" content=\"Realizar\u00e1 hoy el sector salud jornada intensiva de vacunaci\u00f3n en BCS - NBCS Noticias\" \/>\n<meta property=\"og:description\" content=\"Este s\u00e1bado se realizar\u00e1 una jornada intensiva de vacunaci\u00f3n para ni\u00f1os y j\u00f3venes que se encuentren desprotegidos contra sarampi\u00f3n, rubeola,\" \/>\n<meta property=\"og:url\" content=\"https:\/\/nbcs.mx\/?p=136321\" \/>\n<meta property=\"og:site_name\" content=\"NBCS Noticias\" \/>\n<meta property=\"article:publisher\" content=\"https:\/\/www.facebook.com\/NBCSnoticias\" \/>\n<meta property=\"article:author\" content=\"https:\/\/www.facebook.com\/NBCSnoticias\" \/>\n<meta property=\"article:published_time\" content=\"2024-04-27T17:39:04+00:00\" \/>\n<meta property=\"article:modified_time\" content=\"2024-04-27T17:39:19+00:00\" \/>\n<meta property=\"og:image\" content=\"https:\/\/nbcs.mx\/wp-content\/uploads\/2024\/04\/IMG_3002.jpg\" \/>\n\t<meta property=\"og:image:width\" content=\"1280\" \/>\n\t<meta property=\"og:image:height\" content=\"853\" \/>\n\t<meta property=\"og:image:type\" content=\"image\/jpeg\" \/>\n<meta name=\"author\" content=\"NBCS Noticias\" \/>\n<meta name=\"twitter:card\" content=\"summary_large_image\" \/>\n<meta name=\"twitter:creator\" content=\"@https:\/\/twitter.com\/NBCSnoticias\" \/>\n<meta name=\"twitter:site\" content=\"@NBCSnoticias\" \/>\n<meta name=\"twitter:label1\" content=\"Escrito por\" \/>\n\t<meta name=\"twitter:data1\" content=\"NBCS Noticias\" \/>\n\t<meta name=\"twitter:label2\" content=\"Tiempo de lectura\" \/>\n\t<meta name=\"twitter:data2\" content=\"2 minutos\" \/>\n<script type=\"application\/ld+json\" class=\"yoast-schema-graph\">{\"@context\":\"https:\\\/\\\/schema.org\",\"@graph\":[{\"@type\":\"Article\",\"@id\":\"https:\\\/\\\/nbcs.mx\\\/?p=136321#article\",\"isPartOf\":{\"@id\":\"https:\\\/\\\/nbcs.mx\\\/?p=136321\"},\"author\":{\"name\":\"NBCS Noticias\",\"@id\":\"https:\\\/\\\/nbcs.mx\\\/#\\\/schema\\\/person\\\/ece58bab9a7c1e87a4d28ec9ecd79ff4\"},\"headline\":\"Realizar\u00e1 hoy el sector salud jornada intensiva de vacunaci\u00f3n en BCS\",\"datePublished\":\"2024-04-27T17:39:04+00:00\",\"dateModified\":\"2024-04-27T17:39:19+00:00\",\"mainEntityOfPage\":{\"@id\":\"https:\\\/\\\/nbcs.mx\\\/?p=136321\"},\"wordCount\":363,\"commentCount\":0,\"publisher\":{\"@id\":\"https:\\\/\\\/nbcs.mx\\\/#organization\"},\"image\":{\"@id\":\"https:\\\/\\\/nbcs.mx\\\/?p=136321#primaryimage\"},\"thumbnailUrl\":\"https:\\\/\\\/nbcs.mx\\\/wp-content\\\/uploads\\\/2024\\\/04\\\/IMG_3002.jpg\",\"articleSection\":[\"Noticias\"],\"inLanguage\":\"es\",\"potentialAction\":[{\"@type\":\"CommentAction\",\"name\":\"Comment\",\"target\":[\"https:\\\/\\\/nbcs.mx\\\/?p=136321#respond\"]}]},{\"@type\":\"WebPage\",\"@id\":\"https:\\\/\\\/nbcs.mx\\\/?p=136321\",\"url\":\"https:\\\/\\\/nbcs.mx\\\/?p=136321\",\"name\":\"Realizar\u00e1 hoy el sector salud jornada intensiva de vacunaci\u00f3n en BCS - NBCS Noticias\",\"isPartOf\":{\"@id\":\"https:\\\/\\\/nbcs.mx\\\/#website\"},\"primaryImageOfPage\":{\"@id\":\"https:\\\/\\\/nbcs.mx\\\/?p=136321#primaryimage\"},\"image\":{\"@id\":\"https:\\\/\\\/nbcs.mx\\\/?p=136321#primaryimage\"},\"thumbnailUrl\":\"https:\\\/\\\/nbcs.mx\\\/wp-content\\\/uploads\\\/2024\\\/04\\\/IMG_3002.jpg\",\"datePublished\":\"2024-04-27T17:39:04+00:00\",\"dateModified\":\"2024-04-27T17:39:19+00:00\",\"breadcrumb\":{\"@id\":\"https:\\\/\\\/nbcs.mx\\\/?p=136321#breadcrumb\"},\"inLanguage\":\"es\",\"potentialAction\":[{\"@type\":\"ReadAction\",\"target\":[\"https:\\\/\\\/nbcs.mx\\\/?p=136321\"]}]},{\"@type\":\"ImageObject\",\"inLanguage\":\"es\",\"@id\":\"https:\\\/\\\/nbcs.mx\\\/?p=136321#primaryimage\",\"url\":\"https:\\\/\\\/nbcs.mx\\\/wp-content\\\/uploads\\\/2024\\\/04\\\/IMG_3002.jpg\",\"contentUrl\":\"https:\\\/\\\/nbcs.mx\\\/wp-content\\\/uploads\\\/2024\\\/04\\\/IMG_3002.jpg\",\"width\":1280,\"height\":853},{\"@type\":\"BreadcrumbList\",\"@id\":\"https:\\\/\\\/nbcs.mx\\\/?p=136321#breadcrumb\",\"itemListElement\":[{\"@type\":\"ListItem\",\"position\":1,\"name\":\"Portada\",\"item\":\"https:\\\/\\\/nbcs.mx\\\/\"},{\"@type\":\"ListItem\",\"position\":2,\"name\":\"Realizar\u00e1 hoy el sector salud jornada intensiva de vacunaci\u00f3n en BCS\"}]},{\"@type\":\"WebSite\",\"@id\":\"https:\\\/\\\/nbcs.mx\\\/#website\",\"url\":\"https:\\\/\\\/nbcs.mx\\\/\",\"name\":\"NBCS Noticias\",\"description\":\"Sitio web de noticias en Baja California Sur\",\"publisher\":{\"@id\":\"https:\\\/\\\/nbcs.mx\\\/#organization\"},\"potentialAction\":[{\"@type\":\"SearchAction\",\"target\":{\"@type\":\"EntryPoint\",\"urlTemplate\":\"https:\\\/\\\/nbcs.mx\\\/?s={search_term_string}\"},\"query-input\":{\"@type\":\"PropertyValueSpecification\",\"valueRequired\":true,\"valueName\":\"search_term_string\"}}],\"inLanguage\":\"es\"},{\"@type\":\"Organization\",\"@id\":\"https:\\\/\\\/nbcs.mx\\\/#organization\",\"name\":\"NBCS Noticias\",\"url\":\"https:\\\/\\\/nbcs.mx\\\/\",\"logo\":{\"@type\":\"ImageObject\",\"inLanguage\":\"es\",\"@id\":\"https:\\\/\\\/nbcs.mx\\\/#\\\/schema\\\/logo\\\/image\\\/\",\"url\":\"https:\\\/\\\/nbcs.mx\\\/wp-content\\\/uploads\\\/2018\\\/09\\\/057b69485e93575a5c2b1c1dde2dd297.jpeg\",\"contentUrl\":\"https:\\\/\\\/nbcs.mx\\\/wp-content\\\/uploads\\\/2018\\\/09\\\/057b69485e93575a5c2b1c1dde2dd297.jpeg\",\"width\":64,\"height\":64,\"caption\":\"NBCS Noticias\"},\"image\":{\"@id\":\"https:\\\/\\\/nbcs.mx\\\/#\\\/schema\\\/logo\\\/image\\\/\"},\"sameAs\":[\"https:\\\/\\\/www.facebook.com\\\/NBCSnoticias\",\"https:\\\/\\\/x.com\\\/NBCSnoticias\"]},{\"@type\":\"Person\",\"@id\":\"https:\\\/\\\/nbcs.mx\\\/#\\\/schema\\\/person\\\/ece58bab9a7c1e87a4d28ec9ecd79ff4\",\"name\":\"NBCS Noticias\",\"image\":{\"@type\":\"ImageObject\",\"inLanguage\":\"es\",\"@id\":\"https:\\\/\\\/secure.gravatar.com\\\/avatar\\\/4e52110cad1c4054b43271a0d14bbe9e2ea76aecd0e1097edfc670798d9ca1d4?s=96&d=blank&r=g\",\"url\":\"https:\\\/\\\/secure.gravatar.com\\\/avatar\\\/4e52110cad1c4054b43271a0d14bbe9e2ea76aecd0e1097edfc670798d9ca1d4?s=96&d=blank&r=g\",\"contentUrl\":\"https:\\\/\\\/secure.gravatar.com\\\/avatar\\\/4e52110cad1c4054b43271a0d14bbe9e2ea76aecd0e1097edfc670798d9ca1d4?s=96&d=blank&r=g\",\"caption\":\"NBCS Noticias\"},\"description\":\"\u00bfTienes fotos o video de alg\u00fan acto de posible negligencia, corrupci\u00f3n y abuso de autoridad? M\u00e1ndalo al WhatsApp de NBCS Noticias: 612 141 98 08\",\"sameAs\":[\"https:\\\/\\\/www.nbcs.mx\",\"https:\\\/\\\/www.facebook.com\\\/NBCSnoticias\",\"https:\\\/\\\/www.instagram.com\\\/nbcsnoticias\\\/\",\"https:\\\/\\\/x.com\\\/https:\\\/\\\/twitter.com\\\/NBCSnoticias\"]}]}<\/script>\n<!-- \/ Yoast SEO plugin. -->","yoast_head_json":{"title":"Realizar\u00e1 hoy el sector salud jornada intensiva de vacunaci\u00f3n en BCS - NBCS Noticias","robots":{"index":"index","follow":"follow","max-snippet":"max-snippet:-1","max-image-preview":"max-image-preview:large","max-video-preview":"max-video-preview:-1"},"canonical":"https:\/\/nbcs.mx\/?p=136321","og_locale":"es_ES","og_type":"article","og_title":"Realizar\u00e1 hoy el sector salud jornada intensiva de vacunaci\u00f3n en BCS - NBCS Noticias","og_description":"Este s\u00e1bado se realizar\u00e1 una jornada intensiva de vacunaci\u00f3n para ni\u00f1os y j\u00f3venes que se encuentren desprotegidos contra sarampi\u00f3n, rubeola,","og_url":"https:\/\/nbcs.mx\/?p=136321","og_site_name":"NBCS Noticias","article_publisher":"https:\/\/www.facebook.com\/NBCSnoticias","article_author":"https:\/\/www.facebook.com\/NBCSnoticias","article_published_time":"2024-04-27T17:39:04+00:00","article_modified_time":"2024-04-27T17:39:19+00:00","og_image":[{"width":1280,"height":853,"url":"https:\/\/nbcs.mx\/wp-content\/uploads\/2024\/04\/IMG_3002.jpg","type":"image\/jpeg"}],"author":"NBCS Noticias","twitter_card":"summary_large_image","twitter_creator":"@https:\/\/twitter.com\/NBCSnoticias","twitter_site":"@NBCSnoticias","twitter_misc":{"Escrito por":"NBCS Noticias","Tiempo de lectura":"2 minutos"},"schema":{"@context":"https:\/\/schema.org","@graph":[{"@type":"Article","@id":"https:\/\/nbcs.mx\/?p=136321#article","isPartOf":{"@id":"https:\/\/nbcs.mx\/?p=136321"},"author":{"name":"NBCS Noticias","@id":"https:\/\/nbcs.mx\/#\/schema\/person\/ece58bab9a7c1e87a4d28ec9ecd79ff4"},"headline":"Realizar\u00e1 hoy el sector salud jornada intensiva de vacunaci\u00f3n en BCS","datePublished":"2024-04-27T17:39:04+00:00","dateModified":"2024-04-27T17:39:19+00:00","mainEntityOfPage":{"@id":"https:\/\/nbcs.mx\/?p=136321"},"wordCount":363,"commentCount":0,"publisher":{"@id":"https:\/\/nbcs.mx\/#organization"},"image":{"@id":"https:\/\/nbcs.mx\/?p=136321#primaryimage"},"thumbnailUrl":"https:\/\/nbcs.mx\/wp-content\/uploads\/2024\/04\/IMG_3002.jpg","articleSection":["Noticias"],"inLanguage":"es","potentialAction":[{"@type":"CommentAction","name":"Comment","target":["https:\/\/nbcs.mx\/?p=136321#respond"]}]},{"@type":"WebPage","@id":"https:\/\/nbcs.mx\/?p=136321","url":"https:\/\/nbcs.mx\/?p=136321","name":"Realizar\u00e1 hoy el sector salud jornada intensiva de vacunaci\u00f3n en BCS - NBCS Noticias","isPartOf":{"@id":"https:\/\/nbcs.mx\/#website"},"primaryImageOfPage":{"@id":"https:\/\/nbcs.mx\/?p=136321#primaryimage"},"image":{"@id":"https:\/\/nbcs.mx\/?p=136321#primaryimage"},"thumbnailUrl":"https:\/\/nbcs.mx\/wp-content\/uploads\/2024\/04\/IMG_3002.jpg","datePublished":"2024-04-27T17:39:04+00:00","dateModified":"2024-04-27T17:39:19+00:00","breadcrumb":{"@id":"https:\/\/nbcs.mx\/?p=136321#breadcrumb"},"inLanguage":"es","potentialAction":[{"@type":"ReadAction","target":["https:\/\/nbcs.mx\/?p=136321"]}]},{"@type":"ImageObject","inLanguage":"es","@id":"https:\/\/nbcs.mx\/?p=136321#primaryimage","url":"https:\/\/nbcs.mx\/wp-content\/uploads\/2024\/04\/IMG_3002.jpg","contentUrl":"https:\/\/nbcs.mx\/wp-content\/uploads\/2024\/04\/IMG_3002.jpg","width":1280,"height":853},{"@type":"BreadcrumbList","@id":"https:\/\/nbcs.mx\/?p=136321#breadcrumb","itemListElement":[{"@type":"ListItem","position":1,"name":"Portada","item":"https:\/\/nbcs.mx\/"},{"@type":"ListItem","position":2,"name":"Realizar\u00e1 hoy el sector salud jornada intensiva de vacunaci\u00f3n en BCS"}]},{"@type":"WebSite","@id":"https:\/\/nbcs.mx\/#website","url":"https:\/\/nbcs.mx\/","name":"NBCS Noticias","description":"Sitio web de noticias en Baja California Sur","publisher":{"@id":"https:\/\/nbcs.mx\/#organization"},"potentialAction":[{"@type":"SearchAction","target":{"@type":"EntryPoint","urlTemplate":"https:\/\/nbcs.mx\/?s={search_term_string}"},"query-input":{"@type":"PropertyValueSpecification","valueRequired":true,"valueName":"search_term_string"}}],"inLanguage":"es"},{"@type":"Organization","@id":"https:\/\/nbcs.mx\/#organization","name":"NBCS Noticias","url":"https:\/\/nbcs.mx\/","logo":{"@type":"ImageObject","inLanguage":"es","@id":"https:\/\/nbcs.mx\/#\/schema\/logo\/image\/","url":"https:\/\/nbcs.mx\/wp-content\/uploads\/2018\/09\/057b69485e93575a5c2b1c1dde2dd297.jpeg","contentUrl":"https:\/\/nbcs.mx\/wp-content\/uploads\/2018\/09\/057b69485e93575a5c2b1c1dde2dd297.jpeg","width":64,"height":64,"caption":"NBCS Noticias"},"image":{"@id":"https:\/\/nbcs.mx\/#\/schema\/logo\/image\/"},"sameAs":["https:\/\/www.facebook.com\/NBCSnoticias","https:\/\/x.com\/NBCSnoticias"]},{"@type":"Person","@id":"https:\/\/nbcs.mx\/#\/schema\/person\/ece58bab9a7c1e87a4d28ec9ecd79ff4","name":"NBCS Noticias","image":{"@type":"ImageObject","inLanguage":"es","@id":"https:\/\/secure.gravatar.com\/avatar\/4e52110cad1c4054b43271a0d14bbe9e2ea76aecd0e1097edfc670798d9ca1d4?s=96&d=blank&r=g","url":"https:\/\/secure.gravatar.com\/avatar\/4e52110cad1c4054b43271a0d14bbe9e2ea76aecd0e1097edfc670798d9ca1d4?s=96&d=blank&r=g","contentUrl":"https:\/\/secure.gravatar.com\/avatar\/4e52110cad1c4054b43271a0d14bbe9e2ea76aecd0e1097edfc670798d9ca1d4?s=96&d=blank&r=g","caption":"NBCS Noticias"},"description":"\u00bfTienes fotos o video de alg\u00fan acto de posible negligencia, corrupci\u00f3n y abuso de autoridad? M\u00e1ndalo al WhatsApp de NBCS Noticias: 612 141 98 08","sameAs":["https:\/\/www.nbcs.mx","https:\/\/www.facebook.com\/NBCSnoticias","https:\/\/www.instagram.com\/nbcsnoticias\/","https:\/\/x.com\/https:\/\/twitter.com\/NBCSnoticias"]}]}},"jetpack_publicize_connections":[],"jetpack_featured_media_url":"https:\/\/nbcs.mx\/wp-content\/uploads\/2024\/04\/IMG_3002.jpg","jetpack_sharing_enabled":true,"_links":{"self":[{"href":"https:\/\/nbcs.mx\/index.php?rest_route=\/wp\/v2\/posts\/136321","targetHints":{"allow":["GET"]}}],"collection":[{"href":"https:\/\/nbcs.mx\/index.php?rest_route=\/wp\/v2\/posts"}],"about":[{"href":"https:\/\/nbcs.mx\/index.php?rest_route=\/wp\/v2\/types\/post"}],"author":[{"embeddable":true,"href":"https:\/\/nbcs.mx\/index.php?rest_route=\/wp\/v2\/users\/1"}],"replies":[{"embeddable":true,"href":"https:\/\/nbcs.mx\/index.php?rest_route=%2Fwp%2Fv2%2Fcomments&post=136321"}],"version-history":[{"count":2,"href":"https:\/\/nbcs.mx\/index.php?rest_route=\/wp\/v2\/posts\/136321\/revisions"}],"predecessor-version":[{"id":136324,"href":"https:\/\/nbcs.mx\/index.php?rest_route=\/wp\/v2\/posts\/136321\/revisions\/136324"}],"wp:featuredmedia":[{"embeddable":true,"href":"https:\/\/nbcs.mx\/index.php?rest_route=\/wp\/v2\/media\/136322"}],"wp:attachment":[{"href":"https:\/\/nbcs.mx\/index.php?rest_route=%2Fwp%2Fv2%2Fmedia&parent=136321"}],"wp:term":[{"taxonomy":"category","embeddable":true,"href":"https:\/\/nbcs.mx\/index.php?rest_route=%2Fwp%2Fv2%2Fcategories&post=136321"},{"taxonomy":"post_tag","embeddable":true,"href":"https:\/\/nbcs.mx\/index.php?rest_route=%2Fwp%2Fv2%2Ftags&post=136321"}],"curies":[{"name":"wp","href":"https:\/\/api.w.org\/{rel}","templated":true}]}}