{"id":136333,"date":"2024-04-27T21:48:10","date_gmt":"2024-04-28T03:48:10","guid":{"rendered":"https:\/\/nbcs.mx\/?p=136333"},"modified":"2024-04-27T21:48:10","modified_gmt":"2024-04-28T03:48:10","slug":"se-compromete-christian-agundez-a-mejorar-imagen-turistica-de-los-cabos","status":"publish","type":"post","link":"https:\/\/nbcs.mx\/?p=136333","title":{"rendered":"Se compromete Christian Ag\u00fandez a mejorar imagen tur\u00edstica de Los Cabos"},"content":{"rendered":"<p style=\"text-align: justify;\">Durante la reuni\u00f3n con el Colegio de Ingenieros Civiles Siglo XXI de\u00a0<strong>Baja California Sur\u00a0<\/strong>(BCS), el candidato a la alcald\u00eda de\u00a0<strong>Los Cabos<\/strong>,\u00a0<strong>Christian Ag\u00fandez G\u00f3mez<\/strong>\u00a0expres\u00f3 que una vez que haya ganado las elecciones, se establecer\u00e1 un convenio de colaboraci\u00f3n en proyectos t\u00e9cnicos que se vayan a realizar para el desarrollo de la ciudad.<\/p>\n<div class=\"woGak5rv\" style=\"text-align: justify;\"><a href=\"https:\/\/www.facebook.com\/GobEdoBCS\"><img loading=\"lazy\" decoding=\"async\" class=\"aligncenter size-large wp-image-106291\" src=\"https:\/\/elinformantebcs.mx\/wp-content\/uploads\/2024\/04\/elinformantebcs.mx-sarampion-72890px-banner-1024x127.jpg\" alt=\"\" width=\"1024\" height=\"127\" \/><\/a><\/div>\n<p style=\"text-align: justify;\">Asimismo, coment\u00f3 que las \u00faltimas tres administraciones municipales no respondieron a las expectativas de la ciudadan\u00eda y que fueron de mal en peor, por ello, se tiene claro que abatir la corrupci\u00f3n y auditar a la administraci\u00f3n saliente son las primeras tareas que realizar\u00e1.<\/p>\n<p style=\"text-align: justify;\">En ese sentido, se comprometi\u00f3 colocar a los mejores perfiles en su gobierno, con un presupuesto participativo y la suma de todos los sectores, con m\u00e1s obra civil, la creaci\u00f3n de un banco de proyectos y la debida planeaci\u00f3n para los pr\u00f3ximos a\u00f1os.<\/p>\n<p style=\"text-align: justify;\">En cada una de las reuniones con los colegios de profesionistas, el candidato ha documentado las malas condiciones en que se encuentra la ciudad, con deficiencia en la recolecci\u00f3n de basura, con baches en las calles, el desabasto de agua potable, el abandono de los espacios deportivos, recreativos y culturales, entre otras problem\u00e1ticas.<\/p>\n<p style=\"text-align: justify;\">Finalmente, Christian Ag\u00fandez reiter\u00f3 ante los ingenieros civiles el compromiso de tener una ciudad limpia, porque siendo el turismo la principal actividad del municipio, se debe cuidar la imagen urbana, sin derrames de aguas residuales, una eficiente recolecci\u00f3n de basura, entre otros temas.<\/p>\n","protected":false},"excerpt":{"rendered":"<p>Durante la reuni\u00f3n con el Colegio de Ingenieros Civiles Siglo XXI de\u00a0Baja California Sur\u00a0(BCS), el candidato a la alcald\u00eda de\u00a0Los<\/p>\n","protected":false},"author":1,"featured_media":136334,"comment_status":"open","ping_status":"closed","sticky":false,"template":"","format":"standard","meta":{"colormag_page_container_layout":"default_layout","colormag_page_sidebar_layout":"default_layout","_jetpack_memberships_contains_paid_content":false,"footnotes":"","jetpack_publicize_message":"","jetpack_publicize_feature_enabled":true,"jetpack_social_post_already_shared":true,"jetpack_social_options":{"image_generator_settings":{"template":"highway","default_image_id":0,"font":"","enabled":false},"version":2}},"categories":[45],"tags":[],"class_list":["post-136333","post","type-post","status-publish","format-standard","has-post-thumbnail","hentry","category-elecciones-2024"],"yoast_head":"<!-- This site is optimized with the Yoast SEO plugin v27.5 - https:\/\/yoast.com\/product\/yoast-seo-wordpress\/ -->\n<title>Se compromete Christian Ag\u00fandez a mejorar imagen tur\u00edstica de Los Cabos - NBCS Noticias<\/title>\n<meta name=\"robots\" content=\"index, follow, max-snippet:-1, max-image-preview:large, max-video-preview:-1\" \/>\n<link rel=\"canonical\" href=\"https:\/\/nbcs.mx\/?p=136333\" \/>\n<meta property=\"og:locale\" content=\"es_ES\" \/>\n<meta property=\"og:type\" content=\"article\" \/>\n<meta property=\"og:title\" content=\"Se compromete Christian Ag\u00fandez a mejorar imagen tur\u00edstica de Los Cabos - NBCS Noticias\" \/>\n<meta property=\"og:description\" content=\"Durante la reuni\u00f3n con el Colegio de Ingenieros Civiles Siglo XXI de\u00a0Baja California Sur\u00a0(BCS), el candidato a la alcald\u00eda de\u00a0Los\" \/>\n<meta property=\"og:url\" content=\"https:\/\/nbcs.mx\/?p=136333\" \/>\n<meta property=\"og:site_name\" content=\"NBCS Noticias\" \/>\n<meta property=\"article:publisher\" content=\"https:\/\/www.facebook.com\/NBCSnoticias\" \/>\n<meta property=\"article:author\" content=\"https:\/\/www.facebook.com\/NBCSnoticias\" \/>\n<meta property=\"article:published_time\" content=\"2024-04-28T03:48:10+00:00\" \/>\n<meta property=\"og:image\" content=\"https:\/\/nbcs.mx\/wp-content\/uploads\/2024\/04\/elinformantebcs.mx-christian-agundez-1-3-1024x538-1.jpg\" \/>\n\t<meta property=\"og:image:width\" content=\"1024\" \/>\n\t<meta property=\"og:image:height\" content=\"538\" \/>\n\t<meta property=\"og:image:type\" content=\"image\/jpeg\" \/>\n<meta name=\"author\" content=\"NBCS Noticias\" \/>\n<meta name=\"twitter:card\" content=\"summary_large_image\" \/>\n<meta name=\"twitter:creator\" content=\"@https:\/\/twitter.com\/NBCSnoticias\" \/>\n<meta name=\"twitter:site\" content=\"@NBCSnoticias\" \/>\n<meta name=\"twitter:label1\" content=\"Escrito por\" \/>\n\t<meta name=\"twitter:data1\" content=\"NBCS Noticias\" \/>\n\t<meta name=\"twitter:label2\" content=\"Tiempo de lectura\" \/>\n\t<meta name=\"twitter:data2\" content=\"2 minutos\" \/>\n<script type=\"application\/ld+json\" class=\"yoast-schema-graph\">{\"@context\":\"https:\\\/\\\/schema.org\",\"@graph\":[{\"@type\":\"Article\",\"@id\":\"https:\\\/\\\/nbcs.mx\\\/?p=136333#article\",\"isPartOf\":{\"@id\":\"https:\\\/\\\/nbcs.mx\\\/?p=136333\"},\"author\":{\"name\":\"NBCS Noticias\",\"@id\":\"https:\\\/\\\/nbcs.mx\\\/#\\\/schema\\\/person\\\/ece58bab9a7c1e87a4d28ec9ecd79ff4\"},\"headline\":\"Se compromete Christian Ag\u00fandez a mejorar imagen tur\u00edstica de Los Cabos\",\"datePublished\":\"2024-04-28T03:48:10+00:00\",\"mainEntityOfPage\":{\"@id\":\"https:\\\/\\\/nbcs.mx\\\/?p=136333\"},\"wordCount\":270,\"commentCount\":0,\"publisher\":{\"@id\":\"https:\\\/\\\/nbcs.mx\\\/#organization\"},\"image\":{\"@id\":\"https:\\\/\\\/nbcs.mx\\\/?p=136333#primaryimage\"},\"thumbnailUrl\":\"https:\\\/\\\/nbcs.mx\\\/wp-content\\\/uploads\\\/2024\\\/04\\\/elinformantebcs.mx-christian-agundez-1-3-1024x538-1.jpg\",\"articleSection\":[\"Elecciones 2024\"],\"inLanguage\":\"es\",\"potentialAction\":[{\"@type\":\"CommentAction\",\"name\":\"Comment\",\"target\":[\"https:\\\/\\\/nbcs.mx\\\/?p=136333#respond\"]}]},{\"@type\":\"WebPage\",\"@id\":\"https:\\\/\\\/nbcs.mx\\\/?p=136333\",\"url\":\"https:\\\/\\\/nbcs.mx\\\/?p=136333\",\"name\":\"Se compromete Christian Ag\u00fandez a mejorar imagen tur\u00edstica de Los Cabos - NBCS Noticias\",\"isPartOf\":{\"@id\":\"https:\\\/\\\/nbcs.mx\\\/#website\"},\"primaryImageOfPage\":{\"@id\":\"https:\\\/\\\/nbcs.mx\\\/?p=136333#primaryimage\"},\"image\":{\"@id\":\"https:\\\/\\\/nbcs.mx\\\/?p=136333#primaryimage\"},\"thumbnailUrl\":\"https:\\\/\\\/nbcs.mx\\\/wp-content\\\/uploads\\\/2024\\\/04\\\/elinformantebcs.mx-christian-agundez-1-3-1024x538-1.jpg\",\"datePublished\":\"2024-04-28T03:48:10+00:00\",\"breadcrumb\":{\"@id\":\"https:\\\/\\\/nbcs.mx\\\/?p=136333#breadcrumb\"},\"inLanguage\":\"es\",\"potentialAction\":[{\"@type\":\"ReadAction\",\"target\":[\"https:\\\/\\\/nbcs.mx\\\/?p=136333\"]}]},{\"@type\":\"ImageObject\",\"inLanguage\":\"es\",\"@id\":\"https:\\\/\\\/nbcs.mx\\\/?p=136333#primaryimage\",\"url\":\"https:\\\/\\\/nbcs.mx\\\/wp-content\\\/uploads\\\/2024\\\/04\\\/elinformantebcs.mx-christian-agundez-1-3-1024x538-1.jpg\",\"contentUrl\":\"https:\\\/\\\/nbcs.mx\\\/wp-content\\\/uploads\\\/2024\\\/04\\\/elinformantebcs.mx-christian-agundez-1-3-1024x538-1.jpg\",\"width\":1024,\"height\":538},{\"@type\":\"BreadcrumbList\",\"@id\":\"https:\\\/\\\/nbcs.mx\\\/?p=136333#breadcrumb\",\"itemListElement\":[{\"@type\":\"ListItem\",\"position\":1,\"name\":\"Portada\",\"item\":\"https:\\\/\\\/nbcs.mx\\\/\"},{\"@type\":\"ListItem\",\"position\":2,\"name\":\"Se compromete Christian Ag\u00fandez a mejorar imagen tur\u00edstica de Los Cabos\"}]},{\"@type\":\"WebSite\",\"@id\":\"https:\\\/\\\/nbcs.mx\\\/#website\",\"url\":\"https:\\\/\\\/nbcs.mx\\\/\",\"name\":\"NBCS Noticias\",\"description\":\"Sitio web de noticias en Baja California Sur\",\"publisher\":{\"@id\":\"https:\\\/\\\/nbcs.mx\\\/#organization\"},\"potentialAction\":[{\"@type\":\"SearchAction\",\"target\":{\"@type\":\"EntryPoint\",\"urlTemplate\":\"https:\\\/\\\/nbcs.mx\\\/?s={search_term_string}\"},\"query-input\":{\"@type\":\"PropertyValueSpecification\",\"valueRequired\":true,\"valueName\":\"search_term_string\"}}],\"inLanguage\":\"es\"},{\"@type\":\"Organization\",\"@id\":\"https:\\\/\\\/nbcs.mx\\\/#organization\",\"name\":\"NBCS Noticias\",\"url\":\"https:\\\/\\\/nbcs.mx\\\/\",\"logo\":{\"@type\":\"ImageObject\",\"inLanguage\":\"es\",\"@id\":\"https:\\\/\\\/nbcs.mx\\\/#\\\/schema\\\/logo\\\/image\\\/\",\"url\":\"https:\\\/\\\/nbcs.mx\\\/wp-content\\\/uploads\\\/2018\\\/09\\\/057b69485e93575a5c2b1c1dde2dd297.jpeg\",\"contentUrl\":\"https:\\\/\\\/nbcs.mx\\\/wp-content\\\/uploads\\\/2018\\\/09\\\/057b69485e93575a5c2b1c1dde2dd297.jpeg\",\"width\":64,\"height\":64,\"caption\":\"NBCS Noticias\"},\"image\":{\"@id\":\"https:\\\/\\\/nbcs.mx\\\/#\\\/schema\\\/logo\\\/image\\\/\"},\"sameAs\":[\"https:\\\/\\\/www.facebook.com\\\/NBCSnoticias\",\"https:\\\/\\\/x.com\\\/NBCSnoticias\"]},{\"@type\":\"Person\",\"@id\":\"https:\\\/\\\/nbcs.mx\\\/#\\\/schema\\\/person\\\/ece58bab9a7c1e87a4d28ec9ecd79ff4\",\"name\":\"NBCS Noticias\",\"image\":{\"@type\":\"ImageObject\",\"inLanguage\":\"es\",\"@id\":\"https:\\\/\\\/secure.gravatar.com\\\/avatar\\\/4e52110cad1c4054b43271a0d14bbe9e2ea76aecd0e1097edfc670798d9ca1d4?s=96&d=blank&r=g\",\"url\":\"https:\\\/\\\/secure.gravatar.com\\\/avatar\\\/4e52110cad1c4054b43271a0d14bbe9e2ea76aecd0e1097edfc670798d9ca1d4?s=96&d=blank&r=g\",\"contentUrl\":\"https:\\\/\\\/secure.gravatar.com\\\/avatar\\\/4e52110cad1c4054b43271a0d14bbe9e2ea76aecd0e1097edfc670798d9ca1d4?s=96&d=blank&r=g\",\"caption\":\"NBCS Noticias\"},\"description\":\"\u00bfTienes fotos o video de alg\u00fan acto de posible negligencia, corrupci\u00f3n y abuso de autoridad? M\u00e1ndalo al WhatsApp de NBCS Noticias: 612 141 98 08\",\"sameAs\":[\"https:\\\/\\\/www.nbcs.mx\",\"https:\\\/\\\/www.facebook.com\\\/NBCSnoticias\",\"https:\\\/\\\/www.instagram.com\\\/nbcsnoticias\\\/\",\"https:\\\/\\\/x.com\\\/https:\\\/\\\/twitter.com\\\/NBCSnoticias\"]}]}<\/script>\n<!-- \/ Yoast SEO plugin. -->","yoast_head_json":{"title":"Se compromete Christian Ag\u00fandez a mejorar imagen tur\u00edstica de Los Cabos - NBCS Noticias","robots":{"index":"index","follow":"follow","max-snippet":"max-snippet:-1","max-image-preview":"max-image-preview:large","max-video-preview":"max-video-preview:-1"},"canonical":"https:\/\/nbcs.mx\/?p=136333","og_locale":"es_ES","og_type":"article","og_title":"Se compromete Christian Ag\u00fandez a mejorar imagen tur\u00edstica de Los Cabos - NBCS Noticias","og_description":"Durante la reuni\u00f3n con el Colegio de Ingenieros Civiles Siglo XXI de\u00a0Baja California Sur\u00a0(BCS), el candidato a la alcald\u00eda de\u00a0Los","og_url":"https:\/\/nbcs.mx\/?p=136333","og_site_name":"NBCS Noticias","article_publisher":"https:\/\/www.facebook.com\/NBCSnoticias","article_author":"https:\/\/www.facebook.com\/NBCSnoticias","article_published_time":"2024-04-28T03:48:10+00:00","og_image":[{"width":1024,"height":538,"url":"https:\/\/nbcs.mx\/wp-content\/uploads\/2024\/04\/elinformantebcs.mx-christian-agundez-1-3-1024x538-1.jpg","type":"image\/jpeg"}],"author":"NBCS Noticias","twitter_card":"summary_large_image","twitter_creator":"@https:\/\/twitter.com\/NBCSnoticias","twitter_site":"@NBCSnoticias","twitter_misc":{"Escrito por":"NBCS Noticias","Tiempo de lectura":"2 minutos"},"schema":{"@context":"https:\/\/schema.org","@graph":[{"@type":"Article","@id":"https:\/\/nbcs.mx\/?p=136333#article","isPartOf":{"@id":"https:\/\/nbcs.mx\/?p=136333"},"author":{"name":"NBCS Noticias","@id":"https:\/\/nbcs.mx\/#\/schema\/person\/ece58bab9a7c1e87a4d28ec9ecd79ff4"},"headline":"Se compromete Christian Ag\u00fandez a mejorar imagen tur\u00edstica de Los Cabos","datePublished":"2024-04-28T03:48:10+00:00","mainEntityOfPage":{"@id":"https:\/\/nbcs.mx\/?p=136333"},"wordCount":270,"commentCount":0,"publisher":{"@id":"https:\/\/nbcs.mx\/#organization"},"image":{"@id":"https:\/\/nbcs.mx\/?p=136333#primaryimage"},"thumbnailUrl":"https:\/\/nbcs.mx\/wp-content\/uploads\/2024\/04\/elinformantebcs.mx-christian-agundez-1-3-1024x538-1.jpg","articleSection":["Elecciones 2024"],"inLanguage":"es","potentialAction":[{"@type":"CommentAction","name":"Comment","target":["https:\/\/nbcs.mx\/?p=136333#respond"]}]},{"@type":"WebPage","@id":"https:\/\/nbcs.mx\/?p=136333","url":"https:\/\/nbcs.mx\/?p=136333","name":"Se compromete Christian Ag\u00fandez a mejorar imagen tur\u00edstica de Los Cabos - NBCS Noticias","isPartOf":{"@id":"https:\/\/nbcs.mx\/#website"},"primaryImageOfPage":{"@id":"https:\/\/nbcs.mx\/?p=136333#primaryimage"},"image":{"@id":"https:\/\/nbcs.mx\/?p=136333#primaryimage"},"thumbnailUrl":"https:\/\/nbcs.mx\/wp-content\/uploads\/2024\/04\/elinformantebcs.mx-christian-agundez-1-3-1024x538-1.jpg","datePublished":"2024-04-28T03:48:10+00:00","breadcrumb":{"@id":"https:\/\/nbcs.mx\/?p=136333#breadcrumb"},"inLanguage":"es","potentialAction":[{"@type":"ReadAction","target":["https:\/\/nbcs.mx\/?p=136333"]}]},{"@type":"ImageObject","inLanguage":"es","@id":"https:\/\/nbcs.mx\/?p=136333#primaryimage","url":"https:\/\/nbcs.mx\/wp-content\/uploads\/2024\/04\/elinformantebcs.mx-christian-agundez-1-3-1024x538-1.jpg","contentUrl":"https:\/\/nbcs.mx\/wp-content\/uploads\/2024\/04\/elinformantebcs.mx-christian-agundez-1-3-1024x538-1.jpg","width":1024,"height":538},{"@type":"BreadcrumbList","@id":"https:\/\/nbcs.mx\/?p=136333#breadcrumb","itemListElement":[{"@type":"ListItem","position":1,"name":"Portada","item":"https:\/\/nbcs.mx\/"},{"@type":"ListItem","position":2,"name":"Se compromete Christian Ag\u00fandez a mejorar imagen tur\u00edstica de Los Cabos"}]},{"@type":"WebSite","@id":"https:\/\/nbcs.mx\/#website","url":"https:\/\/nbcs.mx\/","name":"NBCS Noticias","description":"Sitio web de noticias en Baja California Sur","publisher":{"@id":"https:\/\/nbcs.mx\/#organization"},"potentialAction":[{"@type":"SearchAction","target":{"@type":"EntryPoint","urlTemplate":"https:\/\/nbcs.mx\/?s={search_term_string}"},"query-input":{"@type":"PropertyValueSpecification","valueRequired":true,"valueName":"search_term_string"}}],"inLanguage":"es"},{"@type":"Organization","@id":"https:\/\/nbcs.mx\/#organization","name":"NBCS Noticias","url":"https:\/\/nbcs.mx\/","logo":{"@type":"ImageObject","inLanguage":"es","@id":"https:\/\/nbcs.mx\/#\/schema\/logo\/image\/","url":"https:\/\/nbcs.mx\/wp-content\/uploads\/2018\/09\/057b69485e93575a5c2b1c1dde2dd297.jpeg","contentUrl":"https:\/\/nbcs.mx\/wp-content\/uploads\/2018\/09\/057b69485e93575a5c2b1c1dde2dd297.jpeg","width":64,"height":64,"caption":"NBCS Noticias"},"image":{"@id":"https:\/\/nbcs.mx\/#\/schema\/logo\/image\/"},"sameAs":["https:\/\/www.facebook.com\/NBCSnoticias","https:\/\/x.com\/NBCSnoticias"]},{"@type":"Person","@id":"https:\/\/nbcs.mx\/#\/schema\/person\/ece58bab9a7c1e87a4d28ec9ecd79ff4","name":"NBCS Noticias","image":{"@type":"ImageObject","inLanguage":"es","@id":"https:\/\/secure.gravatar.com\/avatar\/4e52110cad1c4054b43271a0d14bbe9e2ea76aecd0e1097edfc670798d9ca1d4?s=96&d=blank&r=g","url":"https:\/\/secure.gravatar.com\/avatar\/4e52110cad1c4054b43271a0d14bbe9e2ea76aecd0e1097edfc670798d9ca1d4?s=96&d=blank&r=g","contentUrl":"https:\/\/secure.gravatar.com\/avatar\/4e52110cad1c4054b43271a0d14bbe9e2ea76aecd0e1097edfc670798d9ca1d4?s=96&d=blank&r=g","caption":"NBCS Noticias"},"description":"\u00bfTienes fotos o video de alg\u00fan acto de posible negligencia, corrupci\u00f3n y abuso de autoridad? M\u00e1ndalo al WhatsApp de NBCS Noticias: 612 141 98 08","sameAs":["https:\/\/www.nbcs.mx","https:\/\/www.facebook.com\/NBCSnoticias","https:\/\/www.instagram.com\/nbcsnoticias\/","https:\/\/x.com\/https:\/\/twitter.com\/NBCSnoticias"]}]}},"jetpack_publicize_connections":[],"jetpack_featured_media_url":"https:\/\/nbcs.mx\/wp-content\/uploads\/2024\/04\/elinformantebcs.mx-christian-agundez-1-3-1024x538-1.jpg","jetpack_sharing_enabled":true,"_links":{"self":[{"href":"https:\/\/nbcs.mx\/index.php?rest_route=\/wp\/v2\/posts\/136333","targetHints":{"allow":["GET"]}}],"collection":[{"href":"https:\/\/nbcs.mx\/index.php?rest_route=\/wp\/v2\/posts"}],"about":[{"href":"https:\/\/nbcs.mx\/index.php?rest_route=\/wp\/v2\/types\/post"}],"author":[{"embeddable":true,"href":"https:\/\/nbcs.mx\/index.php?rest_route=\/wp\/v2\/users\/1"}],"replies":[{"embeddable":true,"href":"https:\/\/nbcs.mx\/index.php?rest_route=%2Fwp%2Fv2%2Fcomments&post=136333"}],"version-history":[{"count":1,"href":"https:\/\/nbcs.mx\/index.php?rest_route=\/wp\/v2\/posts\/136333\/revisions"}],"predecessor-version":[{"id":136335,"href":"https:\/\/nbcs.mx\/index.php?rest_route=\/wp\/v2\/posts\/136333\/revisions\/136335"}],"wp:featuredmedia":[{"embeddable":true,"href":"https:\/\/nbcs.mx\/index.php?rest_route=\/wp\/v2\/media\/136334"}],"wp:attachment":[{"href":"https:\/\/nbcs.mx\/index.php?rest_route=%2Fwp%2Fv2%2Fmedia&parent=136333"}],"wp:term":[{"taxonomy":"category","embeddable":true,"href":"https:\/\/nbcs.mx\/index.php?rest_route=%2Fwp%2Fv2%2Fcategories&post=136333"},{"taxonomy":"post_tag","embeddable":true,"href":"https:\/\/nbcs.mx\/index.php?rest_route=%2Fwp%2Fv2%2Ftags&post=136333"}],"curies":[{"name":"wp","href":"https:\/\/api.w.org\/{rel}","templated":true}]}}