{"id":136419,"date":"2024-04-30T22:51:17","date_gmt":"2024-05-01T04:51:17","guid":{"rendered":"https:\/\/nbcs.mx\/?p=136419"},"modified":"2024-04-30T22:51:17","modified_gmt":"2024-05-01T04:51:17","slug":"instalan-comision-conmemorativa-del-75-aniversario-del-valle-de-santo-domingo","status":"publish","type":"post","link":"https:\/\/nbcs.mx\/?p=136419","title":{"rendered":"Instalan Comisi\u00f3n Conmemorativa del 75 Aniversario del Valle de Santo Domingo"},"content":{"rendered":"<p style=\"font-weight: 400; text-align: justify;\"><img loading=\"lazy\" decoding=\"async\" class=\" wp-image-136420 alignleft\" src=\"https:\/\/nbcs.mx\/wp-content\/uploads\/2024\/04\/FOTO-BOLETIN-SGG-COMISION-755x448.jpeg\" alt=\"\" width=\"329\" height=\"195\" srcset=\"https:\/\/nbcs.mx\/wp-content\/uploads\/2024\/04\/FOTO-BOLETIN-SGG-COMISION-755x448.jpeg 755w, https:\/\/nbcs.mx\/wp-content\/uploads\/2024\/04\/FOTO-BOLETIN-SGG-COMISION-1024x607.jpeg 1024w, https:\/\/nbcs.mx\/wp-content\/uploads\/2024\/04\/FOTO-BOLETIN-SGG-COMISION-150x89.jpeg 150w, https:\/\/nbcs.mx\/wp-content\/uploads\/2024\/04\/FOTO-BOLETIN-SGG-COMISION-768x456.jpeg 768w, https:\/\/nbcs.mx\/wp-content\/uploads\/2024\/04\/FOTO-BOLETIN-SGG-COMISION-1536x911.jpeg 1536w, https:\/\/nbcs.mx\/wp-content\/uploads\/2024\/04\/FOTO-BOLETIN-SGG-COMISION-2048x1215.jpeg 2048w\" sizes=\"auto, (max-width: 329px) 100vw, 329px\" \/>El Subsecretario General de Gobierno, llev\u00f3 a cabo la instalaci\u00f3n y toma de protesta de las y los integrantes de la Comisi\u00f3n Conmemorativa del 75 Aniversario de la publicaci\u00f3n del Acuerdo de Colonizaci\u00f3n del Valle de Santo Domingo, quienes ser\u00e1n los encargados de realizar las gestiones y organizar las festividades tradicionales del 23 al 26 de mayo, iniciando con el aniversario de la comunidad Mar\u00eda Auxiliadora, municipio de Comond\u00fa.<\/p>\n<p style=\"font-weight: 400; text-align: justify;\">\n<p style=\"font-weight: 400; text-align: justify;\">Acompa\u00f1ado del Director General del Instituto Sudcaliforniano de Cultura (ISC), el Subsecretario General de Gobierno, mencion\u00f3 que estas acciones son parte de la conservaci\u00f3n de las costumbres y tradiciones de los pueblos de Baja California Sur, los cuales adem\u00e1s de ser parte de la historia e inicio de lo que hoy es el estado, son parte de la identidad sudcaliforniana. A trav\u00e9s de este tipo de actividades el Gobierno estatal busca rescatar or\u00edgenes de nuestras comunidades, de la gente y la cultura.<\/p>\n<p style=\"font-weight: 400; text-align: justify;\">\n<p style=\"font-weight: 400; text-align: justify;\">Por su parte, el representante del Valle de Santo Domingo, destac\u00f3 la importancia de retomar este tipo de eventos, ya que contribuye tambi\u00e9n a la reactivaci\u00f3n econ\u00f3mica de las familias y del propio turismo en esta zona.<\/p>\n<p style=\"font-weight: 400; text-align: justify;\">\n<p style=\"font-weight: 400; text-align: justify;\">En este sentido, qued\u00f3 establecido que la Secretar\u00eda General y la Subsecretar\u00eda General de Gobierno en colaboraci\u00f3n con el Ayuntamiento de Comond\u00fa, ISC, Secretar\u00eda de Pesca, Acuacultura y Desarrollo Agropecuario, Instituto Estatal de Radio y Televisi\u00f3n y habitantes representantes del Valle de Santo Domingo, ser\u00e1n los encargados de realizar la log\u00edstica del programa art\u00edstico-cultural.<\/p>\n<p style=\"font-weight: 400; text-align: justify;\">\n<p style=\"font-weight: 400; text-align: justify;\">Finalmente, el Subsecretario General de Gobierno, precis\u00f3 que esta instalaci\u00f3n marca el inicio del trabajo conjunto en la organizaci\u00f3n de este tipo de eventos, en los cuales se buscar\u00e1 resaltar la importancia hist\u00f3rica del Acuerdo de Colonizaci\u00f3n del Valle de Santo Domingo, rendir con ello un homenaje a su legado.<\/p>\n","protected":false},"excerpt":{"rendered":"<p>El Subsecretario General de Gobierno, llev\u00f3 a cabo la instalaci\u00f3n y toma de protesta de las y los integrantes de<\/p>\n","protected":false},"author":1,"featured_media":136420,"comment_status":"open","ping_status":"closed","sticky":false,"template":"","format":"standard","meta":{"colormag_page_container_layout":"default_layout","colormag_page_sidebar_layout":"default_layout","_jetpack_memberships_contains_paid_content":false,"footnotes":"","jetpack_publicize_message":"","jetpack_publicize_feature_enabled":true,"jetpack_social_post_already_shared":true,"jetpack_social_options":{"image_generator_settings":{"template":"highway","default_image_id":0,"font":"","enabled":false},"version":2}},"categories":[1],"tags":[],"class_list":["post-136419","post","type-post","status-publish","format-standard","has-post-thumbnail","hentry","category-noticias"],"yoast_head":"<!-- This site is optimized with the Yoast SEO plugin v27.5 - https:\/\/yoast.com\/product\/yoast-seo-wordpress\/ -->\n<title>Instalan Comisi\u00f3n Conmemorativa del 75 Aniversario del Valle de Santo Domingo - NBCS Noticias<\/title>\n<meta name=\"robots\" content=\"index, follow, max-snippet:-1, max-image-preview:large, max-video-preview:-1\" \/>\n<link rel=\"canonical\" href=\"https:\/\/nbcs.mx\/?p=136419\" \/>\n<meta property=\"og:locale\" content=\"es_ES\" \/>\n<meta property=\"og:type\" content=\"article\" \/>\n<meta property=\"og:title\" content=\"Instalan Comisi\u00f3n Conmemorativa del 75 Aniversario del Valle de Santo Domingo - NBCS Noticias\" \/>\n<meta property=\"og:description\" content=\"El Subsecretario General de Gobierno, llev\u00f3 a cabo la instalaci\u00f3n y toma de protesta de las y los integrantes de\" \/>\n<meta property=\"og:url\" content=\"https:\/\/nbcs.mx\/?p=136419\" \/>\n<meta property=\"og:site_name\" content=\"NBCS Noticias\" \/>\n<meta property=\"article:publisher\" content=\"https:\/\/www.facebook.com\/NBCSnoticias\" \/>\n<meta property=\"article:author\" content=\"https:\/\/www.facebook.com\/NBCSnoticias\" \/>\n<meta property=\"article:published_time\" content=\"2024-05-01T04:51:17+00:00\" \/>\n<meta property=\"og:image\" content=\"https:\/\/nbcs.mx\/wp-content\/uploads\/2024\/04\/FOTO-BOLETIN-SGG-COMISION-scaled.jpeg\" \/>\n\t<meta property=\"og:image:width\" content=\"2560\" \/>\n\t<meta property=\"og:image:height\" content=\"1519\" \/>\n\t<meta property=\"og:image:type\" content=\"image\/jpeg\" \/>\n<meta name=\"author\" content=\"NBCS Noticias\" \/>\n<meta name=\"twitter:card\" content=\"summary_large_image\" \/>\n<meta name=\"twitter:creator\" content=\"@https:\/\/twitter.com\/NBCSnoticias\" \/>\n<meta name=\"twitter:site\" content=\"@NBCSnoticias\" \/>\n<meta name=\"twitter:label1\" content=\"Escrito por\" \/>\n\t<meta name=\"twitter:data1\" content=\"NBCS Noticias\" \/>\n\t<meta name=\"twitter:label2\" content=\"Tiempo de lectura\" \/>\n\t<meta name=\"twitter:data2\" content=\"2 minutos\" \/>\n<script type=\"application\/ld+json\" class=\"yoast-schema-graph\">{\"@context\":\"https:\\\/\\\/schema.org\",\"@graph\":[{\"@type\":\"Article\",\"@id\":\"https:\\\/\\\/nbcs.mx\\\/?p=136419#article\",\"isPartOf\":{\"@id\":\"https:\\\/\\\/nbcs.mx\\\/?p=136419\"},\"author\":{\"name\":\"NBCS Noticias\",\"@id\":\"https:\\\/\\\/nbcs.mx\\\/#\\\/schema\\\/person\\\/ece58bab9a7c1e87a4d28ec9ecd79ff4\"},\"headline\":\"Instalan Comisi\u00f3n Conmemorativa del 75 Aniversario del Valle de Santo Domingo\",\"datePublished\":\"2024-05-01T04:51:17+00:00\",\"mainEntityOfPage\":{\"@id\":\"https:\\\/\\\/nbcs.mx\\\/?p=136419\"},\"wordCount\":326,\"commentCount\":0,\"publisher\":{\"@id\":\"https:\\\/\\\/nbcs.mx\\\/#organization\"},\"image\":{\"@id\":\"https:\\\/\\\/nbcs.mx\\\/?p=136419#primaryimage\"},\"thumbnailUrl\":\"https:\\\/\\\/nbcs.mx\\\/wp-content\\\/uploads\\\/2024\\\/04\\\/FOTO-BOLETIN-SGG-COMISION-scaled.jpeg\",\"articleSection\":[\"Noticias\"],\"inLanguage\":\"es\",\"potentialAction\":[{\"@type\":\"CommentAction\",\"name\":\"Comment\",\"target\":[\"https:\\\/\\\/nbcs.mx\\\/?p=136419#respond\"]}]},{\"@type\":\"WebPage\",\"@id\":\"https:\\\/\\\/nbcs.mx\\\/?p=136419\",\"url\":\"https:\\\/\\\/nbcs.mx\\\/?p=136419\",\"name\":\"Instalan Comisi\u00f3n Conmemorativa del 75 Aniversario del Valle de Santo Domingo - NBCS Noticias\",\"isPartOf\":{\"@id\":\"https:\\\/\\\/nbcs.mx\\\/#website\"},\"primaryImageOfPage\":{\"@id\":\"https:\\\/\\\/nbcs.mx\\\/?p=136419#primaryimage\"},\"image\":{\"@id\":\"https:\\\/\\\/nbcs.mx\\\/?p=136419#primaryimage\"},\"thumbnailUrl\":\"https:\\\/\\\/nbcs.mx\\\/wp-content\\\/uploads\\\/2024\\\/04\\\/FOTO-BOLETIN-SGG-COMISION-scaled.jpeg\",\"datePublished\":\"2024-05-01T04:51:17+00:00\",\"breadcrumb\":{\"@id\":\"https:\\\/\\\/nbcs.mx\\\/?p=136419#breadcrumb\"},\"inLanguage\":\"es\",\"potentialAction\":[{\"@type\":\"ReadAction\",\"target\":[\"https:\\\/\\\/nbcs.mx\\\/?p=136419\"]}]},{\"@type\":\"ImageObject\",\"inLanguage\":\"es\",\"@id\":\"https:\\\/\\\/nbcs.mx\\\/?p=136419#primaryimage\",\"url\":\"https:\\\/\\\/nbcs.mx\\\/wp-content\\\/uploads\\\/2024\\\/04\\\/FOTO-BOLETIN-SGG-COMISION-scaled.jpeg\",\"contentUrl\":\"https:\\\/\\\/nbcs.mx\\\/wp-content\\\/uploads\\\/2024\\\/04\\\/FOTO-BOLETIN-SGG-COMISION-scaled.jpeg\",\"width\":2560,\"height\":1519},{\"@type\":\"BreadcrumbList\",\"@id\":\"https:\\\/\\\/nbcs.mx\\\/?p=136419#breadcrumb\",\"itemListElement\":[{\"@type\":\"ListItem\",\"position\":1,\"name\":\"Portada\",\"item\":\"https:\\\/\\\/nbcs.mx\\\/\"},{\"@type\":\"ListItem\",\"position\":2,\"name\":\"Instalan Comisi\u00f3n Conmemorativa del 75 Aniversario del Valle de Santo Domingo\"}]},{\"@type\":\"WebSite\",\"@id\":\"https:\\\/\\\/nbcs.mx\\\/#website\",\"url\":\"https:\\\/\\\/nbcs.mx\\\/\",\"name\":\"NBCS Noticias\",\"description\":\"Sitio web de noticias en Baja California Sur\",\"publisher\":{\"@id\":\"https:\\\/\\\/nbcs.mx\\\/#organization\"},\"potentialAction\":[{\"@type\":\"SearchAction\",\"target\":{\"@type\":\"EntryPoint\",\"urlTemplate\":\"https:\\\/\\\/nbcs.mx\\\/?s={search_term_string}\"},\"query-input\":{\"@type\":\"PropertyValueSpecification\",\"valueRequired\":true,\"valueName\":\"search_term_string\"}}],\"inLanguage\":\"es\"},{\"@type\":\"Organization\",\"@id\":\"https:\\\/\\\/nbcs.mx\\\/#organization\",\"name\":\"NBCS Noticias\",\"url\":\"https:\\\/\\\/nbcs.mx\\\/\",\"logo\":{\"@type\":\"ImageObject\",\"inLanguage\":\"es\",\"@id\":\"https:\\\/\\\/nbcs.mx\\\/#\\\/schema\\\/logo\\\/image\\\/\",\"url\":\"https:\\\/\\\/nbcs.mx\\\/wp-content\\\/uploads\\\/2018\\\/09\\\/057b69485e93575a5c2b1c1dde2dd297.jpeg\",\"contentUrl\":\"https:\\\/\\\/nbcs.mx\\\/wp-content\\\/uploads\\\/2018\\\/09\\\/057b69485e93575a5c2b1c1dde2dd297.jpeg\",\"width\":64,\"height\":64,\"caption\":\"NBCS Noticias\"},\"image\":{\"@id\":\"https:\\\/\\\/nbcs.mx\\\/#\\\/schema\\\/logo\\\/image\\\/\"},\"sameAs\":[\"https:\\\/\\\/www.facebook.com\\\/NBCSnoticias\",\"https:\\\/\\\/x.com\\\/NBCSnoticias\"]},{\"@type\":\"Person\",\"@id\":\"https:\\\/\\\/nbcs.mx\\\/#\\\/schema\\\/person\\\/ece58bab9a7c1e87a4d28ec9ecd79ff4\",\"name\":\"NBCS Noticias\",\"image\":{\"@type\":\"ImageObject\",\"inLanguage\":\"es\",\"@id\":\"https:\\\/\\\/secure.gravatar.com\\\/avatar\\\/4e52110cad1c4054b43271a0d14bbe9e2ea76aecd0e1097edfc670798d9ca1d4?s=96&d=blank&r=g\",\"url\":\"https:\\\/\\\/secure.gravatar.com\\\/avatar\\\/4e52110cad1c4054b43271a0d14bbe9e2ea76aecd0e1097edfc670798d9ca1d4?s=96&d=blank&r=g\",\"contentUrl\":\"https:\\\/\\\/secure.gravatar.com\\\/avatar\\\/4e52110cad1c4054b43271a0d14bbe9e2ea76aecd0e1097edfc670798d9ca1d4?s=96&d=blank&r=g\",\"caption\":\"NBCS Noticias\"},\"description\":\"\u00bfTienes fotos o video de alg\u00fan acto de posible negligencia, corrupci\u00f3n y abuso de autoridad? M\u00e1ndalo al WhatsApp de NBCS Noticias: 612 141 98 08\",\"sameAs\":[\"https:\\\/\\\/www.nbcs.mx\",\"https:\\\/\\\/www.facebook.com\\\/NBCSnoticias\",\"https:\\\/\\\/www.instagram.com\\\/nbcsnoticias\\\/\",\"https:\\\/\\\/x.com\\\/https:\\\/\\\/twitter.com\\\/NBCSnoticias\"]}]}<\/script>\n<!-- \/ Yoast SEO plugin. -->","yoast_head_json":{"title":"Instalan Comisi\u00f3n Conmemorativa del 75 Aniversario del Valle de Santo Domingo - NBCS Noticias","robots":{"index":"index","follow":"follow","max-snippet":"max-snippet:-1","max-image-preview":"max-image-preview:large","max-video-preview":"max-video-preview:-1"},"canonical":"https:\/\/nbcs.mx\/?p=136419","og_locale":"es_ES","og_type":"article","og_title":"Instalan Comisi\u00f3n Conmemorativa del 75 Aniversario del Valle de Santo Domingo - NBCS Noticias","og_description":"El Subsecretario General de Gobierno, llev\u00f3 a cabo la instalaci\u00f3n y toma de protesta de las y los integrantes de","og_url":"https:\/\/nbcs.mx\/?p=136419","og_site_name":"NBCS Noticias","article_publisher":"https:\/\/www.facebook.com\/NBCSnoticias","article_author":"https:\/\/www.facebook.com\/NBCSnoticias","article_published_time":"2024-05-01T04:51:17+00:00","og_image":[{"width":2560,"height":1519,"url":"https:\/\/nbcs.mx\/wp-content\/uploads\/2024\/04\/FOTO-BOLETIN-SGG-COMISION-scaled.jpeg","type":"image\/jpeg"}],"author":"NBCS Noticias","twitter_card":"summary_large_image","twitter_creator":"@https:\/\/twitter.com\/NBCSnoticias","twitter_site":"@NBCSnoticias","twitter_misc":{"Escrito por":"NBCS Noticias","Tiempo de lectura":"2 minutos"},"schema":{"@context":"https:\/\/schema.org","@graph":[{"@type":"Article","@id":"https:\/\/nbcs.mx\/?p=136419#article","isPartOf":{"@id":"https:\/\/nbcs.mx\/?p=136419"},"author":{"name":"NBCS Noticias","@id":"https:\/\/nbcs.mx\/#\/schema\/person\/ece58bab9a7c1e87a4d28ec9ecd79ff4"},"headline":"Instalan Comisi\u00f3n Conmemorativa del 75 Aniversario del Valle de Santo Domingo","datePublished":"2024-05-01T04:51:17+00:00","mainEntityOfPage":{"@id":"https:\/\/nbcs.mx\/?p=136419"},"wordCount":326,"commentCount":0,"publisher":{"@id":"https:\/\/nbcs.mx\/#organization"},"image":{"@id":"https:\/\/nbcs.mx\/?p=136419#primaryimage"},"thumbnailUrl":"https:\/\/nbcs.mx\/wp-content\/uploads\/2024\/04\/FOTO-BOLETIN-SGG-COMISION-scaled.jpeg","articleSection":["Noticias"],"inLanguage":"es","potentialAction":[{"@type":"CommentAction","name":"Comment","target":["https:\/\/nbcs.mx\/?p=136419#respond"]}]},{"@type":"WebPage","@id":"https:\/\/nbcs.mx\/?p=136419","url":"https:\/\/nbcs.mx\/?p=136419","name":"Instalan Comisi\u00f3n Conmemorativa del 75 Aniversario del Valle de Santo Domingo - NBCS Noticias","isPartOf":{"@id":"https:\/\/nbcs.mx\/#website"},"primaryImageOfPage":{"@id":"https:\/\/nbcs.mx\/?p=136419#primaryimage"},"image":{"@id":"https:\/\/nbcs.mx\/?p=136419#primaryimage"},"thumbnailUrl":"https:\/\/nbcs.mx\/wp-content\/uploads\/2024\/04\/FOTO-BOLETIN-SGG-COMISION-scaled.jpeg","datePublished":"2024-05-01T04:51:17+00:00","breadcrumb":{"@id":"https:\/\/nbcs.mx\/?p=136419#breadcrumb"},"inLanguage":"es","potentialAction":[{"@type":"ReadAction","target":["https:\/\/nbcs.mx\/?p=136419"]}]},{"@type":"ImageObject","inLanguage":"es","@id":"https:\/\/nbcs.mx\/?p=136419#primaryimage","url":"https:\/\/nbcs.mx\/wp-content\/uploads\/2024\/04\/FOTO-BOLETIN-SGG-COMISION-scaled.jpeg","contentUrl":"https:\/\/nbcs.mx\/wp-content\/uploads\/2024\/04\/FOTO-BOLETIN-SGG-COMISION-scaled.jpeg","width":2560,"height":1519},{"@type":"BreadcrumbList","@id":"https:\/\/nbcs.mx\/?p=136419#breadcrumb","itemListElement":[{"@type":"ListItem","position":1,"name":"Portada","item":"https:\/\/nbcs.mx\/"},{"@type":"ListItem","position":2,"name":"Instalan Comisi\u00f3n Conmemorativa del 75 Aniversario del Valle de Santo Domingo"}]},{"@type":"WebSite","@id":"https:\/\/nbcs.mx\/#website","url":"https:\/\/nbcs.mx\/","name":"NBCS Noticias","description":"Sitio web de noticias en Baja California Sur","publisher":{"@id":"https:\/\/nbcs.mx\/#organization"},"potentialAction":[{"@type":"SearchAction","target":{"@type":"EntryPoint","urlTemplate":"https:\/\/nbcs.mx\/?s={search_term_string}"},"query-input":{"@type":"PropertyValueSpecification","valueRequired":true,"valueName":"search_term_string"}}],"inLanguage":"es"},{"@type":"Organization","@id":"https:\/\/nbcs.mx\/#organization","name":"NBCS Noticias","url":"https:\/\/nbcs.mx\/","logo":{"@type":"ImageObject","inLanguage":"es","@id":"https:\/\/nbcs.mx\/#\/schema\/logo\/image\/","url":"https:\/\/nbcs.mx\/wp-content\/uploads\/2018\/09\/057b69485e93575a5c2b1c1dde2dd297.jpeg","contentUrl":"https:\/\/nbcs.mx\/wp-content\/uploads\/2018\/09\/057b69485e93575a5c2b1c1dde2dd297.jpeg","width":64,"height":64,"caption":"NBCS Noticias"},"image":{"@id":"https:\/\/nbcs.mx\/#\/schema\/logo\/image\/"},"sameAs":["https:\/\/www.facebook.com\/NBCSnoticias","https:\/\/x.com\/NBCSnoticias"]},{"@type":"Person","@id":"https:\/\/nbcs.mx\/#\/schema\/person\/ece58bab9a7c1e87a4d28ec9ecd79ff4","name":"NBCS Noticias","image":{"@type":"ImageObject","inLanguage":"es","@id":"https:\/\/secure.gravatar.com\/avatar\/4e52110cad1c4054b43271a0d14bbe9e2ea76aecd0e1097edfc670798d9ca1d4?s=96&d=blank&r=g","url":"https:\/\/secure.gravatar.com\/avatar\/4e52110cad1c4054b43271a0d14bbe9e2ea76aecd0e1097edfc670798d9ca1d4?s=96&d=blank&r=g","contentUrl":"https:\/\/secure.gravatar.com\/avatar\/4e52110cad1c4054b43271a0d14bbe9e2ea76aecd0e1097edfc670798d9ca1d4?s=96&d=blank&r=g","caption":"NBCS Noticias"},"description":"\u00bfTienes fotos o video de alg\u00fan acto de posible negligencia, corrupci\u00f3n y abuso de autoridad? M\u00e1ndalo al WhatsApp de NBCS Noticias: 612 141 98 08","sameAs":["https:\/\/www.nbcs.mx","https:\/\/www.facebook.com\/NBCSnoticias","https:\/\/www.instagram.com\/nbcsnoticias\/","https:\/\/x.com\/https:\/\/twitter.com\/NBCSnoticias"]}]}},"jetpack_publicize_connections":[],"jetpack_featured_media_url":"https:\/\/nbcs.mx\/wp-content\/uploads\/2024\/04\/FOTO-BOLETIN-SGG-COMISION-scaled.jpeg","jetpack_sharing_enabled":true,"_links":{"self":[{"href":"https:\/\/nbcs.mx\/index.php?rest_route=\/wp\/v2\/posts\/136419","targetHints":{"allow":["GET"]}}],"collection":[{"href":"https:\/\/nbcs.mx\/index.php?rest_route=\/wp\/v2\/posts"}],"about":[{"href":"https:\/\/nbcs.mx\/index.php?rest_route=\/wp\/v2\/types\/post"}],"author":[{"embeddable":true,"href":"https:\/\/nbcs.mx\/index.php?rest_route=\/wp\/v2\/users\/1"}],"replies":[{"embeddable":true,"href":"https:\/\/nbcs.mx\/index.php?rest_route=%2Fwp%2Fv2%2Fcomments&post=136419"}],"version-history":[{"count":1,"href":"https:\/\/nbcs.mx\/index.php?rest_route=\/wp\/v2\/posts\/136419\/revisions"}],"predecessor-version":[{"id":136421,"href":"https:\/\/nbcs.mx\/index.php?rest_route=\/wp\/v2\/posts\/136419\/revisions\/136421"}],"wp:featuredmedia":[{"embeddable":true,"href":"https:\/\/nbcs.mx\/index.php?rest_route=\/wp\/v2\/media\/136420"}],"wp:attachment":[{"href":"https:\/\/nbcs.mx\/index.php?rest_route=%2Fwp%2Fv2%2Fmedia&parent=136419"}],"wp:term":[{"taxonomy":"category","embeddable":true,"href":"https:\/\/nbcs.mx\/index.php?rest_route=%2Fwp%2Fv2%2Fcategories&post=136419"},{"taxonomy":"post_tag","embeddable":true,"href":"https:\/\/nbcs.mx\/index.php?rest_route=%2Fwp%2Fv2%2Ftags&post=136419"}],"curies":[{"name":"wp","href":"https:\/\/api.w.org\/{rel}","templated":true}]}}