{"id":136474,"date":"2024-05-02T18:13:09","date_gmt":"2024-05-03T00:13:09","guid":{"rendered":"https:\/\/nbcs.mx\/?p=136474"},"modified":"2024-05-02T18:13:09","modified_gmt":"2024-05-03T00:13:09","slug":"presentaran-espectaculo-escenico-desembarco-de-cortes-en-la-bahia-de-la-santa-cruz","status":"publish","type":"post","link":"https:\/\/nbcs.mx\/?p=136474","title":{"rendered":"Presentar\u00e1n espect\u00e1culo esc\u00e9nico \u201cDesembarco de Cort\u00e9s en la Bah\u00eda de la Santa Cruz\u201d"},"content":{"rendered":"<p style=\"font-weight: 400; text-align: justify;\"><img loading=\"lazy\" decoding=\"async\" class=\" wp-image-136475 alignleft\" src=\"https:\/\/nbcs.mx\/wp-content\/uploads\/2024\/05\/Presentaran-espectaculo-escenico-Desembarco-de-Cortes-en-la-Bahia-de-la-Santa-Cruz-755x462.png\" alt=\"\" width=\"340\" height=\"208\" srcset=\"https:\/\/nbcs.mx\/wp-content\/uploads\/2024\/05\/Presentaran-espectaculo-escenico-Desembarco-de-Cortes-en-la-Bahia-de-la-Santa-Cruz-755x462.png 755w, https:\/\/nbcs.mx\/wp-content\/uploads\/2024\/05\/Presentaran-espectaculo-escenico-Desembarco-de-Cortes-en-la-Bahia-de-la-Santa-Cruz-150x92.png 150w, https:\/\/nbcs.mx\/wp-content\/uploads\/2024\/05\/Presentaran-espectaculo-escenico-Desembarco-de-Cortes-en-la-Bahia-de-la-Santa-Cruz.png 758w\" sizes=\"auto, (max-width: 340px) 100vw, 340px\" \/>El Ayuntamiento de La Paz llevar\u00e1 a cabo la presentaci\u00f3n del espect\u00e1culo \u201cDesembarco de Hern\u00e1n\u00a0 Cort\u00e9s en la Bah\u00eda de la Santa Cruz\u201d, as\u00ed lo dio a conocer el encargado del despacho de la Direcci\u00f3n Municipal de Cultura, Bernardo Valadez Medell\u00edn.<\/p>\n<p style=\"font-weight: 400; text-align: justify;\">\n<p style=\"font-weight: 400; text-align: justify;\">El evento es organizado por la Direcci\u00f3n General de Inclusi\u00f3n y Diversidad, bajo la coordinaci\u00f3n de la Direcci\u00f3n Municipal de Cultura, la escenificaci\u00f3n teatral tendr\u00e1 lugar el viernes 3 de mayo a partir de las 18:30 horas en la playa anexa al Kiosco del Malec\u00f3n, la cual se realizar\u00e1 en el marco del 489 Aniversario de la Fundaci\u00f3n de La Paz.<\/p>\n<p style=\"font-weight: 400; text-align: justify;\">\n<p style=\"font-weight: 400; text-align: justify;\">Valadez Medell\u00edn puntualiz\u00f3 que en el espect\u00e1culo participan m\u00e1s de 60 actores y bailarines quienes han venido trabajando durante dos meses en la conformaci\u00f3n del proyecto esc\u00e9nico bajo la atinada direcci\u00f3n de la maestra Guillermina Sainz Sp\u00edndola, quien cuenta con una destacada trayectoria en el \u00e1mbito teatral en nuestro estado.<\/p>\n<p style=\"font-weight: 400; text-align: justify;\">\n<p style=\"font-weight: 400; text-align: justify;\">Finalmente, el encargado del despacho de la Direcci\u00f3n Municipal de Cultura, hizo la invitaci\u00f3n a la poblaci\u00f3n y visitantes para que asistan y disfruten del evento que es de acceso totalmente gratuito, el viernes 3 de mayo, iniciando a las 6:30 de la tarde, en la zona del Malec\u00f3n.<\/p>\n","protected":false},"excerpt":{"rendered":"<p>El Ayuntamiento de La Paz llevar\u00e1 a cabo la presentaci\u00f3n del espect\u00e1culo \u201cDesembarco de Hern\u00e1n\u00a0 Cort\u00e9s en la Bah\u00eda de<\/p>\n","protected":false},"author":1,"featured_media":136475,"comment_status":"open","ping_status":"closed","sticky":false,"template":"","format":"standard","meta":{"colormag_page_container_layout":"default_layout","colormag_page_sidebar_layout":"default_layout","_jetpack_memberships_contains_paid_content":false,"footnotes":"","jetpack_publicize_message":"","jetpack_publicize_feature_enabled":true,"jetpack_social_post_already_shared":true,"jetpack_social_options":{"image_generator_settings":{"template":"highway","default_image_id":0,"font":"","enabled":false},"version":2}},"categories":[40],"tags":[],"class_list":["post-136474","post","type-post","status-publish","format-standard","has-post-thumbnail","hentry","category-municipios"],"yoast_head":"<!-- This site is optimized with the Yoast SEO plugin v27.5 - https:\/\/yoast.com\/product\/yoast-seo-wordpress\/ -->\n<title>Presentar\u00e1n espect\u00e1culo esc\u00e9nico \u201cDesembarco de Cort\u00e9s en la Bah\u00eda de la Santa Cruz\u201d - NBCS Noticias<\/title>\n<meta name=\"robots\" content=\"index, follow, max-snippet:-1, max-image-preview:large, max-video-preview:-1\" \/>\n<link rel=\"canonical\" href=\"https:\/\/nbcs.mx\/?p=136474\" \/>\n<meta property=\"og:locale\" content=\"es_ES\" \/>\n<meta property=\"og:type\" content=\"article\" \/>\n<meta property=\"og:title\" content=\"Presentar\u00e1n espect\u00e1culo esc\u00e9nico \u201cDesembarco de Cort\u00e9s en la Bah\u00eda de la Santa Cruz\u201d - NBCS Noticias\" \/>\n<meta property=\"og:description\" content=\"El Ayuntamiento de La Paz llevar\u00e1 a cabo la presentaci\u00f3n del espect\u00e1culo \u201cDesembarco de Hern\u00e1n\u00a0 Cort\u00e9s en la Bah\u00eda de\" \/>\n<meta property=\"og:url\" content=\"https:\/\/nbcs.mx\/?p=136474\" \/>\n<meta property=\"og:site_name\" content=\"NBCS Noticias\" \/>\n<meta property=\"article:publisher\" content=\"https:\/\/www.facebook.com\/NBCSnoticias\" \/>\n<meta property=\"article:author\" content=\"https:\/\/www.facebook.com\/NBCSnoticias\" \/>\n<meta property=\"article:published_time\" content=\"2024-05-03T00:13:09+00:00\" \/>\n<meta property=\"og:image\" content=\"https:\/\/nbcs.mx\/wp-content\/uploads\/2024\/05\/Presentaran-espectaculo-escenico-Desembarco-de-Cortes-en-la-Bahia-de-la-Santa-Cruz.png\" \/>\n\t<meta property=\"og:image:width\" content=\"758\" \/>\n\t<meta property=\"og:image:height\" content=\"464\" \/>\n\t<meta property=\"og:image:type\" content=\"image\/png\" \/>\n<meta name=\"author\" content=\"NBCS Noticias\" \/>\n<meta name=\"twitter:card\" content=\"summary_large_image\" \/>\n<meta name=\"twitter:creator\" content=\"@https:\/\/twitter.com\/NBCSnoticias\" \/>\n<meta name=\"twitter:site\" content=\"@NBCSnoticias\" \/>\n<meta name=\"twitter:label1\" content=\"Escrito por\" \/>\n\t<meta name=\"twitter:data1\" content=\"NBCS Noticias\" \/>\n\t<meta name=\"twitter:label2\" content=\"Tiempo de lectura\" \/>\n\t<meta name=\"twitter:data2\" content=\"2 minutos\" \/>\n<script type=\"application\/ld+json\" class=\"yoast-schema-graph\">{\"@context\":\"https:\\\/\\\/schema.org\",\"@graph\":[{\"@type\":\"Article\",\"@id\":\"https:\\\/\\\/nbcs.mx\\\/?p=136474#article\",\"isPartOf\":{\"@id\":\"https:\\\/\\\/nbcs.mx\\\/?p=136474\"},\"author\":{\"name\":\"NBCS Noticias\",\"@id\":\"https:\\\/\\\/nbcs.mx\\\/#\\\/schema\\\/person\\\/ece58bab9a7c1e87a4d28ec9ecd79ff4\"},\"headline\":\"Presentar\u00e1n espect\u00e1culo esc\u00e9nico \u201cDesembarco de Cort\u00e9s en la Bah\u00eda de la Santa Cruz\u201d\",\"datePublished\":\"2024-05-03T00:13:09+00:00\",\"mainEntityOfPage\":{\"@id\":\"https:\\\/\\\/nbcs.mx\\\/?p=136474\"},\"wordCount\":238,\"commentCount\":0,\"publisher\":{\"@id\":\"https:\\\/\\\/nbcs.mx\\\/#organization\"},\"image\":{\"@id\":\"https:\\\/\\\/nbcs.mx\\\/?p=136474#primaryimage\"},\"thumbnailUrl\":\"https:\\\/\\\/nbcs.mx\\\/wp-content\\\/uploads\\\/2024\\\/05\\\/Presentaran-espectaculo-escenico-Desembarco-de-Cortes-en-la-Bahia-de-la-Santa-Cruz.png\",\"articleSection\":[\"Municipios\"],\"inLanguage\":\"es\",\"potentialAction\":[{\"@type\":\"CommentAction\",\"name\":\"Comment\",\"target\":[\"https:\\\/\\\/nbcs.mx\\\/?p=136474#respond\"]}]},{\"@type\":\"WebPage\",\"@id\":\"https:\\\/\\\/nbcs.mx\\\/?p=136474\",\"url\":\"https:\\\/\\\/nbcs.mx\\\/?p=136474\",\"name\":\"Presentar\u00e1n espect\u00e1culo esc\u00e9nico \u201cDesembarco de Cort\u00e9s en la Bah\u00eda de la Santa Cruz\u201d - NBCS Noticias\",\"isPartOf\":{\"@id\":\"https:\\\/\\\/nbcs.mx\\\/#website\"},\"primaryImageOfPage\":{\"@id\":\"https:\\\/\\\/nbcs.mx\\\/?p=136474#primaryimage\"},\"image\":{\"@id\":\"https:\\\/\\\/nbcs.mx\\\/?p=136474#primaryimage\"},\"thumbnailUrl\":\"https:\\\/\\\/nbcs.mx\\\/wp-content\\\/uploads\\\/2024\\\/05\\\/Presentaran-espectaculo-escenico-Desembarco-de-Cortes-en-la-Bahia-de-la-Santa-Cruz.png\",\"datePublished\":\"2024-05-03T00:13:09+00:00\",\"breadcrumb\":{\"@id\":\"https:\\\/\\\/nbcs.mx\\\/?p=136474#breadcrumb\"},\"inLanguage\":\"es\",\"potentialAction\":[{\"@type\":\"ReadAction\",\"target\":[\"https:\\\/\\\/nbcs.mx\\\/?p=136474\"]}]},{\"@type\":\"ImageObject\",\"inLanguage\":\"es\",\"@id\":\"https:\\\/\\\/nbcs.mx\\\/?p=136474#primaryimage\",\"url\":\"https:\\\/\\\/nbcs.mx\\\/wp-content\\\/uploads\\\/2024\\\/05\\\/Presentaran-espectaculo-escenico-Desembarco-de-Cortes-en-la-Bahia-de-la-Santa-Cruz.png\",\"contentUrl\":\"https:\\\/\\\/nbcs.mx\\\/wp-content\\\/uploads\\\/2024\\\/05\\\/Presentaran-espectaculo-escenico-Desembarco-de-Cortes-en-la-Bahia-de-la-Santa-Cruz.png\",\"width\":758,\"height\":464},{\"@type\":\"BreadcrumbList\",\"@id\":\"https:\\\/\\\/nbcs.mx\\\/?p=136474#breadcrumb\",\"itemListElement\":[{\"@type\":\"ListItem\",\"position\":1,\"name\":\"Portada\",\"item\":\"https:\\\/\\\/nbcs.mx\\\/\"},{\"@type\":\"ListItem\",\"position\":2,\"name\":\"Presentar\u00e1n espect\u00e1culo esc\u00e9nico \u201cDesembarco de Cort\u00e9s en la Bah\u00eda de la Santa Cruz\u201d\"}]},{\"@type\":\"WebSite\",\"@id\":\"https:\\\/\\\/nbcs.mx\\\/#website\",\"url\":\"https:\\\/\\\/nbcs.mx\\\/\",\"name\":\"NBCS Noticias\",\"description\":\"Sitio web de noticias en Baja California Sur\",\"publisher\":{\"@id\":\"https:\\\/\\\/nbcs.mx\\\/#organization\"},\"potentialAction\":[{\"@type\":\"SearchAction\",\"target\":{\"@type\":\"EntryPoint\",\"urlTemplate\":\"https:\\\/\\\/nbcs.mx\\\/?s={search_term_string}\"},\"query-input\":{\"@type\":\"PropertyValueSpecification\",\"valueRequired\":true,\"valueName\":\"search_term_string\"}}],\"inLanguage\":\"es\"},{\"@type\":\"Organization\",\"@id\":\"https:\\\/\\\/nbcs.mx\\\/#organization\",\"name\":\"NBCS Noticias\",\"url\":\"https:\\\/\\\/nbcs.mx\\\/\",\"logo\":{\"@type\":\"ImageObject\",\"inLanguage\":\"es\",\"@id\":\"https:\\\/\\\/nbcs.mx\\\/#\\\/schema\\\/logo\\\/image\\\/\",\"url\":\"https:\\\/\\\/nbcs.mx\\\/wp-content\\\/uploads\\\/2018\\\/09\\\/057b69485e93575a5c2b1c1dde2dd297.jpeg\",\"contentUrl\":\"https:\\\/\\\/nbcs.mx\\\/wp-content\\\/uploads\\\/2018\\\/09\\\/057b69485e93575a5c2b1c1dde2dd297.jpeg\",\"width\":64,\"height\":64,\"caption\":\"NBCS Noticias\"},\"image\":{\"@id\":\"https:\\\/\\\/nbcs.mx\\\/#\\\/schema\\\/logo\\\/image\\\/\"},\"sameAs\":[\"https:\\\/\\\/www.facebook.com\\\/NBCSnoticias\",\"https:\\\/\\\/x.com\\\/NBCSnoticias\"]},{\"@type\":\"Person\",\"@id\":\"https:\\\/\\\/nbcs.mx\\\/#\\\/schema\\\/person\\\/ece58bab9a7c1e87a4d28ec9ecd79ff4\",\"name\":\"NBCS Noticias\",\"image\":{\"@type\":\"ImageObject\",\"inLanguage\":\"es\",\"@id\":\"https:\\\/\\\/secure.gravatar.com\\\/avatar\\\/4e52110cad1c4054b43271a0d14bbe9e2ea76aecd0e1097edfc670798d9ca1d4?s=96&d=blank&r=g\",\"url\":\"https:\\\/\\\/secure.gravatar.com\\\/avatar\\\/4e52110cad1c4054b43271a0d14bbe9e2ea76aecd0e1097edfc670798d9ca1d4?s=96&d=blank&r=g\",\"contentUrl\":\"https:\\\/\\\/secure.gravatar.com\\\/avatar\\\/4e52110cad1c4054b43271a0d14bbe9e2ea76aecd0e1097edfc670798d9ca1d4?s=96&d=blank&r=g\",\"caption\":\"NBCS Noticias\"},\"description\":\"\u00bfTienes fotos o video de alg\u00fan acto de posible negligencia, corrupci\u00f3n y abuso de autoridad? M\u00e1ndalo al WhatsApp de NBCS Noticias: 612 141 98 08\",\"sameAs\":[\"https:\\\/\\\/www.nbcs.mx\",\"https:\\\/\\\/www.facebook.com\\\/NBCSnoticias\",\"https:\\\/\\\/www.instagram.com\\\/nbcsnoticias\\\/\",\"https:\\\/\\\/x.com\\\/https:\\\/\\\/twitter.com\\\/NBCSnoticias\"]}]}<\/script>\n<!-- \/ Yoast SEO plugin. -->","yoast_head_json":{"title":"Presentar\u00e1n espect\u00e1culo esc\u00e9nico \u201cDesembarco de Cort\u00e9s en la Bah\u00eda de la Santa Cruz\u201d - NBCS Noticias","robots":{"index":"index","follow":"follow","max-snippet":"max-snippet:-1","max-image-preview":"max-image-preview:large","max-video-preview":"max-video-preview:-1"},"canonical":"https:\/\/nbcs.mx\/?p=136474","og_locale":"es_ES","og_type":"article","og_title":"Presentar\u00e1n espect\u00e1culo esc\u00e9nico \u201cDesembarco de Cort\u00e9s en la Bah\u00eda de la Santa Cruz\u201d - NBCS Noticias","og_description":"El Ayuntamiento de La Paz llevar\u00e1 a cabo la presentaci\u00f3n del espect\u00e1culo \u201cDesembarco de Hern\u00e1n\u00a0 Cort\u00e9s en la Bah\u00eda de","og_url":"https:\/\/nbcs.mx\/?p=136474","og_site_name":"NBCS Noticias","article_publisher":"https:\/\/www.facebook.com\/NBCSnoticias","article_author":"https:\/\/www.facebook.com\/NBCSnoticias","article_published_time":"2024-05-03T00:13:09+00:00","og_image":[{"width":758,"height":464,"url":"https:\/\/nbcs.mx\/wp-content\/uploads\/2024\/05\/Presentaran-espectaculo-escenico-Desembarco-de-Cortes-en-la-Bahia-de-la-Santa-Cruz.png","type":"image\/png"}],"author":"NBCS Noticias","twitter_card":"summary_large_image","twitter_creator":"@https:\/\/twitter.com\/NBCSnoticias","twitter_site":"@NBCSnoticias","twitter_misc":{"Escrito por":"NBCS Noticias","Tiempo de lectura":"2 minutos"},"schema":{"@context":"https:\/\/schema.org","@graph":[{"@type":"Article","@id":"https:\/\/nbcs.mx\/?p=136474#article","isPartOf":{"@id":"https:\/\/nbcs.mx\/?p=136474"},"author":{"name":"NBCS Noticias","@id":"https:\/\/nbcs.mx\/#\/schema\/person\/ece58bab9a7c1e87a4d28ec9ecd79ff4"},"headline":"Presentar\u00e1n espect\u00e1culo esc\u00e9nico \u201cDesembarco de Cort\u00e9s en la Bah\u00eda de la Santa Cruz\u201d","datePublished":"2024-05-03T00:13:09+00:00","mainEntityOfPage":{"@id":"https:\/\/nbcs.mx\/?p=136474"},"wordCount":238,"commentCount":0,"publisher":{"@id":"https:\/\/nbcs.mx\/#organization"},"image":{"@id":"https:\/\/nbcs.mx\/?p=136474#primaryimage"},"thumbnailUrl":"https:\/\/nbcs.mx\/wp-content\/uploads\/2024\/05\/Presentaran-espectaculo-escenico-Desembarco-de-Cortes-en-la-Bahia-de-la-Santa-Cruz.png","articleSection":["Municipios"],"inLanguage":"es","potentialAction":[{"@type":"CommentAction","name":"Comment","target":["https:\/\/nbcs.mx\/?p=136474#respond"]}]},{"@type":"WebPage","@id":"https:\/\/nbcs.mx\/?p=136474","url":"https:\/\/nbcs.mx\/?p=136474","name":"Presentar\u00e1n espect\u00e1culo esc\u00e9nico \u201cDesembarco de Cort\u00e9s en la Bah\u00eda de la Santa Cruz\u201d - NBCS Noticias","isPartOf":{"@id":"https:\/\/nbcs.mx\/#website"},"primaryImageOfPage":{"@id":"https:\/\/nbcs.mx\/?p=136474#primaryimage"},"image":{"@id":"https:\/\/nbcs.mx\/?p=136474#primaryimage"},"thumbnailUrl":"https:\/\/nbcs.mx\/wp-content\/uploads\/2024\/05\/Presentaran-espectaculo-escenico-Desembarco-de-Cortes-en-la-Bahia-de-la-Santa-Cruz.png","datePublished":"2024-05-03T00:13:09+00:00","breadcrumb":{"@id":"https:\/\/nbcs.mx\/?p=136474#breadcrumb"},"inLanguage":"es","potentialAction":[{"@type":"ReadAction","target":["https:\/\/nbcs.mx\/?p=136474"]}]},{"@type":"ImageObject","inLanguage":"es","@id":"https:\/\/nbcs.mx\/?p=136474#primaryimage","url":"https:\/\/nbcs.mx\/wp-content\/uploads\/2024\/05\/Presentaran-espectaculo-escenico-Desembarco-de-Cortes-en-la-Bahia-de-la-Santa-Cruz.png","contentUrl":"https:\/\/nbcs.mx\/wp-content\/uploads\/2024\/05\/Presentaran-espectaculo-escenico-Desembarco-de-Cortes-en-la-Bahia-de-la-Santa-Cruz.png","width":758,"height":464},{"@type":"BreadcrumbList","@id":"https:\/\/nbcs.mx\/?p=136474#breadcrumb","itemListElement":[{"@type":"ListItem","position":1,"name":"Portada","item":"https:\/\/nbcs.mx\/"},{"@type":"ListItem","position":2,"name":"Presentar\u00e1n espect\u00e1culo esc\u00e9nico \u201cDesembarco de Cort\u00e9s en la Bah\u00eda de la Santa Cruz\u201d"}]},{"@type":"WebSite","@id":"https:\/\/nbcs.mx\/#website","url":"https:\/\/nbcs.mx\/","name":"NBCS Noticias","description":"Sitio web de noticias en Baja California Sur","publisher":{"@id":"https:\/\/nbcs.mx\/#organization"},"potentialAction":[{"@type":"SearchAction","target":{"@type":"EntryPoint","urlTemplate":"https:\/\/nbcs.mx\/?s={search_term_string}"},"query-input":{"@type":"PropertyValueSpecification","valueRequired":true,"valueName":"search_term_string"}}],"inLanguage":"es"},{"@type":"Organization","@id":"https:\/\/nbcs.mx\/#organization","name":"NBCS Noticias","url":"https:\/\/nbcs.mx\/","logo":{"@type":"ImageObject","inLanguage":"es","@id":"https:\/\/nbcs.mx\/#\/schema\/logo\/image\/","url":"https:\/\/nbcs.mx\/wp-content\/uploads\/2018\/09\/057b69485e93575a5c2b1c1dde2dd297.jpeg","contentUrl":"https:\/\/nbcs.mx\/wp-content\/uploads\/2018\/09\/057b69485e93575a5c2b1c1dde2dd297.jpeg","width":64,"height":64,"caption":"NBCS Noticias"},"image":{"@id":"https:\/\/nbcs.mx\/#\/schema\/logo\/image\/"},"sameAs":["https:\/\/www.facebook.com\/NBCSnoticias","https:\/\/x.com\/NBCSnoticias"]},{"@type":"Person","@id":"https:\/\/nbcs.mx\/#\/schema\/person\/ece58bab9a7c1e87a4d28ec9ecd79ff4","name":"NBCS Noticias","image":{"@type":"ImageObject","inLanguage":"es","@id":"https:\/\/secure.gravatar.com\/avatar\/4e52110cad1c4054b43271a0d14bbe9e2ea76aecd0e1097edfc670798d9ca1d4?s=96&d=blank&r=g","url":"https:\/\/secure.gravatar.com\/avatar\/4e52110cad1c4054b43271a0d14bbe9e2ea76aecd0e1097edfc670798d9ca1d4?s=96&d=blank&r=g","contentUrl":"https:\/\/secure.gravatar.com\/avatar\/4e52110cad1c4054b43271a0d14bbe9e2ea76aecd0e1097edfc670798d9ca1d4?s=96&d=blank&r=g","caption":"NBCS Noticias"},"description":"\u00bfTienes fotos o video de alg\u00fan acto de posible negligencia, corrupci\u00f3n y abuso de autoridad? M\u00e1ndalo al WhatsApp de NBCS Noticias: 612 141 98 08","sameAs":["https:\/\/www.nbcs.mx","https:\/\/www.facebook.com\/NBCSnoticias","https:\/\/www.instagram.com\/nbcsnoticias\/","https:\/\/x.com\/https:\/\/twitter.com\/NBCSnoticias"]}]}},"jetpack_publicize_connections":[],"jetpack_featured_media_url":"https:\/\/nbcs.mx\/wp-content\/uploads\/2024\/05\/Presentaran-espectaculo-escenico-Desembarco-de-Cortes-en-la-Bahia-de-la-Santa-Cruz.png","jetpack_sharing_enabled":true,"_links":{"self":[{"href":"https:\/\/nbcs.mx\/index.php?rest_route=\/wp\/v2\/posts\/136474","targetHints":{"allow":["GET"]}}],"collection":[{"href":"https:\/\/nbcs.mx\/index.php?rest_route=\/wp\/v2\/posts"}],"about":[{"href":"https:\/\/nbcs.mx\/index.php?rest_route=\/wp\/v2\/types\/post"}],"author":[{"embeddable":true,"href":"https:\/\/nbcs.mx\/index.php?rest_route=\/wp\/v2\/users\/1"}],"replies":[{"embeddable":true,"href":"https:\/\/nbcs.mx\/index.php?rest_route=%2Fwp%2Fv2%2Fcomments&post=136474"}],"version-history":[{"count":1,"href":"https:\/\/nbcs.mx\/index.php?rest_route=\/wp\/v2\/posts\/136474\/revisions"}],"predecessor-version":[{"id":136476,"href":"https:\/\/nbcs.mx\/index.php?rest_route=\/wp\/v2\/posts\/136474\/revisions\/136476"}],"wp:featuredmedia":[{"embeddable":true,"href":"https:\/\/nbcs.mx\/index.php?rest_route=\/wp\/v2\/media\/136475"}],"wp:attachment":[{"href":"https:\/\/nbcs.mx\/index.php?rest_route=%2Fwp%2Fv2%2Fmedia&parent=136474"}],"wp:term":[{"taxonomy":"category","embeddable":true,"href":"https:\/\/nbcs.mx\/index.php?rest_route=%2Fwp%2Fv2%2Fcategories&post=136474"},{"taxonomy":"post_tag","embeddable":true,"href":"https:\/\/nbcs.mx\/index.php?rest_route=%2Fwp%2Fv2%2Ftags&post=136474"}],"curies":[{"name":"wp","href":"https:\/\/api.w.org\/{rel}","templated":true}]}}