{"id":136774,"date":"2024-05-09T23:46:12","date_gmt":"2024-05-10T05:46:12","guid":{"rendered":"https:\/\/nbcs.mx\/?p=136774"},"modified":"2024-05-09T23:46:12","modified_gmt":"2024-05-10T05:46:12","slug":"magisterio-bloquea-centro-sep-y-trabajadores-se-suman-al-movimiento-disidente","status":"publish","type":"post","link":"https:\/\/nbcs.mx\/?p=136774","title":{"rendered":"Magisterio bloquea Centro SEP, y trabajadores se suman al movimiento disidente"},"content":{"rendered":"<p style=\"text-align: justify;\"><img loading=\"lazy\" decoding=\"async\" class=\" wp-image-136775 alignleft\" src=\"https:\/\/nbcs.mx\/wp-content\/uploads\/2024\/05\/SEP-Bloqueo-Lpz.jpeg\" alt=\"\" width=\"337\" height=\"186\" srcset=\"https:\/\/nbcs.mx\/wp-content\/uploads\/2024\/05\/SEP-Bloqueo-Lpz.jpeg 725w, https:\/\/nbcs.mx\/wp-content\/uploads\/2024\/05\/SEP-Bloqueo-Lpz-150x83.jpeg 150w\" sizes=\"auto, (max-width: 337px) 100vw, 337px\" \/>Ahora correspondi\u00f3 a las instalaciones de la Secretar\u00eda de Educaci\u00f3n P\u00fablica (SEP) del Estado, ser objetivo de los trabajadores de la educaci\u00f3n que demandan el pago del 100% de los quinquenios, al proceder al bloqueo de los accesos a las instalaciones durante varias horas.<\/p>\n<p style=\"text-align: justify;\">Estas acciones fueron respaldadas por personal inconforme del Centro SEP, que de esta manera terminaron por sumarse al movimiento que mantiene el paro laboral en escuelas de educaci\u00f3n b\u00e1sica de la entidad, ya que inicialmente sus acciones de protesta las hab\u00edan implementado por su cuenta.<\/p>\n<p style=\"text-align: justify;\">El vocero del movimiento disidente, Armando Duarte S\u00e1nchez, manifest\u00f3 que ahora s\u00ed se puede hablar de que el personal inconforme de la dependencia se encuentra sumado a las movilizaciones, que han advertido se intensificar\u00e1n en los siguientes d\u00edas.<\/p>\n<p style=\"text-align: justify;\">Adem\u00e1s del bloqueo de las oficinas de la SEP, tambi\u00e9n se realiz\u00f3 una marcha en el malec\u00f3n de La Paz, con una concentraci\u00f3n en el kiosco del malec\u00f3n, para informar a la ciudadan\u00eda, y concretamente a padres de familia, sobre el motivo de su protesta, solicitar la comprensi\u00f3n y el respaldo a las movilizaciones.<\/p>\n<p style=\"text-align: justify;\">Por lo pronto, se sabe que el Movimiento Sindical Cabe\u00f1o (MSC), tiene programadas protestas durante la visita que haga a Los Cabos este viernes 10 de mayo, la candidata a la presidencia de la Rep\u00fablica de Morena, Claudia Sheinbaum.<\/p>\n<p style=\"text-align: justify;\">Duarte S\u00e1nchez, expuso que la mayor molestia de la base, es que ni las autoridades y ni el dirigente de la Secci\u00f3n 3 del Sindicato Nacional de Trabajadores de la Educaci\u00f3n (SNTE), han querido dar la cara en sus concentraciones, y lo mismo pas\u00f3 con la Secretar\u00eda de Educaci\u00f3n, durante el bloqueo realizado a las oficinas.<\/p>\n<p style=\"text-align: justify;\">\u201cNosotros esper\u00e1bamos que al menos se presentara aqu\u00ed para preguntar sobre su centro de trabajo, pero no dio la cara\u201d, se\u00f1al\u00f3, luego de recordar que el titular de una dependencia de gobierno, es un l\u00edder, y por lo tanto, debe actuar como tal, escuchando y argumentando.<\/p>\n<p style=\"text-align: justify;\">Pero mencion\u00f3 que al contrario, desde gobierno del Estado se viene implementando la t\u00e1ctica de pretender desacreditar el movimiento, mediante videos, panfletos, comentarios en redes sociales, entrevistas y otro tipo de formas de difundir el mensaje de que a los trabajadores del sector educativo se les ha apoyado muy bien. (Por: Arturo Nieves).<\/p>\n","protected":false},"excerpt":{"rendered":"<p>Ahora correspondi\u00f3 a las instalaciones de la Secretar\u00eda de Educaci\u00f3n P\u00fablica (SEP) del Estado, ser objetivo de los trabajadores de<\/p>\n","protected":false},"author":1,"featured_media":136775,"comment_status":"open","ping_status":"closed","sticky":false,"template":"","format":"standard","meta":{"colormag_page_container_layout":"default_layout","colormag_page_sidebar_layout":"default_layout","_jetpack_memberships_contains_paid_content":false,"footnotes":"","jetpack_publicize_message":"","jetpack_publicize_feature_enabled":true,"jetpack_social_post_already_shared":true,"jetpack_social_options":{"image_generator_settings":{"template":"highway","default_image_id":0,"font":"","enabled":false},"version":2}},"categories":[1],"tags":[],"class_list":["post-136774","post","type-post","status-publish","format-standard","has-post-thumbnail","hentry","category-noticias"],"yoast_head":"<!-- This site is optimized with the Yoast SEO plugin v27.5 - https:\/\/yoast.com\/product\/yoast-seo-wordpress\/ -->\n<title>Magisterio bloquea Centro SEP, y trabajadores se suman al movimiento disidente - NBCS Noticias<\/title>\n<meta name=\"robots\" content=\"index, follow, max-snippet:-1, max-image-preview:large, max-video-preview:-1\" \/>\n<link rel=\"canonical\" href=\"https:\/\/nbcs.mx\/?p=136774\" \/>\n<meta property=\"og:locale\" content=\"es_ES\" \/>\n<meta property=\"og:type\" content=\"article\" \/>\n<meta property=\"og:title\" content=\"Magisterio bloquea Centro SEP, y trabajadores se suman al movimiento disidente - NBCS Noticias\" \/>\n<meta property=\"og:description\" content=\"Ahora correspondi\u00f3 a las instalaciones de la Secretar\u00eda de Educaci\u00f3n P\u00fablica (SEP) del Estado, ser objetivo de los trabajadores de\" \/>\n<meta property=\"og:url\" content=\"https:\/\/nbcs.mx\/?p=136774\" \/>\n<meta property=\"og:site_name\" content=\"NBCS Noticias\" \/>\n<meta property=\"article:publisher\" content=\"https:\/\/www.facebook.com\/NBCSnoticias\" \/>\n<meta property=\"article:author\" content=\"https:\/\/www.facebook.com\/NBCSnoticias\" \/>\n<meta property=\"article:published_time\" content=\"2024-05-10T05:46:12+00:00\" \/>\n<meta property=\"og:image\" content=\"https:\/\/nbcs.mx\/wp-content\/uploads\/2024\/05\/SEP-Bloqueo-Lpz.jpeg\" \/>\n\t<meta property=\"og:image:width\" content=\"725\" \/>\n\t<meta property=\"og:image:height\" content=\"400\" \/>\n\t<meta property=\"og:image:type\" content=\"image\/jpeg\" \/>\n<meta name=\"author\" content=\"NBCS Noticias\" \/>\n<meta name=\"twitter:card\" content=\"summary_large_image\" \/>\n<meta name=\"twitter:creator\" content=\"@https:\/\/twitter.com\/NBCSnoticias\" \/>\n<meta name=\"twitter:site\" content=\"@NBCSnoticias\" \/>\n<meta name=\"twitter:label1\" content=\"Escrito por\" \/>\n\t<meta name=\"twitter:data1\" content=\"NBCS Noticias\" \/>\n\t<meta name=\"twitter:label2\" content=\"Tiempo de lectura\" \/>\n\t<meta name=\"twitter:data2\" content=\"3 minutos\" \/>\n<script type=\"application\/ld+json\" class=\"yoast-schema-graph\">{\"@context\":\"https:\\\/\\\/schema.org\",\"@graph\":[{\"@type\":\"Article\",\"@id\":\"https:\\\/\\\/nbcs.mx\\\/?p=136774#article\",\"isPartOf\":{\"@id\":\"https:\\\/\\\/nbcs.mx\\\/?p=136774\"},\"author\":{\"name\":\"NBCS Noticias\",\"@id\":\"https:\\\/\\\/nbcs.mx\\\/#\\\/schema\\\/person\\\/ece58bab9a7c1e87a4d28ec9ecd79ff4\"},\"headline\":\"Magisterio bloquea Centro SEP, y trabajadores se suman al movimiento disidente\",\"datePublished\":\"2024-05-10T05:46:12+00:00\",\"mainEntityOfPage\":{\"@id\":\"https:\\\/\\\/nbcs.mx\\\/?p=136774\"},\"wordCount\":411,\"commentCount\":0,\"publisher\":{\"@id\":\"https:\\\/\\\/nbcs.mx\\\/#organization\"},\"image\":{\"@id\":\"https:\\\/\\\/nbcs.mx\\\/?p=136774#primaryimage\"},\"thumbnailUrl\":\"https:\\\/\\\/nbcs.mx\\\/wp-content\\\/uploads\\\/2024\\\/05\\\/SEP-Bloqueo-Lpz.jpeg\",\"articleSection\":[\"Noticias\"],\"inLanguage\":\"es\",\"potentialAction\":[{\"@type\":\"CommentAction\",\"name\":\"Comment\",\"target\":[\"https:\\\/\\\/nbcs.mx\\\/?p=136774#respond\"]}]},{\"@type\":\"WebPage\",\"@id\":\"https:\\\/\\\/nbcs.mx\\\/?p=136774\",\"url\":\"https:\\\/\\\/nbcs.mx\\\/?p=136774\",\"name\":\"Magisterio bloquea Centro SEP, y trabajadores se suman al movimiento disidente - NBCS Noticias\",\"isPartOf\":{\"@id\":\"https:\\\/\\\/nbcs.mx\\\/#website\"},\"primaryImageOfPage\":{\"@id\":\"https:\\\/\\\/nbcs.mx\\\/?p=136774#primaryimage\"},\"image\":{\"@id\":\"https:\\\/\\\/nbcs.mx\\\/?p=136774#primaryimage\"},\"thumbnailUrl\":\"https:\\\/\\\/nbcs.mx\\\/wp-content\\\/uploads\\\/2024\\\/05\\\/SEP-Bloqueo-Lpz.jpeg\",\"datePublished\":\"2024-05-10T05:46:12+00:00\",\"breadcrumb\":{\"@id\":\"https:\\\/\\\/nbcs.mx\\\/?p=136774#breadcrumb\"},\"inLanguage\":\"es\",\"potentialAction\":[{\"@type\":\"ReadAction\",\"target\":[\"https:\\\/\\\/nbcs.mx\\\/?p=136774\"]}]},{\"@type\":\"ImageObject\",\"inLanguage\":\"es\",\"@id\":\"https:\\\/\\\/nbcs.mx\\\/?p=136774#primaryimage\",\"url\":\"https:\\\/\\\/nbcs.mx\\\/wp-content\\\/uploads\\\/2024\\\/05\\\/SEP-Bloqueo-Lpz.jpeg\",\"contentUrl\":\"https:\\\/\\\/nbcs.mx\\\/wp-content\\\/uploads\\\/2024\\\/05\\\/SEP-Bloqueo-Lpz.jpeg\",\"width\":725,\"height\":400},{\"@type\":\"BreadcrumbList\",\"@id\":\"https:\\\/\\\/nbcs.mx\\\/?p=136774#breadcrumb\",\"itemListElement\":[{\"@type\":\"ListItem\",\"position\":1,\"name\":\"Portada\",\"item\":\"https:\\\/\\\/nbcs.mx\\\/\"},{\"@type\":\"ListItem\",\"position\":2,\"name\":\"Magisterio bloquea Centro SEP, y trabajadores se suman al movimiento disidente\"}]},{\"@type\":\"WebSite\",\"@id\":\"https:\\\/\\\/nbcs.mx\\\/#website\",\"url\":\"https:\\\/\\\/nbcs.mx\\\/\",\"name\":\"NBCS Noticias\",\"description\":\"Sitio web de noticias en Baja California Sur\",\"publisher\":{\"@id\":\"https:\\\/\\\/nbcs.mx\\\/#organization\"},\"potentialAction\":[{\"@type\":\"SearchAction\",\"target\":{\"@type\":\"EntryPoint\",\"urlTemplate\":\"https:\\\/\\\/nbcs.mx\\\/?s={search_term_string}\"},\"query-input\":{\"@type\":\"PropertyValueSpecification\",\"valueRequired\":true,\"valueName\":\"search_term_string\"}}],\"inLanguage\":\"es\"},{\"@type\":\"Organization\",\"@id\":\"https:\\\/\\\/nbcs.mx\\\/#organization\",\"name\":\"NBCS Noticias\",\"url\":\"https:\\\/\\\/nbcs.mx\\\/\",\"logo\":{\"@type\":\"ImageObject\",\"inLanguage\":\"es\",\"@id\":\"https:\\\/\\\/nbcs.mx\\\/#\\\/schema\\\/logo\\\/image\\\/\",\"url\":\"https:\\\/\\\/nbcs.mx\\\/wp-content\\\/uploads\\\/2018\\\/09\\\/057b69485e93575a5c2b1c1dde2dd297.jpeg\",\"contentUrl\":\"https:\\\/\\\/nbcs.mx\\\/wp-content\\\/uploads\\\/2018\\\/09\\\/057b69485e93575a5c2b1c1dde2dd297.jpeg\",\"width\":64,\"height\":64,\"caption\":\"NBCS Noticias\"},\"image\":{\"@id\":\"https:\\\/\\\/nbcs.mx\\\/#\\\/schema\\\/logo\\\/image\\\/\"},\"sameAs\":[\"https:\\\/\\\/www.facebook.com\\\/NBCSnoticias\",\"https:\\\/\\\/x.com\\\/NBCSnoticias\"]},{\"@type\":\"Person\",\"@id\":\"https:\\\/\\\/nbcs.mx\\\/#\\\/schema\\\/person\\\/ece58bab9a7c1e87a4d28ec9ecd79ff4\",\"name\":\"NBCS Noticias\",\"image\":{\"@type\":\"ImageObject\",\"inLanguage\":\"es\",\"@id\":\"https:\\\/\\\/secure.gravatar.com\\\/avatar\\\/4e52110cad1c4054b43271a0d14bbe9e2ea76aecd0e1097edfc670798d9ca1d4?s=96&d=blank&r=g\",\"url\":\"https:\\\/\\\/secure.gravatar.com\\\/avatar\\\/4e52110cad1c4054b43271a0d14bbe9e2ea76aecd0e1097edfc670798d9ca1d4?s=96&d=blank&r=g\",\"contentUrl\":\"https:\\\/\\\/secure.gravatar.com\\\/avatar\\\/4e52110cad1c4054b43271a0d14bbe9e2ea76aecd0e1097edfc670798d9ca1d4?s=96&d=blank&r=g\",\"caption\":\"NBCS Noticias\"},\"description\":\"\u00bfTienes fotos o video de alg\u00fan acto de posible negligencia, corrupci\u00f3n y abuso de autoridad? M\u00e1ndalo al WhatsApp de NBCS Noticias: 612 141 98 08\",\"sameAs\":[\"https:\\\/\\\/www.nbcs.mx\",\"https:\\\/\\\/www.facebook.com\\\/NBCSnoticias\",\"https:\\\/\\\/www.instagram.com\\\/nbcsnoticias\\\/\",\"https:\\\/\\\/x.com\\\/https:\\\/\\\/twitter.com\\\/NBCSnoticias\"]}]}<\/script>\n<!-- \/ Yoast SEO plugin. -->","yoast_head_json":{"title":"Magisterio bloquea Centro SEP, y trabajadores se suman al movimiento disidente - NBCS Noticias","robots":{"index":"index","follow":"follow","max-snippet":"max-snippet:-1","max-image-preview":"max-image-preview:large","max-video-preview":"max-video-preview:-1"},"canonical":"https:\/\/nbcs.mx\/?p=136774","og_locale":"es_ES","og_type":"article","og_title":"Magisterio bloquea Centro SEP, y trabajadores se suman al movimiento disidente - NBCS Noticias","og_description":"Ahora correspondi\u00f3 a las instalaciones de la Secretar\u00eda de Educaci\u00f3n P\u00fablica (SEP) del Estado, ser objetivo de los trabajadores de","og_url":"https:\/\/nbcs.mx\/?p=136774","og_site_name":"NBCS Noticias","article_publisher":"https:\/\/www.facebook.com\/NBCSnoticias","article_author":"https:\/\/www.facebook.com\/NBCSnoticias","article_published_time":"2024-05-10T05:46:12+00:00","og_image":[{"width":725,"height":400,"url":"https:\/\/nbcs.mx\/wp-content\/uploads\/2024\/05\/SEP-Bloqueo-Lpz.jpeg","type":"image\/jpeg"}],"author":"NBCS Noticias","twitter_card":"summary_large_image","twitter_creator":"@https:\/\/twitter.com\/NBCSnoticias","twitter_site":"@NBCSnoticias","twitter_misc":{"Escrito por":"NBCS Noticias","Tiempo de lectura":"3 minutos"},"schema":{"@context":"https:\/\/schema.org","@graph":[{"@type":"Article","@id":"https:\/\/nbcs.mx\/?p=136774#article","isPartOf":{"@id":"https:\/\/nbcs.mx\/?p=136774"},"author":{"name":"NBCS Noticias","@id":"https:\/\/nbcs.mx\/#\/schema\/person\/ece58bab9a7c1e87a4d28ec9ecd79ff4"},"headline":"Magisterio bloquea Centro SEP, y trabajadores se suman al movimiento disidente","datePublished":"2024-05-10T05:46:12+00:00","mainEntityOfPage":{"@id":"https:\/\/nbcs.mx\/?p=136774"},"wordCount":411,"commentCount":0,"publisher":{"@id":"https:\/\/nbcs.mx\/#organization"},"image":{"@id":"https:\/\/nbcs.mx\/?p=136774#primaryimage"},"thumbnailUrl":"https:\/\/nbcs.mx\/wp-content\/uploads\/2024\/05\/SEP-Bloqueo-Lpz.jpeg","articleSection":["Noticias"],"inLanguage":"es","potentialAction":[{"@type":"CommentAction","name":"Comment","target":["https:\/\/nbcs.mx\/?p=136774#respond"]}]},{"@type":"WebPage","@id":"https:\/\/nbcs.mx\/?p=136774","url":"https:\/\/nbcs.mx\/?p=136774","name":"Magisterio bloquea Centro SEP, y trabajadores se suman al movimiento disidente - NBCS Noticias","isPartOf":{"@id":"https:\/\/nbcs.mx\/#website"},"primaryImageOfPage":{"@id":"https:\/\/nbcs.mx\/?p=136774#primaryimage"},"image":{"@id":"https:\/\/nbcs.mx\/?p=136774#primaryimage"},"thumbnailUrl":"https:\/\/nbcs.mx\/wp-content\/uploads\/2024\/05\/SEP-Bloqueo-Lpz.jpeg","datePublished":"2024-05-10T05:46:12+00:00","breadcrumb":{"@id":"https:\/\/nbcs.mx\/?p=136774#breadcrumb"},"inLanguage":"es","potentialAction":[{"@type":"ReadAction","target":["https:\/\/nbcs.mx\/?p=136774"]}]},{"@type":"ImageObject","inLanguage":"es","@id":"https:\/\/nbcs.mx\/?p=136774#primaryimage","url":"https:\/\/nbcs.mx\/wp-content\/uploads\/2024\/05\/SEP-Bloqueo-Lpz.jpeg","contentUrl":"https:\/\/nbcs.mx\/wp-content\/uploads\/2024\/05\/SEP-Bloqueo-Lpz.jpeg","width":725,"height":400},{"@type":"BreadcrumbList","@id":"https:\/\/nbcs.mx\/?p=136774#breadcrumb","itemListElement":[{"@type":"ListItem","position":1,"name":"Portada","item":"https:\/\/nbcs.mx\/"},{"@type":"ListItem","position":2,"name":"Magisterio bloquea Centro SEP, y trabajadores se suman al movimiento disidente"}]},{"@type":"WebSite","@id":"https:\/\/nbcs.mx\/#website","url":"https:\/\/nbcs.mx\/","name":"NBCS Noticias","description":"Sitio web de noticias en Baja California Sur","publisher":{"@id":"https:\/\/nbcs.mx\/#organization"},"potentialAction":[{"@type":"SearchAction","target":{"@type":"EntryPoint","urlTemplate":"https:\/\/nbcs.mx\/?s={search_term_string}"},"query-input":{"@type":"PropertyValueSpecification","valueRequired":true,"valueName":"search_term_string"}}],"inLanguage":"es"},{"@type":"Organization","@id":"https:\/\/nbcs.mx\/#organization","name":"NBCS Noticias","url":"https:\/\/nbcs.mx\/","logo":{"@type":"ImageObject","inLanguage":"es","@id":"https:\/\/nbcs.mx\/#\/schema\/logo\/image\/","url":"https:\/\/nbcs.mx\/wp-content\/uploads\/2018\/09\/057b69485e93575a5c2b1c1dde2dd297.jpeg","contentUrl":"https:\/\/nbcs.mx\/wp-content\/uploads\/2018\/09\/057b69485e93575a5c2b1c1dde2dd297.jpeg","width":64,"height":64,"caption":"NBCS Noticias"},"image":{"@id":"https:\/\/nbcs.mx\/#\/schema\/logo\/image\/"},"sameAs":["https:\/\/www.facebook.com\/NBCSnoticias","https:\/\/x.com\/NBCSnoticias"]},{"@type":"Person","@id":"https:\/\/nbcs.mx\/#\/schema\/person\/ece58bab9a7c1e87a4d28ec9ecd79ff4","name":"NBCS Noticias","image":{"@type":"ImageObject","inLanguage":"es","@id":"https:\/\/secure.gravatar.com\/avatar\/4e52110cad1c4054b43271a0d14bbe9e2ea76aecd0e1097edfc670798d9ca1d4?s=96&d=blank&r=g","url":"https:\/\/secure.gravatar.com\/avatar\/4e52110cad1c4054b43271a0d14bbe9e2ea76aecd0e1097edfc670798d9ca1d4?s=96&d=blank&r=g","contentUrl":"https:\/\/secure.gravatar.com\/avatar\/4e52110cad1c4054b43271a0d14bbe9e2ea76aecd0e1097edfc670798d9ca1d4?s=96&d=blank&r=g","caption":"NBCS Noticias"},"description":"\u00bfTienes fotos o video de alg\u00fan acto de posible negligencia, corrupci\u00f3n y abuso de autoridad? M\u00e1ndalo al WhatsApp de NBCS Noticias: 612 141 98 08","sameAs":["https:\/\/www.nbcs.mx","https:\/\/www.facebook.com\/NBCSnoticias","https:\/\/www.instagram.com\/nbcsnoticias\/","https:\/\/x.com\/https:\/\/twitter.com\/NBCSnoticias"]}]}},"jetpack_publicize_connections":[],"jetpack_featured_media_url":"https:\/\/nbcs.mx\/wp-content\/uploads\/2024\/05\/SEP-Bloqueo-Lpz.jpeg","jetpack_sharing_enabled":true,"_links":{"self":[{"href":"https:\/\/nbcs.mx\/index.php?rest_route=\/wp\/v2\/posts\/136774","targetHints":{"allow":["GET"]}}],"collection":[{"href":"https:\/\/nbcs.mx\/index.php?rest_route=\/wp\/v2\/posts"}],"about":[{"href":"https:\/\/nbcs.mx\/index.php?rest_route=\/wp\/v2\/types\/post"}],"author":[{"embeddable":true,"href":"https:\/\/nbcs.mx\/index.php?rest_route=\/wp\/v2\/users\/1"}],"replies":[{"embeddable":true,"href":"https:\/\/nbcs.mx\/index.php?rest_route=%2Fwp%2Fv2%2Fcomments&post=136774"}],"version-history":[{"count":1,"href":"https:\/\/nbcs.mx\/index.php?rest_route=\/wp\/v2\/posts\/136774\/revisions"}],"predecessor-version":[{"id":136776,"href":"https:\/\/nbcs.mx\/index.php?rest_route=\/wp\/v2\/posts\/136774\/revisions\/136776"}],"wp:featuredmedia":[{"embeddable":true,"href":"https:\/\/nbcs.mx\/index.php?rest_route=\/wp\/v2\/media\/136775"}],"wp:attachment":[{"href":"https:\/\/nbcs.mx\/index.php?rest_route=%2Fwp%2Fv2%2Fmedia&parent=136774"}],"wp:term":[{"taxonomy":"category","embeddable":true,"href":"https:\/\/nbcs.mx\/index.php?rest_route=%2Fwp%2Fv2%2Fcategories&post=136774"},{"taxonomy":"post_tag","embeddable":true,"href":"https:\/\/nbcs.mx\/index.php?rest_route=%2Fwp%2Fv2%2Ftags&post=136774"}],"curies":[{"name":"wp","href":"https:\/\/api.w.org\/{rel}","templated":true}]}}