{"id":136975,"date":"2024-05-15T18:28:25","date_gmt":"2024-05-16T00:28:25","guid":{"rendered":"https:\/\/nbcs.mx\/?p=136975"},"modified":"2024-05-16T22:24:43","modified_gmt":"2024-05-17T04:24:43","slug":"inicia-temporada-de-lluvias-y-ciclones-tropicales-2024-para-el-pacifico","status":"publish","type":"post","link":"https:\/\/nbcs.mx\/?p=136975","title":{"rendered":"Inicia Temporada de Lluvias y Ciclones Tropicales 2024 para el Pac\u00edfico"},"content":{"rendered":"<p style=\"font-weight: 400; text-align: justify;\"><img loading=\"lazy\" decoding=\"async\" class=\" wp-image-87885 alignleft\" src=\"https:\/\/nbcs.mx\/wp-content\/uploads\/2021\/05\/01-Este-15-de-mayo-inicio-la-temporada-de-huracanes-2021-1-755x456.jpg\" alt=\"\" width=\"348\" height=\"210\" srcset=\"https:\/\/nbcs.mx\/wp-content\/uploads\/2021\/05\/01-Este-15-de-mayo-inicio-la-temporada-de-huracanes-2021-1-755x456.jpg 755w, https:\/\/nbcs.mx\/wp-content\/uploads\/2021\/05\/01-Este-15-de-mayo-inicio-la-temporada-de-huracanes-2021-1-1024x618.jpg 1024w, https:\/\/nbcs.mx\/wp-content\/uploads\/2021\/05\/01-Este-15-de-mayo-inicio-la-temporada-de-huracanes-2021-1-150x91.jpg 150w, https:\/\/nbcs.mx\/wp-content\/uploads\/2021\/05\/01-Este-15-de-mayo-inicio-la-temporada-de-huracanes-2021-1-768x464.jpg 768w, https:\/\/nbcs.mx\/wp-content\/uploads\/2021\/05\/01-Este-15-de-mayo-inicio-la-temporada-de-huracanes-2021-1-1536x927.jpg 1536w, https:\/\/nbcs.mx\/wp-content\/uploads\/2021\/05\/01-Este-15-de-mayo-inicio-la-temporada-de-huracanes-2021-1.jpg 1908w\" sizes=\"auto, (max-width: 348px) 100vw, 348px\" \/>Este 15 de mayo dio inicio de manera oficial la temporada de Lluvias y Ciclones Tropicales 2024, la cual concluye para la zona del Oc\u00e9ano Pac\u00edfico el 30 de noviembre, siendo los meses de agosto y septiembre cuando se presenta, de acuerdo al hist\u00f3rico registrado, una mayor actividad cicl\u00f3nica para Baja California Sur, inform\u00f3 el Subsecretario estatal de Protecci\u00f3n Civil.<\/p>\n<p style=\"font-weight: 400; text-align: justify;\">En este sentido, se\u00f1al\u00f3 que se estar\u00e1n sumando esfuerzos y recursos en coordinaci\u00f3n con los tres \u00f3rdenes de gobierno, as\u00ed como la sociedad, para reforzar la cultura de la prevenci\u00f3n en esta materia.<\/p>\n<p style=\"font-weight: 400; text-align: justify;\">Adem\u00e1s, de lo relativo a las tareas que se deben de realizar de acuerdo a los protocolos de seguridad, antes, durante y despu\u00e9s de una contingencia de esta naturaleza, encaminados en todo momento, a salvaguardar lo m\u00e1s importante que es la vida de las personas.<\/p>\n<p style=\"font-weight: 400; text-align: justify;\">Lo cual implica, revisi\u00f3n y ubicaci\u00f3n de los refugios temporales, contar con los suministros necesarios para que estos espacios brinden asistencia a la poblaci\u00f3n, en caso de requerirse, mantener la capacitaci\u00f3n del personal y actualizaci\u00f3n de los protocolos de actuaci\u00f3n por parte de las autoridades, as\u00ed como reforzar el tema de la difusi\u00f3n de las medidas preventivas, entre otras.<\/p>\n<p style=\"font-weight: 400; text-align: justify;\">Indic\u00f3 que, con base al pron\u00f3stico que ha dado a conocer el Servicio Meteorol\u00f3gico Nacional (SMN), para el Pac\u00edfico se prev\u00e9 la formaci\u00f3n de entre 15 y 18 fen\u00f3menos hidrometeorol\u00f3gicos.<\/p>\n<p style=\"font-weight: 400; text-align: justify;\">De los cuales, se espera que de 8 a 9 sean tormentas tropicales, 4 a 5 huracanes categor\u00edas 1 o 2 y de 3 a 4, podr\u00edan alcanzar las categor\u00edas 3, 4 o 5.<\/p>\n<p style=\"font-weight: 400; text-align: justify;\">Asimismo, se record\u00f3 que los nombres con los que se identificar\u00e1n son: Aletta, Bud, Carlotta, Daniel, Emilia, Fabio, Gilma, H\u00e9ctor, Ileana, John, Kristy, Lane, Miriam, Norman, Olivia, Paul, Rosa, Sergio, Tara, Vicente, Willa, Xavier, Yolanda y Zeke.<\/p>\n<p style=\"font-weight: 400; text-align: justify;\">El Subsecretario de Protecci\u00f3n Civil, reiter\u00f3 una vez m\u00e1s la importancia de que la ciudadan\u00eda, atienda las recomendaciones que se emitan, para disminuir juntos, los escenarios de riesgo, as\u00ed como proteger lo m\u00e1s importante ante un fen\u00f3meno de esta naturaleza, que es la integridad de las y los habitantes de BCS, as\u00ed como de quienes visitan este destino tur\u00edstico.<\/p>\n<p style=\"font-weight: 400; text-align: justify;\">\n","protected":false},"excerpt":{"rendered":"<p>Este 15 de mayo dio inicio de manera oficial la temporada de Lluvias y Ciclones Tropicales 2024, la cual concluye<\/p>\n","protected":false},"author":1,"featured_media":87885,"comment_status":"open","ping_status":"closed","sticky":false,"template":"","format":"standard","meta":{"colormag_page_container_layout":"default_layout","colormag_page_sidebar_layout":"default_layout","_jetpack_memberships_contains_paid_content":false,"footnotes":"","jetpack_publicize_message":"","jetpack_publicize_feature_enabled":true,"jetpack_social_post_already_shared":true,"jetpack_social_options":{"image_generator_settings":{"template":"highway","default_image_id":0,"font":"","enabled":false},"version":2}},"categories":[30,1],"tags":[],"class_list":["post-136975","post","type-post","status-publish","format-standard","has-post-thumbnail","hentry","category-clima","category-noticias"],"yoast_head":"<!-- This site is optimized with the Yoast SEO plugin v27.5 - https:\/\/yoast.com\/product\/yoast-seo-wordpress\/ -->\n<title>Inicia Temporada de Lluvias y Ciclones Tropicales 2024 para el Pac\u00edfico - NBCS Noticias<\/title>\n<meta name=\"robots\" content=\"index, follow, max-snippet:-1, max-image-preview:large, max-video-preview:-1\" \/>\n<link rel=\"canonical\" href=\"https:\/\/nbcs.mx\/?p=136975\" \/>\n<meta property=\"og:locale\" content=\"es_ES\" \/>\n<meta property=\"og:type\" content=\"article\" \/>\n<meta property=\"og:title\" content=\"Inicia Temporada de Lluvias y Ciclones Tropicales 2024 para el Pac\u00edfico - NBCS Noticias\" \/>\n<meta property=\"og:description\" content=\"Este 15 de mayo dio inicio de manera oficial la temporada de Lluvias y Ciclones Tropicales 2024, la cual concluye\" \/>\n<meta property=\"og:url\" content=\"https:\/\/nbcs.mx\/?p=136975\" \/>\n<meta property=\"og:site_name\" content=\"NBCS Noticias\" \/>\n<meta property=\"article:publisher\" content=\"https:\/\/www.facebook.com\/NBCSnoticias\" \/>\n<meta property=\"article:author\" content=\"https:\/\/www.facebook.com\/NBCSnoticias\" \/>\n<meta property=\"article:published_time\" content=\"2024-05-16T00:28:25+00:00\" \/>\n<meta property=\"article:modified_time\" content=\"2024-05-17T04:24:43+00:00\" \/>\n<meta property=\"og:image\" content=\"https:\/\/nbcs.mx\/wp-content\/uploads\/2021\/05\/01-Este-15-de-mayo-inicio-la-temporada-de-huracanes-2021-1.jpg\" \/>\n\t<meta property=\"og:image:width\" content=\"1908\" \/>\n\t<meta property=\"og:image:height\" content=\"1152\" \/>\n\t<meta property=\"og:image:type\" content=\"image\/jpeg\" \/>\n<meta name=\"author\" content=\"NBCS Noticias\" \/>\n<meta name=\"twitter:card\" content=\"summary_large_image\" \/>\n<meta name=\"twitter:creator\" content=\"@https:\/\/twitter.com\/NBCSnoticias\" \/>\n<meta name=\"twitter:site\" content=\"@NBCSnoticias\" \/>\n<meta name=\"twitter:label1\" content=\"Escrito por\" \/>\n\t<meta name=\"twitter:data1\" content=\"NBCS Noticias\" \/>\n\t<meta name=\"twitter:label2\" content=\"Tiempo de lectura\" \/>\n\t<meta name=\"twitter:data2\" content=\"3 minutos\" \/>\n<script type=\"application\/ld+json\" class=\"yoast-schema-graph\">{\"@context\":\"https:\\\/\\\/schema.org\",\"@graph\":[{\"@type\":\"Article\",\"@id\":\"https:\\\/\\\/nbcs.mx\\\/?p=136975#article\",\"isPartOf\":{\"@id\":\"https:\\\/\\\/nbcs.mx\\\/?p=136975\"},\"author\":{\"name\":\"NBCS Noticias\",\"@id\":\"https:\\\/\\\/nbcs.mx\\\/#\\\/schema\\\/person\\\/ece58bab9a7c1e87a4d28ec9ecd79ff4\"},\"headline\":\"Inicia Temporada de Lluvias y Ciclones Tropicales 2024 para el Pac\u00edfico\",\"datePublished\":\"2024-05-16T00:28:25+00:00\",\"dateModified\":\"2024-05-17T04:24:43+00:00\",\"mainEntityOfPage\":{\"@id\":\"https:\\\/\\\/nbcs.mx\\\/?p=136975\"},\"wordCount\":388,\"commentCount\":0,\"publisher\":{\"@id\":\"https:\\\/\\\/nbcs.mx\\\/#organization\"},\"image\":{\"@id\":\"https:\\\/\\\/nbcs.mx\\\/?p=136975#primaryimage\"},\"thumbnailUrl\":\"https:\\\/\\\/nbcs.mx\\\/wp-content\\\/uploads\\\/2021\\\/05\\\/01-Este-15-de-mayo-inicio-la-temporada-de-huracanes-2021-1.jpg\",\"articleSection\":[\"Clima\",\"Noticias\"],\"inLanguage\":\"es\",\"potentialAction\":[{\"@type\":\"CommentAction\",\"name\":\"Comment\",\"target\":[\"https:\\\/\\\/nbcs.mx\\\/?p=136975#respond\"]}]},{\"@type\":\"WebPage\",\"@id\":\"https:\\\/\\\/nbcs.mx\\\/?p=136975\",\"url\":\"https:\\\/\\\/nbcs.mx\\\/?p=136975\",\"name\":\"Inicia Temporada de Lluvias y Ciclones Tropicales 2024 para el Pac\u00edfico - NBCS Noticias\",\"isPartOf\":{\"@id\":\"https:\\\/\\\/nbcs.mx\\\/#website\"},\"primaryImageOfPage\":{\"@id\":\"https:\\\/\\\/nbcs.mx\\\/?p=136975#primaryimage\"},\"image\":{\"@id\":\"https:\\\/\\\/nbcs.mx\\\/?p=136975#primaryimage\"},\"thumbnailUrl\":\"https:\\\/\\\/nbcs.mx\\\/wp-content\\\/uploads\\\/2021\\\/05\\\/01-Este-15-de-mayo-inicio-la-temporada-de-huracanes-2021-1.jpg\",\"datePublished\":\"2024-05-16T00:28:25+00:00\",\"dateModified\":\"2024-05-17T04:24:43+00:00\",\"breadcrumb\":{\"@id\":\"https:\\\/\\\/nbcs.mx\\\/?p=136975#breadcrumb\"},\"inLanguage\":\"es\",\"potentialAction\":[{\"@type\":\"ReadAction\",\"target\":[\"https:\\\/\\\/nbcs.mx\\\/?p=136975\"]}]},{\"@type\":\"ImageObject\",\"inLanguage\":\"es\",\"@id\":\"https:\\\/\\\/nbcs.mx\\\/?p=136975#primaryimage\",\"url\":\"https:\\\/\\\/nbcs.mx\\\/wp-content\\\/uploads\\\/2021\\\/05\\\/01-Este-15-de-mayo-inicio-la-temporada-de-huracanes-2021-1.jpg\",\"contentUrl\":\"https:\\\/\\\/nbcs.mx\\\/wp-content\\\/uploads\\\/2021\\\/05\\\/01-Este-15-de-mayo-inicio-la-temporada-de-huracanes-2021-1.jpg\",\"width\":1908,\"height\":1152},{\"@type\":\"BreadcrumbList\",\"@id\":\"https:\\\/\\\/nbcs.mx\\\/?p=136975#breadcrumb\",\"itemListElement\":[{\"@type\":\"ListItem\",\"position\":1,\"name\":\"Portada\",\"item\":\"https:\\\/\\\/nbcs.mx\\\/\"},{\"@type\":\"ListItem\",\"position\":2,\"name\":\"Inicia Temporada de Lluvias y Ciclones Tropicales 2024 para el Pac\u00edfico\"}]},{\"@type\":\"WebSite\",\"@id\":\"https:\\\/\\\/nbcs.mx\\\/#website\",\"url\":\"https:\\\/\\\/nbcs.mx\\\/\",\"name\":\"NBCS Noticias\",\"description\":\"Sitio web de noticias en Baja California Sur\",\"publisher\":{\"@id\":\"https:\\\/\\\/nbcs.mx\\\/#organization\"},\"potentialAction\":[{\"@type\":\"SearchAction\",\"target\":{\"@type\":\"EntryPoint\",\"urlTemplate\":\"https:\\\/\\\/nbcs.mx\\\/?s={search_term_string}\"},\"query-input\":{\"@type\":\"PropertyValueSpecification\",\"valueRequired\":true,\"valueName\":\"search_term_string\"}}],\"inLanguage\":\"es\"},{\"@type\":\"Organization\",\"@id\":\"https:\\\/\\\/nbcs.mx\\\/#organization\",\"name\":\"NBCS Noticias\",\"url\":\"https:\\\/\\\/nbcs.mx\\\/\",\"logo\":{\"@type\":\"ImageObject\",\"inLanguage\":\"es\",\"@id\":\"https:\\\/\\\/nbcs.mx\\\/#\\\/schema\\\/logo\\\/image\\\/\",\"url\":\"https:\\\/\\\/nbcs.mx\\\/wp-content\\\/uploads\\\/2018\\\/09\\\/057b69485e93575a5c2b1c1dde2dd297.jpeg\",\"contentUrl\":\"https:\\\/\\\/nbcs.mx\\\/wp-content\\\/uploads\\\/2018\\\/09\\\/057b69485e93575a5c2b1c1dde2dd297.jpeg\",\"width\":64,\"height\":64,\"caption\":\"NBCS Noticias\"},\"image\":{\"@id\":\"https:\\\/\\\/nbcs.mx\\\/#\\\/schema\\\/logo\\\/image\\\/\"},\"sameAs\":[\"https:\\\/\\\/www.facebook.com\\\/NBCSnoticias\",\"https:\\\/\\\/x.com\\\/NBCSnoticias\"]},{\"@type\":\"Person\",\"@id\":\"https:\\\/\\\/nbcs.mx\\\/#\\\/schema\\\/person\\\/ece58bab9a7c1e87a4d28ec9ecd79ff4\",\"name\":\"NBCS Noticias\",\"image\":{\"@type\":\"ImageObject\",\"inLanguage\":\"es\",\"@id\":\"https:\\\/\\\/secure.gravatar.com\\\/avatar\\\/4e52110cad1c4054b43271a0d14bbe9e2ea76aecd0e1097edfc670798d9ca1d4?s=96&d=blank&r=g\",\"url\":\"https:\\\/\\\/secure.gravatar.com\\\/avatar\\\/4e52110cad1c4054b43271a0d14bbe9e2ea76aecd0e1097edfc670798d9ca1d4?s=96&d=blank&r=g\",\"contentUrl\":\"https:\\\/\\\/secure.gravatar.com\\\/avatar\\\/4e52110cad1c4054b43271a0d14bbe9e2ea76aecd0e1097edfc670798d9ca1d4?s=96&d=blank&r=g\",\"caption\":\"NBCS Noticias\"},\"description\":\"\u00bfTienes fotos o video de alg\u00fan acto de posible negligencia, corrupci\u00f3n y abuso de autoridad? M\u00e1ndalo al WhatsApp de NBCS Noticias: 612 141 98 08\",\"sameAs\":[\"https:\\\/\\\/www.nbcs.mx\",\"https:\\\/\\\/www.facebook.com\\\/NBCSnoticias\",\"https:\\\/\\\/www.instagram.com\\\/nbcsnoticias\\\/\",\"https:\\\/\\\/x.com\\\/https:\\\/\\\/twitter.com\\\/NBCSnoticias\"]}]}<\/script>\n<!-- \/ Yoast SEO plugin. -->","yoast_head_json":{"title":"Inicia Temporada de Lluvias y Ciclones Tropicales 2024 para el Pac\u00edfico - NBCS Noticias","robots":{"index":"index","follow":"follow","max-snippet":"max-snippet:-1","max-image-preview":"max-image-preview:large","max-video-preview":"max-video-preview:-1"},"canonical":"https:\/\/nbcs.mx\/?p=136975","og_locale":"es_ES","og_type":"article","og_title":"Inicia Temporada de Lluvias y Ciclones Tropicales 2024 para el Pac\u00edfico - NBCS Noticias","og_description":"Este 15 de mayo dio inicio de manera oficial la temporada de Lluvias y Ciclones Tropicales 2024, la cual concluye","og_url":"https:\/\/nbcs.mx\/?p=136975","og_site_name":"NBCS Noticias","article_publisher":"https:\/\/www.facebook.com\/NBCSnoticias","article_author":"https:\/\/www.facebook.com\/NBCSnoticias","article_published_time":"2024-05-16T00:28:25+00:00","article_modified_time":"2024-05-17T04:24:43+00:00","og_image":[{"width":1908,"height":1152,"url":"https:\/\/nbcs.mx\/wp-content\/uploads\/2021\/05\/01-Este-15-de-mayo-inicio-la-temporada-de-huracanes-2021-1.jpg","type":"image\/jpeg"}],"author":"NBCS Noticias","twitter_card":"summary_large_image","twitter_creator":"@https:\/\/twitter.com\/NBCSnoticias","twitter_site":"@NBCSnoticias","twitter_misc":{"Escrito por":"NBCS Noticias","Tiempo de lectura":"3 minutos"},"schema":{"@context":"https:\/\/schema.org","@graph":[{"@type":"Article","@id":"https:\/\/nbcs.mx\/?p=136975#article","isPartOf":{"@id":"https:\/\/nbcs.mx\/?p=136975"},"author":{"name":"NBCS Noticias","@id":"https:\/\/nbcs.mx\/#\/schema\/person\/ece58bab9a7c1e87a4d28ec9ecd79ff4"},"headline":"Inicia Temporada de Lluvias y Ciclones Tropicales 2024 para el Pac\u00edfico","datePublished":"2024-05-16T00:28:25+00:00","dateModified":"2024-05-17T04:24:43+00:00","mainEntityOfPage":{"@id":"https:\/\/nbcs.mx\/?p=136975"},"wordCount":388,"commentCount":0,"publisher":{"@id":"https:\/\/nbcs.mx\/#organization"},"image":{"@id":"https:\/\/nbcs.mx\/?p=136975#primaryimage"},"thumbnailUrl":"https:\/\/nbcs.mx\/wp-content\/uploads\/2021\/05\/01-Este-15-de-mayo-inicio-la-temporada-de-huracanes-2021-1.jpg","articleSection":["Clima","Noticias"],"inLanguage":"es","potentialAction":[{"@type":"CommentAction","name":"Comment","target":["https:\/\/nbcs.mx\/?p=136975#respond"]}]},{"@type":"WebPage","@id":"https:\/\/nbcs.mx\/?p=136975","url":"https:\/\/nbcs.mx\/?p=136975","name":"Inicia Temporada de Lluvias y Ciclones Tropicales 2024 para el Pac\u00edfico - NBCS Noticias","isPartOf":{"@id":"https:\/\/nbcs.mx\/#website"},"primaryImageOfPage":{"@id":"https:\/\/nbcs.mx\/?p=136975#primaryimage"},"image":{"@id":"https:\/\/nbcs.mx\/?p=136975#primaryimage"},"thumbnailUrl":"https:\/\/nbcs.mx\/wp-content\/uploads\/2021\/05\/01-Este-15-de-mayo-inicio-la-temporada-de-huracanes-2021-1.jpg","datePublished":"2024-05-16T00:28:25+00:00","dateModified":"2024-05-17T04:24:43+00:00","breadcrumb":{"@id":"https:\/\/nbcs.mx\/?p=136975#breadcrumb"},"inLanguage":"es","potentialAction":[{"@type":"ReadAction","target":["https:\/\/nbcs.mx\/?p=136975"]}]},{"@type":"ImageObject","inLanguage":"es","@id":"https:\/\/nbcs.mx\/?p=136975#primaryimage","url":"https:\/\/nbcs.mx\/wp-content\/uploads\/2021\/05\/01-Este-15-de-mayo-inicio-la-temporada-de-huracanes-2021-1.jpg","contentUrl":"https:\/\/nbcs.mx\/wp-content\/uploads\/2021\/05\/01-Este-15-de-mayo-inicio-la-temporada-de-huracanes-2021-1.jpg","width":1908,"height":1152},{"@type":"BreadcrumbList","@id":"https:\/\/nbcs.mx\/?p=136975#breadcrumb","itemListElement":[{"@type":"ListItem","position":1,"name":"Portada","item":"https:\/\/nbcs.mx\/"},{"@type":"ListItem","position":2,"name":"Inicia Temporada de Lluvias y Ciclones Tropicales 2024 para el Pac\u00edfico"}]},{"@type":"WebSite","@id":"https:\/\/nbcs.mx\/#website","url":"https:\/\/nbcs.mx\/","name":"NBCS Noticias","description":"Sitio web de noticias en Baja California Sur","publisher":{"@id":"https:\/\/nbcs.mx\/#organization"},"potentialAction":[{"@type":"SearchAction","target":{"@type":"EntryPoint","urlTemplate":"https:\/\/nbcs.mx\/?s={search_term_string}"},"query-input":{"@type":"PropertyValueSpecification","valueRequired":true,"valueName":"search_term_string"}}],"inLanguage":"es"},{"@type":"Organization","@id":"https:\/\/nbcs.mx\/#organization","name":"NBCS Noticias","url":"https:\/\/nbcs.mx\/","logo":{"@type":"ImageObject","inLanguage":"es","@id":"https:\/\/nbcs.mx\/#\/schema\/logo\/image\/","url":"https:\/\/nbcs.mx\/wp-content\/uploads\/2018\/09\/057b69485e93575a5c2b1c1dde2dd297.jpeg","contentUrl":"https:\/\/nbcs.mx\/wp-content\/uploads\/2018\/09\/057b69485e93575a5c2b1c1dde2dd297.jpeg","width":64,"height":64,"caption":"NBCS Noticias"},"image":{"@id":"https:\/\/nbcs.mx\/#\/schema\/logo\/image\/"},"sameAs":["https:\/\/www.facebook.com\/NBCSnoticias","https:\/\/x.com\/NBCSnoticias"]},{"@type":"Person","@id":"https:\/\/nbcs.mx\/#\/schema\/person\/ece58bab9a7c1e87a4d28ec9ecd79ff4","name":"NBCS Noticias","image":{"@type":"ImageObject","inLanguage":"es","@id":"https:\/\/secure.gravatar.com\/avatar\/4e52110cad1c4054b43271a0d14bbe9e2ea76aecd0e1097edfc670798d9ca1d4?s=96&d=blank&r=g","url":"https:\/\/secure.gravatar.com\/avatar\/4e52110cad1c4054b43271a0d14bbe9e2ea76aecd0e1097edfc670798d9ca1d4?s=96&d=blank&r=g","contentUrl":"https:\/\/secure.gravatar.com\/avatar\/4e52110cad1c4054b43271a0d14bbe9e2ea76aecd0e1097edfc670798d9ca1d4?s=96&d=blank&r=g","caption":"NBCS Noticias"},"description":"\u00bfTienes fotos o video de alg\u00fan acto de posible negligencia, corrupci\u00f3n y abuso de autoridad? M\u00e1ndalo al WhatsApp de NBCS Noticias: 612 141 98 08","sameAs":["https:\/\/www.nbcs.mx","https:\/\/www.facebook.com\/NBCSnoticias","https:\/\/www.instagram.com\/nbcsnoticias\/","https:\/\/x.com\/https:\/\/twitter.com\/NBCSnoticias"]}]}},"jetpack_publicize_connections":[],"jetpack_featured_media_url":"https:\/\/nbcs.mx\/wp-content\/uploads\/2021\/05\/01-Este-15-de-mayo-inicio-la-temporada-de-huracanes-2021-1.jpg","jetpack_sharing_enabled":true,"_links":{"self":[{"href":"https:\/\/nbcs.mx\/index.php?rest_route=\/wp\/v2\/posts\/136975","targetHints":{"allow":["GET"]}}],"collection":[{"href":"https:\/\/nbcs.mx\/index.php?rest_route=\/wp\/v2\/posts"}],"about":[{"href":"https:\/\/nbcs.mx\/index.php?rest_route=\/wp\/v2\/types\/post"}],"author":[{"embeddable":true,"href":"https:\/\/nbcs.mx\/index.php?rest_route=\/wp\/v2\/users\/1"}],"replies":[{"embeddable":true,"href":"https:\/\/nbcs.mx\/index.php?rest_route=%2Fwp%2Fv2%2Fcomments&post=136975"}],"version-history":[{"count":1,"href":"https:\/\/nbcs.mx\/index.php?rest_route=\/wp\/v2\/posts\/136975\/revisions"}],"predecessor-version":[{"id":136976,"href":"https:\/\/nbcs.mx\/index.php?rest_route=\/wp\/v2\/posts\/136975\/revisions\/136976"}],"wp:featuredmedia":[{"embeddable":true,"href":"https:\/\/nbcs.mx\/index.php?rest_route=\/wp\/v2\/media\/87885"}],"wp:attachment":[{"href":"https:\/\/nbcs.mx\/index.php?rest_route=%2Fwp%2Fv2%2Fmedia&parent=136975"}],"wp:term":[{"taxonomy":"category","embeddable":true,"href":"https:\/\/nbcs.mx\/index.php?rest_route=%2Fwp%2Fv2%2Fcategories&post=136975"},{"taxonomy":"post_tag","embeddable":true,"href":"https:\/\/nbcs.mx\/index.php?rest_route=%2Fwp%2Fv2%2Ftags&post=136975"}],"curies":[{"name":"wp","href":"https:\/\/api.w.org\/{rel}","templated":true}]}}