{"id":137028,"date":"2024-05-16T21:54:48","date_gmt":"2024-05-17T03:54:48","guid":{"rendered":"https:\/\/nbcs.mx\/?p=137028"},"modified":"2024-05-16T21:54:48","modified_gmt":"2024-05-17T03:54:48","slug":"embarcaciones-danadas-en-la-paz-por-norma-siguen-sin-rescatarse-y-ya-inicio-nueva-temporada-de-huracanes","status":"publish","type":"post","link":"https:\/\/nbcs.mx\/?p=137028","title":{"rendered":"Embarcaciones da\u00f1adas en La Paz por \u201cNorma\u201d siguen sin rescatarse y ya inici\u00f3 nueva temporada de huracanes"},"content":{"rendered":"<p style=\"text-align: justify;\"><img loading=\"lazy\" decoding=\"async\" class=\" wp-image-137029 alignleft\" src=\"https:\/\/nbcs.mx\/wp-content\/uploads\/2024\/05\/Embarcaciones.jpeg\" alt=\"\" width=\"335\" height=\"185\" srcset=\"https:\/\/nbcs.mx\/wp-content\/uploads\/2024\/05\/Embarcaciones.jpeg 725w, https:\/\/nbcs.mx\/wp-content\/uploads\/2024\/05\/Embarcaciones-150x83.jpeg 150w\" sizes=\"auto, (max-width: 335px) 100vw, 335px\" \/>Inici\u00f3 la temporada de tormentas y huracanes oficialmente, y las embarcaciones que fueron da\u00f1adas en la bah\u00eda de La Paz por el cicl\u00f3n \u201cNorma\u201d a\u00fan permanecen en la playa, hasta donde las arrojaron las fuertes marejadas provocadas por la velocidad del viento.<\/p>\n<p style=\"text-align: justify;\">En ese sentido, el secretario general de gobierno del Estado, Sa\u00fal Gonz\u00e1lez N\u00fa\u00f1ez, manifest\u00f3 que este es un tema que se sigue atendiendo en la Mesa de Seguridad, pero que lamentablemente cuesta mucho dinero realizar maniobras para su retiro.<\/p>\n<p style=\"text-align: justify;\">Sostuvo que en esas gestiones se trabaja con la Secretar\u00eda de Marina, pero que hasta el momento no se han logrado obtener los medios que permitan despejar la bah\u00eda de esas embarcaciones, ya que adem\u00e1s hace falta un patio o marina seca, donde colocarlas.<\/p>\n<p style=\"text-align: justify;\">El funcionario estatal expres\u00f3 que en esa situaci\u00f3n se encuentran alrededor de 75 embarcaciones, entre grandes y peque\u00f1as, cuyas amarras fueron reventadas por el hurac\u00e1n y quedaron a la deriva, sin que sus due\u00f1os aparecieran para reclamarlas.<\/p>\n<p style=\"text-align: justify;\">Reconoci\u00f3 que en este caso se trabaja a contra reloj, pues si bien la temporada de huracanes ya inici\u00f3, en Baja California Sur los fen\u00f3menos hidrometeorol\u00f3gicos comienzan a resentirse a partir de agosto.<\/p>\n<p style=\"text-align: justify;\">Refiri\u00f3 que si bien algunas de estas embarcaciones cuentan con seguro, es necesario que se hagan efectivos lo m\u00e1s pronto posible, pues la intenci\u00f3n es que si se llegara a presentar otro hurac\u00e1n en La Paz, los da\u00f1os podr\u00edan ser mayores a la comunidad.<\/p>\n<p style=\"text-align: justify;\">Cabe recordar que durante el paso del hurac\u00e1n \u201cNorma\u201d por La Paz, en octubre del 2023, muchas embarcaciones fueron arrojadas a la playa, otras se hundieron y algunas m\u00e1s quedaron sueltas por la bah\u00eda, y si bien hubo las que se rescataron por sus propietarios, en otras simplemente no aparecieron los due\u00f1os. (Por: Arturo Nieves).<\/p>\n","protected":false},"excerpt":{"rendered":"<p>Inici\u00f3 la temporada de tormentas y huracanes oficialmente, y las embarcaciones que fueron da\u00f1adas en la bah\u00eda de La Paz<\/p>\n","protected":false},"author":1,"featured_media":137029,"comment_status":"open","ping_status":"closed","sticky":false,"template":"","format":"standard","meta":{"colormag_page_container_layout":"default_layout","colormag_page_sidebar_layout":"default_layout","_jetpack_memberships_contains_paid_content":false,"footnotes":"","jetpack_publicize_message":"","jetpack_publicize_feature_enabled":true,"jetpack_social_post_already_shared":true,"jetpack_social_options":{"image_generator_settings":{"template":"highway","default_image_id":0,"font":"","enabled":false},"version":2}},"categories":[1],"tags":[],"class_list":["post-137028","post","type-post","status-publish","format-standard","has-post-thumbnail","hentry","category-noticias"],"yoast_head":"<!-- This site is optimized with the Yoast SEO plugin v27.5 - https:\/\/yoast.com\/product\/yoast-seo-wordpress\/ -->\n<title>Embarcaciones da\u00f1adas en La Paz por \u201cNorma\u201d siguen sin rescatarse y ya inici\u00f3 nueva temporada de huracanes - NBCS Noticias<\/title>\n<meta name=\"robots\" content=\"index, follow, max-snippet:-1, max-image-preview:large, max-video-preview:-1\" \/>\n<link rel=\"canonical\" href=\"https:\/\/nbcs.mx\/?p=137028\" \/>\n<meta property=\"og:locale\" content=\"es_ES\" \/>\n<meta property=\"og:type\" content=\"article\" \/>\n<meta property=\"og:title\" content=\"Embarcaciones da\u00f1adas en La Paz por \u201cNorma\u201d siguen sin rescatarse y ya inici\u00f3 nueva temporada de huracanes - NBCS Noticias\" \/>\n<meta property=\"og:description\" content=\"Inici\u00f3 la temporada de tormentas y huracanes oficialmente, y las embarcaciones que fueron da\u00f1adas en la bah\u00eda de La Paz\" \/>\n<meta property=\"og:url\" content=\"https:\/\/nbcs.mx\/?p=137028\" \/>\n<meta property=\"og:site_name\" content=\"NBCS Noticias\" \/>\n<meta property=\"article:publisher\" content=\"https:\/\/www.facebook.com\/NBCSnoticias\" \/>\n<meta property=\"article:author\" content=\"https:\/\/www.facebook.com\/NBCSnoticias\" \/>\n<meta property=\"article:published_time\" content=\"2024-05-17T03:54:48+00:00\" \/>\n<meta property=\"og:image\" content=\"https:\/\/nbcs.mx\/wp-content\/uploads\/2024\/05\/Embarcaciones.jpeg\" \/>\n\t<meta property=\"og:image:width\" content=\"725\" \/>\n\t<meta property=\"og:image:height\" content=\"400\" \/>\n\t<meta property=\"og:image:type\" content=\"image\/jpeg\" \/>\n<meta name=\"author\" content=\"NBCS Noticias\" \/>\n<meta name=\"twitter:card\" content=\"summary_large_image\" \/>\n<meta name=\"twitter:creator\" content=\"@https:\/\/twitter.com\/NBCSnoticias\" \/>\n<meta name=\"twitter:site\" content=\"@NBCSnoticias\" \/>\n<meta name=\"twitter:label1\" content=\"Escrito por\" \/>\n\t<meta name=\"twitter:data1\" content=\"NBCS Noticias\" \/>\n\t<meta name=\"twitter:label2\" content=\"Tiempo de lectura\" \/>\n\t<meta name=\"twitter:data2\" content=\"2 minutos\" \/>\n<script type=\"application\/ld+json\" class=\"yoast-schema-graph\">{\"@context\":\"https:\\\/\\\/schema.org\",\"@graph\":[{\"@type\":\"Article\",\"@id\":\"https:\\\/\\\/nbcs.mx\\\/?p=137028#article\",\"isPartOf\":{\"@id\":\"https:\\\/\\\/nbcs.mx\\\/?p=137028\"},\"author\":{\"name\":\"NBCS Noticias\",\"@id\":\"https:\\\/\\\/nbcs.mx\\\/#\\\/schema\\\/person\\\/ece58bab9a7c1e87a4d28ec9ecd79ff4\"},\"headline\":\"Embarcaciones da\u00f1adas en La Paz por \u201cNorma\u201d siguen sin rescatarse y ya inici\u00f3 nueva temporada de huracanes\",\"datePublished\":\"2024-05-17T03:54:48+00:00\",\"mainEntityOfPage\":{\"@id\":\"https:\\\/\\\/nbcs.mx\\\/?p=137028\"},\"wordCount\":335,\"commentCount\":0,\"publisher\":{\"@id\":\"https:\\\/\\\/nbcs.mx\\\/#organization\"},\"image\":{\"@id\":\"https:\\\/\\\/nbcs.mx\\\/?p=137028#primaryimage\"},\"thumbnailUrl\":\"https:\\\/\\\/nbcs.mx\\\/wp-content\\\/uploads\\\/2024\\\/05\\\/Embarcaciones.jpeg\",\"articleSection\":[\"Noticias\"],\"inLanguage\":\"es\",\"potentialAction\":[{\"@type\":\"CommentAction\",\"name\":\"Comment\",\"target\":[\"https:\\\/\\\/nbcs.mx\\\/?p=137028#respond\"]}]},{\"@type\":\"WebPage\",\"@id\":\"https:\\\/\\\/nbcs.mx\\\/?p=137028\",\"url\":\"https:\\\/\\\/nbcs.mx\\\/?p=137028\",\"name\":\"Embarcaciones da\u00f1adas en La Paz por \u201cNorma\u201d siguen sin rescatarse y ya inici\u00f3 nueva temporada de huracanes - NBCS Noticias\",\"isPartOf\":{\"@id\":\"https:\\\/\\\/nbcs.mx\\\/#website\"},\"primaryImageOfPage\":{\"@id\":\"https:\\\/\\\/nbcs.mx\\\/?p=137028#primaryimage\"},\"image\":{\"@id\":\"https:\\\/\\\/nbcs.mx\\\/?p=137028#primaryimage\"},\"thumbnailUrl\":\"https:\\\/\\\/nbcs.mx\\\/wp-content\\\/uploads\\\/2024\\\/05\\\/Embarcaciones.jpeg\",\"datePublished\":\"2024-05-17T03:54:48+00:00\",\"breadcrumb\":{\"@id\":\"https:\\\/\\\/nbcs.mx\\\/?p=137028#breadcrumb\"},\"inLanguage\":\"es\",\"potentialAction\":[{\"@type\":\"ReadAction\",\"target\":[\"https:\\\/\\\/nbcs.mx\\\/?p=137028\"]}]},{\"@type\":\"ImageObject\",\"inLanguage\":\"es\",\"@id\":\"https:\\\/\\\/nbcs.mx\\\/?p=137028#primaryimage\",\"url\":\"https:\\\/\\\/nbcs.mx\\\/wp-content\\\/uploads\\\/2024\\\/05\\\/Embarcaciones.jpeg\",\"contentUrl\":\"https:\\\/\\\/nbcs.mx\\\/wp-content\\\/uploads\\\/2024\\\/05\\\/Embarcaciones.jpeg\",\"width\":725,\"height\":400},{\"@type\":\"BreadcrumbList\",\"@id\":\"https:\\\/\\\/nbcs.mx\\\/?p=137028#breadcrumb\",\"itemListElement\":[{\"@type\":\"ListItem\",\"position\":1,\"name\":\"Portada\",\"item\":\"https:\\\/\\\/nbcs.mx\\\/\"},{\"@type\":\"ListItem\",\"position\":2,\"name\":\"Embarcaciones da\u00f1adas en La Paz por \u201cNorma\u201d siguen sin rescatarse y ya inici\u00f3 nueva temporada de huracanes\"}]},{\"@type\":\"WebSite\",\"@id\":\"https:\\\/\\\/nbcs.mx\\\/#website\",\"url\":\"https:\\\/\\\/nbcs.mx\\\/\",\"name\":\"NBCS Noticias\",\"description\":\"Sitio web de noticias en Baja California Sur\",\"publisher\":{\"@id\":\"https:\\\/\\\/nbcs.mx\\\/#organization\"},\"potentialAction\":[{\"@type\":\"SearchAction\",\"target\":{\"@type\":\"EntryPoint\",\"urlTemplate\":\"https:\\\/\\\/nbcs.mx\\\/?s={search_term_string}\"},\"query-input\":{\"@type\":\"PropertyValueSpecification\",\"valueRequired\":true,\"valueName\":\"search_term_string\"}}],\"inLanguage\":\"es\"},{\"@type\":\"Organization\",\"@id\":\"https:\\\/\\\/nbcs.mx\\\/#organization\",\"name\":\"NBCS Noticias\",\"url\":\"https:\\\/\\\/nbcs.mx\\\/\",\"logo\":{\"@type\":\"ImageObject\",\"inLanguage\":\"es\",\"@id\":\"https:\\\/\\\/nbcs.mx\\\/#\\\/schema\\\/logo\\\/image\\\/\",\"url\":\"https:\\\/\\\/nbcs.mx\\\/wp-content\\\/uploads\\\/2018\\\/09\\\/057b69485e93575a5c2b1c1dde2dd297.jpeg\",\"contentUrl\":\"https:\\\/\\\/nbcs.mx\\\/wp-content\\\/uploads\\\/2018\\\/09\\\/057b69485e93575a5c2b1c1dde2dd297.jpeg\",\"width\":64,\"height\":64,\"caption\":\"NBCS Noticias\"},\"image\":{\"@id\":\"https:\\\/\\\/nbcs.mx\\\/#\\\/schema\\\/logo\\\/image\\\/\"},\"sameAs\":[\"https:\\\/\\\/www.facebook.com\\\/NBCSnoticias\",\"https:\\\/\\\/x.com\\\/NBCSnoticias\"]},{\"@type\":\"Person\",\"@id\":\"https:\\\/\\\/nbcs.mx\\\/#\\\/schema\\\/person\\\/ece58bab9a7c1e87a4d28ec9ecd79ff4\",\"name\":\"NBCS Noticias\",\"image\":{\"@type\":\"ImageObject\",\"inLanguage\":\"es\",\"@id\":\"https:\\\/\\\/secure.gravatar.com\\\/avatar\\\/4e52110cad1c4054b43271a0d14bbe9e2ea76aecd0e1097edfc670798d9ca1d4?s=96&d=blank&r=g\",\"url\":\"https:\\\/\\\/secure.gravatar.com\\\/avatar\\\/4e52110cad1c4054b43271a0d14bbe9e2ea76aecd0e1097edfc670798d9ca1d4?s=96&d=blank&r=g\",\"contentUrl\":\"https:\\\/\\\/secure.gravatar.com\\\/avatar\\\/4e52110cad1c4054b43271a0d14bbe9e2ea76aecd0e1097edfc670798d9ca1d4?s=96&d=blank&r=g\",\"caption\":\"NBCS Noticias\"},\"description\":\"\u00bfTienes fotos o video de alg\u00fan acto de posible negligencia, corrupci\u00f3n y abuso de autoridad? M\u00e1ndalo al WhatsApp de NBCS Noticias: 612 141 98 08\",\"sameAs\":[\"https:\\\/\\\/www.nbcs.mx\",\"https:\\\/\\\/www.facebook.com\\\/NBCSnoticias\",\"https:\\\/\\\/www.instagram.com\\\/nbcsnoticias\\\/\",\"https:\\\/\\\/x.com\\\/https:\\\/\\\/twitter.com\\\/NBCSnoticias\"]}]}<\/script>\n<!-- \/ Yoast SEO plugin. -->","yoast_head_json":{"title":"Embarcaciones da\u00f1adas en La Paz por \u201cNorma\u201d siguen sin rescatarse y ya inici\u00f3 nueva temporada de huracanes - NBCS Noticias","robots":{"index":"index","follow":"follow","max-snippet":"max-snippet:-1","max-image-preview":"max-image-preview:large","max-video-preview":"max-video-preview:-1"},"canonical":"https:\/\/nbcs.mx\/?p=137028","og_locale":"es_ES","og_type":"article","og_title":"Embarcaciones da\u00f1adas en La Paz por \u201cNorma\u201d siguen sin rescatarse y ya inici\u00f3 nueva temporada de huracanes - NBCS Noticias","og_description":"Inici\u00f3 la temporada de tormentas y huracanes oficialmente, y las embarcaciones que fueron da\u00f1adas en la bah\u00eda de La Paz","og_url":"https:\/\/nbcs.mx\/?p=137028","og_site_name":"NBCS Noticias","article_publisher":"https:\/\/www.facebook.com\/NBCSnoticias","article_author":"https:\/\/www.facebook.com\/NBCSnoticias","article_published_time":"2024-05-17T03:54:48+00:00","og_image":[{"width":725,"height":400,"url":"https:\/\/nbcs.mx\/wp-content\/uploads\/2024\/05\/Embarcaciones.jpeg","type":"image\/jpeg"}],"author":"NBCS Noticias","twitter_card":"summary_large_image","twitter_creator":"@https:\/\/twitter.com\/NBCSnoticias","twitter_site":"@NBCSnoticias","twitter_misc":{"Escrito por":"NBCS Noticias","Tiempo de lectura":"2 minutos"},"schema":{"@context":"https:\/\/schema.org","@graph":[{"@type":"Article","@id":"https:\/\/nbcs.mx\/?p=137028#article","isPartOf":{"@id":"https:\/\/nbcs.mx\/?p=137028"},"author":{"name":"NBCS Noticias","@id":"https:\/\/nbcs.mx\/#\/schema\/person\/ece58bab9a7c1e87a4d28ec9ecd79ff4"},"headline":"Embarcaciones da\u00f1adas en La Paz por \u201cNorma\u201d siguen sin rescatarse y ya inici\u00f3 nueva temporada de huracanes","datePublished":"2024-05-17T03:54:48+00:00","mainEntityOfPage":{"@id":"https:\/\/nbcs.mx\/?p=137028"},"wordCount":335,"commentCount":0,"publisher":{"@id":"https:\/\/nbcs.mx\/#organization"},"image":{"@id":"https:\/\/nbcs.mx\/?p=137028#primaryimage"},"thumbnailUrl":"https:\/\/nbcs.mx\/wp-content\/uploads\/2024\/05\/Embarcaciones.jpeg","articleSection":["Noticias"],"inLanguage":"es","potentialAction":[{"@type":"CommentAction","name":"Comment","target":["https:\/\/nbcs.mx\/?p=137028#respond"]}]},{"@type":"WebPage","@id":"https:\/\/nbcs.mx\/?p=137028","url":"https:\/\/nbcs.mx\/?p=137028","name":"Embarcaciones da\u00f1adas en La Paz por \u201cNorma\u201d siguen sin rescatarse y ya inici\u00f3 nueva temporada de huracanes - NBCS Noticias","isPartOf":{"@id":"https:\/\/nbcs.mx\/#website"},"primaryImageOfPage":{"@id":"https:\/\/nbcs.mx\/?p=137028#primaryimage"},"image":{"@id":"https:\/\/nbcs.mx\/?p=137028#primaryimage"},"thumbnailUrl":"https:\/\/nbcs.mx\/wp-content\/uploads\/2024\/05\/Embarcaciones.jpeg","datePublished":"2024-05-17T03:54:48+00:00","breadcrumb":{"@id":"https:\/\/nbcs.mx\/?p=137028#breadcrumb"},"inLanguage":"es","potentialAction":[{"@type":"ReadAction","target":["https:\/\/nbcs.mx\/?p=137028"]}]},{"@type":"ImageObject","inLanguage":"es","@id":"https:\/\/nbcs.mx\/?p=137028#primaryimage","url":"https:\/\/nbcs.mx\/wp-content\/uploads\/2024\/05\/Embarcaciones.jpeg","contentUrl":"https:\/\/nbcs.mx\/wp-content\/uploads\/2024\/05\/Embarcaciones.jpeg","width":725,"height":400},{"@type":"BreadcrumbList","@id":"https:\/\/nbcs.mx\/?p=137028#breadcrumb","itemListElement":[{"@type":"ListItem","position":1,"name":"Portada","item":"https:\/\/nbcs.mx\/"},{"@type":"ListItem","position":2,"name":"Embarcaciones da\u00f1adas en La Paz por \u201cNorma\u201d siguen sin rescatarse y ya inici\u00f3 nueva temporada de huracanes"}]},{"@type":"WebSite","@id":"https:\/\/nbcs.mx\/#website","url":"https:\/\/nbcs.mx\/","name":"NBCS Noticias","description":"Sitio web de noticias en Baja California Sur","publisher":{"@id":"https:\/\/nbcs.mx\/#organization"},"potentialAction":[{"@type":"SearchAction","target":{"@type":"EntryPoint","urlTemplate":"https:\/\/nbcs.mx\/?s={search_term_string}"},"query-input":{"@type":"PropertyValueSpecification","valueRequired":true,"valueName":"search_term_string"}}],"inLanguage":"es"},{"@type":"Organization","@id":"https:\/\/nbcs.mx\/#organization","name":"NBCS Noticias","url":"https:\/\/nbcs.mx\/","logo":{"@type":"ImageObject","inLanguage":"es","@id":"https:\/\/nbcs.mx\/#\/schema\/logo\/image\/","url":"https:\/\/nbcs.mx\/wp-content\/uploads\/2018\/09\/057b69485e93575a5c2b1c1dde2dd297.jpeg","contentUrl":"https:\/\/nbcs.mx\/wp-content\/uploads\/2018\/09\/057b69485e93575a5c2b1c1dde2dd297.jpeg","width":64,"height":64,"caption":"NBCS Noticias"},"image":{"@id":"https:\/\/nbcs.mx\/#\/schema\/logo\/image\/"},"sameAs":["https:\/\/www.facebook.com\/NBCSnoticias","https:\/\/x.com\/NBCSnoticias"]},{"@type":"Person","@id":"https:\/\/nbcs.mx\/#\/schema\/person\/ece58bab9a7c1e87a4d28ec9ecd79ff4","name":"NBCS Noticias","image":{"@type":"ImageObject","inLanguage":"es","@id":"https:\/\/secure.gravatar.com\/avatar\/4e52110cad1c4054b43271a0d14bbe9e2ea76aecd0e1097edfc670798d9ca1d4?s=96&d=blank&r=g","url":"https:\/\/secure.gravatar.com\/avatar\/4e52110cad1c4054b43271a0d14bbe9e2ea76aecd0e1097edfc670798d9ca1d4?s=96&d=blank&r=g","contentUrl":"https:\/\/secure.gravatar.com\/avatar\/4e52110cad1c4054b43271a0d14bbe9e2ea76aecd0e1097edfc670798d9ca1d4?s=96&d=blank&r=g","caption":"NBCS Noticias"},"description":"\u00bfTienes fotos o video de alg\u00fan acto de posible negligencia, corrupci\u00f3n y abuso de autoridad? M\u00e1ndalo al WhatsApp de NBCS Noticias: 612 141 98 08","sameAs":["https:\/\/www.nbcs.mx","https:\/\/www.facebook.com\/NBCSnoticias","https:\/\/www.instagram.com\/nbcsnoticias\/","https:\/\/x.com\/https:\/\/twitter.com\/NBCSnoticias"]}]}},"jetpack_publicize_connections":[],"jetpack_featured_media_url":"https:\/\/nbcs.mx\/wp-content\/uploads\/2024\/05\/Embarcaciones.jpeg","jetpack_sharing_enabled":true,"_links":{"self":[{"href":"https:\/\/nbcs.mx\/index.php?rest_route=\/wp\/v2\/posts\/137028","targetHints":{"allow":["GET"]}}],"collection":[{"href":"https:\/\/nbcs.mx\/index.php?rest_route=\/wp\/v2\/posts"}],"about":[{"href":"https:\/\/nbcs.mx\/index.php?rest_route=\/wp\/v2\/types\/post"}],"author":[{"embeddable":true,"href":"https:\/\/nbcs.mx\/index.php?rest_route=\/wp\/v2\/users\/1"}],"replies":[{"embeddable":true,"href":"https:\/\/nbcs.mx\/index.php?rest_route=%2Fwp%2Fv2%2Fcomments&post=137028"}],"version-history":[{"count":1,"href":"https:\/\/nbcs.mx\/index.php?rest_route=\/wp\/v2\/posts\/137028\/revisions"}],"predecessor-version":[{"id":137030,"href":"https:\/\/nbcs.mx\/index.php?rest_route=\/wp\/v2\/posts\/137028\/revisions\/137030"}],"wp:featuredmedia":[{"embeddable":true,"href":"https:\/\/nbcs.mx\/index.php?rest_route=\/wp\/v2\/media\/137029"}],"wp:attachment":[{"href":"https:\/\/nbcs.mx\/index.php?rest_route=%2Fwp%2Fv2%2Fmedia&parent=137028"}],"wp:term":[{"taxonomy":"category","embeddable":true,"href":"https:\/\/nbcs.mx\/index.php?rest_route=%2Fwp%2Fv2%2Fcategories&post=137028"},{"taxonomy":"post_tag","embeddable":true,"href":"https:\/\/nbcs.mx\/index.php?rest_route=%2Fwp%2Fv2%2Ftags&post=137028"}],"curies":[{"name":"wp","href":"https:\/\/api.w.org\/{rel}","templated":true}]}}