{"id":139713,"date":"2024-08-06T09:13:17","date_gmt":"2024-08-06T15:13:17","guid":{"rendered":"https:\/\/nbcs.mx\/?p=139713"},"modified":"2024-08-06T09:13:17","modified_gmt":"2024-08-06T15:13:17","slug":"no-se-pararan-en-cada-esquina-las-nuevas-unidades-del-transporte-de-la-paz-inician-servicio-el-dia-13-de-agosto","status":"publish","type":"post","link":"https:\/\/nbcs.mx\/?p=139713","title":{"rendered":"No se parar\u00e1n en cada esquina las nuevas unidades del transporte de La Paz; inician servicio el d\u00eda 13 de agosto"},"content":{"rendered":"<p style=\"text-align: justify;\"><img loading=\"lazy\" decoding=\"async\" class=\" wp-image-139714 alignleft\" src=\"https:\/\/nbcs.mx\/wp-content\/uploads\/2024\/08\/Camion.jpg\" alt=\"\" width=\"349\" height=\"192\" srcset=\"https:\/\/nbcs.mx\/wp-content\/uploads\/2024\/08\/Camion.jpg 726w, https:\/\/nbcs.mx\/wp-content\/uploads\/2024\/08\/Camion-150x83.jpg 150w\" sizes=\"auto, (max-width: 349px) 100vw, 349px\" \/>Con los nuevos camiones del transporte urbano de La Paz, ya no habr\u00e1 las cl\u00e1sicas paradas en cada esquina o donde lo pida el pasajero, sino que habr\u00e1 sitios determinados en los cuales los autobuses podr\u00e1n detenerse a bajar y subir a los usuarios.<\/p>\n<p style=\"text-align: justify;\">As\u00ed lo confirm\u00f3 la presidenta municipal, Milena Quiroga Romero, quien adem\u00e1s anunci\u00f3 que a partir del martes 13 de agosto, iniciar\u00e1n operaciones las primeras 20 unidades que cubrir\u00e1n las dos rutas autorizadas hasta el momento.<\/p>\n<p style=\"text-align: justify;\">En su cuenta de Facebook, la Alcaldesa public\u00f3: \u201ccon gusto les informo que las dos nuevas rutas de los Tiburones Urbanos comenzar\u00e1n sus operaciones el martes 13 de agosto a las 10:00 de la ma\u00f1ana. El nuevo Sistema Municipal de Transporte es una realidad\u201d.<\/p>\n<p style=\"text-align: justify;\">Mientras tanto, dijo que en esas nuevas rutas, ya no se podr\u00e1 pedir la parada en cada esquina, como se hace en el servicio tradicional de peseras, puesto que habr\u00e1 sitios espec\u00edficos, a determinada distancia uno de otro, donde solamente se podr\u00e1n detener las unidades, por lo cual el usuario deber\u00e1 elegir la m\u00e1s cercana a su destino.<\/p>\n<p style=\"text-align: justify;\">Manifest\u00f3 que la intenci\u00f3n es construir paraderos en esos sitios, pero por ahora, solamente tienen considerados dos, que constar\u00e1n de su respectivo techo para protegerse de la lluvia o el sol, y un lugar donde sentarse.<\/p>\n<p style=\"text-align: justify;\">Mientras tanto, se contin\u00faa invitando a los usuarios a adquirir la tarjeta mediante la cual podr\u00e1 pagar el pasaje, que ser\u00e1 de 16 pesos en la tarifa general, y de 8 para adultos mayores, discapacitados y estudiantes.<\/p>\n<p style=\"text-align: justify;\">Para ello, por ahora existen doce puntos de venta que son las ventanillas y cajeros del Ayuntamiento de La Paz, ubicados en distintos puntos de la ciudad.<\/p>\n<p style=\"text-align: justify;\">El costo de la tarjeta es de 50 pesos, para la tarifa general, de 40 para estudiantes, y de 30 en la tarifa preferencial, para adultos mayores y personas con discapacidad, aclar\u00e1ndose que todas ir\u00e1n cargadas con 16 pesos de saldo. (Por: Arturo Nieves).<\/p>\n","protected":false},"excerpt":{"rendered":"<p>Con los nuevos camiones del transporte urbano de La Paz, ya no habr\u00e1 las cl\u00e1sicas paradas en cada esquina o<\/p>\n","protected":false},"author":1,"featured_media":139714,"comment_status":"open","ping_status":"closed","sticky":false,"template":"","format":"standard","meta":{"colormag_page_container_layout":"default_layout","colormag_page_sidebar_layout":"default_layout","_jetpack_newsletter_access":"","_jetpack_dont_email_post_to_subs":false,"_jetpack_newsletter_tier_id":0,"_jetpack_memberships_contains_paywalled_content":false,"_jetpack_feature_clip_id":0,"_jetpack_memberships_contains_paid_content":false,"footnotes":"","jetpack_publicize_message":"","jetpack_publicize_feature_enabled":true,"jetpack_social_post_already_shared":true,"jetpack_social_options":{"image_generator_settings":{"template":"highway","default_image_id":0,"font":"","enabled":false},"version":2},"jetpack_post_was_ever_published":false},"categories":[1],"tags":[],"class_list":["post-139713","post","type-post","status-publish","format-standard","has-post-thumbnail","hentry","category-noticias"],"yoast_head":"<!-- This site is optimized with the Yoast SEO plugin v28.4 - https:\/\/yoast.com\/product\/yoast-seo-wordpress\/ -->\n<title>No se parar\u00e1n en cada esquina las nuevas unidades del transporte de La Paz; inician servicio el d\u00eda 13 de agosto - NBCS Noticias<\/title>\n<meta name=\"robots\" content=\"index, follow, max-snippet:-1, max-image-preview:large, max-video-preview:-1\" \/>\n<link rel=\"canonical\" href=\"https:\/\/nbcs.mx\/?p=139713\" \/>\n<meta property=\"og:locale\" content=\"es_ES\" \/>\n<meta property=\"og:type\" content=\"article\" \/>\n<meta property=\"og:title\" content=\"No se parar\u00e1n en cada esquina las nuevas unidades del transporte de La Paz; inician servicio el d\u00eda 13 de agosto - NBCS Noticias\" \/>\n<meta property=\"og:description\" content=\"Con los nuevos camiones del transporte urbano de La Paz, ya no habr\u00e1 las cl\u00e1sicas paradas en cada esquina o\" \/>\n<meta property=\"og:url\" content=\"https:\/\/nbcs.mx\/?p=139713\" \/>\n<meta property=\"og:site_name\" content=\"NBCS Noticias\" \/>\n<meta property=\"article:publisher\" content=\"https:\/\/www.facebook.com\/NBCSnoticias\" \/>\n<meta property=\"article:author\" content=\"https:\/\/www.facebook.com\/NBCSnoticias\" \/>\n<meta property=\"article:published_time\" content=\"2024-08-06T15:13:17+00:00\" \/>\n<meta property=\"og:image\" content=\"https:\/\/nbcs.mx\/wp-content\/uploads\/2024\/08\/Camion.jpg\" \/>\n\t<meta property=\"og:image:width\" content=\"726\" \/>\n\t<meta property=\"og:image:height\" content=\"400\" \/>\n\t<meta property=\"og:image:type\" content=\"image\/jpeg\" \/>\n<meta name=\"author\" content=\"NBCS Noticias\" \/>\n<meta name=\"twitter:card\" content=\"summary_large_image\" \/>\n<meta name=\"twitter:creator\" content=\"@https:\/\/twitter.com\/NBCSnoticias\" \/>\n<meta name=\"twitter:site\" content=\"@NBCSnoticias\" \/>\n<meta name=\"twitter:label1\" content=\"Escrito por\" \/>\n\t<meta name=\"twitter:data1\" content=\"NBCS Noticias\" \/>\n\t<meta name=\"twitter:label2\" content=\"Tiempo de lectura\" \/>\n\t<meta name=\"twitter:data2\" content=\"2 minutos\" \/>\n<script type=\"application\/ld+json\" class=\"yoast-schema-graph\">{\"@context\":\"https:\\\/\\\/schema.org\",\"@graph\":[{\"@type\":\"Article\",\"@id\":\"https:\\\/\\\/nbcs.mx\\\/?p=139713#article\",\"isPartOf\":{\"@id\":\"https:\\\/\\\/nbcs.mx\\\/?p=139713\"},\"author\":{\"name\":\"NBCS Noticias\",\"@id\":\"https:\\\/\\\/nbcs.mx\\\/#\\\/schema\\\/person\\\/ece58bab9a7c1e87a4d28ec9ecd79ff4\"},\"headline\":\"No se parar\u00e1n en cada esquina las nuevas unidades del transporte de La Paz; inician servicio el d\u00eda 13 de agosto\",\"datePublished\":\"2024-08-06T15:13:17+00:00\",\"mainEntityOfPage\":{\"@id\":\"https:\\\/\\\/nbcs.mx\\\/?p=139713\"},\"wordCount\":352,\"commentCount\":0,\"publisher\":{\"@id\":\"https:\\\/\\\/nbcs.mx\\\/#organization\"},\"image\":{\"@id\":\"https:\\\/\\\/nbcs.mx\\\/?p=139713#primaryimage\"},\"thumbnailUrl\":\"https:\\\/\\\/nbcs.mx\\\/wp-content\\\/uploads\\\/2024\\\/08\\\/Camion.jpg\",\"articleSection\":[\"Noticias\"],\"inLanguage\":\"es\",\"potentialAction\":[{\"@type\":\"CommentAction\",\"name\":\"Comment\",\"target\":[\"https:\\\/\\\/nbcs.mx\\\/?p=139713#respond\"]}]},{\"@type\":\"WebPage\",\"@id\":\"https:\\\/\\\/nbcs.mx\\\/?p=139713\",\"url\":\"https:\\\/\\\/nbcs.mx\\\/?p=139713\",\"name\":\"No se parar\u00e1n en cada esquina las nuevas unidades del transporte de La Paz; inician servicio el d\u00eda 13 de agosto - NBCS Noticias\",\"isPartOf\":{\"@id\":\"https:\\\/\\\/nbcs.mx\\\/#website\"},\"primaryImageOfPage\":{\"@id\":\"https:\\\/\\\/nbcs.mx\\\/?p=139713#primaryimage\"},\"image\":{\"@id\":\"https:\\\/\\\/nbcs.mx\\\/?p=139713#primaryimage\"},\"thumbnailUrl\":\"https:\\\/\\\/nbcs.mx\\\/wp-content\\\/uploads\\\/2024\\\/08\\\/Camion.jpg\",\"datePublished\":\"2024-08-06T15:13:17+00:00\",\"breadcrumb\":{\"@id\":\"https:\\\/\\\/nbcs.mx\\\/?p=139713#breadcrumb\"},\"inLanguage\":\"es\",\"potentialAction\":[{\"@type\":\"ReadAction\",\"target\":[\"https:\\\/\\\/nbcs.mx\\\/?p=139713\"]}]},{\"@type\":\"ImageObject\",\"inLanguage\":\"es\",\"@id\":\"https:\\\/\\\/nbcs.mx\\\/?p=139713#primaryimage\",\"url\":\"https:\\\/\\\/nbcs.mx\\\/wp-content\\\/uploads\\\/2024\\\/08\\\/Camion.jpg\",\"contentUrl\":\"https:\\\/\\\/nbcs.mx\\\/wp-content\\\/uploads\\\/2024\\\/08\\\/Camion.jpg\",\"width\":726,\"height\":400},{\"@type\":\"BreadcrumbList\",\"@id\":\"https:\\\/\\\/nbcs.mx\\\/?p=139713#breadcrumb\",\"itemListElement\":[{\"@type\":\"ListItem\",\"position\":1,\"name\":\"Portada\",\"item\":\"https:\\\/\\\/nbcs.mx\\\/\"},{\"@type\":\"ListItem\",\"position\":2,\"name\":\"No se parar\u00e1n en cada esquina las nuevas unidades del transporte de La Paz; inician servicio el d\u00eda 13 de agosto\"}]},{\"@type\":\"WebSite\",\"@id\":\"https:\\\/\\\/nbcs.mx\\\/#website\",\"url\":\"https:\\\/\\\/nbcs.mx\\\/\",\"name\":\"NBCS Noticias\",\"description\":\"Sitio web de noticias en Baja California Sur\",\"publisher\":{\"@id\":\"https:\\\/\\\/nbcs.mx\\\/#organization\"},\"potentialAction\":[{\"@type\":\"SearchAction\",\"target\":{\"@type\":\"EntryPoint\",\"urlTemplate\":\"https:\\\/\\\/nbcs.mx\\\/?s={search_term_string}\"},\"query-input\":{\"@type\":\"PropertyValueSpecification\",\"valueRequired\":true,\"valueName\":\"search_term_string\"}}],\"inLanguage\":\"es\"},{\"@type\":\"Organization\",\"@id\":\"https:\\\/\\\/nbcs.mx\\\/#organization\",\"name\":\"NBCS Noticias\",\"url\":\"https:\\\/\\\/nbcs.mx\\\/\",\"logo\":{\"@type\":\"ImageObject\",\"inLanguage\":\"es\",\"@id\":\"https:\\\/\\\/nbcs.mx\\\/#\\\/schema\\\/logo\\\/image\\\/\",\"url\":\"https:\\\/\\\/nbcs.mx\\\/wp-content\\\/uploads\\\/2018\\\/09\\\/057b69485e93575a5c2b1c1dde2dd297.jpeg\",\"contentUrl\":\"https:\\\/\\\/nbcs.mx\\\/wp-content\\\/uploads\\\/2018\\\/09\\\/057b69485e93575a5c2b1c1dde2dd297.jpeg\",\"width\":64,\"height\":64,\"caption\":\"NBCS Noticias\"},\"image\":{\"@id\":\"https:\\\/\\\/nbcs.mx\\\/#\\\/schema\\\/logo\\\/image\\\/\"},\"sameAs\":[\"https:\\\/\\\/www.facebook.com\\\/NBCSnoticias\",\"https:\\\/\\\/x.com\\\/NBCSnoticias\"]},{\"@type\":\"Person\",\"@id\":\"https:\\\/\\\/nbcs.mx\\\/#\\\/schema\\\/person\\\/ece58bab9a7c1e87a4d28ec9ecd79ff4\",\"name\":\"NBCS Noticias\",\"image\":{\"@type\":\"ImageObject\",\"inLanguage\":\"es\",\"@id\":\"https:\\\/\\\/secure.gravatar.com\\\/avatar\\\/4e52110cad1c4054b43271a0d14bbe9e2ea76aecd0e1097edfc670798d9ca1d4?s=96&d=blank&r=g\",\"url\":\"https:\\\/\\\/secure.gravatar.com\\\/avatar\\\/4e52110cad1c4054b43271a0d14bbe9e2ea76aecd0e1097edfc670798d9ca1d4?s=96&d=blank&r=g\",\"contentUrl\":\"https:\\\/\\\/secure.gravatar.com\\\/avatar\\\/4e52110cad1c4054b43271a0d14bbe9e2ea76aecd0e1097edfc670798d9ca1d4?s=96&d=blank&r=g\",\"caption\":\"NBCS Noticias\"},\"description\":\"\u00bfTienes fotos o video de alg\u00fan acto de posible negligencia, corrupci\u00f3n y abuso de autoridad? M\u00e1ndalo al WhatsApp de NBCS Noticias: 612 141 98 08\",\"sameAs\":[\"https:\\\/\\\/www.nbcs.mx\",\"https:\\\/\\\/www.facebook.com\\\/NBCSnoticias\",\"https:\\\/\\\/www.instagram.com\\\/nbcsnoticias\\\/\",\"https:\\\/\\\/x.com\\\/https:\\\/\\\/twitter.com\\\/NBCSnoticias\"]}]}<\/script>\n<!-- \/ Yoast SEO plugin. -->","yoast_head_json":{"title":"No se parar\u00e1n en cada esquina las nuevas unidades del transporte de La Paz; inician servicio el d\u00eda 13 de agosto - NBCS Noticias","robots":{"index":"index","follow":"follow","max-snippet":"max-snippet:-1","max-image-preview":"max-image-preview:large","max-video-preview":"max-video-preview:-1"},"canonical":"https:\/\/nbcs.mx\/?p=139713","og_locale":"es_ES","og_type":"article","og_title":"No se parar\u00e1n en cada esquina las nuevas unidades del transporte de La Paz; inician servicio el d\u00eda 13 de agosto - NBCS Noticias","og_description":"Con los nuevos camiones del transporte urbano de La Paz, ya no habr\u00e1 las cl\u00e1sicas paradas en cada esquina o","og_url":"https:\/\/nbcs.mx\/?p=139713","og_site_name":"NBCS Noticias","article_publisher":"https:\/\/www.facebook.com\/NBCSnoticias","article_author":"https:\/\/www.facebook.com\/NBCSnoticias","article_published_time":"2024-08-06T15:13:17+00:00","og_image":[{"width":726,"height":400,"url":"https:\/\/nbcs.mx\/wp-content\/uploads\/2024\/08\/Camion.jpg","type":"image\/jpeg"}],"author":"NBCS Noticias","twitter_card":"summary_large_image","twitter_creator":"@https:\/\/twitter.com\/NBCSnoticias","twitter_site":"@NBCSnoticias","twitter_misc":{"Escrito por":"NBCS Noticias","Tiempo de lectura":"2 minutos"},"schema":{"@context":"https:\/\/schema.org","@graph":[{"@type":"Article","@id":"https:\/\/nbcs.mx\/?p=139713#article","isPartOf":{"@id":"https:\/\/nbcs.mx\/?p=139713"},"author":{"name":"NBCS Noticias","@id":"https:\/\/nbcs.mx\/#\/schema\/person\/ece58bab9a7c1e87a4d28ec9ecd79ff4"},"headline":"No se parar\u00e1n en cada esquina las nuevas unidades del transporte de La Paz; inician servicio el d\u00eda 13 de agosto","datePublished":"2024-08-06T15:13:17+00:00","mainEntityOfPage":{"@id":"https:\/\/nbcs.mx\/?p=139713"},"wordCount":352,"commentCount":0,"publisher":{"@id":"https:\/\/nbcs.mx\/#organization"},"image":{"@id":"https:\/\/nbcs.mx\/?p=139713#primaryimage"},"thumbnailUrl":"https:\/\/nbcs.mx\/wp-content\/uploads\/2024\/08\/Camion.jpg","articleSection":["Noticias"],"inLanguage":"es","potentialAction":[{"@type":"CommentAction","name":"Comment","target":["https:\/\/nbcs.mx\/?p=139713#respond"]}]},{"@type":"WebPage","@id":"https:\/\/nbcs.mx\/?p=139713","url":"https:\/\/nbcs.mx\/?p=139713","name":"No se parar\u00e1n en cada esquina las nuevas unidades del transporte de La Paz; inician servicio el d\u00eda 13 de agosto - NBCS Noticias","isPartOf":{"@id":"https:\/\/nbcs.mx\/#website"},"primaryImageOfPage":{"@id":"https:\/\/nbcs.mx\/?p=139713#primaryimage"},"image":{"@id":"https:\/\/nbcs.mx\/?p=139713#primaryimage"},"thumbnailUrl":"https:\/\/nbcs.mx\/wp-content\/uploads\/2024\/08\/Camion.jpg","datePublished":"2024-08-06T15:13:17+00:00","breadcrumb":{"@id":"https:\/\/nbcs.mx\/?p=139713#breadcrumb"},"inLanguage":"es","potentialAction":[{"@type":"ReadAction","target":["https:\/\/nbcs.mx\/?p=139713"]}]},{"@type":"ImageObject","inLanguage":"es","@id":"https:\/\/nbcs.mx\/?p=139713#primaryimage","url":"https:\/\/nbcs.mx\/wp-content\/uploads\/2024\/08\/Camion.jpg","contentUrl":"https:\/\/nbcs.mx\/wp-content\/uploads\/2024\/08\/Camion.jpg","width":726,"height":400},{"@type":"BreadcrumbList","@id":"https:\/\/nbcs.mx\/?p=139713#breadcrumb","itemListElement":[{"@type":"ListItem","position":1,"name":"Portada","item":"https:\/\/nbcs.mx\/"},{"@type":"ListItem","position":2,"name":"No se parar\u00e1n en cada esquina las nuevas unidades del transporte de La Paz; inician servicio el d\u00eda 13 de agosto"}]},{"@type":"WebSite","@id":"https:\/\/nbcs.mx\/#website","url":"https:\/\/nbcs.mx\/","name":"NBCS Noticias","description":"Sitio web de noticias en Baja California Sur","publisher":{"@id":"https:\/\/nbcs.mx\/#organization"},"potentialAction":[{"@type":"SearchAction","target":{"@type":"EntryPoint","urlTemplate":"https:\/\/nbcs.mx\/?s={search_term_string}"},"query-input":{"@type":"PropertyValueSpecification","valueRequired":true,"valueName":"search_term_string"}}],"inLanguage":"es"},{"@type":"Organization","@id":"https:\/\/nbcs.mx\/#organization","name":"NBCS Noticias","url":"https:\/\/nbcs.mx\/","logo":{"@type":"ImageObject","inLanguage":"es","@id":"https:\/\/nbcs.mx\/#\/schema\/logo\/image\/","url":"https:\/\/nbcs.mx\/wp-content\/uploads\/2018\/09\/057b69485e93575a5c2b1c1dde2dd297.jpeg","contentUrl":"https:\/\/nbcs.mx\/wp-content\/uploads\/2018\/09\/057b69485e93575a5c2b1c1dde2dd297.jpeg","width":64,"height":64,"caption":"NBCS Noticias"},"image":{"@id":"https:\/\/nbcs.mx\/#\/schema\/logo\/image\/"},"sameAs":["https:\/\/www.facebook.com\/NBCSnoticias","https:\/\/x.com\/NBCSnoticias"]},{"@type":"Person","@id":"https:\/\/nbcs.mx\/#\/schema\/person\/ece58bab9a7c1e87a4d28ec9ecd79ff4","name":"NBCS Noticias","image":{"@type":"ImageObject","inLanguage":"es","@id":"https:\/\/secure.gravatar.com\/avatar\/4e52110cad1c4054b43271a0d14bbe9e2ea76aecd0e1097edfc670798d9ca1d4?s=96&d=blank&r=g","url":"https:\/\/secure.gravatar.com\/avatar\/4e52110cad1c4054b43271a0d14bbe9e2ea76aecd0e1097edfc670798d9ca1d4?s=96&d=blank&r=g","contentUrl":"https:\/\/secure.gravatar.com\/avatar\/4e52110cad1c4054b43271a0d14bbe9e2ea76aecd0e1097edfc670798d9ca1d4?s=96&d=blank&r=g","caption":"NBCS Noticias"},"description":"\u00bfTienes fotos o video de alg\u00fan acto de posible negligencia, corrupci\u00f3n y abuso de autoridad? M\u00e1ndalo al WhatsApp de NBCS Noticias: 612 141 98 08","sameAs":["https:\/\/www.nbcs.mx","https:\/\/www.facebook.com\/NBCSnoticias","https:\/\/www.instagram.com\/nbcsnoticias\/","https:\/\/x.com\/https:\/\/twitter.com\/NBCSnoticias"]}]}},"jetpack_publicize_connections":[],"jetpack_sharing_enabled":true,"jetpack_featured_media_url":"https:\/\/nbcs.mx\/wp-content\/uploads\/2024\/08\/Camion.jpg","_links":{"self":[{"href":"https:\/\/nbcs.mx\/index.php?rest_route=\/wp\/v2\/posts\/139713","targetHints":{"allow":["GET"]}}],"collection":[{"href":"https:\/\/nbcs.mx\/index.php?rest_route=\/wp\/v2\/posts"}],"about":[{"href":"https:\/\/nbcs.mx\/index.php?rest_route=\/wp\/v2\/types\/post"}],"author":[{"embeddable":true,"href":"https:\/\/nbcs.mx\/index.php?rest_route=\/wp\/v2\/users\/1"}],"replies":[{"embeddable":true,"href":"https:\/\/nbcs.mx\/index.php?rest_route=%2Fwp%2Fv2%2Fcomments&post=139713"}],"version-history":[{"count":1,"href":"https:\/\/nbcs.mx\/index.php?rest_route=\/wp\/v2\/posts\/139713\/revisions"}],"predecessor-version":[{"id":139715,"href":"https:\/\/nbcs.mx\/index.php?rest_route=\/wp\/v2\/posts\/139713\/revisions\/139715"}],"wp:featuredmedia":[{"embeddable":true,"href":"https:\/\/nbcs.mx\/index.php?rest_route=\/wp\/v2\/media\/139714"}],"wp:attachment":[{"href":"https:\/\/nbcs.mx\/index.php?rest_route=%2Fwp%2Fv2%2Fmedia&parent=139713"}],"wp:term":[{"taxonomy":"category","embeddable":true,"href":"https:\/\/nbcs.mx\/index.php?rest_route=%2Fwp%2Fv2%2Fcategories&post=139713"},{"taxonomy":"post_tag","embeddable":true,"href":"https:\/\/nbcs.mx\/index.php?rest_route=%2Fwp%2Fv2%2Ftags&post=139713"}],"curies":[{"name":"wp","href":"https:\/\/api.w.org\/{rel}","templated":true}]}}