{"id":140200,"date":"2024-08-20T17:02:29","date_gmt":"2024-08-20T23:02:29","guid":{"rendered":"https:\/\/nbcs.mx\/?p=140200"},"modified":"2024-08-20T17:02:29","modified_gmt":"2024-08-20T23:02:29","slug":"refrenda-bcs-compromiso-de-proteger-a-personas-defensoras-de-derechos-humanos-y-periodistas","status":"publish","type":"post","link":"https:\/\/nbcs.mx\/?p=140200","title":{"rendered":"Refrenda BCS compromiso de proteger a personas defensoras de derechos humanos y periodistas"},"content":{"rendered":"<p style=\"font-weight: 400; text-align: justify;\"><img loading=\"lazy\" decoding=\"async\" class=\" wp-image-140201 alignleft\" src=\"https:\/\/nbcs.mx\/wp-content\/uploads\/2024\/08\/FOTO-BOLETIN-SGG-ENCUENTRO-NACIONAL-DH-415x492.jpeg\" alt=\"\" width=\"264\" height=\"313\" srcset=\"https:\/\/nbcs.mx\/wp-content\/uploads\/2024\/08\/FOTO-BOLETIN-SGG-ENCUENTRO-NACIONAL-DH-415x492.jpeg 415w, https:\/\/nbcs.mx\/wp-content\/uploads\/2024\/08\/FOTO-BOLETIN-SGG-ENCUENTRO-NACIONAL-DH-864x1024.jpeg 864w, https:\/\/nbcs.mx\/wp-content\/uploads\/2024\/08\/FOTO-BOLETIN-SGG-ENCUENTRO-NACIONAL-DH-127x150.jpeg 127w, https:\/\/nbcs.mx\/wp-content\/uploads\/2024\/08\/FOTO-BOLETIN-SGG-ENCUENTRO-NACIONAL-DH-768x910.jpeg 768w, https:\/\/nbcs.mx\/wp-content\/uploads\/2024\/08\/FOTO-BOLETIN-SGG-ENCUENTRO-NACIONAL-DH-1296x1536.jpeg 1296w, https:\/\/nbcs.mx\/wp-content\/uploads\/2024\/08\/FOTO-BOLETIN-SGG-ENCUENTRO-NACIONAL-DH.jpeg 1350w\" sizes=\"auto, (max-width: 264px) 100vw, 264px\" \/>En reciente encuentro nacional de autoridades encargadas de la protecci\u00f3n de personas defensoras de derechos humanos y periodistas, celebrada en la Ciudad de M\u00e9xico, y encabezada por el subsecretario de Derechos Humanos, Poblaci\u00f3n y Migraci\u00f3n de la Secretar\u00eda de Gobernaci\u00f3n, Arturo Medina Padilla, se destac\u00f3 la importancia de que el Estado en su conjunto, es decir, tres \u00f3rdenes de gobierno, sigan fortaleciendo los mecanismos y protocolos para proteger a quienes ejercen estas labores.<\/p>\n<p style=\"font-weight: 400; text-align: justify;\">\n<p style=\"font-weight: 400; text-align: justify;\">As\u00ed lo dio a conocer la titular del departamento de Derechos Humanos de la Secretar\u00eda General de Gobierno, Mayra Messina V\u00e1zquez, quien se\u00f1al\u00f3 que el objetivo de la reuni\u00f3n fue reforzar la coordinaci\u00f3n interinstitucional, as\u00ed como redise\u00f1ar los mecanismos de atenci\u00f3n, de acuerdo a las necesidades actuales.<\/p>\n<p style=\"font-weight: 400; text-align: justify;\">\n<p style=\"font-weight: 400; text-align: justify;\">Destac\u00f3 que entre los temas abordados est\u00e1n la normatividad vigente en la materia y certificaci\u00f3n del personal responsable de atender este tipo de casos, como lo son: ministerios p\u00fablicos, peritos y corporaciones policiales.<\/p>\n<p style=\"font-weight: 400; text-align: justify;\">\n<p style=\"font-weight: 400; text-align: justify;\">En lo relativo a la implementaci\u00f3n del Protocolo Homologado de Investigaci\u00f3n de Delitos Cometidos contra la Libertad de Expresi\u00f3n, para lo cual se deber\u00e1 seguir impulsando la capacitaci\u00f3n de los operadores, tanto del sistema de seguridad p\u00fablica, como de justicia, apunt\u00f3.<\/p>\n<p style=\"font-weight: 400; text-align: justify;\">\n<p style=\"font-weight: 400; text-align: justify;\">Adem\u00e1s, agreg\u00f3, se habl\u00f3 sobre las perspectivas integrales de protecci\u00f3n para defensoras y defensores, con enfoques ambientales y de g\u00e9nero, al tiempo que se estableci\u00f3 el compromiso de dise\u00f1ar protocolos para la actuaci\u00f3n policial y de procuraci\u00f3n de justicia en materia ambiental.<\/p>\n<p style=\"font-weight: 400; text-align: justify;\">\n<p style=\"font-weight: 400; text-align: justify;\">Cabe se\u00f1alar que en este encuentro, Baja California Sur estuvo representada por las Secretar\u00edas General de Gobierno y de Seguridad P\u00fablica, as\u00ed como de la Procuradur\u00eda General de Justicia del Estado.<\/p>\n","protected":false},"excerpt":{"rendered":"<p>En reciente encuentro nacional de autoridades encargadas de la protecci\u00f3n de personas defensoras de derechos humanos y periodistas, celebrada en<\/p>\n","protected":false},"author":1,"featured_media":140201,"comment_status":"open","ping_status":"closed","sticky":false,"template":"","format":"standard","meta":{"colormag_page_container_layout":"default_layout","colormag_page_sidebar_layout":"default_layout","_jetpack_memberships_contains_paid_content":false,"footnotes":"","jetpack_publicize_message":"","jetpack_publicize_feature_enabled":true,"jetpack_social_post_already_shared":true,"jetpack_social_options":{"image_generator_settings":{"template":"highway","default_image_id":0,"font":"","enabled":false},"version":2}},"categories":[1],"tags":[],"class_list":["post-140200","post","type-post","status-publish","format-standard","has-post-thumbnail","hentry","category-noticias"],"yoast_head":"<!-- This site is optimized with the Yoast SEO plugin v27.5 - https:\/\/yoast.com\/product\/yoast-seo-wordpress\/ -->\n<title>Refrenda BCS compromiso de proteger a personas defensoras de derechos humanos y periodistas - NBCS Noticias<\/title>\n<meta name=\"robots\" content=\"index, follow, max-snippet:-1, max-image-preview:large, max-video-preview:-1\" \/>\n<link rel=\"canonical\" href=\"https:\/\/nbcs.mx\/?p=140200\" \/>\n<meta property=\"og:locale\" content=\"es_ES\" \/>\n<meta property=\"og:type\" content=\"article\" \/>\n<meta property=\"og:title\" content=\"Refrenda BCS compromiso de proteger a personas defensoras de derechos humanos y periodistas - NBCS Noticias\" \/>\n<meta property=\"og:description\" content=\"En reciente encuentro nacional de autoridades encargadas de la protecci\u00f3n de personas defensoras de derechos humanos y periodistas, celebrada en\" \/>\n<meta property=\"og:url\" content=\"https:\/\/nbcs.mx\/?p=140200\" \/>\n<meta property=\"og:site_name\" content=\"NBCS Noticias\" \/>\n<meta property=\"article:publisher\" content=\"https:\/\/www.facebook.com\/NBCSnoticias\" \/>\n<meta property=\"article:author\" content=\"https:\/\/www.facebook.com\/NBCSnoticias\" \/>\n<meta property=\"article:published_time\" content=\"2024-08-20T23:02:29+00:00\" \/>\n<meta property=\"og:image\" content=\"https:\/\/nbcs.mx\/wp-content\/uploads\/2024\/08\/FOTO-BOLETIN-SGG-ENCUENTRO-NACIONAL-DH.jpeg\" \/>\n\t<meta property=\"og:image:width\" content=\"1350\" \/>\n\t<meta property=\"og:image:height\" content=\"1600\" \/>\n\t<meta property=\"og:image:type\" content=\"image\/jpeg\" \/>\n<meta name=\"author\" content=\"NBCS Noticias\" \/>\n<meta name=\"twitter:card\" content=\"summary_large_image\" \/>\n<meta name=\"twitter:creator\" content=\"@https:\/\/twitter.com\/NBCSnoticias\" \/>\n<meta name=\"twitter:site\" content=\"@NBCSnoticias\" \/>\n<meta name=\"twitter:label1\" content=\"Escrito por\" \/>\n\t<meta name=\"twitter:data1\" content=\"NBCS Noticias\" \/>\n\t<meta name=\"twitter:label2\" content=\"Tiempo de lectura\" \/>\n\t<meta name=\"twitter:data2\" content=\"2 minutos\" \/>\n<script type=\"application\/ld+json\" class=\"yoast-schema-graph\">{\"@context\":\"https:\\\/\\\/schema.org\",\"@graph\":[{\"@type\":\"Article\",\"@id\":\"https:\\\/\\\/nbcs.mx\\\/?p=140200#article\",\"isPartOf\":{\"@id\":\"https:\\\/\\\/nbcs.mx\\\/?p=140200\"},\"author\":{\"name\":\"NBCS Noticias\",\"@id\":\"https:\\\/\\\/nbcs.mx\\\/#\\\/schema\\\/person\\\/ece58bab9a7c1e87a4d28ec9ecd79ff4\"},\"headline\":\"Refrenda BCS compromiso de proteger a personas defensoras de derechos humanos y periodistas\",\"datePublished\":\"2024-08-20T23:02:29+00:00\",\"mainEntityOfPage\":{\"@id\":\"https:\\\/\\\/nbcs.mx\\\/?p=140200\"},\"wordCount\":311,\"commentCount\":0,\"publisher\":{\"@id\":\"https:\\\/\\\/nbcs.mx\\\/#organization\"},\"image\":{\"@id\":\"https:\\\/\\\/nbcs.mx\\\/?p=140200#primaryimage\"},\"thumbnailUrl\":\"https:\\\/\\\/nbcs.mx\\\/wp-content\\\/uploads\\\/2024\\\/08\\\/FOTO-BOLETIN-SGG-ENCUENTRO-NACIONAL-DH.jpeg\",\"articleSection\":[\"Noticias\"],\"inLanguage\":\"es\",\"potentialAction\":[{\"@type\":\"CommentAction\",\"name\":\"Comment\",\"target\":[\"https:\\\/\\\/nbcs.mx\\\/?p=140200#respond\"]}]},{\"@type\":\"WebPage\",\"@id\":\"https:\\\/\\\/nbcs.mx\\\/?p=140200\",\"url\":\"https:\\\/\\\/nbcs.mx\\\/?p=140200\",\"name\":\"Refrenda BCS compromiso de proteger a personas defensoras de derechos humanos y periodistas - NBCS Noticias\",\"isPartOf\":{\"@id\":\"https:\\\/\\\/nbcs.mx\\\/#website\"},\"primaryImageOfPage\":{\"@id\":\"https:\\\/\\\/nbcs.mx\\\/?p=140200#primaryimage\"},\"image\":{\"@id\":\"https:\\\/\\\/nbcs.mx\\\/?p=140200#primaryimage\"},\"thumbnailUrl\":\"https:\\\/\\\/nbcs.mx\\\/wp-content\\\/uploads\\\/2024\\\/08\\\/FOTO-BOLETIN-SGG-ENCUENTRO-NACIONAL-DH.jpeg\",\"datePublished\":\"2024-08-20T23:02:29+00:00\",\"breadcrumb\":{\"@id\":\"https:\\\/\\\/nbcs.mx\\\/?p=140200#breadcrumb\"},\"inLanguage\":\"es\",\"potentialAction\":[{\"@type\":\"ReadAction\",\"target\":[\"https:\\\/\\\/nbcs.mx\\\/?p=140200\"]}]},{\"@type\":\"ImageObject\",\"inLanguage\":\"es\",\"@id\":\"https:\\\/\\\/nbcs.mx\\\/?p=140200#primaryimage\",\"url\":\"https:\\\/\\\/nbcs.mx\\\/wp-content\\\/uploads\\\/2024\\\/08\\\/FOTO-BOLETIN-SGG-ENCUENTRO-NACIONAL-DH.jpeg\",\"contentUrl\":\"https:\\\/\\\/nbcs.mx\\\/wp-content\\\/uploads\\\/2024\\\/08\\\/FOTO-BOLETIN-SGG-ENCUENTRO-NACIONAL-DH.jpeg\",\"width\":1350,\"height\":1600},{\"@type\":\"BreadcrumbList\",\"@id\":\"https:\\\/\\\/nbcs.mx\\\/?p=140200#breadcrumb\",\"itemListElement\":[{\"@type\":\"ListItem\",\"position\":1,\"name\":\"Portada\",\"item\":\"https:\\\/\\\/nbcs.mx\\\/\"},{\"@type\":\"ListItem\",\"position\":2,\"name\":\"Refrenda BCS compromiso de proteger a personas defensoras de derechos humanos y periodistas\"}]},{\"@type\":\"WebSite\",\"@id\":\"https:\\\/\\\/nbcs.mx\\\/#website\",\"url\":\"https:\\\/\\\/nbcs.mx\\\/\",\"name\":\"NBCS Noticias\",\"description\":\"Sitio web de noticias en Baja California Sur\",\"publisher\":{\"@id\":\"https:\\\/\\\/nbcs.mx\\\/#organization\"},\"potentialAction\":[{\"@type\":\"SearchAction\",\"target\":{\"@type\":\"EntryPoint\",\"urlTemplate\":\"https:\\\/\\\/nbcs.mx\\\/?s={search_term_string}\"},\"query-input\":{\"@type\":\"PropertyValueSpecification\",\"valueRequired\":true,\"valueName\":\"search_term_string\"}}],\"inLanguage\":\"es\"},{\"@type\":\"Organization\",\"@id\":\"https:\\\/\\\/nbcs.mx\\\/#organization\",\"name\":\"NBCS Noticias\",\"url\":\"https:\\\/\\\/nbcs.mx\\\/\",\"logo\":{\"@type\":\"ImageObject\",\"inLanguage\":\"es\",\"@id\":\"https:\\\/\\\/nbcs.mx\\\/#\\\/schema\\\/logo\\\/image\\\/\",\"url\":\"https:\\\/\\\/nbcs.mx\\\/wp-content\\\/uploads\\\/2018\\\/09\\\/057b69485e93575a5c2b1c1dde2dd297.jpeg\",\"contentUrl\":\"https:\\\/\\\/nbcs.mx\\\/wp-content\\\/uploads\\\/2018\\\/09\\\/057b69485e93575a5c2b1c1dde2dd297.jpeg\",\"width\":64,\"height\":64,\"caption\":\"NBCS Noticias\"},\"image\":{\"@id\":\"https:\\\/\\\/nbcs.mx\\\/#\\\/schema\\\/logo\\\/image\\\/\"},\"sameAs\":[\"https:\\\/\\\/www.facebook.com\\\/NBCSnoticias\",\"https:\\\/\\\/x.com\\\/NBCSnoticias\"]},{\"@type\":\"Person\",\"@id\":\"https:\\\/\\\/nbcs.mx\\\/#\\\/schema\\\/person\\\/ece58bab9a7c1e87a4d28ec9ecd79ff4\",\"name\":\"NBCS Noticias\",\"image\":{\"@type\":\"ImageObject\",\"inLanguage\":\"es\",\"@id\":\"https:\\\/\\\/secure.gravatar.com\\\/avatar\\\/4e52110cad1c4054b43271a0d14bbe9e2ea76aecd0e1097edfc670798d9ca1d4?s=96&d=blank&r=g\",\"url\":\"https:\\\/\\\/secure.gravatar.com\\\/avatar\\\/4e52110cad1c4054b43271a0d14bbe9e2ea76aecd0e1097edfc670798d9ca1d4?s=96&d=blank&r=g\",\"contentUrl\":\"https:\\\/\\\/secure.gravatar.com\\\/avatar\\\/4e52110cad1c4054b43271a0d14bbe9e2ea76aecd0e1097edfc670798d9ca1d4?s=96&d=blank&r=g\",\"caption\":\"NBCS Noticias\"},\"description\":\"\u00bfTienes fotos o video de alg\u00fan acto de posible negligencia, corrupci\u00f3n y abuso de autoridad? M\u00e1ndalo al WhatsApp de NBCS Noticias: 612 141 98 08\",\"sameAs\":[\"https:\\\/\\\/www.nbcs.mx\",\"https:\\\/\\\/www.facebook.com\\\/NBCSnoticias\",\"https:\\\/\\\/www.instagram.com\\\/nbcsnoticias\\\/\",\"https:\\\/\\\/x.com\\\/https:\\\/\\\/twitter.com\\\/NBCSnoticias\"]}]}<\/script>\n<!-- \/ Yoast SEO plugin. -->","yoast_head_json":{"title":"Refrenda BCS compromiso de proteger a personas defensoras de derechos humanos y periodistas - NBCS Noticias","robots":{"index":"index","follow":"follow","max-snippet":"max-snippet:-1","max-image-preview":"max-image-preview:large","max-video-preview":"max-video-preview:-1"},"canonical":"https:\/\/nbcs.mx\/?p=140200","og_locale":"es_ES","og_type":"article","og_title":"Refrenda BCS compromiso de proteger a personas defensoras de derechos humanos y periodistas - NBCS Noticias","og_description":"En reciente encuentro nacional de autoridades encargadas de la protecci\u00f3n de personas defensoras de derechos humanos y periodistas, celebrada en","og_url":"https:\/\/nbcs.mx\/?p=140200","og_site_name":"NBCS Noticias","article_publisher":"https:\/\/www.facebook.com\/NBCSnoticias","article_author":"https:\/\/www.facebook.com\/NBCSnoticias","article_published_time":"2024-08-20T23:02:29+00:00","og_image":[{"width":1350,"height":1600,"url":"https:\/\/nbcs.mx\/wp-content\/uploads\/2024\/08\/FOTO-BOLETIN-SGG-ENCUENTRO-NACIONAL-DH.jpeg","type":"image\/jpeg"}],"author":"NBCS Noticias","twitter_card":"summary_large_image","twitter_creator":"@https:\/\/twitter.com\/NBCSnoticias","twitter_site":"@NBCSnoticias","twitter_misc":{"Escrito por":"NBCS Noticias","Tiempo de lectura":"2 minutos"},"schema":{"@context":"https:\/\/schema.org","@graph":[{"@type":"Article","@id":"https:\/\/nbcs.mx\/?p=140200#article","isPartOf":{"@id":"https:\/\/nbcs.mx\/?p=140200"},"author":{"name":"NBCS Noticias","@id":"https:\/\/nbcs.mx\/#\/schema\/person\/ece58bab9a7c1e87a4d28ec9ecd79ff4"},"headline":"Refrenda BCS compromiso de proteger a personas defensoras de derechos humanos y periodistas","datePublished":"2024-08-20T23:02:29+00:00","mainEntityOfPage":{"@id":"https:\/\/nbcs.mx\/?p=140200"},"wordCount":311,"commentCount":0,"publisher":{"@id":"https:\/\/nbcs.mx\/#organization"},"image":{"@id":"https:\/\/nbcs.mx\/?p=140200#primaryimage"},"thumbnailUrl":"https:\/\/nbcs.mx\/wp-content\/uploads\/2024\/08\/FOTO-BOLETIN-SGG-ENCUENTRO-NACIONAL-DH.jpeg","articleSection":["Noticias"],"inLanguage":"es","potentialAction":[{"@type":"CommentAction","name":"Comment","target":["https:\/\/nbcs.mx\/?p=140200#respond"]}]},{"@type":"WebPage","@id":"https:\/\/nbcs.mx\/?p=140200","url":"https:\/\/nbcs.mx\/?p=140200","name":"Refrenda BCS compromiso de proteger a personas defensoras de derechos humanos y periodistas - NBCS Noticias","isPartOf":{"@id":"https:\/\/nbcs.mx\/#website"},"primaryImageOfPage":{"@id":"https:\/\/nbcs.mx\/?p=140200#primaryimage"},"image":{"@id":"https:\/\/nbcs.mx\/?p=140200#primaryimage"},"thumbnailUrl":"https:\/\/nbcs.mx\/wp-content\/uploads\/2024\/08\/FOTO-BOLETIN-SGG-ENCUENTRO-NACIONAL-DH.jpeg","datePublished":"2024-08-20T23:02:29+00:00","breadcrumb":{"@id":"https:\/\/nbcs.mx\/?p=140200#breadcrumb"},"inLanguage":"es","potentialAction":[{"@type":"ReadAction","target":["https:\/\/nbcs.mx\/?p=140200"]}]},{"@type":"ImageObject","inLanguage":"es","@id":"https:\/\/nbcs.mx\/?p=140200#primaryimage","url":"https:\/\/nbcs.mx\/wp-content\/uploads\/2024\/08\/FOTO-BOLETIN-SGG-ENCUENTRO-NACIONAL-DH.jpeg","contentUrl":"https:\/\/nbcs.mx\/wp-content\/uploads\/2024\/08\/FOTO-BOLETIN-SGG-ENCUENTRO-NACIONAL-DH.jpeg","width":1350,"height":1600},{"@type":"BreadcrumbList","@id":"https:\/\/nbcs.mx\/?p=140200#breadcrumb","itemListElement":[{"@type":"ListItem","position":1,"name":"Portada","item":"https:\/\/nbcs.mx\/"},{"@type":"ListItem","position":2,"name":"Refrenda BCS compromiso de proteger a personas defensoras de derechos humanos y periodistas"}]},{"@type":"WebSite","@id":"https:\/\/nbcs.mx\/#website","url":"https:\/\/nbcs.mx\/","name":"NBCS Noticias","description":"Sitio web de noticias en Baja California Sur","publisher":{"@id":"https:\/\/nbcs.mx\/#organization"},"potentialAction":[{"@type":"SearchAction","target":{"@type":"EntryPoint","urlTemplate":"https:\/\/nbcs.mx\/?s={search_term_string}"},"query-input":{"@type":"PropertyValueSpecification","valueRequired":true,"valueName":"search_term_string"}}],"inLanguage":"es"},{"@type":"Organization","@id":"https:\/\/nbcs.mx\/#organization","name":"NBCS Noticias","url":"https:\/\/nbcs.mx\/","logo":{"@type":"ImageObject","inLanguage":"es","@id":"https:\/\/nbcs.mx\/#\/schema\/logo\/image\/","url":"https:\/\/nbcs.mx\/wp-content\/uploads\/2018\/09\/057b69485e93575a5c2b1c1dde2dd297.jpeg","contentUrl":"https:\/\/nbcs.mx\/wp-content\/uploads\/2018\/09\/057b69485e93575a5c2b1c1dde2dd297.jpeg","width":64,"height":64,"caption":"NBCS Noticias"},"image":{"@id":"https:\/\/nbcs.mx\/#\/schema\/logo\/image\/"},"sameAs":["https:\/\/www.facebook.com\/NBCSnoticias","https:\/\/x.com\/NBCSnoticias"]},{"@type":"Person","@id":"https:\/\/nbcs.mx\/#\/schema\/person\/ece58bab9a7c1e87a4d28ec9ecd79ff4","name":"NBCS Noticias","image":{"@type":"ImageObject","inLanguage":"es","@id":"https:\/\/secure.gravatar.com\/avatar\/4e52110cad1c4054b43271a0d14bbe9e2ea76aecd0e1097edfc670798d9ca1d4?s=96&d=blank&r=g","url":"https:\/\/secure.gravatar.com\/avatar\/4e52110cad1c4054b43271a0d14bbe9e2ea76aecd0e1097edfc670798d9ca1d4?s=96&d=blank&r=g","contentUrl":"https:\/\/secure.gravatar.com\/avatar\/4e52110cad1c4054b43271a0d14bbe9e2ea76aecd0e1097edfc670798d9ca1d4?s=96&d=blank&r=g","caption":"NBCS Noticias"},"description":"\u00bfTienes fotos o video de alg\u00fan acto de posible negligencia, corrupci\u00f3n y abuso de autoridad? M\u00e1ndalo al WhatsApp de NBCS Noticias: 612 141 98 08","sameAs":["https:\/\/www.nbcs.mx","https:\/\/www.facebook.com\/NBCSnoticias","https:\/\/www.instagram.com\/nbcsnoticias\/","https:\/\/x.com\/https:\/\/twitter.com\/NBCSnoticias"]}]}},"jetpack_publicize_connections":[],"jetpack_featured_media_url":"https:\/\/nbcs.mx\/wp-content\/uploads\/2024\/08\/FOTO-BOLETIN-SGG-ENCUENTRO-NACIONAL-DH.jpeg","jetpack_sharing_enabled":true,"_links":{"self":[{"href":"https:\/\/nbcs.mx\/index.php?rest_route=\/wp\/v2\/posts\/140200","targetHints":{"allow":["GET"]}}],"collection":[{"href":"https:\/\/nbcs.mx\/index.php?rest_route=\/wp\/v2\/posts"}],"about":[{"href":"https:\/\/nbcs.mx\/index.php?rest_route=\/wp\/v2\/types\/post"}],"author":[{"embeddable":true,"href":"https:\/\/nbcs.mx\/index.php?rest_route=\/wp\/v2\/users\/1"}],"replies":[{"embeddable":true,"href":"https:\/\/nbcs.mx\/index.php?rest_route=%2Fwp%2Fv2%2Fcomments&post=140200"}],"version-history":[{"count":1,"href":"https:\/\/nbcs.mx\/index.php?rest_route=\/wp\/v2\/posts\/140200\/revisions"}],"predecessor-version":[{"id":140202,"href":"https:\/\/nbcs.mx\/index.php?rest_route=\/wp\/v2\/posts\/140200\/revisions\/140202"}],"wp:featuredmedia":[{"embeddable":true,"href":"https:\/\/nbcs.mx\/index.php?rest_route=\/wp\/v2\/media\/140201"}],"wp:attachment":[{"href":"https:\/\/nbcs.mx\/index.php?rest_route=%2Fwp%2Fv2%2Fmedia&parent=140200"}],"wp:term":[{"taxonomy":"category","embeddable":true,"href":"https:\/\/nbcs.mx\/index.php?rest_route=%2Fwp%2Fv2%2Fcategories&post=140200"},{"taxonomy":"post_tag","embeddable":true,"href":"https:\/\/nbcs.mx\/index.php?rest_route=%2Fwp%2Fv2%2Ftags&post=140200"}],"curies":[{"name":"wp","href":"https:\/\/api.w.org\/{rel}","templated":true}]}}