{"id":140906,"date":"2024-09-11T07:25:58","date_gmt":"2024-09-11T13:25:58","guid":{"rendered":"https:\/\/nbcs.mx\/?p=140906"},"modified":"2024-09-11T07:25:58","modified_gmt":"2024-09-11T13:25:58","slug":"aprueba-el-pleno-del-congreso-del-estado-la-integracion-de-las-comisiones-de-xvii-legislatura","status":"publish","type":"post","link":"https:\/\/nbcs.mx\/?p=140906","title":{"rendered":"Aprueba el pleno del Congreso del Estado la integraci\u00f3n de las comisiones de XVII Legislatura"},"content":{"rendered":"<div>\n<p class=\"LO-normal\" style=\"text-align: justify;\"><span lang=\"ES\"><img loading=\"lazy\" decoding=\"async\" class=\" wp-image-140907 alignleft\" src=\"https:\/\/nbcs.mx\/wp-content\/uploads\/2024\/09\/PLENO-240910-740x492.jpg\" alt=\"\" width=\"305\" height=\"203\" \/>Presentada por la Junta de Gobierno y Coordinaci\u00f3n Pol\u00edtica (Jugocopo) del Congreso del Estado de BCS a nombre de su presidente, el diputado Eduardo Valet\u00edn Van Wormwer Castro, fue puesto a consideraci\u00f3n del pleno los nombres de las y los diputados quienes integrar\u00e1n las comisiones permanentes y expedir los nombramientos correspondientes de la integraci\u00f3n de 28 comisiones en la XVII Legislatura del Congreso del Estado de Baja California Sur.<\/span><\/p>\n<\/div>\n<div style=\"text-align: justify;\">\n<p class=\"LO-normal\"><span lang=\"ES\">\u00a0<\/span><\/p>\n<\/div>\n<div style=\"text-align: justify;\">\n<p class=\"LO-normal\"><span lang=\"ES\">Lo anterior, con fundamento en los art\u00edculos 116 fracci\u00f3n segunda de la Constituci\u00f3n Pol\u00edtica de los Estados Unidos Mexicanos, as\u00ed como, con la primera porci\u00f3n legal de la fracci\u00f3n cuarta del art\u00edculo 64 de la Constituci\u00f3n Pol\u00edtica del Estado de Baja California Sur, y de conformidad con los art\u00edculos 1, 2, 3, 4, 5, 17, 32, 41 y 42 fracci\u00f3n tercera de la Ley Org\u00e1nica del Poder Legislativo del Estado de Baja California Sur.<\/span><\/p>\n<\/div>\n<div style=\"text-align: justify;\">\n<p class=\"LO-normal\"><span lang=\"ES\">\u00a0<\/span><\/p>\n<\/div>\n<div style=\"text-align: justify;\">\n<p class=\"LO-normal\"><span lang=\"ES\">Aprobado por la asamblea con 19 votos a favor, 1 en contra y una abstenci\u00f3n, las comisiones permanentes para la XVII Legislatura quedaron integradas de la siguiente manera:<\/span><\/p>\n<\/div>\n<div style=\"text-align: justify;\">\n<p class=\"LO-normal\"><span lang=\"ES\">\u00a0<\/span><\/p>\n<\/div>\n<div style=\"text-align: justify;\">\n<p class=\"LO-normal\"><span lang=\"ES\">Atenci\u00f3n a Grupos Vulnerables y a Personas Con Discapacidad, presidenta, Dalia Ver\u00f3nica Collins Mendoza, primera secretaria, Guillermina D\u00edaz Rodr\u00edguez, segunda secretaria, Lourdes Cornejo Rend\u00f3n. <\/span><\/p>\n<\/div>\n<div style=\"text-align: justify;\">\n<p class=\"LO-normal\"><span lang=\"ES\">Desarrollo Urbano, Infraestructura y Obra P\u00fablica, presidenta, Mar\u00eda Cristina Contreras Rebollo, primer secretario, Sergio Guluarte Cese\u00f1a, segunda secretaria, Karina Olivas Parra.<\/span><\/p>\n<\/div>\n<div style=\"text-align: justify;\">\n<p class=\"LO-normal\"><span lang=\"ES\">De Asuntos Laborales y de Previsi\u00f3n Social, presidente, Sergio Guluarte Cese\u00f1a, primer secretario, Fernando Hoyos Aguilar, segundo secretario, Venustiano P\u00e9rez S\u00e1nchez.<\/span><\/p>\n<\/div>\n<div style=\"text-align: justify;\">\n<p class=\"LO-normal\"><span lang=\"ES\">Comunicaciones y Transportes, presidente, Sergio Ricardo Huerta Leggs, primer secretario, Omar Torres Orozco, segundo secretario, Sergio Polanco Salaices. <\/span><\/p>\n<\/div>\n<div style=\"text-align: justify;\">\n<p class=\"LO-normal\"><span lang=\"ES\">De Asuntos Agropecuarios, Forestales y Mineros, presidente, Venustiano P\u00e9rez S\u00e1nchez, primer secretario, Fernando Hoyos Aguilar, segundo secretario, Teresita de Jes\u00fas Valent\u00edn V\u00e1zquez.<\/span><\/p>\n<\/div>\n<div style=\"text-align: justify;\">\n<p class=\"LO-normal\"><span lang=\"ES\">Ecolog\u00eda y Medio Ambiente, presidente, Erick Iv\u00e1n Ag\u00fandez Cervantes, primera secretaria, Karina Olivas Parra, segundo secretario, Sergio Polanco Salaices. Asuntos Comerciales y Tur\u00edsticos, presidenta, Mar\u00eda Cristina Contreras Rebollo, primera secretaria, Arlene Moreno, segunda secretaria, Teresita de Jes\u00fas Valent\u00edn V\u00e1zquez. <\/span><\/p>\n<\/div>\n<div style=\"text-align: justify;\">\n<p class=\"LO-normal\"><span lang=\"ES\">Puntos Constitucionales y de Justicia, presidente, Eduardo V. Van Wormer Castro, primer secretario, Sergio Guluarte Cese\u00f1a, segundo secretario, Fernando Hoyos.<\/span><\/p>\n<\/div>\n<div style=\"text-align: justify;\">\n<p class=\"LO-normal\"><span lang=\"ES\">Asuntos Fiscales y Administrativos, presidenta, Guadalupe V\u00e1zquez Jacinto, primera secretaria, Karina Olivas Parra, segundo secretario, Eduardo V. Van Wormer Castro.<\/span><\/p>\n<\/div>\n<div style=\"text-align: justify;\">\n<p class=\"LO-normal\"><span lang=\"ES\">Cuenta y Administraci\u00f3n, presidenta, Gabriela Montoya Terrazas, primer secretario, Venustiano P\u00e9rez S\u00e1nchez, segunda secretaria, Alondra Torres Garc\u00eda.<\/span><\/p>\n<\/div>\n<div style=\"text-align: justify;\">\n<p class=\"LO-normal\"><span lang=\"ES\">Vigilancia de La Auditoria Superior del Estado, presidenta, Gabriela Montoya Terrazas, primera secretaria, Teresita de Jes\u00fas Valent\u00edn V\u00e1zquez, segundo secretario, Fernando Hoyos Aguilar.<\/span><\/p>\n<\/div>\n<div style=\"text-align: justify;\">\n<p class=\"LO-normal\"><span lang=\"ES\">De La Salud, La Familia y La Asistencia P\u00fablica, presidenta, Guillermina D\u00edaz Rodr\u00edguez, primer secretario, Sergio Ricardo Huerta Leggs, segunda secretaria, Karina Olivas Parra.<\/span><\/p>\n<\/div>\n<div style=\"text-align: justify;\">\n<p class=\"LO-normal\"><span lang=\"ES\">Transparencia y Anticorrupci\u00f3n, presidenta, Karina Olivas Parra, primera secretaria, Guadalupe V\u00e1zquez Jacinto, segunda secretaria, Arlene Moreno Maciel.<\/span><\/p>\n<\/div>\n<div style=\"text-align: justify;\">\n<p class=\"LO-normal\"><span lang=\"ES\">De Igualdad de G\u00e9nero, presidenta, Arlene Moreno Maciel, primera secretaria, Alondra Torres Garc\u00eda, segunda secretaria, Dalia Ver\u00f3nica Collins Mendoza.<\/span><\/p>\n<\/div>\n<div style=\"text-align: justify;\">\n<p class=\"LO-normal\"><span lang=\"ES\">Del Agua, presidente Omar Torres Orozco, primera secretaria, Alondra Torres Garc\u00eda, segundo secretario, Sergio Ricardo Huerta Leggs.<\/span><\/p>\n<\/div>\n<div style=\"text-align: justify;\">\n<p class=\"LO-normal\"><span lang=\"ES\">De La Diversidad Sexual, presidenta, Alondra Torres Garc\u00eda, primera secretaria, Arlene Moreno Maciel, segunda secretaria, Teresita de Jes\u00fas Valent\u00edn V\u00e1zquez.<\/span><\/p>\n<\/div>\n<div style=\"text-align: justify;\">\n<p class=\"LO-normal\"><span lang=\"ES\">Desarrollo Social, presidenta, Lourdes Cornejo Rend\u00f3n, primera secretaria, Guillermina D\u00edaz Rodr\u00edguez, segundo secretario, Sergio Ricardo Huerta Leggs.<\/span><\/p>\n<\/div>\n<div style=\"text-align: justify;\">\n<p class=\"LO-normal\"><span lang=\"ES\">Asuntos Educativos, presidente, Mart\u00edn Escogido, primera secretaria, Lourdes Cornejo Rend\u00f3n, segunda secretaria, Guadalupe Salda\u00f1a Cisneros.<\/span><\/p>\n<\/div>\n<div style=\"text-align: justify;\">\n<p class=\"LO-normal\"><span lang=\"ES\">Protecci\u00f3n Civil, presidente, Erick Iv\u00e1n Ag\u00fandez Cervantes, primer secretario, Omar Torres Orozco, segundo secretario, Sergio Guluarte Cese\u00f1a.<\/span><\/p>\n<\/div>\n<div style=\"text-align: justify;\">\n<p class=\"LO-normal\"><span lang=\"ES\">Juventud, presidente, Fabrizio del Castillo Miranda, primera secretaria Guadalupe V\u00e1zquez Jacinto, segundo secretario, Erick Iv\u00e1n Ag\u00fandez Cervantes.<\/span><\/p>\n<\/div>\n<div style=\"text-align: justify;\">\n<p class=\"LO-normal\"><span lang=\"ES\">Ciencia y Tecnolog\u00eda, presidenta, Guadalupe Salda\u00f1a Cisneros, primer secretario, Fabrizio del Castillo Miranda, segundo secretario, Erick Iv\u00e1n Ag\u00fandez Cervantes.<\/span><\/p>\n<\/div>\n<div style=\"text-align: justify;\">\n<p class=\"LO-normal\"><span lang=\"ES\">Pesca y Acuacultura, presidente, Sergio Polanco Salaices, primer secretario, Sergio Ricardo Huerta Leggs, segundo secretario, Omar Torres Orozco.<\/span><\/p>\n<\/div>\n<div style=\"text-align: justify;\">\n<p class=\"LO-normal\"><span lang=\"ES\">Del Deporte, presidenta, Arlene Moreno Maciel, primera secretaria, Dalia Ver\u00f3nica Collins Mendoza, segunda secretaria, Lourdes Cornejo Rend\u00f3n.<\/span><\/p>\n<\/div>\n<div style=\"text-align: justify;\">\n<p class=\"LO-normal\"><span lang=\"ES\">\u00a0Derechos Humanos, Asuntos Ind\u00edgenas y Afroamericanos, presidente, Mart\u00edn Escogido, primera secretaria, Mar\u00eda Cristina Contreras Rebollo, segunda secretaria, Dalia Ver\u00f3nica Collins Mendoza.<\/span><\/p>\n<\/div>\n<div style=\"text-align: justify;\">\n<p class=\"LO-normal\"><span lang=\"ES\">Asuntos Pol\u00edticos, presidenta, Alondra Torres Garc\u00eda, primera secretaria, Teresita de Jes\u00fas Valent\u00edn V\u00e1zquez, segunda secretaria, Gabriela Montoya Terrazas.<\/span><\/p>\n<\/div>\n<div style=\"text-align: justify;\">\n<p class=\"LO-normal\"><span lang=\"ES\">Seguridad P\u00fablica, presidenta, Guadalupe V\u00e1zquez Jacinto, primer secretario, Sergio Polanco Salaices, segundo secretario, Fabrizio del Castillo Miranda.<\/span><\/p>\n<\/div>\n<div style=\"text-align: justify;\">\n<p class=\"LO-normal\"><span lang=\"ES\">De Los Derechos de las Ni\u00f1as, Ni\u00f1os y Adolescentes, presidenta, Teresita de Jes\u00fas Valent\u00edn V\u00e1zquez, primera secretaria, Guadalupe V\u00e1zquez Jacinto, segunda secretaria, Guadalupe Salda\u00f1a Cisneros.<\/span><\/p>\n<\/div>\n<div>\n<p class=\"LO-normal\" style=\"text-align: justify;\"><span lang=\"ES\">Cultura y Arte, presidente, Fabrizio del Castillo Miranda, primer secretaria, Guadalupe Salda\u00f1a Cisneros, segundo secretario, Mart\u00edn Escogido Flores.<\/span><\/p>\n<\/div>\n","protected":false},"excerpt":{"rendered":"<p>Presentada por la Junta de Gobierno y Coordinaci\u00f3n Pol\u00edtica (Jugocopo) del Congreso del Estado de BCS a nombre de su<\/p>\n","protected":false},"author":1,"featured_media":0,"comment_status":"open","ping_status":"closed","sticky":false,"template":"","format":"standard","meta":{"colormag_page_container_layout":"default_layout","colormag_page_sidebar_layout":"default_layout","_jetpack_memberships_contains_paid_content":false,"footnotes":"","jetpack_publicize_message":"","jetpack_publicize_feature_enabled":true,"jetpack_social_post_already_shared":true,"jetpack_social_options":{"image_generator_settings":{"template":"highway","default_image_id":0,"font":"","enabled":false},"version":2}},"categories":[48],"tags":[],"class_list":["post-140906","post","type-post","status-publish","format-standard","hentry","category-congreso-de-bcs"],"yoast_head":"<!-- This site is optimized with the Yoast SEO plugin v27.5 - https:\/\/yoast.com\/product\/yoast-seo-wordpress\/ -->\n<title>Aprueba el pleno del Congreso del Estado la integraci\u00f3n de las comisiones de XVII Legislatura - NBCS Noticias<\/title>\n<meta name=\"robots\" content=\"index, follow, max-snippet:-1, max-image-preview:large, max-video-preview:-1\" \/>\n<link rel=\"canonical\" href=\"https:\/\/nbcs.mx\/?p=140906\" \/>\n<meta property=\"og:locale\" content=\"es_ES\" \/>\n<meta property=\"og:type\" content=\"article\" \/>\n<meta property=\"og:title\" content=\"Aprueba el pleno del Congreso del Estado la integraci\u00f3n de las comisiones de XVII Legislatura - NBCS Noticias\" \/>\n<meta property=\"og:description\" content=\"Presentada por la Junta de Gobierno y Coordinaci\u00f3n Pol\u00edtica (Jugocopo) del Congreso del Estado de BCS a nombre de su\" \/>\n<meta property=\"og:url\" content=\"https:\/\/nbcs.mx\/?p=140906\" \/>\n<meta property=\"og:site_name\" content=\"NBCS Noticias\" \/>\n<meta property=\"article:publisher\" content=\"https:\/\/www.facebook.com\/NBCSnoticias\" \/>\n<meta property=\"article:author\" content=\"https:\/\/www.facebook.com\/NBCSnoticias\" \/>\n<meta property=\"article:published_time\" content=\"2024-09-11T13:25:58+00:00\" \/>\n<meta property=\"og:image\" content=\"https:\/\/nbcs.mx\/wp-content\/uploads\/2024\/09\/PLENO-240910.jpg\" \/>\n\t<meta property=\"og:image:width\" content=\"1024\" \/>\n\t<meta property=\"og:image:height\" content=\"681\" \/>\n\t<meta property=\"og:image:type\" content=\"image\/jpeg\" \/>\n<meta name=\"author\" content=\"NBCS Noticias\" \/>\n<meta name=\"twitter:card\" content=\"summary_large_image\" \/>\n<meta name=\"twitter:creator\" content=\"@https:\/\/twitter.com\/NBCSnoticias\" \/>\n<meta name=\"twitter:site\" content=\"@NBCSnoticias\" \/>\n<meta name=\"twitter:label1\" content=\"Escrito por\" \/>\n\t<meta name=\"twitter:data1\" content=\"NBCS Noticias\" \/>\n\t<meta name=\"twitter:label2\" content=\"Tiempo de lectura\" \/>\n\t<meta name=\"twitter:data2\" content=\"4 minutos\" \/>\n<script type=\"application\/ld+json\" class=\"yoast-schema-graph\">{\"@context\":\"https:\\\/\\\/schema.org\",\"@graph\":[{\"@type\":\"Article\",\"@id\":\"https:\\\/\\\/nbcs.mx\\\/?p=140906#article\",\"isPartOf\":{\"@id\":\"https:\\\/\\\/nbcs.mx\\\/?p=140906\"},\"author\":{\"name\":\"NBCS Noticias\",\"@id\":\"https:\\\/\\\/nbcs.mx\\\/#\\\/schema\\\/person\\\/ece58bab9a7c1e87a4d28ec9ecd79ff4\"},\"headline\":\"Aprueba el pleno del Congreso del Estado la integraci\u00f3n de las comisiones de XVII Legislatura\",\"datePublished\":\"2024-09-11T13:25:58+00:00\",\"mainEntityOfPage\":{\"@id\":\"https:\\\/\\\/nbcs.mx\\\/?p=140906\"},\"wordCount\":819,\"commentCount\":0,\"publisher\":{\"@id\":\"https:\\\/\\\/nbcs.mx\\\/#organization\"},\"image\":{\"@id\":\"https:\\\/\\\/nbcs.mx\\\/?p=140906#primaryimage\"},\"thumbnailUrl\":\"https:\\\/\\\/nbcs.mx\\\/wp-content\\\/uploads\\\/2024\\\/09\\\/PLENO-240910-740x492.jpg\",\"articleSection\":[\"Congreso de BCS\"],\"inLanguage\":\"es\",\"potentialAction\":[{\"@type\":\"CommentAction\",\"name\":\"Comment\",\"target\":[\"https:\\\/\\\/nbcs.mx\\\/?p=140906#respond\"]}]},{\"@type\":\"WebPage\",\"@id\":\"https:\\\/\\\/nbcs.mx\\\/?p=140906\",\"url\":\"https:\\\/\\\/nbcs.mx\\\/?p=140906\",\"name\":\"Aprueba el pleno del Congreso del Estado la integraci\u00f3n de las comisiones de XVII Legislatura - NBCS Noticias\",\"isPartOf\":{\"@id\":\"https:\\\/\\\/nbcs.mx\\\/#website\"},\"primaryImageOfPage\":{\"@id\":\"https:\\\/\\\/nbcs.mx\\\/?p=140906#primaryimage\"},\"image\":{\"@id\":\"https:\\\/\\\/nbcs.mx\\\/?p=140906#primaryimage\"},\"thumbnailUrl\":\"https:\\\/\\\/nbcs.mx\\\/wp-content\\\/uploads\\\/2024\\\/09\\\/PLENO-240910-740x492.jpg\",\"datePublished\":\"2024-09-11T13:25:58+00:00\",\"breadcrumb\":{\"@id\":\"https:\\\/\\\/nbcs.mx\\\/?p=140906#breadcrumb\"},\"inLanguage\":\"es\",\"potentialAction\":[{\"@type\":\"ReadAction\",\"target\":[\"https:\\\/\\\/nbcs.mx\\\/?p=140906\"]}]},{\"@type\":\"ImageObject\",\"inLanguage\":\"es\",\"@id\":\"https:\\\/\\\/nbcs.mx\\\/?p=140906#primaryimage\",\"url\":\"https:\\\/\\\/nbcs.mx\\\/wp-content\\\/uploads\\\/2024\\\/09\\\/PLENO-240910-740x492.jpg\",\"contentUrl\":\"https:\\\/\\\/nbcs.mx\\\/wp-content\\\/uploads\\\/2024\\\/09\\\/PLENO-240910-740x492.jpg\"},{\"@type\":\"BreadcrumbList\",\"@id\":\"https:\\\/\\\/nbcs.mx\\\/?p=140906#breadcrumb\",\"itemListElement\":[{\"@type\":\"ListItem\",\"position\":1,\"name\":\"Portada\",\"item\":\"https:\\\/\\\/nbcs.mx\\\/\"},{\"@type\":\"ListItem\",\"position\":2,\"name\":\"Aprueba el pleno del Congreso del Estado la integraci\u00f3n de las comisiones de XVII Legislatura\"}]},{\"@type\":\"WebSite\",\"@id\":\"https:\\\/\\\/nbcs.mx\\\/#website\",\"url\":\"https:\\\/\\\/nbcs.mx\\\/\",\"name\":\"NBCS Noticias\",\"description\":\"Sitio web de noticias en Baja California Sur\",\"publisher\":{\"@id\":\"https:\\\/\\\/nbcs.mx\\\/#organization\"},\"potentialAction\":[{\"@type\":\"SearchAction\",\"target\":{\"@type\":\"EntryPoint\",\"urlTemplate\":\"https:\\\/\\\/nbcs.mx\\\/?s={search_term_string}\"},\"query-input\":{\"@type\":\"PropertyValueSpecification\",\"valueRequired\":true,\"valueName\":\"search_term_string\"}}],\"inLanguage\":\"es\"},{\"@type\":\"Organization\",\"@id\":\"https:\\\/\\\/nbcs.mx\\\/#organization\",\"name\":\"NBCS Noticias\",\"url\":\"https:\\\/\\\/nbcs.mx\\\/\",\"logo\":{\"@type\":\"ImageObject\",\"inLanguage\":\"es\",\"@id\":\"https:\\\/\\\/nbcs.mx\\\/#\\\/schema\\\/logo\\\/image\\\/\",\"url\":\"https:\\\/\\\/nbcs.mx\\\/wp-content\\\/uploads\\\/2018\\\/09\\\/057b69485e93575a5c2b1c1dde2dd297.jpeg\",\"contentUrl\":\"https:\\\/\\\/nbcs.mx\\\/wp-content\\\/uploads\\\/2018\\\/09\\\/057b69485e93575a5c2b1c1dde2dd297.jpeg\",\"width\":64,\"height\":64,\"caption\":\"NBCS Noticias\"},\"image\":{\"@id\":\"https:\\\/\\\/nbcs.mx\\\/#\\\/schema\\\/logo\\\/image\\\/\"},\"sameAs\":[\"https:\\\/\\\/www.facebook.com\\\/NBCSnoticias\",\"https:\\\/\\\/x.com\\\/NBCSnoticias\"]},{\"@type\":\"Person\",\"@id\":\"https:\\\/\\\/nbcs.mx\\\/#\\\/schema\\\/person\\\/ece58bab9a7c1e87a4d28ec9ecd79ff4\",\"name\":\"NBCS Noticias\",\"image\":{\"@type\":\"ImageObject\",\"inLanguage\":\"es\",\"@id\":\"https:\\\/\\\/secure.gravatar.com\\\/avatar\\\/4e52110cad1c4054b43271a0d14bbe9e2ea76aecd0e1097edfc670798d9ca1d4?s=96&d=blank&r=g\",\"url\":\"https:\\\/\\\/secure.gravatar.com\\\/avatar\\\/4e52110cad1c4054b43271a0d14bbe9e2ea76aecd0e1097edfc670798d9ca1d4?s=96&d=blank&r=g\",\"contentUrl\":\"https:\\\/\\\/secure.gravatar.com\\\/avatar\\\/4e52110cad1c4054b43271a0d14bbe9e2ea76aecd0e1097edfc670798d9ca1d4?s=96&d=blank&r=g\",\"caption\":\"NBCS Noticias\"},\"description\":\"\u00bfTienes fotos o video de alg\u00fan acto de posible negligencia, corrupci\u00f3n y abuso de autoridad? M\u00e1ndalo al WhatsApp de NBCS Noticias: 612 141 98 08\",\"sameAs\":[\"https:\\\/\\\/www.nbcs.mx\",\"https:\\\/\\\/www.facebook.com\\\/NBCSnoticias\",\"https:\\\/\\\/www.instagram.com\\\/nbcsnoticias\\\/\",\"https:\\\/\\\/x.com\\\/https:\\\/\\\/twitter.com\\\/NBCSnoticias\"]}]}<\/script>\n<!-- \/ Yoast SEO plugin. -->","yoast_head_json":{"title":"Aprueba el pleno del Congreso del Estado la integraci\u00f3n de las comisiones de XVII Legislatura - NBCS Noticias","robots":{"index":"index","follow":"follow","max-snippet":"max-snippet:-1","max-image-preview":"max-image-preview:large","max-video-preview":"max-video-preview:-1"},"canonical":"https:\/\/nbcs.mx\/?p=140906","og_locale":"es_ES","og_type":"article","og_title":"Aprueba el pleno del Congreso del Estado la integraci\u00f3n de las comisiones de XVII Legislatura - NBCS Noticias","og_description":"Presentada por la Junta de Gobierno y Coordinaci\u00f3n Pol\u00edtica (Jugocopo) del Congreso del Estado de BCS a nombre de su","og_url":"https:\/\/nbcs.mx\/?p=140906","og_site_name":"NBCS Noticias","article_publisher":"https:\/\/www.facebook.com\/NBCSnoticias","article_author":"https:\/\/www.facebook.com\/NBCSnoticias","article_published_time":"2024-09-11T13:25:58+00:00","og_image":[{"width":1024,"height":681,"url":"https:\/\/nbcs.mx\/wp-content\/uploads\/2024\/09\/PLENO-240910.jpg","type":"image\/jpeg"}],"author":"NBCS Noticias","twitter_card":"summary_large_image","twitter_creator":"@https:\/\/twitter.com\/NBCSnoticias","twitter_site":"@NBCSnoticias","twitter_misc":{"Escrito por":"NBCS Noticias","Tiempo de lectura":"4 minutos"},"schema":{"@context":"https:\/\/schema.org","@graph":[{"@type":"Article","@id":"https:\/\/nbcs.mx\/?p=140906#article","isPartOf":{"@id":"https:\/\/nbcs.mx\/?p=140906"},"author":{"name":"NBCS Noticias","@id":"https:\/\/nbcs.mx\/#\/schema\/person\/ece58bab9a7c1e87a4d28ec9ecd79ff4"},"headline":"Aprueba el pleno del Congreso del Estado la integraci\u00f3n de las comisiones de XVII Legislatura","datePublished":"2024-09-11T13:25:58+00:00","mainEntityOfPage":{"@id":"https:\/\/nbcs.mx\/?p=140906"},"wordCount":819,"commentCount":0,"publisher":{"@id":"https:\/\/nbcs.mx\/#organization"},"image":{"@id":"https:\/\/nbcs.mx\/?p=140906#primaryimage"},"thumbnailUrl":"https:\/\/nbcs.mx\/wp-content\/uploads\/2024\/09\/PLENO-240910-740x492.jpg","articleSection":["Congreso de BCS"],"inLanguage":"es","potentialAction":[{"@type":"CommentAction","name":"Comment","target":["https:\/\/nbcs.mx\/?p=140906#respond"]}]},{"@type":"WebPage","@id":"https:\/\/nbcs.mx\/?p=140906","url":"https:\/\/nbcs.mx\/?p=140906","name":"Aprueba el pleno del Congreso del Estado la integraci\u00f3n de las comisiones de XVII Legislatura - NBCS Noticias","isPartOf":{"@id":"https:\/\/nbcs.mx\/#website"},"primaryImageOfPage":{"@id":"https:\/\/nbcs.mx\/?p=140906#primaryimage"},"image":{"@id":"https:\/\/nbcs.mx\/?p=140906#primaryimage"},"thumbnailUrl":"https:\/\/nbcs.mx\/wp-content\/uploads\/2024\/09\/PLENO-240910-740x492.jpg","datePublished":"2024-09-11T13:25:58+00:00","breadcrumb":{"@id":"https:\/\/nbcs.mx\/?p=140906#breadcrumb"},"inLanguage":"es","potentialAction":[{"@type":"ReadAction","target":["https:\/\/nbcs.mx\/?p=140906"]}]},{"@type":"ImageObject","inLanguage":"es","@id":"https:\/\/nbcs.mx\/?p=140906#primaryimage","url":"https:\/\/nbcs.mx\/wp-content\/uploads\/2024\/09\/PLENO-240910-740x492.jpg","contentUrl":"https:\/\/nbcs.mx\/wp-content\/uploads\/2024\/09\/PLENO-240910-740x492.jpg"},{"@type":"BreadcrumbList","@id":"https:\/\/nbcs.mx\/?p=140906#breadcrumb","itemListElement":[{"@type":"ListItem","position":1,"name":"Portada","item":"https:\/\/nbcs.mx\/"},{"@type":"ListItem","position":2,"name":"Aprueba el pleno del Congreso del Estado la integraci\u00f3n de las comisiones de XVII Legislatura"}]},{"@type":"WebSite","@id":"https:\/\/nbcs.mx\/#website","url":"https:\/\/nbcs.mx\/","name":"NBCS Noticias","description":"Sitio web de noticias en Baja California Sur","publisher":{"@id":"https:\/\/nbcs.mx\/#organization"},"potentialAction":[{"@type":"SearchAction","target":{"@type":"EntryPoint","urlTemplate":"https:\/\/nbcs.mx\/?s={search_term_string}"},"query-input":{"@type":"PropertyValueSpecification","valueRequired":true,"valueName":"search_term_string"}}],"inLanguage":"es"},{"@type":"Organization","@id":"https:\/\/nbcs.mx\/#organization","name":"NBCS Noticias","url":"https:\/\/nbcs.mx\/","logo":{"@type":"ImageObject","inLanguage":"es","@id":"https:\/\/nbcs.mx\/#\/schema\/logo\/image\/","url":"https:\/\/nbcs.mx\/wp-content\/uploads\/2018\/09\/057b69485e93575a5c2b1c1dde2dd297.jpeg","contentUrl":"https:\/\/nbcs.mx\/wp-content\/uploads\/2018\/09\/057b69485e93575a5c2b1c1dde2dd297.jpeg","width":64,"height":64,"caption":"NBCS Noticias"},"image":{"@id":"https:\/\/nbcs.mx\/#\/schema\/logo\/image\/"},"sameAs":["https:\/\/www.facebook.com\/NBCSnoticias","https:\/\/x.com\/NBCSnoticias"]},{"@type":"Person","@id":"https:\/\/nbcs.mx\/#\/schema\/person\/ece58bab9a7c1e87a4d28ec9ecd79ff4","name":"NBCS Noticias","image":{"@type":"ImageObject","inLanguage":"es","@id":"https:\/\/secure.gravatar.com\/avatar\/4e52110cad1c4054b43271a0d14bbe9e2ea76aecd0e1097edfc670798d9ca1d4?s=96&d=blank&r=g","url":"https:\/\/secure.gravatar.com\/avatar\/4e52110cad1c4054b43271a0d14bbe9e2ea76aecd0e1097edfc670798d9ca1d4?s=96&d=blank&r=g","contentUrl":"https:\/\/secure.gravatar.com\/avatar\/4e52110cad1c4054b43271a0d14bbe9e2ea76aecd0e1097edfc670798d9ca1d4?s=96&d=blank&r=g","caption":"NBCS Noticias"},"description":"\u00bfTienes fotos o video de alg\u00fan acto de posible negligencia, corrupci\u00f3n y abuso de autoridad? M\u00e1ndalo al WhatsApp de NBCS Noticias: 612 141 98 08","sameAs":["https:\/\/www.nbcs.mx","https:\/\/www.facebook.com\/NBCSnoticias","https:\/\/www.instagram.com\/nbcsnoticias\/","https:\/\/x.com\/https:\/\/twitter.com\/NBCSnoticias"]}]}},"jetpack_publicize_connections":[],"jetpack_featured_media_url":"","jetpack_sharing_enabled":true,"_links":{"self":[{"href":"https:\/\/nbcs.mx\/index.php?rest_route=\/wp\/v2\/posts\/140906","targetHints":{"allow":["GET"]}}],"collection":[{"href":"https:\/\/nbcs.mx\/index.php?rest_route=\/wp\/v2\/posts"}],"about":[{"href":"https:\/\/nbcs.mx\/index.php?rest_route=\/wp\/v2\/types\/post"}],"author":[{"embeddable":true,"href":"https:\/\/nbcs.mx\/index.php?rest_route=\/wp\/v2\/users\/1"}],"replies":[{"embeddable":true,"href":"https:\/\/nbcs.mx\/index.php?rest_route=%2Fwp%2Fv2%2Fcomments&post=140906"}],"version-history":[{"count":1,"href":"https:\/\/nbcs.mx\/index.php?rest_route=\/wp\/v2\/posts\/140906\/revisions"}],"predecessor-version":[{"id":140908,"href":"https:\/\/nbcs.mx\/index.php?rest_route=\/wp\/v2\/posts\/140906\/revisions\/140908"}],"wp:attachment":[{"href":"https:\/\/nbcs.mx\/index.php?rest_route=%2Fwp%2Fv2%2Fmedia&parent=140906"}],"wp:term":[{"taxonomy":"category","embeddable":true,"href":"https:\/\/nbcs.mx\/index.php?rest_route=%2Fwp%2Fv2%2Fcategories&post=140906"},{"taxonomy":"post_tag","embeddable":true,"href":"https:\/\/nbcs.mx\/index.php?rest_route=%2Fwp%2Fv2%2Ftags&post=140906"}],"curies":[{"name":"wp","href":"https:\/\/api.w.org\/{rel}","templated":true}]}}