{"id":141224,"date":"2024-09-20T16:02:05","date_gmt":"2024-09-20T22:02:05","guid":{"rendered":"https:\/\/nbcs.mx\/?p=141224"},"modified":"2024-09-20T16:02:05","modified_gmt":"2024-09-20T22:02:05","slug":"fueron-instaladas-las-comisiones-de-transparencia-pesca-personas-con-discapacidad-ddhh-y-educacion","status":"publish","type":"post","link":"https:\/\/nbcs.mx\/?p=141224","title":{"rendered":"Fueron instaladas las comisiones de Transparencia, Pesca, Personas con Discapacidad, DDHH y Educaci\u00f3n"},"content":{"rendered":"<p style=\"font-weight: 400; text-align: justify;\"><img loading=\"lazy\" decoding=\"async\" class=\" wp-image-141225 alignleft\" src=\"https:\/\/nbcs.mx\/wp-content\/uploads\/2024\/09\/COM-DDHH-AIA-240920-2-739x492.jpg\" alt=\"\" width=\"341\" height=\"227\" \/>Este viernes 20 de septiembre continuando con la instalaci\u00f3n de las comisiones legislativas, fueron instaladas por separado, las comisiones de Transparencia y Anticorrupci\u00f3n, de Pesca y Acuicultura, de Atenci\u00f3n a Grupos vulnerables y a Personas con Discapacidad, de Derechos Humanos y Asuntos Ind\u00edgenas y Afromexicanos y de Asuntos Educativos.<\/p>\n<p style=\"font-weight: 400; text-align: justify;\">\n<p style=\"font-weight: 400; text-align: justify;\">Al instalar la Comisi\u00f3n de Transparencia y Anticorrupci\u00f3n, en la que estar\u00e1 acompa\u00f1ada por las diputadas Guadalupe V\u00e1zquez Jacinto y Arlene Moreno Maciel, como secretarias, la diputada Karina Olivas Parra comprometi\u00f3 tener un canal abierto de di\u00e1logo con los dem\u00e1s poderes, ayuntamientos, partidos pol\u00edticos, y organizaciones civiles, para seguir construyendo la cultura de la transparencia. Anticip\u00f3 que vendr\u00e1 una agenda nacional en la materia, que busca eficientar el acceso a la transparencia y a la informaci\u00f3n p\u00fablica, \u201ccomo comisi\u00f3n estaremos atentos a la armonizaci\u00f3n de las normas estatales vigentes para que se cumplan los preceptos de la visi\u00f3n de la cuarta transformaci\u00f3n de nuestro pa\u00eds y se mejoren los instrumentos jur\u00eddicos, priorizando que el ciudadano tenga un acceso garantizado a su derecho a la informaci\u00f3n y a la verdad\u201d, expres\u00f3.<\/p>\n<p style=\"font-weight: 400; text-align: justify;\">\n<p style=\"font-weight: 400; text-align: justify;\">El diputado Sergio Polanco Salaices, presidente de la comisi\u00f3n de pesca y acuacultura manifest\u00f3 que la comisi\u00f3n sostendr\u00e1 su capacidad para influir en las pol\u00edticas que aseguren la sostenibilidad y el desarrollo de la actividad productiva. \u201cNuestro objetivo es implementar medidas que promuevan la conservaci\u00f3n de los recursos marinos, la innovaci\u00f3n y la competitividad en el sector, as\u00ed tambi\u00e9n fomentar la pesca deportiva recreativa\u201d.<\/p>\n<p style=\"font-weight: 400; text-align: justify;\">\n<p style=\"font-weight: 400; text-align: justify;\">Por su parte la diputada Dalia Collins Mendoza, resalt\u00f3 que durante d\u00e9cadas la discapacidad fue un tema pospuesto en el pa\u00eds, adem\u00e1s de ser marginado y excluido de las pol\u00edticas p\u00fablicas que lo miraban como una carga; destac\u00f3 que tras a\u00f1os de lucha, hace seis a\u00f1os la pensi\u00f3n universal a los adultos mayores fue elevada a rango constitucional y con la pensi\u00f3n para el bienestar de las personas con discapacidad, se dieron pasos firmes en materia de inclusi\u00f3n y de protecci\u00f3n, por lo que invit\u00f3 a sus hom\u00f3logos y a autoridades a trabajar juntos a favor de las personas con discapacidad y a favor de todos los grupos vulnerables en el Estado.<\/p>\n<p style=\"font-weight: 400; text-align: justify;\">\n<p style=\"font-weight: 400; text-align: justify;\">Finalmente el diputado Mart\u00edn Escogido, presidente de las comisiones de Derechos Humanos y Asuntos Ind\u00edgenas y Afromexicanos, as\u00ed como de Asuntos Educativos puntualiz\u00f3 que trabajar\u00e1 en fortificar el marco legal que impulse una mejor protecci\u00f3n de los derechos fundamentales de la ciudadan\u00eda sudcaliforniana. Celebr\u00f3 la reforma constitucional reci\u00e9n aprobada que reconoce por primera vez a los pueblos ind\u00edgenas como sujetos de derecho, legislaci\u00f3n que en su momento llegar\u00e1 a los congresos locales.<\/p>\n<p style=\"font-weight: 400; text-align: justify;\">\n<p style=\"font-weight: 400; text-align: justify;\">En cuanto a Educaci\u00f3n dijo que el objetivo ser\u00e1 \u00a0proponer cambios necesarios para contar con un marco jur\u00eddico eficiente, eficaz leg\u00edtimo, confiable, acorde a la realidad y necesidades del Estado. \u201cEn esta Comisi\u00f3n de Asuntos Educativos de la XVII Legislatura, estaremos generando acciones que permitan hacer valer el esp\u00edritu del art\u00edculo tercero constitucional, bajo el principio del parlamento abierto\u201d, expuso.<\/p>\n","protected":false},"excerpt":{"rendered":"<p>Este viernes 20 de septiembre continuando con la instalaci\u00f3n de las comisiones legislativas, fueron instaladas por separado, las comisiones de<\/p>\n","protected":false},"author":1,"featured_media":0,"comment_status":"open","ping_status":"closed","sticky":false,"template":"","format":"standard","meta":{"colormag_page_container_layout":"default_layout","colormag_page_sidebar_layout":"default_layout","_jetpack_memberships_contains_paid_content":false,"footnotes":"","jetpack_publicize_message":"","jetpack_publicize_feature_enabled":true,"jetpack_social_post_already_shared":true,"jetpack_social_options":{"image_generator_settings":{"template":"highway","default_image_id":0,"font":"","enabled":false},"version":2}},"categories":[48],"tags":[],"class_list":["post-141224","post","type-post","status-publish","format-standard","hentry","category-congreso-de-bcs"],"yoast_head":"<!-- This site is optimized with the Yoast SEO plugin v27.5 - https:\/\/yoast.com\/product\/yoast-seo-wordpress\/ -->\n<title>Fueron instaladas las comisiones de Transparencia, Pesca, Personas con Discapacidad, DDHH y Educaci\u00f3n - NBCS Noticias<\/title>\n<meta name=\"robots\" content=\"index, follow, max-snippet:-1, max-image-preview:large, max-video-preview:-1\" \/>\n<link rel=\"canonical\" href=\"https:\/\/nbcs.mx\/?p=141224\" \/>\n<meta property=\"og:locale\" content=\"es_ES\" \/>\n<meta property=\"og:type\" content=\"article\" \/>\n<meta property=\"og:title\" content=\"Fueron instaladas las comisiones de Transparencia, Pesca, Personas con Discapacidad, DDHH y Educaci\u00f3n - NBCS Noticias\" \/>\n<meta property=\"og:description\" content=\"Este viernes 20 de septiembre continuando con la instalaci\u00f3n de las comisiones legislativas, fueron instaladas por separado, las comisiones de\" \/>\n<meta property=\"og:url\" content=\"https:\/\/nbcs.mx\/?p=141224\" \/>\n<meta property=\"og:site_name\" content=\"NBCS Noticias\" \/>\n<meta property=\"article:publisher\" content=\"https:\/\/www.facebook.com\/NBCSnoticias\" \/>\n<meta property=\"article:author\" content=\"https:\/\/www.facebook.com\/NBCSnoticias\" \/>\n<meta property=\"article:published_time\" content=\"2024-09-20T22:02:05+00:00\" \/>\n<meta property=\"og:image\" content=\"https:\/\/nbcs.mx\/wp-content\/uploads\/2024\/09\/COM-DDHH-AIA-240920-2-scaled.jpg\" \/>\n\t<meta property=\"og:image:width\" content=\"2560\" \/>\n\t<meta property=\"og:image:height\" content=\"1703\" \/>\n\t<meta property=\"og:image:type\" content=\"image\/jpeg\" \/>\n<meta name=\"author\" content=\"NBCS Noticias\" \/>\n<meta name=\"twitter:card\" content=\"summary_large_image\" \/>\n<meta name=\"twitter:creator\" content=\"@https:\/\/twitter.com\/NBCSnoticias\" \/>\n<meta name=\"twitter:site\" content=\"@NBCSnoticias\" \/>\n<meta name=\"twitter:label1\" content=\"Escrito por\" \/>\n\t<meta name=\"twitter:data1\" content=\"NBCS Noticias\" \/>\n\t<meta name=\"twitter:label2\" content=\"Tiempo de lectura\" \/>\n\t<meta name=\"twitter:data2\" content=\"3 minutos\" \/>\n<script type=\"application\/ld+json\" class=\"yoast-schema-graph\">{\"@context\":\"https:\\\/\\\/schema.org\",\"@graph\":[{\"@type\":\"Article\",\"@id\":\"https:\\\/\\\/nbcs.mx\\\/?p=141224#article\",\"isPartOf\":{\"@id\":\"https:\\\/\\\/nbcs.mx\\\/?p=141224\"},\"author\":{\"name\":\"NBCS Noticias\",\"@id\":\"https:\\\/\\\/nbcs.mx\\\/#\\\/schema\\\/person\\\/ece58bab9a7c1e87a4d28ec9ecd79ff4\"},\"headline\":\"Fueron instaladas las comisiones de Transparencia, Pesca, Personas con Discapacidad, DDHH y Educaci\u00f3n\",\"datePublished\":\"2024-09-20T22:02:05+00:00\",\"mainEntityOfPage\":{\"@id\":\"https:\\\/\\\/nbcs.mx\\\/?p=141224\"},\"wordCount\":551,\"commentCount\":0,\"publisher\":{\"@id\":\"https:\\\/\\\/nbcs.mx\\\/#organization\"},\"image\":{\"@id\":\"https:\\\/\\\/nbcs.mx\\\/?p=141224#primaryimage\"},\"thumbnailUrl\":\"https:\\\/\\\/nbcs.mx\\\/wp-content\\\/uploads\\\/2024\\\/09\\\/COM-DDHH-AIA-240920-2-739x492.jpg\",\"articleSection\":[\"Congreso de BCS\"],\"inLanguage\":\"es\",\"potentialAction\":[{\"@type\":\"CommentAction\",\"name\":\"Comment\",\"target\":[\"https:\\\/\\\/nbcs.mx\\\/?p=141224#respond\"]}]},{\"@type\":\"WebPage\",\"@id\":\"https:\\\/\\\/nbcs.mx\\\/?p=141224\",\"url\":\"https:\\\/\\\/nbcs.mx\\\/?p=141224\",\"name\":\"Fueron instaladas las comisiones de Transparencia, Pesca, Personas con Discapacidad, DDHH y Educaci\u00f3n - NBCS Noticias\",\"isPartOf\":{\"@id\":\"https:\\\/\\\/nbcs.mx\\\/#website\"},\"primaryImageOfPage\":{\"@id\":\"https:\\\/\\\/nbcs.mx\\\/?p=141224#primaryimage\"},\"image\":{\"@id\":\"https:\\\/\\\/nbcs.mx\\\/?p=141224#primaryimage\"},\"thumbnailUrl\":\"https:\\\/\\\/nbcs.mx\\\/wp-content\\\/uploads\\\/2024\\\/09\\\/COM-DDHH-AIA-240920-2-739x492.jpg\",\"datePublished\":\"2024-09-20T22:02:05+00:00\",\"breadcrumb\":{\"@id\":\"https:\\\/\\\/nbcs.mx\\\/?p=141224#breadcrumb\"},\"inLanguage\":\"es\",\"potentialAction\":[{\"@type\":\"ReadAction\",\"target\":[\"https:\\\/\\\/nbcs.mx\\\/?p=141224\"]}]},{\"@type\":\"ImageObject\",\"inLanguage\":\"es\",\"@id\":\"https:\\\/\\\/nbcs.mx\\\/?p=141224#primaryimage\",\"url\":\"https:\\\/\\\/nbcs.mx\\\/wp-content\\\/uploads\\\/2024\\\/09\\\/COM-DDHH-AIA-240920-2-739x492.jpg\",\"contentUrl\":\"https:\\\/\\\/nbcs.mx\\\/wp-content\\\/uploads\\\/2024\\\/09\\\/COM-DDHH-AIA-240920-2-739x492.jpg\"},{\"@type\":\"BreadcrumbList\",\"@id\":\"https:\\\/\\\/nbcs.mx\\\/?p=141224#breadcrumb\",\"itemListElement\":[{\"@type\":\"ListItem\",\"position\":1,\"name\":\"Portada\",\"item\":\"https:\\\/\\\/nbcs.mx\\\/\"},{\"@type\":\"ListItem\",\"position\":2,\"name\":\"Fueron instaladas las comisiones de Transparencia, Pesca, Personas con Discapacidad, DDHH y Educaci\u00f3n\"}]},{\"@type\":\"WebSite\",\"@id\":\"https:\\\/\\\/nbcs.mx\\\/#website\",\"url\":\"https:\\\/\\\/nbcs.mx\\\/\",\"name\":\"NBCS Noticias\",\"description\":\"Sitio web de noticias en Baja California Sur\",\"publisher\":{\"@id\":\"https:\\\/\\\/nbcs.mx\\\/#organization\"},\"potentialAction\":[{\"@type\":\"SearchAction\",\"target\":{\"@type\":\"EntryPoint\",\"urlTemplate\":\"https:\\\/\\\/nbcs.mx\\\/?s={search_term_string}\"},\"query-input\":{\"@type\":\"PropertyValueSpecification\",\"valueRequired\":true,\"valueName\":\"search_term_string\"}}],\"inLanguage\":\"es\"},{\"@type\":\"Organization\",\"@id\":\"https:\\\/\\\/nbcs.mx\\\/#organization\",\"name\":\"NBCS Noticias\",\"url\":\"https:\\\/\\\/nbcs.mx\\\/\",\"logo\":{\"@type\":\"ImageObject\",\"inLanguage\":\"es\",\"@id\":\"https:\\\/\\\/nbcs.mx\\\/#\\\/schema\\\/logo\\\/image\\\/\",\"url\":\"https:\\\/\\\/nbcs.mx\\\/wp-content\\\/uploads\\\/2018\\\/09\\\/057b69485e93575a5c2b1c1dde2dd297.jpeg\",\"contentUrl\":\"https:\\\/\\\/nbcs.mx\\\/wp-content\\\/uploads\\\/2018\\\/09\\\/057b69485e93575a5c2b1c1dde2dd297.jpeg\",\"width\":64,\"height\":64,\"caption\":\"NBCS Noticias\"},\"image\":{\"@id\":\"https:\\\/\\\/nbcs.mx\\\/#\\\/schema\\\/logo\\\/image\\\/\"},\"sameAs\":[\"https:\\\/\\\/www.facebook.com\\\/NBCSnoticias\",\"https:\\\/\\\/x.com\\\/NBCSnoticias\"]},{\"@type\":\"Person\",\"@id\":\"https:\\\/\\\/nbcs.mx\\\/#\\\/schema\\\/person\\\/ece58bab9a7c1e87a4d28ec9ecd79ff4\",\"name\":\"NBCS Noticias\",\"image\":{\"@type\":\"ImageObject\",\"inLanguage\":\"es\",\"@id\":\"https:\\\/\\\/secure.gravatar.com\\\/avatar\\\/4e52110cad1c4054b43271a0d14bbe9e2ea76aecd0e1097edfc670798d9ca1d4?s=96&d=blank&r=g\",\"url\":\"https:\\\/\\\/secure.gravatar.com\\\/avatar\\\/4e52110cad1c4054b43271a0d14bbe9e2ea76aecd0e1097edfc670798d9ca1d4?s=96&d=blank&r=g\",\"contentUrl\":\"https:\\\/\\\/secure.gravatar.com\\\/avatar\\\/4e52110cad1c4054b43271a0d14bbe9e2ea76aecd0e1097edfc670798d9ca1d4?s=96&d=blank&r=g\",\"caption\":\"NBCS Noticias\"},\"description\":\"\u00bfTienes fotos o video de alg\u00fan acto de posible negligencia, corrupci\u00f3n y abuso de autoridad? M\u00e1ndalo al WhatsApp de NBCS Noticias: 612 141 98 08\",\"sameAs\":[\"https:\\\/\\\/www.nbcs.mx\",\"https:\\\/\\\/www.facebook.com\\\/NBCSnoticias\",\"https:\\\/\\\/www.instagram.com\\\/nbcsnoticias\\\/\",\"https:\\\/\\\/x.com\\\/https:\\\/\\\/twitter.com\\\/NBCSnoticias\"]}]}<\/script>\n<!-- \/ Yoast SEO plugin. -->","yoast_head_json":{"title":"Fueron instaladas las comisiones de Transparencia, Pesca, Personas con Discapacidad, DDHH y Educaci\u00f3n - NBCS Noticias","robots":{"index":"index","follow":"follow","max-snippet":"max-snippet:-1","max-image-preview":"max-image-preview:large","max-video-preview":"max-video-preview:-1"},"canonical":"https:\/\/nbcs.mx\/?p=141224","og_locale":"es_ES","og_type":"article","og_title":"Fueron instaladas las comisiones de Transparencia, Pesca, Personas con Discapacidad, DDHH y Educaci\u00f3n - NBCS Noticias","og_description":"Este viernes 20 de septiembre continuando con la instalaci\u00f3n de las comisiones legislativas, fueron instaladas por separado, las comisiones de","og_url":"https:\/\/nbcs.mx\/?p=141224","og_site_name":"NBCS Noticias","article_publisher":"https:\/\/www.facebook.com\/NBCSnoticias","article_author":"https:\/\/www.facebook.com\/NBCSnoticias","article_published_time":"2024-09-20T22:02:05+00:00","og_image":[{"width":2560,"height":1703,"url":"https:\/\/nbcs.mx\/wp-content\/uploads\/2024\/09\/COM-DDHH-AIA-240920-2-scaled.jpg","type":"image\/jpeg"}],"author":"NBCS Noticias","twitter_card":"summary_large_image","twitter_creator":"@https:\/\/twitter.com\/NBCSnoticias","twitter_site":"@NBCSnoticias","twitter_misc":{"Escrito por":"NBCS Noticias","Tiempo de lectura":"3 minutos"},"schema":{"@context":"https:\/\/schema.org","@graph":[{"@type":"Article","@id":"https:\/\/nbcs.mx\/?p=141224#article","isPartOf":{"@id":"https:\/\/nbcs.mx\/?p=141224"},"author":{"name":"NBCS Noticias","@id":"https:\/\/nbcs.mx\/#\/schema\/person\/ece58bab9a7c1e87a4d28ec9ecd79ff4"},"headline":"Fueron instaladas las comisiones de Transparencia, Pesca, Personas con Discapacidad, DDHH y Educaci\u00f3n","datePublished":"2024-09-20T22:02:05+00:00","mainEntityOfPage":{"@id":"https:\/\/nbcs.mx\/?p=141224"},"wordCount":551,"commentCount":0,"publisher":{"@id":"https:\/\/nbcs.mx\/#organization"},"image":{"@id":"https:\/\/nbcs.mx\/?p=141224#primaryimage"},"thumbnailUrl":"https:\/\/nbcs.mx\/wp-content\/uploads\/2024\/09\/COM-DDHH-AIA-240920-2-739x492.jpg","articleSection":["Congreso de BCS"],"inLanguage":"es","potentialAction":[{"@type":"CommentAction","name":"Comment","target":["https:\/\/nbcs.mx\/?p=141224#respond"]}]},{"@type":"WebPage","@id":"https:\/\/nbcs.mx\/?p=141224","url":"https:\/\/nbcs.mx\/?p=141224","name":"Fueron instaladas las comisiones de Transparencia, Pesca, Personas con Discapacidad, DDHH y Educaci\u00f3n - NBCS Noticias","isPartOf":{"@id":"https:\/\/nbcs.mx\/#website"},"primaryImageOfPage":{"@id":"https:\/\/nbcs.mx\/?p=141224#primaryimage"},"image":{"@id":"https:\/\/nbcs.mx\/?p=141224#primaryimage"},"thumbnailUrl":"https:\/\/nbcs.mx\/wp-content\/uploads\/2024\/09\/COM-DDHH-AIA-240920-2-739x492.jpg","datePublished":"2024-09-20T22:02:05+00:00","breadcrumb":{"@id":"https:\/\/nbcs.mx\/?p=141224#breadcrumb"},"inLanguage":"es","potentialAction":[{"@type":"ReadAction","target":["https:\/\/nbcs.mx\/?p=141224"]}]},{"@type":"ImageObject","inLanguage":"es","@id":"https:\/\/nbcs.mx\/?p=141224#primaryimage","url":"https:\/\/nbcs.mx\/wp-content\/uploads\/2024\/09\/COM-DDHH-AIA-240920-2-739x492.jpg","contentUrl":"https:\/\/nbcs.mx\/wp-content\/uploads\/2024\/09\/COM-DDHH-AIA-240920-2-739x492.jpg"},{"@type":"BreadcrumbList","@id":"https:\/\/nbcs.mx\/?p=141224#breadcrumb","itemListElement":[{"@type":"ListItem","position":1,"name":"Portada","item":"https:\/\/nbcs.mx\/"},{"@type":"ListItem","position":2,"name":"Fueron instaladas las comisiones de Transparencia, Pesca, Personas con Discapacidad, DDHH y Educaci\u00f3n"}]},{"@type":"WebSite","@id":"https:\/\/nbcs.mx\/#website","url":"https:\/\/nbcs.mx\/","name":"NBCS Noticias","description":"Sitio web de noticias en Baja California Sur","publisher":{"@id":"https:\/\/nbcs.mx\/#organization"},"potentialAction":[{"@type":"SearchAction","target":{"@type":"EntryPoint","urlTemplate":"https:\/\/nbcs.mx\/?s={search_term_string}"},"query-input":{"@type":"PropertyValueSpecification","valueRequired":true,"valueName":"search_term_string"}}],"inLanguage":"es"},{"@type":"Organization","@id":"https:\/\/nbcs.mx\/#organization","name":"NBCS Noticias","url":"https:\/\/nbcs.mx\/","logo":{"@type":"ImageObject","inLanguage":"es","@id":"https:\/\/nbcs.mx\/#\/schema\/logo\/image\/","url":"https:\/\/nbcs.mx\/wp-content\/uploads\/2018\/09\/057b69485e93575a5c2b1c1dde2dd297.jpeg","contentUrl":"https:\/\/nbcs.mx\/wp-content\/uploads\/2018\/09\/057b69485e93575a5c2b1c1dde2dd297.jpeg","width":64,"height":64,"caption":"NBCS Noticias"},"image":{"@id":"https:\/\/nbcs.mx\/#\/schema\/logo\/image\/"},"sameAs":["https:\/\/www.facebook.com\/NBCSnoticias","https:\/\/x.com\/NBCSnoticias"]},{"@type":"Person","@id":"https:\/\/nbcs.mx\/#\/schema\/person\/ece58bab9a7c1e87a4d28ec9ecd79ff4","name":"NBCS Noticias","image":{"@type":"ImageObject","inLanguage":"es","@id":"https:\/\/secure.gravatar.com\/avatar\/4e52110cad1c4054b43271a0d14bbe9e2ea76aecd0e1097edfc670798d9ca1d4?s=96&d=blank&r=g","url":"https:\/\/secure.gravatar.com\/avatar\/4e52110cad1c4054b43271a0d14bbe9e2ea76aecd0e1097edfc670798d9ca1d4?s=96&d=blank&r=g","contentUrl":"https:\/\/secure.gravatar.com\/avatar\/4e52110cad1c4054b43271a0d14bbe9e2ea76aecd0e1097edfc670798d9ca1d4?s=96&d=blank&r=g","caption":"NBCS Noticias"},"description":"\u00bfTienes fotos o video de alg\u00fan acto de posible negligencia, corrupci\u00f3n y abuso de autoridad? M\u00e1ndalo al WhatsApp de NBCS Noticias: 612 141 98 08","sameAs":["https:\/\/www.nbcs.mx","https:\/\/www.facebook.com\/NBCSnoticias","https:\/\/www.instagram.com\/nbcsnoticias\/","https:\/\/x.com\/https:\/\/twitter.com\/NBCSnoticias"]}]}},"jetpack_publicize_connections":[],"jetpack_featured_media_url":"","jetpack_sharing_enabled":true,"_links":{"self":[{"href":"https:\/\/nbcs.mx\/index.php?rest_route=\/wp\/v2\/posts\/141224","targetHints":{"allow":["GET"]}}],"collection":[{"href":"https:\/\/nbcs.mx\/index.php?rest_route=\/wp\/v2\/posts"}],"about":[{"href":"https:\/\/nbcs.mx\/index.php?rest_route=\/wp\/v2\/types\/post"}],"author":[{"embeddable":true,"href":"https:\/\/nbcs.mx\/index.php?rest_route=\/wp\/v2\/users\/1"}],"replies":[{"embeddable":true,"href":"https:\/\/nbcs.mx\/index.php?rest_route=%2Fwp%2Fv2%2Fcomments&post=141224"}],"version-history":[{"count":1,"href":"https:\/\/nbcs.mx\/index.php?rest_route=\/wp\/v2\/posts\/141224\/revisions"}],"predecessor-version":[{"id":141226,"href":"https:\/\/nbcs.mx\/index.php?rest_route=\/wp\/v2\/posts\/141224\/revisions\/141226"}],"wp:attachment":[{"href":"https:\/\/nbcs.mx\/index.php?rest_route=%2Fwp%2Fv2%2Fmedia&parent=141224"}],"wp:term":[{"taxonomy":"category","embeddable":true,"href":"https:\/\/nbcs.mx\/index.php?rest_route=%2Fwp%2Fv2%2Fcategories&post=141224"},{"taxonomy":"post_tag","embeddable":true,"href":"https:\/\/nbcs.mx\/index.php?rest_route=%2Fwp%2Fv2%2Ftags&post=141224"}],"curies":[{"name":"wp","href":"https:\/\/api.w.org\/{rel}","templated":true}]}}