{"id":141786,"date":"2024-10-07T08:41:12","date_gmt":"2024-10-07T14:41:12","guid":{"rendered":"https:\/\/nbcs.mx\/?p=141786"},"modified":"2024-10-07T08:41:12","modified_gmt":"2024-10-07T14:41:12","slug":"de-gran-beneficio-la-jornada-social-en-la-rivera","status":"publish","type":"post","link":"https:\/\/nbcs.mx\/?p=141786","title":{"rendered":"De gran beneficio la Jornada Social en La Rivera"},"content":{"rendered":"<p style=\"font-weight: 400; text-align: justify;\"><img loading=\"lazy\" decoding=\"async\" class=\" wp-image-141787 alignleft\" src=\"https:\/\/nbcs.mx\/wp-content\/uploads\/2024\/10\/FOTO2-BOLETIN-SGG-JORNADA-755x413.jpg\" alt=\"\" width=\"369\" height=\"202\" srcset=\"https:\/\/nbcs.mx\/wp-content\/uploads\/2024\/10\/FOTO2-BOLETIN-SGG-JORNADA-755x413.jpg 755w, https:\/\/nbcs.mx\/wp-content\/uploads\/2024\/10\/FOTO2-BOLETIN-SGG-JORNADA-1024x560.jpg 1024w, https:\/\/nbcs.mx\/wp-content\/uploads\/2024\/10\/FOTO2-BOLETIN-SGG-JORNADA-150x82.jpg 150w, https:\/\/nbcs.mx\/wp-content\/uploads\/2024\/10\/FOTO2-BOLETIN-SGG-JORNADA-768x420.jpg 768w, https:\/\/nbcs.mx\/wp-content\/uploads\/2024\/10\/FOTO2-BOLETIN-SGG-JORNADA.jpg 1142w\" sizes=\"auto, (max-width: 369px) 100vw, 369px\" \/>En esta jornada, con la colaboraci\u00f3n y solidaridad social, se contin\u00faan las acciones que implementa la Mesa de Seguridad en materia de prevenci\u00f3n social de la violencia, en conjunto con instituciones federales, estatales y sector privado, la cual llevaron a cabo en la comunidad de La Ribera, municipio de Los Cabos, donde se brindaron servicios y apoyos gratuitos a las y los vecinos en aspectos relacionados con salud, registro civil, protecci\u00f3n civil y seguridad.<\/p>\n<p style=\"font-weight: 400; text-align: justify;\">\n<p style=\"font-weight: 400; text-align: justify;\">Actividad encabezada por el secretario General de Gobierno, Jos\u00e9 Sa\u00fal Gonz\u00e1lez N\u00fa\u00f1ez y el comandante de la Tercera Zona Militar, Ignacio Murillo Rodr\u00edguez, acompa\u00f1ados de la secretaria de Salud, Zazil Flores, autoridades de los tres \u00f3rdenes de gobierno y como invitada la clavadista Gabriela Ag\u00fandez.<\/p>\n<p style=\"font-weight: 400; text-align: justify;\">\n<p style=\"font-weight: 400; text-align: justify;\">\u201cA nombre del gobernador, V\u00edctor Manuel Castro Cos\u00edo, ratificarles el compromiso de continuar trabajando unidos y en territorio, acercando los servicios que requieran, a fin de generar el bienestar de la poblaci\u00f3n y de sus entornos. Seguiremos fortaleciendo la cultura de la prevenci\u00f3n en \u00e1reas como seguridad y protecci\u00f3n civil, ya que, sin ustedes, no podemos llevar a cabo ning\u00fan protocolo, por lo que su participaci\u00f3n es importante para avanzar en estos rubros\u201d, expres\u00f3 Sa\u00fal Gonz\u00e1lez.<\/p>\n<p style=\"font-weight: 400; text-align: justify;\">\n<p style=\"font-weight: 400; text-align: justify;\">Durante la jornada se acercaron programas de prevenci\u00f3n y atenci\u00f3n de enfermedades como VIH, c\u00e1ncer de mama, hepatitis, consultas m\u00e9dicas y odontol\u00f3gicas, vacunas, primeros auxilios y oferta educativa para ingresar a planteles militares.<\/p>\n<p style=\"font-weight: 400; text-align: justify;\">\n<p style=\"font-weight: 400; text-align: justify;\">Tambi\u00e9n, se instalaron m\u00f3dulos de atenci\u00f3n por parte del Registro Civil, Cruz Roja Mexicana, servicios amigables para adolescentes, puesto de vacunaci\u00f3n antirr\u00e1bica canina y felina; asimismo, se realizaron trabajos de limpieza, como parte de las medidas preventivas ante la temporada de lluvias y ciclones, que concluye en noviembre.<\/p>\n","protected":false},"excerpt":{"rendered":"<p>En esta jornada, con la colaboraci\u00f3n y solidaridad social, se contin\u00faan las acciones que implementa la Mesa de Seguridad en<\/p>\n","protected":false},"author":1,"featured_media":141787,"comment_status":"open","ping_status":"closed","sticky":false,"template":"","format":"standard","meta":{"colormag_page_container_layout":"default_layout","colormag_page_sidebar_layout":"default_layout","_jetpack_memberships_contains_paid_content":false,"footnotes":"","jetpack_publicize_message":"","jetpack_publicize_feature_enabled":true,"jetpack_social_post_already_shared":true,"jetpack_social_options":{"image_generator_settings":{"template":"highway","default_image_id":0,"font":"","enabled":false},"version":2}},"categories":[1],"tags":[],"class_list":["post-141786","post","type-post","status-publish","format-standard","has-post-thumbnail","hentry","category-noticias"],"yoast_head":"<!-- This site is optimized with the Yoast SEO plugin v27.4 - https:\/\/yoast.com\/product\/yoast-seo-wordpress\/ -->\n<title>De gran beneficio la Jornada Social en La Rivera - NBCS Noticias<\/title>\n<meta name=\"robots\" content=\"index, follow, max-snippet:-1, max-image-preview:large, max-video-preview:-1\" \/>\n<link rel=\"canonical\" href=\"https:\/\/nbcs.mx\/?p=141786\" \/>\n<meta property=\"og:locale\" content=\"es_ES\" \/>\n<meta property=\"og:type\" content=\"article\" \/>\n<meta property=\"og:title\" content=\"De gran beneficio la Jornada Social en La Rivera - NBCS Noticias\" \/>\n<meta property=\"og:description\" content=\"En esta jornada, con la colaboraci\u00f3n y solidaridad social, se contin\u00faan las acciones que implementa la Mesa de Seguridad en\" \/>\n<meta property=\"og:url\" content=\"https:\/\/nbcs.mx\/?p=141786\" \/>\n<meta property=\"og:site_name\" content=\"NBCS Noticias\" \/>\n<meta property=\"article:publisher\" content=\"https:\/\/www.facebook.com\/NBCSnoticias\" \/>\n<meta property=\"article:author\" content=\"https:\/\/www.facebook.com\/NBCSnoticias\" \/>\n<meta property=\"article:published_time\" content=\"2024-10-07T14:41:12+00:00\" \/>\n<meta property=\"og:image\" content=\"https:\/\/nbcs.mx\/wp-content\/uploads\/2024\/10\/FOTO2-BOLETIN-SGG-JORNADA.jpg\" \/>\n\t<meta property=\"og:image:width\" content=\"1142\" \/>\n\t<meta property=\"og:image:height\" content=\"625\" \/>\n\t<meta property=\"og:image:type\" content=\"image\/jpeg\" \/>\n<meta name=\"author\" content=\"NBCS Noticias\" \/>\n<meta name=\"twitter:card\" content=\"summary_large_image\" \/>\n<meta name=\"twitter:creator\" content=\"@https:\/\/twitter.com\/NBCSnoticias\" \/>\n<meta name=\"twitter:site\" content=\"@NBCSnoticias\" \/>\n<meta name=\"twitter:label1\" content=\"Escrito por\" \/>\n\t<meta name=\"twitter:data1\" content=\"NBCS Noticias\" \/>\n\t<meta name=\"twitter:label2\" content=\"Tiempo de lectura\" \/>\n\t<meta name=\"twitter:data2\" content=\"2 minutos\" \/>\n<script type=\"application\/ld+json\" class=\"yoast-schema-graph\">{\"@context\":\"https:\\\/\\\/schema.org\",\"@graph\":[{\"@type\":\"Article\",\"@id\":\"https:\\\/\\\/nbcs.mx\\\/?p=141786#article\",\"isPartOf\":{\"@id\":\"https:\\\/\\\/nbcs.mx\\\/?p=141786\"},\"author\":{\"name\":\"NBCS Noticias\",\"@id\":\"https:\\\/\\\/nbcs.mx\\\/#\\\/schema\\\/person\\\/ece58bab9a7c1e87a4d28ec9ecd79ff4\"},\"headline\":\"De gran beneficio la Jornada Social en La Rivera\",\"datePublished\":\"2024-10-07T14:41:12+00:00\",\"mainEntityOfPage\":{\"@id\":\"https:\\\/\\\/nbcs.mx\\\/?p=141786\"},\"wordCount\":314,\"commentCount\":0,\"publisher\":{\"@id\":\"https:\\\/\\\/nbcs.mx\\\/#organization\"},\"image\":{\"@id\":\"https:\\\/\\\/nbcs.mx\\\/?p=141786#primaryimage\"},\"thumbnailUrl\":\"https:\\\/\\\/nbcs.mx\\\/wp-content\\\/uploads\\\/2024\\\/10\\\/FOTO2-BOLETIN-SGG-JORNADA.jpg\",\"articleSection\":[\"Noticias\"],\"inLanguage\":\"es\",\"potentialAction\":[{\"@type\":\"CommentAction\",\"name\":\"Comment\",\"target\":[\"https:\\\/\\\/nbcs.mx\\\/?p=141786#respond\"]}]},{\"@type\":\"WebPage\",\"@id\":\"https:\\\/\\\/nbcs.mx\\\/?p=141786\",\"url\":\"https:\\\/\\\/nbcs.mx\\\/?p=141786\",\"name\":\"De gran beneficio la Jornada Social en La Rivera - NBCS Noticias\",\"isPartOf\":{\"@id\":\"https:\\\/\\\/nbcs.mx\\\/#website\"},\"primaryImageOfPage\":{\"@id\":\"https:\\\/\\\/nbcs.mx\\\/?p=141786#primaryimage\"},\"image\":{\"@id\":\"https:\\\/\\\/nbcs.mx\\\/?p=141786#primaryimage\"},\"thumbnailUrl\":\"https:\\\/\\\/nbcs.mx\\\/wp-content\\\/uploads\\\/2024\\\/10\\\/FOTO2-BOLETIN-SGG-JORNADA.jpg\",\"datePublished\":\"2024-10-07T14:41:12+00:00\",\"breadcrumb\":{\"@id\":\"https:\\\/\\\/nbcs.mx\\\/?p=141786#breadcrumb\"},\"inLanguage\":\"es\",\"potentialAction\":[{\"@type\":\"ReadAction\",\"target\":[\"https:\\\/\\\/nbcs.mx\\\/?p=141786\"]}]},{\"@type\":\"ImageObject\",\"inLanguage\":\"es\",\"@id\":\"https:\\\/\\\/nbcs.mx\\\/?p=141786#primaryimage\",\"url\":\"https:\\\/\\\/nbcs.mx\\\/wp-content\\\/uploads\\\/2024\\\/10\\\/FOTO2-BOLETIN-SGG-JORNADA.jpg\",\"contentUrl\":\"https:\\\/\\\/nbcs.mx\\\/wp-content\\\/uploads\\\/2024\\\/10\\\/FOTO2-BOLETIN-SGG-JORNADA.jpg\",\"width\":1142,\"height\":625},{\"@type\":\"BreadcrumbList\",\"@id\":\"https:\\\/\\\/nbcs.mx\\\/?p=141786#breadcrumb\",\"itemListElement\":[{\"@type\":\"ListItem\",\"position\":1,\"name\":\"Portada\",\"item\":\"https:\\\/\\\/nbcs.mx\\\/\"},{\"@type\":\"ListItem\",\"position\":2,\"name\":\"De gran beneficio la Jornada Social en La Rivera\"}]},{\"@type\":\"WebSite\",\"@id\":\"https:\\\/\\\/nbcs.mx\\\/#website\",\"url\":\"https:\\\/\\\/nbcs.mx\\\/\",\"name\":\"NBCS Noticias\",\"description\":\"Sitio web de noticias en Baja California Sur\",\"publisher\":{\"@id\":\"https:\\\/\\\/nbcs.mx\\\/#organization\"},\"potentialAction\":[{\"@type\":\"SearchAction\",\"target\":{\"@type\":\"EntryPoint\",\"urlTemplate\":\"https:\\\/\\\/nbcs.mx\\\/?s={search_term_string}\"},\"query-input\":{\"@type\":\"PropertyValueSpecification\",\"valueRequired\":true,\"valueName\":\"search_term_string\"}}],\"inLanguage\":\"es\"},{\"@type\":\"Organization\",\"@id\":\"https:\\\/\\\/nbcs.mx\\\/#organization\",\"name\":\"NBCS Noticias\",\"url\":\"https:\\\/\\\/nbcs.mx\\\/\",\"logo\":{\"@type\":\"ImageObject\",\"inLanguage\":\"es\",\"@id\":\"https:\\\/\\\/nbcs.mx\\\/#\\\/schema\\\/logo\\\/image\\\/\",\"url\":\"https:\\\/\\\/nbcs.mx\\\/wp-content\\\/uploads\\\/2018\\\/09\\\/057b69485e93575a5c2b1c1dde2dd297.jpeg\",\"contentUrl\":\"https:\\\/\\\/nbcs.mx\\\/wp-content\\\/uploads\\\/2018\\\/09\\\/057b69485e93575a5c2b1c1dde2dd297.jpeg\",\"width\":64,\"height\":64,\"caption\":\"NBCS Noticias\"},\"image\":{\"@id\":\"https:\\\/\\\/nbcs.mx\\\/#\\\/schema\\\/logo\\\/image\\\/\"},\"sameAs\":[\"https:\\\/\\\/www.facebook.com\\\/NBCSnoticias\",\"https:\\\/\\\/x.com\\\/NBCSnoticias\"]},{\"@type\":\"Person\",\"@id\":\"https:\\\/\\\/nbcs.mx\\\/#\\\/schema\\\/person\\\/ece58bab9a7c1e87a4d28ec9ecd79ff4\",\"name\":\"NBCS Noticias\",\"image\":{\"@type\":\"ImageObject\",\"inLanguage\":\"es\",\"@id\":\"https:\\\/\\\/secure.gravatar.com\\\/avatar\\\/4e52110cad1c4054b43271a0d14bbe9e2ea76aecd0e1097edfc670798d9ca1d4?s=96&d=blank&r=g\",\"url\":\"https:\\\/\\\/secure.gravatar.com\\\/avatar\\\/4e52110cad1c4054b43271a0d14bbe9e2ea76aecd0e1097edfc670798d9ca1d4?s=96&d=blank&r=g\",\"contentUrl\":\"https:\\\/\\\/secure.gravatar.com\\\/avatar\\\/4e52110cad1c4054b43271a0d14bbe9e2ea76aecd0e1097edfc670798d9ca1d4?s=96&d=blank&r=g\",\"caption\":\"NBCS Noticias\"},\"description\":\"\u00bfTienes fotos o video de alg\u00fan acto de posible negligencia, corrupci\u00f3n y abuso de autoridad? M\u00e1ndalo al WhatsApp de NBCS Noticias: 612 141 98 08\",\"sameAs\":[\"https:\\\/\\\/www.nbcs.mx\",\"https:\\\/\\\/www.facebook.com\\\/NBCSnoticias\",\"https:\\\/\\\/www.instagram.com\\\/nbcsnoticias\\\/\",\"https:\\\/\\\/x.com\\\/https:\\\/\\\/twitter.com\\\/NBCSnoticias\"]}]}<\/script>\n<!-- \/ Yoast SEO plugin. -->","yoast_head_json":{"title":"De gran beneficio la Jornada Social en La Rivera - NBCS Noticias","robots":{"index":"index","follow":"follow","max-snippet":"max-snippet:-1","max-image-preview":"max-image-preview:large","max-video-preview":"max-video-preview:-1"},"canonical":"https:\/\/nbcs.mx\/?p=141786","og_locale":"es_ES","og_type":"article","og_title":"De gran beneficio la Jornada Social en La Rivera - NBCS Noticias","og_description":"En esta jornada, con la colaboraci\u00f3n y solidaridad social, se contin\u00faan las acciones que implementa la Mesa de Seguridad en","og_url":"https:\/\/nbcs.mx\/?p=141786","og_site_name":"NBCS Noticias","article_publisher":"https:\/\/www.facebook.com\/NBCSnoticias","article_author":"https:\/\/www.facebook.com\/NBCSnoticias","article_published_time":"2024-10-07T14:41:12+00:00","og_image":[{"width":1142,"height":625,"url":"https:\/\/nbcs.mx\/wp-content\/uploads\/2024\/10\/FOTO2-BOLETIN-SGG-JORNADA.jpg","type":"image\/jpeg"}],"author":"NBCS Noticias","twitter_card":"summary_large_image","twitter_creator":"@https:\/\/twitter.com\/NBCSnoticias","twitter_site":"@NBCSnoticias","twitter_misc":{"Escrito por":"NBCS Noticias","Tiempo de lectura":"2 minutos"},"schema":{"@context":"https:\/\/schema.org","@graph":[{"@type":"Article","@id":"https:\/\/nbcs.mx\/?p=141786#article","isPartOf":{"@id":"https:\/\/nbcs.mx\/?p=141786"},"author":{"name":"NBCS Noticias","@id":"https:\/\/nbcs.mx\/#\/schema\/person\/ece58bab9a7c1e87a4d28ec9ecd79ff4"},"headline":"De gran beneficio la Jornada Social en La Rivera","datePublished":"2024-10-07T14:41:12+00:00","mainEntityOfPage":{"@id":"https:\/\/nbcs.mx\/?p=141786"},"wordCount":314,"commentCount":0,"publisher":{"@id":"https:\/\/nbcs.mx\/#organization"},"image":{"@id":"https:\/\/nbcs.mx\/?p=141786#primaryimage"},"thumbnailUrl":"https:\/\/nbcs.mx\/wp-content\/uploads\/2024\/10\/FOTO2-BOLETIN-SGG-JORNADA.jpg","articleSection":["Noticias"],"inLanguage":"es","potentialAction":[{"@type":"CommentAction","name":"Comment","target":["https:\/\/nbcs.mx\/?p=141786#respond"]}]},{"@type":"WebPage","@id":"https:\/\/nbcs.mx\/?p=141786","url":"https:\/\/nbcs.mx\/?p=141786","name":"De gran beneficio la Jornada Social en La Rivera - NBCS Noticias","isPartOf":{"@id":"https:\/\/nbcs.mx\/#website"},"primaryImageOfPage":{"@id":"https:\/\/nbcs.mx\/?p=141786#primaryimage"},"image":{"@id":"https:\/\/nbcs.mx\/?p=141786#primaryimage"},"thumbnailUrl":"https:\/\/nbcs.mx\/wp-content\/uploads\/2024\/10\/FOTO2-BOLETIN-SGG-JORNADA.jpg","datePublished":"2024-10-07T14:41:12+00:00","breadcrumb":{"@id":"https:\/\/nbcs.mx\/?p=141786#breadcrumb"},"inLanguage":"es","potentialAction":[{"@type":"ReadAction","target":["https:\/\/nbcs.mx\/?p=141786"]}]},{"@type":"ImageObject","inLanguage":"es","@id":"https:\/\/nbcs.mx\/?p=141786#primaryimage","url":"https:\/\/nbcs.mx\/wp-content\/uploads\/2024\/10\/FOTO2-BOLETIN-SGG-JORNADA.jpg","contentUrl":"https:\/\/nbcs.mx\/wp-content\/uploads\/2024\/10\/FOTO2-BOLETIN-SGG-JORNADA.jpg","width":1142,"height":625},{"@type":"BreadcrumbList","@id":"https:\/\/nbcs.mx\/?p=141786#breadcrumb","itemListElement":[{"@type":"ListItem","position":1,"name":"Portada","item":"https:\/\/nbcs.mx\/"},{"@type":"ListItem","position":2,"name":"De gran beneficio la Jornada Social en La Rivera"}]},{"@type":"WebSite","@id":"https:\/\/nbcs.mx\/#website","url":"https:\/\/nbcs.mx\/","name":"NBCS Noticias","description":"Sitio web de noticias en Baja California Sur","publisher":{"@id":"https:\/\/nbcs.mx\/#organization"},"potentialAction":[{"@type":"SearchAction","target":{"@type":"EntryPoint","urlTemplate":"https:\/\/nbcs.mx\/?s={search_term_string}"},"query-input":{"@type":"PropertyValueSpecification","valueRequired":true,"valueName":"search_term_string"}}],"inLanguage":"es"},{"@type":"Organization","@id":"https:\/\/nbcs.mx\/#organization","name":"NBCS Noticias","url":"https:\/\/nbcs.mx\/","logo":{"@type":"ImageObject","inLanguage":"es","@id":"https:\/\/nbcs.mx\/#\/schema\/logo\/image\/","url":"https:\/\/nbcs.mx\/wp-content\/uploads\/2018\/09\/057b69485e93575a5c2b1c1dde2dd297.jpeg","contentUrl":"https:\/\/nbcs.mx\/wp-content\/uploads\/2018\/09\/057b69485e93575a5c2b1c1dde2dd297.jpeg","width":64,"height":64,"caption":"NBCS Noticias"},"image":{"@id":"https:\/\/nbcs.mx\/#\/schema\/logo\/image\/"},"sameAs":["https:\/\/www.facebook.com\/NBCSnoticias","https:\/\/x.com\/NBCSnoticias"]},{"@type":"Person","@id":"https:\/\/nbcs.mx\/#\/schema\/person\/ece58bab9a7c1e87a4d28ec9ecd79ff4","name":"NBCS Noticias","image":{"@type":"ImageObject","inLanguage":"es","@id":"https:\/\/secure.gravatar.com\/avatar\/4e52110cad1c4054b43271a0d14bbe9e2ea76aecd0e1097edfc670798d9ca1d4?s=96&d=blank&r=g","url":"https:\/\/secure.gravatar.com\/avatar\/4e52110cad1c4054b43271a0d14bbe9e2ea76aecd0e1097edfc670798d9ca1d4?s=96&d=blank&r=g","contentUrl":"https:\/\/secure.gravatar.com\/avatar\/4e52110cad1c4054b43271a0d14bbe9e2ea76aecd0e1097edfc670798d9ca1d4?s=96&d=blank&r=g","caption":"NBCS Noticias"},"description":"\u00bfTienes fotos o video de alg\u00fan acto de posible negligencia, corrupci\u00f3n y abuso de autoridad? M\u00e1ndalo al WhatsApp de NBCS Noticias: 612 141 98 08","sameAs":["https:\/\/www.nbcs.mx","https:\/\/www.facebook.com\/NBCSnoticias","https:\/\/www.instagram.com\/nbcsnoticias\/","https:\/\/x.com\/https:\/\/twitter.com\/NBCSnoticias"]}]}},"jetpack_publicize_connections":[],"jetpack_featured_media_url":"https:\/\/nbcs.mx\/wp-content\/uploads\/2024\/10\/FOTO2-BOLETIN-SGG-JORNADA.jpg","jetpack_sharing_enabled":true,"_links":{"self":[{"href":"https:\/\/nbcs.mx\/index.php?rest_route=\/wp\/v2\/posts\/141786","targetHints":{"allow":["GET"]}}],"collection":[{"href":"https:\/\/nbcs.mx\/index.php?rest_route=\/wp\/v2\/posts"}],"about":[{"href":"https:\/\/nbcs.mx\/index.php?rest_route=\/wp\/v2\/types\/post"}],"author":[{"embeddable":true,"href":"https:\/\/nbcs.mx\/index.php?rest_route=\/wp\/v2\/users\/1"}],"replies":[{"embeddable":true,"href":"https:\/\/nbcs.mx\/index.php?rest_route=%2Fwp%2Fv2%2Fcomments&post=141786"}],"version-history":[{"count":1,"href":"https:\/\/nbcs.mx\/index.php?rest_route=\/wp\/v2\/posts\/141786\/revisions"}],"predecessor-version":[{"id":141788,"href":"https:\/\/nbcs.mx\/index.php?rest_route=\/wp\/v2\/posts\/141786\/revisions\/141788"}],"wp:featuredmedia":[{"embeddable":true,"href":"https:\/\/nbcs.mx\/index.php?rest_route=\/wp\/v2\/media\/141787"}],"wp:attachment":[{"href":"https:\/\/nbcs.mx\/index.php?rest_route=%2Fwp%2Fv2%2Fmedia&parent=141786"}],"wp:term":[{"taxonomy":"category","embeddable":true,"href":"https:\/\/nbcs.mx\/index.php?rest_route=%2Fwp%2Fv2%2Fcategories&post=141786"},{"taxonomy":"post_tag","embeddable":true,"href":"https:\/\/nbcs.mx\/index.php?rest_route=%2Fwp%2Fv2%2Ftags&post=141786"}],"curies":[{"name":"wp","href":"https:\/\/api.w.org\/{rel}","templated":true}]}}