{"id":141789,"date":"2024-10-07T08:43:07","date_gmt":"2024-10-07T14:43:07","guid":{"rendered":"https:\/\/nbcs.mx\/?p=141789"},"modified":"2024-10-07T08:43:07","modified_gmt":"2024-10-07T14:43:07","slug":"ha-beneficiado-centro-de-conciliacion-laboral-a-mas-de-15-mil-personas-en-sus-dos-primeros-anos","status":"publish","type":"post","link":"https:\/\/nbcs.mx\/?p=141789","title":{"rendered":"Ha beneficiado Centro de Conciliaci\u00f3n Laboral a m\u00e1s de 15 mil personas en sus dos primeros a\u00f1os"},"content":{"rendered":"<div>\n<p class=\"Cuerpo\" style=\"text-align: justify;\"><span lang=\"ES-TRAD\"><img loading=\"lazy\" decoding=\"async\" class=\" wp-image-141790 alignleft\" src=\"https:\/\/nbcs.mx\/wp-content\/uploads\/2024\/10\/FOTO2-BOLETIN-STBYDS-CONCILIACION-706x492.jpg\" alt=\"\" width=\"405\" height=\"282\" srcset=\"https:\/\/nbcs.mx\/wp-content\/uploads\/2024\/10\/FOTO2-BOLETIN-STBYDS-CONCILIACION-706x492.jpg 706w, https:\/\/nbcs.mx\/wp-content\/uploads\/2024\/10\/FOTO2-BOLETIN-STBYDS-CONCILIACION-150x105.jpg 150w, https:\/\/nbcs.mx\/wp-content\/uploads\/2024\/10\/FOTO2-BOLETIN-STBYDS-CONCILIACION-768x536.jpg 768w, https:\/\/nbcs.mx\/wp-content\/uploads\/2024\/10\/FOTO2-BOLETIN-STBYDS-CONCILIACION-392x272.jpg 392w, https:\/\/nbcs.mx\/wp-content\/uploads\/2024\/10\/FOTO2-BOLETIN-STBYDS-CONCILIACION-130x90.jpg 130w, https:\/\/nbcs.mx\/wp-content\/uploads\/2024\/10\/FOTO2-BOLETIN-STBYDS-CONCILIACION.jpg 1024w\" sizes=\"auto, (max-width: 405px) 100vw, 405px\" \/>La Secretar\u00eda del Trabajo, Bienestar y Desarrollo Social (STByDS) dio a conocer que <a name=\"_Hlk179118670\"><\/a>el Centro de Conciliaci\u00f3n Laboral del Estado de Baja California Sur (CCL) celebra su segundo a\u00f1o desde su apertura, un acto significativo en la b\u00fasqueda de una justicia laboral pronta y expedita.<\/span><\/p>\n<\/div>\n<div style=\"text-align: justify;\">\n<p class=\"Cuerpo\"><span lang=\"ES-TRAD\">\u00a0<\/span><\/p>\n<\/div>\n<div style=\"text-align: justify;\">\n<p class=\"Cuerpo\"><span lang=\"ES-TRAD\">Este avance se enmarca dentro de la reforma hist\u00f3rica de la Ley Federal del Trabajo publicada en 2019, que busca transformar el sistema de justicia laboral en el pa\u00eds, destac\u00f3 su titular, Magdalena Gallegos Ortiz.<\/span><\/p>\n<\/div>\n<div style=\"text-align: justify;\">\n<p class=\"Cuerpo\"><span lang=\"ES-TRAD\">\u00a0<\/span><\/p>\n<\/div>\n<div style=\"text-align: justify;\">\n<p class=\"Cuerpo\"><span lang=\"ES-TRAD\">Desde su inauguraci\u00f3n el 3 de octubre de 2022, el centro ha demostrado su compromiso con la resoluci\u00f3n efectiva de conflictos laborales, recibiendo m\u00e1s de 12 mil solicitudes, brindando atenci\u00f3n alrededor de 15 mil personas.<\/span><\/p>\n<\/div>\n<div style=\"text-align: justify;\">\n<p class=\"Cuerpo\"><span lang=\"ES-TRAD\">\u00a0<\/span><\/p>\n<\/div>\n<div style=\"text-align: justify;\">\n<p class=\"Cuerpo\"><span lang=\"ES-TRAD\">Como resultado de estas acciones de conciliaci\u00f3n, resalt\u00f3 que, a la fecha, se han logrado m\u00e1s de 5 mil convenios entre las personas involucradas, que generaron una derrama econ\u00f3mica por m\u00e1s de 218 millones de pesos.<\/span><\/p>\n<\/div>\n<div style=\"text-align: justify;\">\n<p class=\"Cuerpo\"><span lang=\"ES-TRAD\">\u00a0<\/span><\/p>\n<\/div>\n<div style=\"text-align: justify;\">\n<p class=\"Cuerpo\"><span lang=\"ES-TRAD\">Gallegos Ortiz, indic\u00f3 que este segundo a\u00f1o de trabajo es un testimonio del compromiso continuo del centro por promover la paz laboral y garantizar el acceso a la justicia para todos los trabajadores en Baja California Sur.<\/span><\/p>\n<\/div>\n<div style=\"text-align: justify;\">\n<p class=\"Cuerpo\"><span lang=\"ES-TRAD\">\u00a0<\/span><\/p>\n<\/div>\n<div style=\"text-align: justify;\">\n<p class=\"Cuerpo\"><span lang=\"ES-TRAD\">Es por ello, que reiter\u00f3 la invitaci\u00f3n a la ciudadan\u00eda para acercarse a los Centros de Conciliaci\u00f3n Laboral en un horario de atenci\u00f3n al p\u00fablico de lunes a viernes, de 8:00 a 15:00 horas.<\/span><\/p>\n<\/div>\n<div style=\"text-align: justify;\">\n<p class=\"Cuerpo\"><span lang=\"ES-TRAD\">\u00a0<\/span><\/p>\n<\/div>\n<div style=\"text-align: justify;\">\n<p class=\"Cuerpo\"><span lang=\"ES-TRAD\">Dichos centros se encuentran ubicados en los municipios de La Paz, San Jos\u00e9 del Cabo, Cabo San Lucas, Ciudad Constituci\u00f3n, Santa Rosal\u00eda y Vizca\u00edno, acercando la justicia laboral a diversas comunidades.<\/span><\/p>\n<\/div>\n<div style=\"text-align: justify;\">\n<p class=\"Cuerpo\"><span lang=\"ES-TRAD\">\u00a0<\/span><\/p>\n<\/div>\n<div>\n<p class=\"Cuerpo\" style=\"text-align: justify;\"><span lang=\"ES-TRAD\">Este modelo ha permitido resolver conflictos laborales en un promedio de 20 d\u00edas, facilitando procesos como audiencias de conciliaci\u00f3n individual y colectiva, ratificaci\u00f3n de convenios, sustituci\u00f3n patronal y conciliaci\u00f3n v\u00eda remota, detall\u00f3 la servidora p\u00fablica.<\/span><\/p>\n<\/div>\n","protected":false},"excerpt":{"rendered":"<p>La Secretar\u00eda del Trabajo, Bienestar y Desarrollo Social (STByDS) dio a conocer que el Centro de Conciliaci\u00f3n Laboral del Estado<\/p>\n","protected":false},"author":1,"featured_media":141790,"comment_status":"open","ping_status":"closed","sticky":false,"template":"","format":"standard","meta":{"colormag_page_container_layout":"default_layout","colormag_page_sidebar_layout":"default_layout","_jetpack_memberships_contains_paid_content":false,"footnotes":"","jetpack_publicize_message":"","jetpack_publicize_feature_enabled":true,"jetpack_social_post_already_shared":true,"jetpack_social_options":{"image_generator_settings":{"template":"highway","default_image_id":0,"font":"","enabled":false},"version":2}},"categories":[1],"tags":[],"class_list":["post-141789","post","type-post","status-publish","format-standard","has-post-thumbnail","hentry","category-noticias"],"yoast_head":"<!-- This site is optimized with the Yoast SEO plugin v27.4 - https:\/\/yoast.com\/product\/yoast-seo-wordpress\/ -->\n<title>Ha beneficiado Centro de Conciliaci\u00f3n Laboral a m\u00e1s de 15 mil personas en sus dos primeros a\u00f1os - NBCS Noticias<\/title>\n<meta name=\"robots\" content=\"index, follow, max-snippet:-1, max-image-preview:large, max-video-preview:-1\" \/>\n<link rel=\"canonical\" href=\"https:\/\/nbcs.mx\/?p=141789\" \/>\n<meta property=\"og:locale\" content=\"es_ES\" \/>\n<meta property=\"og:type\" content=\"article\" \/>\n<meta property=\"og:title\" content=\"Ha beneficiado Centro de Conciliaci\u00f3n Laboral a m\u00e1s de 15 mil personas en sus dos primeros a\u00f1os - NBCS Noticias\" \/>\n<meta property=\"og:description\" content=\"La Secretar\u00eda del Trabajo, Bienestar y Desarrollo Social (STByDS) dio a conocer que el Centro de Conciliaci\u00f3n Laboral del Estado\" \/>\n<meta property=\"og:url\" content=\"https:\/\/nbcs.mx\/?p=141789\" \/>\n<meta property=\"og:site_name\" content=\"NBCS Noticias\" \/>\n<meta property=\"article:publisher\" content=\"https:\/\/www.facebook.com\/NBCSnoticias\" \/>\n<meta property=\"article:author\" content=\"https:\/\/www.facebook.com\/NBCSnoticias\" \/>\n<meta property=\"article:published_time\" content=\"2024-10-07T14:43:07+00:00\" \/>\n<meta property=\"og:image\" content=\"https:\/\/nbcs.mx\/wp-content\/uploads\/2024\/10\/FOTO2-BOLETIN-STBYDS-CONCILIACION.jpg\" \/>\n\t<meta property=\"og:image:width\" content=\"1024\" \/>\n\t<meta property=\"og:image:height\" content=\"714\" \/>\n\t<meta property=\"og:image:type\" content=\"image\/jpeg\" \/>\n<meta name=\"author\" content=\"NBCS Noticias\" \/>\n<meta name=\"twitter:card\" content=\"summary_large_image\" \/>\n<meta name=\"twitter:creator\" content=\"@https:\/\/twitter.com\/NBCSnoticias\" \/>\n<meta name=\"twitter:site\" content=\"@NBCSnoticias\" \/>\n<meta name=\"twitter:label1\" content=\"Escrito por\" \/>\n\t<meta name=\"twitter:data1\" content=\"NBCS Noticias\" \/>\n\t<meta name=\"twitter:label2\" content=\"Tiempo de lectura\" \/>\n\t<meta name=\"twitter:data2\" content=\"2 minutos\" \/>\n<script type=\"application\/ld+json\" class=\"yoast-schema-graph\">{\"@context\":\"https:\\\/\\\/schema.org\",\"@graph\":[{\"@type\":\"Article\",\"@id\":\"https:\\\/\\\/nbcs.mx\\\/?p=141789#article\",\"isPartOf\":{\"@id\":\"https:\\\/\\\/nbcs.mx\\\/?p=141789\"},\"author\":{\"name\":\"NBCS Noticias\",\"@id\":\"https:\\\/\\\/nbcs.mx\\\/#\\\/schema\\\/person\\\/ece58bab9a7c1e87a4d28ec9ecd79ff4\"},\"headline\":\"Ha beneficiado Centro de Conciliaci\u00f3n Laboral a m\u00e1s de 15 mil personas en sus dos primeros a\u00f1os\",\"datePublished\":\"2024-10-07T14:43:07+00:00\",\"mainEntityOfPage\":{\"@id\":\"https:\\\/\\\/nbcs.mx\\\/?p=141789\"},\"wordCount\":327,\"commentCount\":0,\"publisher\":{\"@id\":\"https:\\\/\\\/nbcs.mx\\\/#organization\"},\"image\":{\"@id\":\"https:\\\/\\\/nbcs.mx\\\/?p=141789#primaryimage\"},\"thumbnailUrl\":\"https:\\\/\\\/nbcs.mx\\\/wp-content\\\/uploads\\\/2024\\\/10\\\/FOTO2-BOLETIN-STBYDS-CONCILIACION.jpg\",\"articleSection\":[\"Noticias\"],\"inLanguage\":\"es\",\"potentialAction\":[{\"@type\":\"CommentAction\",\"name\":\"Comment\",\"target\":[\"https:\\\/\\\/nbcs.mx\\\/?p=141789#respond\"]}]},{\"@type\":\"WebPage\",\"@id\":\"https:\\\/\\\/nbcs.mx\\\/?p=141789\",\"url\":\"https:\\\/\\\/nbcs.mx\\\/?p=141789\",\"name\":\"Ha beneficiado Centro de Conciliaci\u00f3n Laboral a m\u00e1s de 15 mil personas en sus dos primeros a\u00f1os - NBCS Noticias\",\"isPartOf\":{\"@id\":\"https:\\\/\\\/nbcs.mx\\\/#website\"},\"primaryImageOfPage\":{\"@id\":\"https:\\\/\\\/nbcs.mx\\\/?p=141789#primaryimage\"},\"image\":{\"@id\":\"https:\\\/\\\/nbcs.mx\\\/?p=141789#primaryimage\"},\"thumbnailUrl\":\"https:\\\/\\\/nbcs.mx\\\/wp-content\\\/uploads\\\/2024\\\/10\\\/FOTO2-BOLETIN-STBYDS-CONCILIACION.jpg\",\"datePublished\":\"2024-10-07T14:43:07+00:00\",\"breadcrumb\":{\"@id\":\"https:\\\/\\\/nbcs.mx\\\/?p=141789#breadcrumb\"},\"inLanguage\":\"es\",\"potentialAction\":[{\"@type\":\"ReadAction\",\"target\":[\"https:\\\/\\\/nbcs.mx\\\/?p=141789\"]}]},{\"@type\":\"ImageObject\",\"inLanguage\":\"es\",\"@id\":\"https:\\\/\\\/nbcs.mx\\\/?p=141789#primaryimage\",\"url\":\"https:\\\/\\\/nbcs.mx\\\/wp-content\\\/uploads\\\/2024\\\/10\\\/FOTO2-BOLETIN-STBYDS-CONCILIACION.jpg\",\"contentUrl\":\"https:\\\/\\\/nbcs.mx\\\/wp-content\\\/uploads\\\/2024\\\/10\\\/FOTO2-BOLETIN-STBYDS-CONCILIACION.jpg\",\"width\":1024,\"height\":714},{\"@type\":\"BreadcrumbList\",\"@id\":\"https:\\\/\\\/nbcs.mx\\\/?p=141789#breadcrumb\",\"itemListElement\":[{\"@type\":\"ListItem\",\"position\":1,\"name\":\"Portada\",\"item\":\"https:\\\/\\\/nbcs.mx\\\/\"},{\"@type\":\"ListItem\",\"position\":2,\"name\":\"Ha beneficiado Centro de Conciliaci\u00f3n Laboral a m\u00e1s de 15 mil personas en sus dos primeros a\u00f1os\"}]},{\"@type\":\"WebSite\",\"@id\":\"https:\\\/\\\/nbcs.mx\\\/#website\",\"url\":\"https:\\\/\\\/nbcs.mx\\\/\",\"name\":\"NBCS Noticias\",\"description\":\"Sitio web de noticias en Baja California Sur\",\"publisher\":{\"@id\":\"https:\\\/\\\/nbcs.mx\\\/#organization\"},\"potentialAction\":[{\"@type\":\"SearchAction\",\"target\":{\"@type\":\"EntryPoint\",\"urlTemplate\":\"https:\\\/\\\/nbcs.mx\\\/?s={search_term_string}\"},\"query-input\":{\"@type\":\"PropertyValueSpecification\",\"valueRequired\":true,\"valueName\":\"search_term_string\"}}],\"inLanguage\":\"es\"},{\"@type\":\"Organization\",\"@id\":\"https:\\\/\\\/nbcs.mx\\\/#organization\",\"name\":\"NBCS Noticias\",\"url\":\"https:\\\/\\\/nbcs.mx\\\/\",\"logo\":{\"@type\":\"ImageObject\",\"inLanguage\":\"es\",\"@id\":\"https:\\\/\\\/nbcs.mx\\\/#\\\/schema\\\/logo\\\/image\\\/\",\"url\":\"https:\\\/\\\/nbcs.mx\\\/wp-content\\\/uploads\\\/2018\\\/09\\\/057b69485e93575a5c2b1c1dde2dd297.jpeg\",\"contentUrl\":\"https:\\\/\\\/nbcs.mx\\\/wp-content\\\/uploads\\\/2018\\\/09\\\/057b69485e93575a5c2b1c1dde2dd297.jpeg\",\"width\":64,\"height\":64,\"caption\":\"NBCS Noticias\"},\"image\":{\"@id\":\"https:\\\/\\\/nbcs.mx\\\/#\\\/schema\\\/logo\\\/image\\\/\"},\"sameAs\":[\"https:\\\/\\\/www.facebook.com\\\/NBCSnoticias\",\"https:\\\/\\\/x.com\\\/NBCSnoticias\"]},{\"@type\":\"Person\",\"@id\":\"https:\\\/\\\/nbcs.mx\\\/#\\\/schema\\\/person\\\/ece58bab9a7c1e87a4d28ec9ecd79ff4\",\"name\":\"NBCS Noticias\",\"image\":{\"@type\":\"ImageObject\",\"inLanguage\":\"es\",\"@id\":\"https:\\\/\\\/secure.gravatar.com\\\/avatar\\\/4e52110cad1c4054b43271a0d14bbe9e2ea76aecd0e1097edfc670798d9ca1d4?s=96&d=blank&r=g\",\"url\":\"https:\\\/\\\/secure.gravatar.com\\\/avatar\\\/4e52110cad1c4054b43271a0d14bbe9e2ea76aecd0e1097edfc670798d9ca1d4?s=96&d=blank&r=g\",\"contentUrl\":\"https:\\\/\\\/secure.gravatar.com\\\/avatar\\\/4e52110cad1c4054b43271a0d14bbe9e2ea76aecd0e1097edfc670798d9ca1d4?s=96&d=blank&r=g\",\"caption\":\"NBCS Noticias\"},\"description\":\"\u00bfTienes fotos o video de alg\u00fan acto de posible negligencia, corrupci\u00f3n y abuso de autoridad? M\u00e1ndalo al WhatsApp de NBCS Noticias: 612 141 98 08\",\"sameAs\":[\"https:\\\/\\\/www.nbcs.mx\",\"https:\\\/\\\/www.facebook.com\\\/NBCSnoticias\",\"https:\\\/\\\/www.instagram.com\\\/nbcsnoticias\\\/\",\"https:\\\/\\\/x.com\\\/https:\\\/\\\/twitter.com\\\/NBCSnoticias\"]}]}<\/script>\n<!-- \/ Yoast SEO plugin. -->","yoast_head_json":{"title":"Ha beneficiado Centro de Conciliaci\u00f3n Laboral a m\u00e1s de 15 mil personas en sus dos primeros a\u00f1os - NBCS Noticias","robots":{"index":"index","follow":"follow","max-snippet":"max-snippet:-1","max-image-preview":"max-image-preview:large","max-video-preview":"max-video-preview:-1"},"canonical":"https:\/\/nbcs.mx\/?p=141789","og_locale":"es_ES","og_type":"article","og_title":"Ha beneficiado Centro de Conciliaci\u00f3n Laboral a m\u00e1s de 15 mil personas en sus dos primeros a\u00f1os - NBCS Noticias","og_description":"La Secretar\u00eda del Trabajo, Bienestar y Desarrollo Social (STByDS) dio a conocer que el Centro de Conciliaci\u00f3n Laboral del Estado","og_url":"https:\/\/nbcs.mx\/?p=141789","og_site_name":"NBCS Noticias","article_publisher":"https:\/\/www.facebook.com\/NBCSnoticias","article_author":"https:\/\/www.facebook.com\/NBCSnoticias","article_published_time":"2024-10-07T14:43:07+00:00","og_image":[{"width":1024,"height":714,"url":"https:\/\/nbcs.mx\/wp-content\/uploads\/2024\/10\/FOTO2-BOLETIN-STBYDS-CONCILIACION.jpg","type":"image\/jpeg"}],"author":"NBCS Noticias","twitter_card":"summary_large_image","twitter_creator":"@https:\/\/twitter.com\/NBCSnoticias","twitter_site":"@NBCSnoticias","twitter_misc":{"Escrito por":"NBCS Noticias","Tiempo de lectura":"2 minutos"},"schema":{"@context":"https:\/\/schema.org","@graph":[{"@type":"Article","@id":"https:\/\/nbcs.mx\/?p=141789#article","isPartOf":{"@id":"https:\/\/nbcs.mx\/?p=141789"},"author":{"name":"NBCS Noticias","@id":"https:\/\/nbcs.mx\/#\/schema\/person\/ece58bab9a7c1e87a4d28ec9ecd79ff4"},"headline":"Ha beneficiado Centro de Conciliaci\u00f3n Laboral a m\u00e1s de 15 mil personas en sus dos primeros a\u00f1os","datePublished":"2024-10-07T14:43:07+00:00","mainEntityOfPage":{"@id":"https:\/\/nbcs.mx\/?p=141789"},"wordCount":327,"commentCount":0,"publisher":{"@id":"https:\/\/nbcs.mx\/#organization"},"image":{"@id":"https:\/\/nbcs.mx\/?p=141789#primaryimage"},"thumbnailUrl":"https:\/\/nbcs.mx\/wp-content\/uploads\/2024\/10\/FOTO2-BOLETIN-STBYDS-CONCILIACION.jpg","articleSection":["Noticias"],"inLanguage":"es","potentialAction":[{"@type":"CommentAction","name":"Comment","target":["https:\/\/nbcs.mx\/?p=141789#respond"]}]},{"@type":"WebPage","@id":"https:\/\/nbcs.mx\/?p=141789","url":"https:\/\/nbcs.mx\/?p=141789","name":"Ha beneficiado Centro de Conciliaci\u00f3n Laboral a m\u00e1s de 15 mil personas en sus dos primeros a\u00f1os - NBCS Noticias","isPartOf":{"@id":"https:\/\/nbcs.mx\/#website"},"primaryImageOfPage":{"@id":"https:\/\/nbcs.mx\/?p=141789#primaryimage"},"image":{"@id":"https:\/\/nbcs.mx\/?p=141789#primaryimage"},"thumbnailUrl":"https:\/\/nbcs.mx\/wp-content\/uploads\/2024\/10\/FOTO2-BOLETIN-STBYDS-CONCILIACION.jpg","datePublished":"2024-10-07T14:43:07+00:00","breadcrumb":{"@id":"https:\/\/nbcs.mx\/?p=141789#breadcrumb"},"inLanguage":"es","potentialAction":[{"@type":"ReadAction","target":["https:\/\/nbcs.mx\/?p=141789"]}]},{"@type":"ImageObject","inLanguage":"es","@id":"https:\/\/nbcs.mx\/?p=141789#primaryimage","url":"https:\/\/nbcs.mx\/wp-content\/uploads\/2024\/10\/FOTO2-BOLETIN-STBYDS-CONCILIACION.jpg","contentUrl":"https:\/\/nbcs.mx\/wp-content\/uploads\/2024\/10\/FOTO2-BOLETIN-STBYDS-CONCILIACION.jpg","width":1024,"height":714},{"@type":"BreadcrumbList","@id":"https:\/\/nbcs.mx\/?p=141789#breadcrumb","itemListElement":[{"@type":"ListItem","position":1,"name":"Portada","item":"https:\/\/nbcs.mx\/"},{"@type":"ListItem","position":2,"name":"Ha beneficiado Centro de Conciliaci\u00f3n Laboral a m\u00e1s de 15 mil personas en sus dos primeros a\u00f1os"}]},{"@type":"WebSite","@id":"https:\/\/nbcs.mx\/#website","url":"https:\/\/nbcs.mx\/","name":"NBCS Noticias","description":"Sitio web de noticias en Baja California Sur","publisher":{"@id":"https:\/\/nbcs.mx\/#organization"},"potentialAction":[{"@type":"SearchAction","target":{"@type":"EntryPoint","urlTemplate":"https:\/\/nbcs.mx\/?s={search_term_string}"},"query-input":{"@type":"PropertyValueSpecification","valueRequired":true,"valueName":"search_term_string"}}],"inLanguage":"es"},{"@type":"Organization","@id":"https:\/\/nbcs.mx\/#organization","name":"NBCS Noticias","url":"https:\/\/nbcs.mx\/","logo":{"@type":"ImageObject","inLanguage":"es","@id":"https:\/\/nbcs.mx\/#\/schema\/logo\/image\/","url":"https:\/\/nbcs.mx\/wp-content\/uploads\/2018\/09\/057b69485e93575a5c2b1c1dde2dd297.jpeg","contentUrl":"https:\/\/nbcs.mx\/wp-content\/uploads\/2018\/09\/057b69485e93575a5c2b1c1dde2dd297.jpeg","width":64,"height":64,"caption":"NBCS Noticias"},"image":{"@id":"https:\/\/nbcs.mx\/#\/schema\/logo\/image\/"},"sameAs":["https:\/\/www.facebook.com\/NBCSnoticias","https:\/\/x.com\/NBCSnoticias"]},{"@type":"Person","@id":"https:\/\/nbcs.mx\/#\/schema\/person\/ece58bab9a7c1e87a4d28ec9ecd79ff4","name":"NBCS Noticias","image":{"@type":"ImageObject","inLanguage":"es","@id":"https:\/\/secure.gravatar.com\/avatar\/4e52110cad1c4054b43271a0d14bbe9e2ea76aecd0e1097edfc670798d9ca1d4?s=96&d=blank&r=g","url":"https:\/\/secure.gravatar.com\/avatar\/4e52110cad1c4054b43271a0d14bbe9e2ea76aecd0e1097edfc670798d9ca1d4?s=96&d=blank&r=g","contentUrl":"https:\/\/secure.gravatar.com\/avatar\/4e52110cad1c4054b43271a0d14bbe9e2ea76aecd0e1097edfc670798d9ca1d4?s=96&d=blank&r=g","caption":"NBCS Noticias"},"description":"\u00bfTienes fotos o video de alg\u00fan acto de posible negligencia, corrupci\u00f3n y abuso de autoridad? M\u00e1ndalo al WhatsApp de NBCS Noticias: 612 141 98 08","sameAs":["https:\/\/www.nbcs.mx","https:\/\/www.facebook.com\/NBCSnoticias","https:\/\/www.instagram.com\/nbcsnoticias\/","https:\/\/x.com\/https:\/\/twitter.com\/NBCSnoticias"]}]}},"jetpack_publicize_connections":[],"jetpack_featured_media_url":"https:\/\/nbcs.mx\/wp-content\/uploads\/2024\/10\/FOTO2-BOLETIN-STBYDS-CONCILIACION.jpg","jetpack_sharing_enabled":true,"_links":{"self":[{"href":"https:\/\/nbcs.mx\/index.php?rest_route=\/wp\/v2\/posts\/141789","targetHints":{"allow":["GET"]}}],"collection":[{"href":"https:\/\/nbcs.mx\/index.php?rest_route=\/wp\/v2\/posts"}],"about":[{"href":"https:\/\/nbcs.mx\/index.php?rest_route=\/wp\/v2\/types\/post"}],"author":[{"embeddable":true,"href":"https:\/\/nbcs.mx\/index.php?rest_route=\/wp\/v2\/users\/1"}],"replies":[{"embeddable":true,"href":"https:\/\/nbcs.mx\/index.php?rest_route=%2Fwp%2Fv2%2Fcomments&post=141789"}],"version-history":[{"count":1,"href":"https:\/\/nbcs.mx\/index.php?rest_route=\/wp\/v2\/posts\/141789\/revisions"}],"predecessor-version":[{"id":141791,"href":"https:\/\/nbcs.mx\/index.php?rest_route=\/wp\/v2\/posts\/141789\/revisions\/141791"}],"wp:featuredmedia":[{"embeddable":true,"href":"https:\/\/nbcs.mx\/index.php?rest_route=\/wp\/v2\/media\/141790"}],"wp:attachment":[{"href":"https:\/\/nbcs.mx\/index.php?rest_route=%2Fwp%2Fv2%2Fmedia&parent=141789"}],"wp:term":[{"taxonomy":"category","embeddable":true,"href":"https:\/\/nbcs.mx\/index.php?rest_route=%2Fwp%2Fv2%2Fcategories&post=141789"},{"taxonomy":"post_tag","embeddable":true,"href":"https:\/\/nbcs.mx\/index.php?rest_route=%2Fwp%2Fv2%2Ftags&post=141789"}],"curies":[{"name":"wp","href":"https:\/\/api.w.org\/{rel}","templated":true}]}}