{"id":141812,"date":"2024-10-07T20:24:01","date_gmt":"2024-10-08T02:24:01","guid":{"rendered":"https:\/\/nbcs.mx\/?p=141812"},"modified":"2024-10-07T20:24:01","modified_gmt":"2024-10-08T02:24:01","slug":"asume-jazmin-ruiz-cota-titularidad-de-la-direccion-municipal-de-la-juventud-de-la-paz","status":"publish","type":"post","link":"https:\/\/nbcs.mx\/?p=141812","title":{"rendered":"Asume Jazm\u00edn Ruiz Cota titularidad de la Direcci\u00f3n Municipal de la Juventud de La Paz"},"content":{"rendered":"<p style=\"font-weight: 400; text-align: justify;\"><img loading=\"lazy\" decoding=\"async\" class=\" wp-image-141813 alignleft\" src=\"https:\/\/nbcs.mx\/wp-content\/uploads\/2024\/10\/Asume-Jazmin-Ruiz-Cota-titularidad-de-la-Direccion-Municipal-de-la-Juventud-de-La-Paz-755x405.jpg\" alt=\"\" width=\"390\" height=\"209\" srcset=\"https:\/\/nbcs.mx\/wp-content\/uploads\/2024\/10\/Asume-Jazmin-Ruiz-Cota-titularidad-de-la-Direccion-Municipal-de-la-Juventud-de-La-Paz-755x405.jpg 755w, https:\/\/nbcs.mx\/wp-content\/uploads\/2024\/10\/Asume-Jazmin-Ruiz-Cota-titularidad-de-la-Direccion-Municipal-de-la-Juventud-de-La-Paz-150x80.jpg 150w, https:\/\/nbcs.mx\/wp-content\/uploads\/2024\/10\/Asume-Jazmin-Ruiz-Cota-titularidad-de-la-Direccion-Municipal-de-la-Juventud-de-La-Paz-768x412.jpg 768w, https:\/\/nbcs.mx\/wp-content\/uploads\/2024\/10\/Asume-Jazmin-Ruiz-Cota-titularidad-de-la-Direccion-Municipal-de-la-Juventud-de-La-Paz.jpg 1024w\" sizes=\"auto, (max-width: 390px) 100vw, 390px\" \/>Como parte de los nombramientos de servidores p\u00fablicos del H. XVIII Ayuntamiento de La Paz, Jazm\u00edn Estrella Ruiz Cota, es la nueva encargada de la Direcci\u00f3n Municipal de la Juventud, quien dar\u00e1 continuidad al trabajo en beneficio de las y los\u00a0 j\u00f3venes pace\u00f1os.<\/p>\n<p style=\"font-weight: 400; text-align: justify;\">\n<p style=\"font-weight: 400; text-align: justify;\">Es preciso se\u00f1alar, que Cota Ruiz, fungi\u00f3 anteriormente como X Regidora en la administraci\u00f3n pasada, siendo Presidenta de la Comisi\u00f3n Edilicia de Juventud, por lo que cuenta con amplia experiencia para atender a este sector de la poblaci\u00f3n. Tras su designaci\u00f3n, reiter\u00f3 su compromiso de impulsar proyectos cuyo objetivo principal es ofrecer m\u00e1s oportunidades para el desarrollo de las juventudes en nuestro Municipio.<\/p>\n<p style=\"font-weight: 400; text-align: justify;\">\n<p style=\"font-weight: 400; text-align: justify;\">La Directora Municipal de la Juventud expres\u00f3 \u00abagradezco a la Presidenta Municipal, Milena Quiroga Romero, por brindarme esta importante oportunidad, y asumo este reto con gran responsabilidad. Me comprometo a trabajar en favor de los j\u00f3venes de La Paz\u201d.<\/p>\n<p style=\"font-weight: 400; text-align: justify;\">\n<p style=\"font-weight: 400; text-align: justify;\">En esta nueva encomienda, Jazm\u00edn Ruiz Cota destac\u00f3 la relevancia de enfocarse y reforzar acciones referentes a temas de salud mental, as\u00ed como en promover la pr\u00e1ctica del deporte, el arte y el emprendimiento, con la finalidad de beneficiar a las juventudes en sus intereses y necesidades.<\/p>\n","protected":false},"excerpt":{"rendered":"<p>Como parte de los nombramientos de servidores p\u00fablicos del H. XVIII Ayuntamiento de La Paz, Jazm\u00edn Estrella Ruiz Cota, es<\/p>\n","protected":false},"author":1,"featured_media":141813,"comment_status":"open","ping_status":"closed","sticky":false,"template":"","format":"standard","meta":{"colormag_page_container_layout":"default_layout","colormag_page_sidebar_layout":"default_layout","_jetpack_memberships_contains_paid_content":false,"footnotes":"","jetpack_publicize_message":"","jetpack_publicize_feature_enabled":true,"jetpack_social_post_already_shared":true,"jetpack_social_options":{"image_generator_settings":{"template":"highway","default_image_id":0,"font":"","enabled":false},"version":2}},"categories":[40],"tags":[],"class_list":["post-141812","post","type-post","status-publish","format-standard","has-post-thumbnail","hentry","category-municipios"],"yoast_head":"<!-- This site is optimized with the Yoast SEO plugin v27.4 - https:\/\/yoast.com\/product\/yoast-seo-wordpress\/ -->\n<title>Asume Jazm\u00edn Ruiz Cota titularidad de la Direcci\u00f3n Municipal de la Juventud de La Paz - NBCS Noticias<\/title>\n<meta name=\"robots\" content=\"index, follow, max-snippet:-1, max-image-preview:large, max-video-preview:-1\" \/>\n<link rel=\"canonical\" href=\"https:\/\/nbcs.mx\/?p=141812\" \/>\n<meta property=\"og:locale\" content=\"es_ES\" \/>\n<meta property=\"og:type\" content=\"article\" \/>\n<meta property=\"og:title\" content=\"Asume Jazm\u00edn Ruiz Cota titularidad de la Direcci\u00f3n Municipal de la Juventud de La Paz - NBCS Noticias\" \/>\n<meta property=\"og:description\" content=\"Como parte de los nombramientos de servidores p\u00fablicos del H. XVIII Ayuntamiento de La Paz, Jazm\u00edn Estrella Ruiz Cota, es\" \/>\n<meta property=\"og:url\" content=\"https:\/\/nbcs.mx\/?p=141812\" \/>\n<meta property=\"og:site_name\" content=\"NBCS Noticias\" \/>\n<meta property=\"article:publisher\" content=\"https:\/\/www.facebook.com\/NBCSnoticias\" \/>\n<meta property=\"article:author\" content=\"https:\/\/www.facebook.com\/NBCSnoticias\" \/>\n<meta property=\"article:published_time\" content=\"2024-10-08T02:24:01+00:00\" \/>\n<meta property=\"og:image\" content=\"https:\/\/nbcs.mx\/wp-content\/uploads\/2024\/10\/Asume-Jazmin-Ruiz-Cota-titularidad-de-la-Direccion-Municipal-de-la-Juventud-de-La-Paz.jpg\" \/>\n\t<meta property=\"og:image:width\" content=\"1024\" \/>\n\t<meta property=\"og:image:height\" content=\"549\" \/>\n\t<meta property=\"og:image:type\" content=\"image\/jpeg\" \/>\n<meta name=\"author\" content=\"NBCS Noticias\" \/>\n<meta name=\"twitter:card\" content=\"summary_large_image\" \/>\n<meta name=\"twitter:creator\" content=\"@https:\/\/twitter.com\/NBCSnoticias\" \/>\n<meta name=\"twitter:site\" content=\"@NBCSnoticias\" \/>\n<meta name=\"twitter:label1\" content=\"Escrito por\" \/>\n\t<meta name=\"twitter:data1\" content=\"NBCS Noticias\" \/>\n\t<meta name=\"twitter:label2\" content=\"Tiempo de lectura\" \/>\n\t<meta name=\"twitter:data2\" content=\"2 minutos\" \/>\n<script type=\"application\/ld+json\" class=\"yoast-schema-graph\">{\"@context\":\"https:\\\/\\\/schema.org\",\"@graph\":[{\"@type\":\"Article\",\"@id\":\"https:\\\/\\\/nbcs.mx\\\/?p=141812#article\",\"isPartOf\":{\"@id\":\"https:\\\/\\\/nbcs.mx\\\/?p=141812\"},\"author\":{\"name\":\"NBCS Noticias\",\"@id\":\"https:\\\/\\\/nbcs.mx\\\/#\\\/schema\\\/person\\\/ece58bab9a7c1e87a4d28ec9ecd79ff4\"},\"headline\":\"Asume Jazm\u00edn Ruiz Cota titularidad de la Direcci\u00f3n Municipal de la Juventud de La Paz\",\"datePublished\":\"2024-10-08T02:24:01+00:00\",\"mainEntityOfPage\":{\"@id\":\"https:\\\/\\\/nbcs.mx\\\/?p=141812\"},\"wordCount\":223,\"commentCount\":0,\"publisher\":{\"@id\":\"https:\\\/\\\/nbcs.mx\\\/#organization\"},\"image\":{\"@id\":\"https:\\\/\\\/nbcs.mx\\\/?p=141812#primaryimage\"},\"thumbnailUrl\":\"https:\\\/\\\/nbcs.mx\\\/wp-content\\\/uploads\\\/2024\\\/10\\\/Asume-Jazmin-Ruiz-Cota-titularidad-de-la-Direccion-Municipal-de-la-Juventud-de-La-Paz.jpg\",\"articleSection\":[\"Municipios\"],\"inLanguage\":\"es\",\"potentialAction\":[{\"@type\":\"CommentAction\",\"name\":\"Comment\",\"target\":[\"https:\\\/\\\/nbcs.mx\\\/?p=141812#respond\"]}]},{\"@type\":\"WebPage\",\"@id\":\"https:\\\/\\\/nbcs.mx\\\/?p=141812\",\"url\":\"https:\\\/\\\/nbcs.mx\\\/?p=141812\",\"name\":\"Asume Jazm\u00edn Ruiz Cota titularidad de la Direcci\u00f3n Municipal de la Juventud de La Paz - NBCS Noticias\",\"isPartOf\":{\"@id\":\"https:\\\/\\\/nbcs.mx\\\/#website\"},\"primaryImageOfPage\":{\"@id\":\"https:\\\/\\\/nbcs.mx\\\/?p=141812#primaryimage\"},\"image\":{\"@id\":\"https:\\\/\\\/nbcs.mx\\\/?p=141812#primaryimage\"},\"thumbnailUrl\":\"https:\\\/\\\/nbcs.mx\\\/wp-content\\\/uploads\\\/2024\\\/10\\\/Asume-Jazmin-Ruiz-Cota-titularidad-de-la-Direccion-Municipal-de-la-Juventud-de-La-Paz.jpg\",\"datePublished\":\"2024-10-08T02:24:01+00:00\",\"breadcrumb\":{\"@id\":\"https:\\\/\\\/nbcs.mx\\\/?p=141812#breadcrumb\"},\"inLanguage\":\"es\",\"potentialAction\":[{\"@type\":\"ReadAction\",\"target\":[\"https:\\\/\\\/nbcs.mx\\\/?p=141812\"]}]},{\"@type\":\"ImageObject\",\"inLanguage\":\"es\",\"@id\":\"https:\\\/\\\/nbcs.mx\\\/?p=141812#primaryimage\",\"url\":\"https:\\\/\\\/nbcs.mx\\\/wp-content\\\/uploads\\\/2024\\\/10\\\/Asume-Jazmin-Ruiz-Cota-titularidad-de-la-Direccion-Municipal-de-la-Juventud-de-La-Paz.jpg\",\"contentUrl\":\"https:\\\/\\\/nbcs.mx\\\/wp-content\\\/uploads\\\/2024\\\/10\\\/Asume-Jazmin-Ruiz-Cota-titularidad-de-la-Direccion-Municipal-de-la-Juventud-de-La-Paz.jpg\",\"width\":1024,\"height\":549},{\"@type\":\"BreadcrumbList\",\"@id\":\"https:\\\/\\\/nbcs.mx\\\/?p=141812#breadcrumb\",\"itemListElement\":[{\"@type\":\"ListItem\",\"position\":1,\"name\":\"Portada\",\"item\":\"https:\\\/\\\/nbcs.mx\\\/\"},{\"@type\":\"ListItem\",\"position\":2,\"name\":\"Asume Jazm\u00edn Ruiz Cota titularidad de la Direcci\u00f3n Municipal de la Juventud de La Paz\"}]},{\"@type\":\"WebSite\",\"@id\":\"https:\\\/\\\/nbcs.mx\\\/#website\",\"url\":\"https:\\\/\\\/nbcs.mx\\\/\",\"name\":\"NBCS Noticias\",\"description\":\"Sitio web de noticias en Baja California Sur\",\"publisher\":{\"@id\":\"https:\\\/\\\/nbcs.mx\\\/#organization\"},\"potentialAction\":[{\"@type\":\"SearchAction\",\"target\":{\"@type\":\"EntryPoint\",\"urlTemplate\":\"https:\\\/\\\/nbcs.mx\\\/?s={search_term_string}\"},\"query-input\":{\"@type\":\"PropertyValueSpecification\",\"valueRequired\":true,\"valueName\":\"search_term_string\"}}],\"inLanguage\":\"es\"},{\"@type\":\"Organization\",\"@id\":\"https:\\\/\\\/nbcs.mx\\\/#organization\",\"name\":\"NBCS Noticias\",\"url\":\"https:\\\/\\\/nbcs.mx\\\/\",\"logo\":{\"@type\":\"ImageObject\",\"inLanguage\":\"es\",\"@id\":\"https:\\\/\\\/nbcs.mx\\\/#\\\/schema\\\/logo\\\/image\\\/\",\"url\":\"https:\\\/\\\/nbcs.mx\\\/wp-content\\\/uploads\\\/2018\\\/09\\\/057b69485e93575a5c2b1c1dde2dd297.jpeg\",\"contentUrl\":\"https:\\\/\\\/nbcs.mx\\\/wp-content\\\/uploads\\\/2018\\\/09\\\/057b69485e93575a5c2b1c1dde2dd297.jpeg\",\"width\":64,\"height\":64,\"caption\":\"NBCS Noticias\"},\"image\":{\"@id\":\"https:\\\/\\\/nbcs.mx\\\/#\\\/schema\\\/logo\\\/image\\\/\"},\"sameAs\":[\"https:\\\/\\\/www.facebook.com\\\/NBCSnoticias\",\"https:\\\/\\\/x.com\\\/NBCSnoticias\"]},{\"@type\":\"Person\",\"@id\":\"https:\\\/\\\/nbcs.mx\\\/#\\\/schema\\\/person\\\/ece58bab9a7c1e87a4d28ec9ecd79ff4\",\"name\":\"NBCS Noticias\",\"image\":{\"@type\":\"ImageObject\",\"inLanguage\":\"es\",\"@id\":\"https:\\\/\\\/secure.gravatar.com\\\/avatar\\\/4e52110cad1c4054b43271a0d14bbe9e2ea76aecd0e1097edfc670798d9ca1d4?s=96&d=blank&r=g\",\"url\":\"https:\\\/\\\/secure.gravatar.com\\\/avatar\\\/4e52110cad1c4054b43271a0d14bbe9e2ea76aecd0e1097edfc670798d9ca1d4?s=96&d=blank&r=g\",\"contentUrl\":\"https:\\\/\\\/secure.gravatar.com\\\/avatar\\\/4e52110cad1c4054b43271a0d14bbe9e2ea76aecd0e1097edfc670798d9ca1d4?s=96&d=blank&r=g\",\"caption\":\"NBCS Noticias\"},\"description\":\"\u00bfTienes fotos o video de alg\u00fan acto de posible negligencia, corrupci\u00f3n y abuso de autoridad? M\u00e1ndalo al WhatsApp de NBCS Noticias: 612 141 98 08\",\"sameAs\":[\"https:\\\/\\\/www.nbcs.mx\",\"https:\\\/\\\/www.facebook.com\\\/NBCSnoticias\",\"https:\\\/\\\/www.instagram.com\\\/nbcsnoticias\\\/\",\"https:\\\/\\\/x.com\\\/https:\\\/\\\/twitter.com\\\/NBCSnoticias\"]}]}<\/script>\n<!-- \/ Yoast SEO plugin. -->","yoast_head_json":{"title":"Asume Jazm\u00edn Ruiz Cota titularidad de la Direcci\u00f3n Municipal de la Juventud de La Paz - NBCS Noticias","robots":{"index":"index","follow":"follow","max-snippet":"max-snippet:-1","max-image-preview":"max-image-preview:large","max-video-preview":"max-video-preview:-1"},"canonical":"https:\/\/nbcs.mx\/?p=141812","og_locale":"es_ES","og_type":"article","og_title":"Asume Jazm\u00edn Ruiz Cota titularidad de la Direcci\u00f3n Municipal de la Juventud de La Paz - NBCS Noticias","og_description":"Como parte de los nombramientos de servidores p\u00fablicos del H. XVIII Ayuntamiento de La Paz, Jazm\u00edn Estrella Ruiz Cota, es","og_url":"https:\/\/nbcs.mx\/?p=141812","og_site_name":"NBCS Noticias","article_publisher":"https:\/\/www.facebook.com\/NBCSnoticias","article_author":"https:\/\/www.facebook.com\/NBCSnoticias","article_published_time":"2024-10-08T02:24:01+00:00","og_image":[{"width":1024,"height":549,"url":"https:\/\/nbcs.mx\/wp-content\/uploads\/2024\/10\/Asume-Jazmin-Ruiz-Cota-titularidad-de-la-Direccion-Municipal-de-la-Juventud-de-La-Paz.jpg","type":"image\/jpeg"}],"author":"NBCS Noticias","twitter_card":"summary_large_image","twitter_creator":"@https:\/\/twitter.com\/NBCSnoticias","twitter_site":"@NBCSnoticias","twitter_misc":{"Escrito por":"NBCS Noticias","Tiempo de lectura":"2 minutos"},"schema":{"@context":"https:\/\/schema.org","@graph":[{"@type":"Article","@id":"https:\/\/nbcs.mx\/?p=141812#article","isPartOf":{"@id":"https:\/\/nbcs.mx\/?p=141812"},"author":{"name":"NBCS Noticias","@id":"https:\/\/nbcs.mx\/#\/schema\/person\/ece58bab9a7c1e87a4d28ec9ecd79ff4"},"headline":"Asume Jazm\u00edn Ruiz Cota titularidad de la Direcci\u00f3n Municipal de la Juventud de La Paz","datePublished":"2024-10-08T02:24:01+00:00","mainEntityOfPage":{"@id":"https:\/\/nbcs.mx\/?p=141812"},"wordCount":223,"commentCount":0,"publisher":{"@id":"https:\/\/nbcs.mx\/#organization"},"image":{"@id":"https:\/\/nbcs.mx\/?p=141812#primaryimage"},"thumbnailUrl":"https:\/\/nbcs.mx\/wp-content\/uploads\/2024\/10\/Asume-Jazmin-Ruiz-Cota-titularidad-de-la-Direccion-Municipal-de-la-Juventud-de-La-Paz.jpg","articleSection":["Municipios"],"inLanguage":"es","potentialAction":[{"@type":"CommentAction","name":"Comment","target":["https:\/\/nbcs.mx\/?p=141812#respond"]}]},{"@type":"WebPage","@id":"https:\/\/nbcs.mx\/?p=141812","url":"https:\/\/nbcs.mx\/?p=141812","name":"Asume Jazm\u00edn Ruiz Cota titularidad de la Direcci\u00f3n Municipal de la Juventud de La Paz - NBCS Noticias","isPartOf":{"@id":"https:\/\/nbcs.mx\/#website"},"primaryImageOfPage":{"@id":"https:\/\/nbcs.mx\/?p=141812#primaryimage"},"image":{"@id":"https:\/\/nbcs.mx\/?p=141812#primaryimage"},"thumbnailUrl":"https:\/\/nbcs.mx\/wp-content\/uploads\/2024\/10\/Asume-Jazmin-Ruiz-Cota-titularidad-de-la-Direccion-Municipal-de-la-Juventud-de-La-Paz.jpg","datePublished":"2024-10-08T02:24:01+00:00","breadcrumb":{"@id":"https:\/\/nbcs.mx\/?p=141812#breadcrumb"},"inLanguage":"es","potentialAction":[{"@type":"ReadAction","target":["https:\/\/nbcs.mx\/?p=141812"]}]},{"@type":"ImageObject","inLanguage":"es","@id":"https:\/\/nbcs.mx\/?p=141812#primaryimage","url":"https:\/\/nbcs.mx\/wp-content\/uploads\/2024\/10\/Asume-Jazmin-Ruiz-Cota-titularidad-de-la-Direccion-Municipal-de-la-Juventud-de-La-Paz.jpg","contentUrl":"https:\/\/nbcs.mx\/wp-content\/uploads\/2024\/10\/Asume-Jazmin-Ruiz-Cota-titularidad-de-la-Direccion-Municipal-de-la-Juventud-de-La-Paz.jpg","width":1024,"height":549},{"@type":"BreadcrumbList","@id":"https:\/\/nbcs.mx\/?p=141812#breadcrumb","itemListElement":[{"@type":"ListItem","position":1,"name":"Portada","item":"https:\/\/nbcs.mx\/"},{"@type":"ListItem","position":2,"name":"Asume Jazm\u00edn Ruiz Cota titularidad de la Direcci\u00f3n Municipal de la Juventud de La Paz"}]},{"@type":"WebSite","@id":"https:\/\/nbcs.mx\/#website","url":"https:\/\/nbcs.mx\/","name":"NBCS Noticias","description":"Sitio web de noticias en Baja California Sur","publisher":{"@id":"https:\/\/nbcs.mx\/#organization"},"potentialAction":[{"@type":"SearchAction","target":{"@type":"EntryPoint","urlTemplate":"https:\/\/nbcs.mx\/?s={search_term_string}"},"query-input":{"@type":"PropertyValueSpecification","valueRequired":true,"valueName":"search_term_string"}}],"inLanguage":"es"},{"@type":"Organization","@id":"https:\/\/nbcs.mx\/#organization","name":"NBCS Noticias","url":"https:\/\/nbcs.mx\/","logo":{"@type":"ImageObject","inLanguage":"es","@id":"https:\/\/nbcs.mx\/#\/schema\/logo\/image\/","url":"https:\/\/nbcs.mx\/wp-content\/uploads\/2018\/09\/057b69485e93575a5c2b1c1dde2dd297.jpeg","contentUrl":"https:\/\/nbcs.mx\/wp-content\/uploads\/2018\/09\/057b69485e93575a5c2b1c1dde2dd297.jpeg","width":64,"height":64,"caption":"NBCS Noticias"},"image":{"@id":"https:\/\/nbcs.mx\/#\/schema\/logo\/image\/"},"sameAs":["https:\/\/www.facebook.com\/NBCSnoticias","https:\/\/x.com\/NBCSnoticias"]},{"@type":"Person","@id":"https:\/\/nbcs.mx\/#\/schema\/person\/ece58bab9a7c1e87a4d28ec9ecd79ff4","name":"NBCS Noticias","image":{"@type":"ImageObject","inLanguage":"es","@id":"https:\/\/secure.gravatar.com\/avatar\/4e52110cad1c4054b43271a0d14bbe9e2ea76aecd0e1097edfc670798d9ca1d4?s=96&d=blank&r=g","url":"https:\/\/secure.gravatar.com\/avatar\/4e52110cad1c4054b43271a0d14bbe9e2ea76aecd0e1097edfc670798d9ca1d4?s=96&d=blank&r=g","contentUrl":"https:\/\/secure.gravatar.com\/avatar\/4e52110cad1c4054b43271a0d14bbe9e2ea76aecd0e1097edfc670798d9ca1d4?s=96&d=blank&r=g","caption":"NBCS Noticias"},"description":"\u00bfTienes fotos o video de alg\u00fan acto de posible negligencia, corrupci\u00f3n y abuso de autoridad? M\u00e1ndalo al WhatsApp de NBCS Noticias: 612 141 98 08","sameAs":["https:\/\/www.nbcs.mx","https:\/\/www.facebook.com\/NBCSnoticias","https:\/\/www.instagram.com\/nbcsnoticias\/","https:\/\/x.com\/https:\/\/twitter.com\/NBCSnoticias"]}]}},"jetpack_publicize_connections":[],"jetpack_featured_media_url":"https:\/\/nbcs.mx\/wp-content\/uploads\/2024\/10\/Asume-Jazmin-Ruiz-Cota-titularidad-de-la-Direccion-Municipal-de-la-Juventud-de-La-Paz.jpg","jetpack_sharing_enabled":true,"_links":{"self":[{"href":"https:\/\/nbcs.mx\/index.php?rest_route=\/wp\/v2\/posts\/141812","targetHints":{"allow":["GET"]}}],"collection":[{"href":"https:\/\/nbcs.mx\/index.php?rest_route=\/wp\/v2\/posts"}],"about":[{"href":"https:\/\/nbcs.mx\/index.php?rest_route=\/wp\/v2\/types\/post"}],"author":[{"embeddable":true,"href":"https:\/\/nbcs.mx\/index.php?rest_route=\/wp\/v2\/users\/1"}],"replies":[{"embeddable":true,"href":"https:\/\/nbcs.mx\/index.php?rest_route=%2Fwp%2Fv2%2Fcomments&post=141812"}],"version-history":[{"count":1,"href":"https:\/\/nbcs.mx\/index.php?rest_route=\/wp\/v2\/posts\/141812\/revisions"}],"predecessor-version":[{"id":141814,"href":"https:\/\/nbcs.mx\/index.php?rest_route=\/wp\/v2\/posts\/141812\/revisions\/141814"}],"wp:featuredmedia":[{"embeddable":true,"href":"https:\/\/nbcs.mx\/index.php?rest_route=\/wp\/v2\/media\/141813"}],"wp:attachment":[{"href":"https:\/\/nbcs.mx\/index.php?rest_route=%2Fwp%2Fv2%2Fmedia&parent=141812"}],"wp:term":[{"taxonomy":"category","embeddable":true,"href":"https:\/\/nbcs.mx\/index.php?rest_route=%2Fwp%2Fv2%2Fcategories&post=141812"},{"taxonomy":"post_tag","embeddable":true,"href":"https:\/\/nbcs.mx\/index.php?rest_route=%2Fwp%2Fv2%2Ftags&post=141812"}],"curies":[{"name":"wp","href":"https:\/\/api.w.org\/{rel}","templated":true}]}}