{"id":142048,"date":"2024-10-12T15:57:31","date_gmt":"2024-10-12T21:57:31","guid":{"rendered":"https:\/\/nbcs.mx\/?p=142048"},"modified":"2024-10-12T15:57:31","modified_gmt":"2024-10-12T21:57:31","slug":"inician-investigacion-por-persona-sin-vida-en-guerrero-negro","status":"publish","type":"post","link":"https:\/\/nbcs.mx\/?p=142048","title":{"rendered":"Inician investigaci\u00f3n por persona sin vida en Guerrero Negro"},"content":{"rendered":"<p style=\"text-align: justify;\"><img loading=\"lazy\" decoding=\"async\" class=\" wp-image-142049 alignleft\" src=\"https:\/\/nbcs.mx\/wp-content\/uploads\/2024\/10\/462883797_1549077269323186_7828020713672745179_n-656x492.jpg\" alt=\"\" width=\"381\" height=\"286\" srcset=\"https:\/\/nbcs.mx\/wp-content\/uploads\/2024\/10\/462883797_1549077269323186_7828020713672745179_n-656x492.jpg 656w, https:\/\/nbcs.mx\/wp-content\/uploads\/2024\/10\/462883797_1549077269323186_7828020713672745179_n-1024x768.jpg 1024w, https:\/\/nbcs.mx\/wp-content\/uploads\/2024\/10\/462883797_1549077269323186_7828020713672745179_n-150x113.jpg 150w, https:\/\/nbcs.mx\/wp-content\/uploads\/2024\/10\/462883797_1549077269323186_7828020713672745179_n-768x576.jpg 768w, https:\/\/nbcs.mx\/wp-content\/uploads\/2024\/10\/462883797_1549077269323186_7828020713672745179_n.jpg 1440w\" sizes=\"auto, (max-width: 381px) 100vw, 381px\" \/>Para esclarecer los hechos ocurridos la noche del viernes 11 de octubre, en el que se report\u00f3 a la Procuradur\u00eda General de Justicia del Estado (PGJE) de Baja California Sur, que una persona del sexo masculino se encontraba sin vida en la en la colonia Marcelo Rubio de Guerrero Negro, se apertur\u00f3 la carpeta de investigaci\u00f3n correspondiente.<\/p>\n<p style=\"text-align: justify;\">Alrededor de las 22:30 horas se recibi\u00f3 el reporte v\u00eda telef\u00f3nica, de una persona del sexo masculino sin vida a bordo de un veh\u00edculo.<\/p>\n<p style=\"text-align: justify;\">Personal de la PGJE se traslad\u00f3 al lugar para corroborar los hechos, localizando a bordo de un veh\u00edculo Volkswagen Jetta color blanco, de modelo reciente, estacionado sobre la calle Domingo Carballo F\u00e9lix y Divisi\u00f3n del Norte de dicha poblaci\u00f3n, el cuerpo sin vida de una persona del sexo masculino con lesiones producidas por disparo de arma de fuego.<\/p>\n<p style=\"text-align: justify;\">Por lo anterior personal de la Direcci\u00f3n de Servicios Periciales, especialistas en materia de criminal\u00edstica de campo, iniciaron investigaciones realizando el an\u00e1lisis y procesamiento del lugar de intervenci\u00f3n, para buscar y levantar toda clase de indicios con la debida cadena de custodia, que trasladaron a los laboratorios de la instituci\u00f3n para su an\u00e1lisis y posterior dictamen, que coadyuvar\u00e1 al esclarecimiento de los hechos.<\/p>\n<p style=\"text-align: justify;\">El hoy occiso fue identificado, contaba con 36 a\u00f1os de edad.<\/p>\n<p style=\"text-align: justify;\">Su cuerpo fue enviado al Servicio M\u00e9dico Forense para la pr\u00e1ctica de la necropsia de ley.<\/p>\n<p style=\"text-align: justify;\">La PGJE mantiene las investigaciones para esclarecer el hecho.<\/p>\n","protected":false},"excerpt":{"rendered":"<p>Para esclarecer los hechos ocurridos la noche del viernes 11 de octubre, en el que se report\u00f3 a la Procuradur\u00eda<\/p>\n","protected":false},"author":1,"featured_media":142049,"comment_status":"open","ping_status":"closed","sticky":false,"template":"","format":"standard","meta":{"colormag_page_container_layout":"default_layout","colormag_page_sidebar_layout":"default_layout","_jetpack_memberships_contains_paid_content":false,"footnotes":"","jetpack_publicize_message":"","jetpack_publicize_feature_enabled":true,"jetpack_social_post_already_shared":true,"jetpack_social_options":{"image_generator_settings":{"template":"highway","default_image_id":0,"font":"","enabled":false},"version":2}},"categories":[22],"tags":[],"class_list":["post-142048","post","type-post","status-publish","format-standard","has-post-thumbnail","hentry","category-policiacas"],"yoast_head":"<!-- This site is optimized with the Yoast SEO plugin v27.4 - https:\/\/yoast.com\/product\/yoast-seo-wordpress\/ -->\n<title>Inician investigaci\u00f3n por persona sin vida en Guerrero Negro - NBCS Noticias<\/title>\n<meta name=\"robots\" content=\"index, follow, max-snippet:-1, max-image-preview:large, max-video-preview:-1\" \/>\n<link rel=\"canonical\" href=\"https:\/\/nbcs.mx\/?p=142048\" \/>\n<meta property=\"og:locale\" content=\"es_ES\" \/>\n<meta property=\"og:type\" content=\"article\" \/>\n<meta property=\"og:title\" content=\"Inician investigaci\u00f3n por persona sin vida en Guerrero Negro - NBCS Noticias\" \/>\n<meta property=\"og:description\" content=\"Para esclarecer los hechos ocurridos la noche del viernes 11 de octubre, en el que se report\u00f3 a la Procuradur\u00eda\" \/>\n<meta property=\"og:url\" content=\"https:\/\/nbcs.mx\/?p=142048\" \/>\n<meta property=\"og:site_name\" content=\"NBCS Noticias\" \/>\n<meta property=\"article:publisher\" content=\"https:\/\/www.facebook.com\/NBCSnoticias\" \/>\n<meta property=\"article:author\" content=\"https:\/\/www.facebook.com\/NBCSnoticias\" \/>\n<meta property=\"article:published_time\" content=\"2024-10-12T21:57:31+00:00\" \/>\n<meta property=\"og:image\" content=\"https:\/\/nbcs.mx\/wp-content\/uploads\/2024\/10\/462883797_1549077269323186_7828020713672745179_n.jpg\" \/>\n\t<meta property=\"og:image:width\" content=\"1440\" \/>\n\t<meta property=\"og:image:height\" content=\"1080\" \/>\n\t<meta property=\"og:image:type\" content=\"image\/jpeg\" \/>\n<meta name=\"author\" content=\"NBCS Noticias\" \/>\n<meta name=\"twitter:card\" content=\"summary_large_image\" \/>\n<meta name=\"twitter:creator\" content=\"@https:\/\/twitter.com\/NBCSnoticias\" \/>\n<meta name=\"twitter:site\" content=\"@NBCSnoticias\" \/>\n<meta name=\"twitter:label1\" content=\"Escrito por\" \/>\n\t<meta name=\"twitter:data1\" content=\"NBCS Noticias\" \/>\n\t<meta name=\"twitter:label2\" content=\"Tiempo de lectura\" \/>\n\t<meta name=\"twitter:data2\" content=\"2 minutos\" \/>\n<script type=\"application\/ld+json\" class=\"yoast-schema-graph\">{\"@context\":\"https:\\\/\\\/schema.org\",\"@graph\":[{\"@type\":\"Article\",\"@id\":\"https:\\\/\\\/nbcs.mx\\\/?p=142048#article\",\"isPartOf\":{\"@id\":\"https:\\\/\\\/nbcs.mx\\\/?p=142048\"},\"author\":{\"name\":\"NBCS Noticias\",\"@id\":\"https:\\\/\\\/nbcs.mx\\\/#\\\/schema\\\/person\\\/ece58bab9a7c1e87a4d28ec9ecd79ff4\"},\"headline\":\"Inician investigaci\u00f3n por persona sin vida en Guerrero Negro\",\"datePublished\":\"2024-10-12T21:57:31+00:00\",\"mainEntityOfPage\":{\"@id\":\"https:\\\/\\\/nbcs.mx\\\/?p=142048\"},\"wordCount\":263,\"commentCount\":0,\"publisher\":{\"@id\":\"https:\\\/\\\/nbcs.mx\\\/#organization\"},\"image\":{\"@id\":\"https:\\\/\\\/nbcs.mx\\\/?p=142048#primaryimage\"},\"thumbnailUrl\":\"https:\\\/\\\/nbcs.mx\\\/wp-content\\\/uploads\\\/2024\\\/10\\\/462883797_1549077269323186_7828020713672745179_n.jpg\",\"articleSection\":[\"Policiacas\"],\"inLanguage\":\"es\",\"potentialAction\":[{\"@type\":\"CommentAction\",\"name\":\"Comment\",\"target\":[\"https:\\\/\\\/nbcs.mx\\\/?p=142048#respond\"]}]},{\"@type\":\"WebPage\",\"@id\":\"https:\\\/\\\/nbcs.mx\\\/?p=142048\",\"url\":\"https:\\\/\\\/nbcs.mx\\\/?p=142048\",\"name\":\"Inician investigaci\u00f3n por persona sin vida en Guerrero Negro - NBCS Noticias\",\"isPartOf\":{\"@id\":\"https:\\\/\\\/nbcs.mx\\\/#website\"},\"primaryImageOfPage\":{\"@id\":\"https:\\\/\\\/nbcs.mx\\\/?p=142048#primaryimage\"},\"image\":{\"@id\":\"https:\\\/\\\/nbcs.mx\\\/?p=142048#primaryimage\"},\"thumbnailUrl\":\"https:\\\/\\\/nbcs.mx\\\/wp-content\\\/uploads\\\/2024\\\/10\\\/462883797_1549077269323186_7828020713672745179_n.jpg\",\"datePublished\":\"2024-10-12T21:57:31+00:00\",\"breadcrumb\":{\"@id\":\"https:\\\/\\\/nbcs.mx\\\/?p=142048#breadcrumb\"},\"inLanguage\":\"es\",\"potentialAction\":[{\"@type\":\"ReadAction\",\"target\":[\"https:\\\/\\\/nbcs.mx\\\/?p=142048\"]}]},{\"@type\":\"ImageObject\",\"inLanguage\":\"es\",\"@id\":\"https:\\\/\\\/nbcs.mx\\\/?p=142048#primaryimage\",\"url\":\"https:\\\/\\\/nbcs.mx\\\/wp-content\\\/uploads\\\/2024\\\/10\\\/462883797_1549077269323186_7828020713672745179_n.jpg\",\"contentUrl\":\"https:\\\/\\\/nbcs.mx\\\/wp-content\\\/uploads\\\/2024\\\/10\\\/462883797_1549077269323186_7828020713672745179_n.jpg\",\"width\":1440,\"height\":1080},{\"@type\":\"BreadcrumbList\",\"@id\":\"https:\\\/\\\/nbcs.mx\\\/?p=142048#breadcrumb\",\"itemListElement\":[{\"@type\":\"ListItem\",\"position\":1,\"name\":\"Portada\",\"item\":\"https:\\\/\\\/nbcs.mx\\\/\"},{\"@type\":\"ListItem\",\"position\":2,\"name\":\"Inician investigaci\u00f3n por persona sin vida en Guerrero Negro\"}]},{\"@type\":\"WebSite\",\"@id\":\"https:\\\/\\\/nbcs.mx\\\/#website\",\"url\":\"https:\\\/\\\/nbcs.mx\\\/\",\"name\":\"NBCS Noticias\",\"description\":\"Sitio web de noticias en Baja California Sur\",\"publisher\":{\"@id\":\"https:\\\/\\\/nbcs.mx\\\/#organization\"},\"potentialAction\":[{\"@type\":\"SearchAction\",\"target\":{\"@type\":\"EntryPoint\",\"urlTemplate\":\"https:\\\/\\\/nbcs.mx\\\/?s={search_term_string}\"},\"query-input\":{\"@type\":\"PropertyValueSpecification\",\"valueRequired\":true,\"valueName\":\"search_term_string\"}}],\"inLanguage\":\"es\"},{\"@type\":\"Organization\",\"@id\":\"https:\\\/\\\/nbcs.mx\\\/#organization\",\"name\":\"NBCS Noticias\",\"url\":\"https:\\\/\\\/nbcs.mx\\\/\",\"logo\":{\"@type\":\"ImageObject\",\"inLanguage\":\"es\",\"@id\":\"https:\\\/\\\/nbcs.mx\\\/#\\\/schema\\\/logo\\\/image\\\/\",\"url\":\"https:\\\/\\\/nbcs.mx\\\/wp-content\\\/uploads\\\/2018\\\/09\\\/057b69485e93575a5c2b1c1dde2dd297.jpeg\",\"contentUrl\":\"https:\\\/\\\/nbcs.mx\\\/wp-content\\\/uploads\\\/2018\\\/09\\\/057b69485e93575a5c2b1c1dde2dd297.jpeg\",\"width\":64,\"height\":64,\"caption\":\"NBCS Noticias\"},\"image\":{\"@id\":\"https:\\\/\\\/nbcs.mx\\\/#\\\/schema\\\/logo\\\/image\\\/\"},\"sameAs\":[\"https:\\\/\\\/www.facebook.com\\\/NBCSnoticias\",\"https:\\\/\\\/x.com\\\/NBCSnoticias\"]},{\"@type\":\"Person\",\"@id\":\"https:\\\/\\\/nbcs.mx\\\/#\\\/schema\\\/person\\\/ece58bab9a7c1e87a4d28ec9ecd79ff4\",\"name\":\"NBCS Noticias\",\"image\":{\"@type\":\"ImageObject\",\"inLanguage\":\"es\",\"@id\":\"https:\\\/\\\/secure.gravatar.com\\\/avatar\\\/4e52110cad1c4054b43271a0d14bbe9e2ea76aecd0e1097edfc670798d9ca1d4?s=96&d=blank&r=g\",\"url\":\"https:\\\/\\\/secure.gravatar.com\\\/avatar\\\/4e52110cad1c4054b43271a0d14bbe9e2ea76aecd0e1097edfc670798d9ca1d4?s=96&d=blank&r=g\",\"contentUrl\":\"https:\\\/\\\/secure.gravatar.com\\\/avatar\\\/4e52110cad1c4054b43271a0d14bbe9e2ea76aecd0e1097edfc670798d9ca1d4?s=96&d=blank&r=g\",\"caption\":\"NBCS Noticias\"},\"description\":\"\u00bfTienes fotos o video de alg\u00fan acto de posible negligencia, corrupci\u00f3n y abuso de autoridad? M\u00e1ndalo al WhatsApp de NBCS Noticias: 612 141 98 08\",\"sameAs\":[\"https:\\\/\\\/www.nbcs.mx\",\"https:\\\/\\\/www.facebook.com\\\/NBCSnoticias\",\"https:\\\/\\\/www.instagram.com\\\/nbcsnoticias\\\/\",\"https:\\\/\\\/x.com\\\/https:\\\/\\\/twitter.com\\\/NBCSnoticias\"]}]}<\/script>\n<!-- \/ Yoast SEO plugin. -->","yoast_head_json":{"title":"Inician investigaci\u00f3n por persona sin vida en Guerrero Negro - NBCS Noticias","robots":{"index":"index","follow":"follow","max-snippet":"max-snippet:-1","max-image-preview":"max-image-preview:large","max-video-preview":"max-video-preview:-1"},"canonical":"https:\/\/nbcs.mx\/?p=142048","og_locale":"es_ES","og_type":"article","og_title":"Inician investigaci\u00f3n por persona sin vida en Guerrero Negro - NBCS Noticias","og_description":"Para esclarecer los hechos ocurridos la noche del viernes 11 de octubre, en el que se report\u00f3 a la Procuradur\u00eda","og_url":"https:\/\/nbcs.mx\/?p=142048","og_site_name":"NBCS Noticias","article_publisher":"https:\/\/www.facebook.com\/NBCSnoticias","article_author":"https:\/\/www.facebook.com\/NBCSnoticias","article_published_time":"2024-10-12T21:57:31+00:00","og_image":[{"width":1440,"height":1080,"url":"https:\/\/nbcs.mx\/wp-content\/uploads\/2024\/10\/462883797_1549077269323186_7828020713672745179_n.jpg","type":"image\/jpeg"}],"author":"NBCS Noticias","twitter_card":"summary_large_image","twitter_creator":"@https:\/\/twitter.com\/NBCSnoticias","twitter_site":"@NBCSnoticias","twitter_misc":{"Escrito por":"NBCS Noticias","Tiempo de lectura":"2 minutos"},"schema":{"@context":"https:\/\/schema.org","@graph":[{"@type":"Article","@id":"https:\/\/nbcs.mx\/?p=142048#article","isPartOf":{"@id":"https:\/\/nbcs.mx\/?p=142048"},"author":{"name":"NBCS Noticias","@id":"https:\/\/nbcs.mx\/#\/schema\/person\/ece58bab9a7c1e87a4d28ec9ecd79ff4"},"headline":"Inician investigaci\u00f3n por persona sin vida en Guerrero Negro","datePublished":"2024-10-12T21:57:31+00:00","mainEntityOfPage":{"@id":"https:\/\/nbcs.mx\/?p=142048"},"wordCount":263,"commentCount":0,"publisher":{"@id":"https:\/\/nbcs.mx\/#organization"},"image":{"@id":"https:\/\/nbcs.mx\/?p=142048#primaryimage"},"thumbnailUrl":"https:\/\/nbcs.mx\/wp-content\/uploads\/2024\/10\/462883797_1549077269323186_7828020713672745179_n.jpg","articleSection":["Policiacas"],"inLanguage":"es","potentialAction":[{"@type":"CommentAction","name":"Comment","target":["https:\/\/nbcs.mx\/?p=142048#respond"]}]},{"@type":"WebPage","@id":"https:\/\/nbcs.mx\/?p=142048","url":"https:\/\/nbcs.mx\/?p=142048","name":"Inician investigaci\u00f3n por persona sin vida en Guerrero Negro - NBCS Noticias","isPartOf":{"@id":"https:\/\/nbcs.mx\/#website"},"primaryImageOfPage":{"@id":"https:\/\/nbcs.mx\/?p=142048#primaryimage"},"image":{"@id":"https:\/\/nbcs.mx\/?p=142048#primaryimage"},"thumbnailUrl":"https:\/\/nbcs.mx\/wp-content\/uploads\/2024\/10\/462883797_1549077269323186_7828020713672745179_n.jpg","datePublished":"2024-10-12T21:57:31+00:00","breadcrumb":{"@id":"https:\/\/nbcs.mx\/?p=142048#breadcrumb"},"inLanguage":"es","potentialAction":[{"@type":"ReadAction","target":["https:\/\/nbcs.mx\/?p=142048"]}]},{"@type":"ImageObject","inLanguage":"es","@id":"https:\/\/nbcs.mx\/?p=142048#primaryimage","url":"https:\/\/nbcs.mx\/wp-content\/uploads\/2024\/10\/462883797_1549077269323186_7828020713672745179_n.jpg","contentUrl":"https:\/\/nbcs.mx\/wp-content\/uploads\/2024\/10\/462883797_1549077269323186_7828020713672745179_n.jpg","width":1440,"height":1080},{"@type":"BreadcrumbList","@id":"https:\/\/nbcs.mx\/?p=142048#breadcrumb","itemListElement":[{"@type":"ListItem","position":1,"name":"Portada","item":"https:\/\/nbcs.mx\/"},{"@type":"ListItem","position":2,"name":"Inician investigaci\u00f3n por persona sin vida en Guerrero Negro"}]},{"@type":"WebSite","@id":"https:\/\/nbcs.mx\/#website","url":"https:\/\/nbcs.mx\/","name":"NBCS Noticias","description":"Sitio web de noticias en Baja California Sur","publisher":{"@id":"https:\/\/nbcs.mx\/#organization"},"potentialAction":[{"@type":"SearchAction","target":{"@type":"EntryPoint","urlTemplate":"https:\/\/nbcs.mx\/?s={search_term_string}"},"query-input":{"@type":"PropertyValueSpecification","valueRequired":true,"valueName":"search_term_string"}}],"inLanguage":"es"},{"@type":"Organization","@id":"https:\/\/nbcs.mx\/#organization","name":"NBCS Noticias","url":"https:\/\/nbcs.mx\/","logo":{"@type":"ImageObject","inLanguage":"es","@id":"https:\/\/nbcs.mx\/#\/schema\/logo\/image\/","url":"https:\/\/nbcs.mx\/wp-content\/uploads\/2018\/09\/057b69485e93575a5c2b1c1dde2dd297.jpeg","contentUrl":"https:\/\/nbcs.mx\/wp-content\/uploads\/2018\/09\/057b69485e93575a5c2b1c1dde2dd297.jpeg","width":64,"height":64,"caption":"NBCS Noticias"},"image":{"@id":"https:\/\/nbcs.mx\/#\/schema\/logo\/image\/"},"sameAs":["https:\/\/www.facebook.com\/NBCSnoticias","https:\/\/x.com\/NBCSnoticias"]},{"@type":"Person","@id":"https:\/\/nbcs.mx\/#\/schema\/person\/ece58bab9a7c1e87a4d28ec9ecd79ff4","name":"NBCS Noticias","image":{"@type":"ImageObject","inLanguage":"es","@id":"https:\/\/secure.gravatar.com\/avatar\/4e52110cad1c4054b43271a0d14bbe9e2ea76aecd0e1097edfc670798d9ca1d4?s=96&d=blank&r=g","url":"https:\/\/secure.gravatar.com\/avatar\/4e52110cad1c4054b43271a0d14bbe9e2ea76aecd0e1097edfc670798d9ca1d4?s=96&d=blank&r=g","contentUrl":"https:\/\/secure.gravatar.com\/avatar\/4e52110cad1c4054b43271a0d14bbe9e2ea76aecd0e1097edfc670798d9ca1d4?s=96&d=blank&r=g","caption":"NBCS Noticias"},"description":"\u00bfTienes fotos o video de alg\u00fan acto de posible negligencia, corrupci\u00f3n y abuso de autoridad? M\u00e1ndalo al WhatsApp de NBCS Noticias: 612 141 98 08","sameAs":["https:\/\/www.nbcs.mx","https:\/\/www.facebook.com\/NBCSnoticias","https:\/\/www.instagram.com\/nbcsnoticias\/","https:\/\/x.com\/https:\/\/twitter.com\/NBCSnoticias"]}]}},"jetpack_publicize_connections":[],"jetpack_featured_media_url":"https:\/\/nbcs.mx\/wp-content\/uploads\/2024\/10\/462883797_1549077269323186_7828020713672745179_n.jpg","jetpack_sharing_enabled":true,"_links":{"self":[{"href":"https:\/\/nbcs.mx\/index.php?rest_route=\/wp\/v2\/posts\/142048","targetHints":{"allow":["GET"]}}],"collection":[{"href":"https:\/\/nbcs.mx\/index.php?rest_route=\/wp\/v2\/posts"}],"about":[{"href":"https:\/\/nbcs.mx\/index.php?rest_route=\/wp\/v2\/types\/post"}],"author":[{"embeddable":true,"href":"https:\/\/nbcs.mx\/index.php?rest_route=\/wp\/v2\/users\/1"}],"replies":[{"embeddable":true,"href":"https:\/\/nbcs.mx\/index.php?rest_route=%2Fwp%2Fv2%2Fcomments&post=142048"}],"version-history":[{"count":1,"href":"https:\/\/nbcs.mx\/index.php?rest_route=\/wp\/v2\/posts\/142048\/revisions"}],"predecessor-version":[{"id":142050,"href":"https:\/\/nbcs.mx\/index.php?rest_route=\/wp\/v2\/posts\/142048\/revisions\/142050"}],"wp:featuredmedia":[{"embeddable":true,"href":"https:\/\/nbcs.mx\/index.php?rest_route=\/wp\/v2\/media\/142049"}],"wp:attachment":[{"href":"https:\/\/nbcs.mx\/index.php?rest_route=%2Fwp%2Fv2%2Fmedia&parent=142048"}],"wp:term":[{"taxonomy":"category","embeddable":true,"href":"https:\/\/nbcs.mx\/index.php?rest_route=%2Fwp%2Fv2%2Fcategories&post=142048"},{"taxonomy":"post_tag","embeddable":true,"href":"https:\/\/nbcs.mx\/index.php?rest_route=%2Fwp%2Fv2%2Ftags&post=142048"}],"curies":[{"name":"wp","href":"https:\/\/api.w.org\/{rel}","templated":true}]}}