{"id":142051,"date":"2024-10-12T15:59:23","date_gmt":"2024-10-12T21:59:23","guid":{"rendered":"https:\/\/nbcs.mx\/?p=142051"},"modified":"2024-10-12T15:59:23","modified_gmt":"2024-10-12T21:59:23","slug":"encabeza-gobernador-vmcc-conmemoracion-del-dia-de-la-nacion-pluricultural","status":"publish","type":"post","link":"https:\/\/nbcs.mx\/?p=142051","title":{"rendered":"Encabeza Gobernador VMCC Conmemoraci\u00f3n del D\u00eda de la Naci\u00f3n Pluricultural"},"content":{"rendered":"<p style=\"font-weight: 400; text-align: justify;\"><img loading=\"lazy\" decoding=\"async\" class=\" wp-image-142052 alignleft\" src=\"https:\/\/nbcs.mx\/wp-content\/uploads\/2024\/10\/FOTO1-PRINCIPAL-1377-VMCC-CONMEMORACION-738x492.jpeg\" alt=\"\" width=\"372\" height=\"248\" srcset=\"https:\/\/nbcs.mx\/wp-content\/uploads\/2024\/10\/FOTO1-PRINCIPAL-1377-VMCC-CONMEMORACION-738x492.jpeg 738w, https:\/\/nbcs.mx\/wp-content\/uploads\/2024\/10\/FOTO1-PRINCIPAL-1377-VMCC-CONMEMORACION-1024x682.jpeg 1024w, https:\/\/nbcs.mx\/wp-content\/uploads\/2024\/10\/FOTO1-PRINCIPAL-1377-VMCC-CONMEMORACION-150x100.jpeg 150w, https:\/\/nbcs.mx\/wp-content\/uploads\/2024\/10\/FOTO1-PRINCIPAL-1377-VMCC-CONMEMORACION-768x512.jpeg 768w, https:\/\/nbcs.mx\/wp-content\/uploads\/2024\/10\/FOTO1-PRINCIPAL-1377-VMCC-CONMEMORACION.jpeg 1280w\" sizes=\"auto, (max-width: 372px) 100vw, 372px\" \/>El gobernador de Baja California Sur, V\u00edctor Manuel Castro Cos\u00edo, encabez\u00f3 la ceremonia del DXXXII aniversario del D\u00eda de la Naci\u00f3n Pluricultural, \u201cfecha propicia para reflexionar acerca de la importancia de los pueblos originarios en nuestras ra\u00edces y or\u00edgenes. La diversidad cultural puede impulsar el desarrollo sostenible de los individuos, comunidades y pa\u00edses\u201d, resalt\u00f3.<\/p>\n<p style=\"font-weight: 400; text-align: justify;\">\n<p style=\"font-weight: 400; text-align: justify;\">El evento oficial, alusivo a esta fecha, se realiz\u00f3 en las instalaciones del teatro Manuel M\u00e1rquez de Le\u00f3n, en la comunidad de Todos Santos, donde se trasladaron los Poderes del Estado, contando con la participaci\u00f3n de j\u00f3venes, estudiantes, ciudadanas y ciudadanos de esta delegaci\u00f3n.<\/p>\n<p style=\"font-weight: 400; text-align: justify;\">\n<p style=\"font-weight: 400; text-align: justify;\">Acompa\u00f1ado por la alcaldesa de La Paz, Milena Quiroga Romero, la presidenta del Tribunal Superior de Justicia, Claudia Jeanette Cota Pe\u00f1a, por el representante del Poder Legislativo y orador oficial, Eduardo Valent\u00edn Van Wormer Castro, as\u00ed como de representantes de las Fuerzas Armadas y del delgado Francisco Javier Salgado Ag\u00fandez, Castro Cos\u00edo destac\u00f3 que Todos Santos es un ejemplo de resistencia contra los espa\u00f1oles, ante ello subray\u00f3 la relevancia de fortalecer nuestra identidad.<\/p>\n<p style=\"font-weight: 400; text-align: justify;\">\n<p style=\"font-weight: 400; text-align: justify;\">Por su parte, el orador oficial Van Wormer Castro mencion\u00f3 en su mensaje el d\u00eda de la Naci\u00f3n Pluricultural como un reconocimiento a nuestro origen, ya que subray\u00f3 que M\u00e9xico es un mosaico de cultura, tradiciones y lucha.<\/p>\n<p style=\"font-weight: 400; text-align: justify;\">\n<p style=\"font-weight: 400; text-align: justify;\">En esta actividad, el mandatario estatal entreg\u00f3 reconocimiento al trabajo, dedicaci\u00f3n y trayectoria por 25 a\u00f1os en esta delegaci\u00f3n de Todos Santos a Julio Villalobos Dom\u00ednguez.<\/p>\n<p style=\"font-weight: 400; text-align: justify;\">\n<p style=\"font-weight: 400; text-align: justify;\">Finalmente, el gobernador V\u00edctor Manuel Castro Cos\u00edo reconoci\u00f3 en dicho, una ocasi\u00f3n propicia para el di\u00e1logo, para juntos, enfrentar los retos de la transformaci\u00f3n en donde el intercambio cultural, social y econ\u00f3mico est\u00e9 presente.<\/p>\n","protected":false},"excerpt":{"rendered":"<p>El gobernador de Baja California Sur, V\u00edctor Manuel Castro Cos\u00edo, encabez\u00f3 la ceremonia del DXXXII aniversario del D\u00eda de la<\/p>\n","protected":false},"author":1,"featured_media":142052,"comment_status":"open","ping_status":"closed","sticky":false,"template":"","format":"standard","meta":{"colormag_page_container_layout":"default_layout","colormag_page_sidebar_layout":"default_layout","_jetpack_memberships_contains_paid_content":false,"footnotes":"","jetpack_publicize_message":"","jetpack_publicize_feature_enabled":true,"jetpack_social_post_already_shared":true,"jetpack_social_options":{"image_generator_settings":{"template":"highway","default_image_id":0,"font":"","enabled":false},"version":2}},"categories":[1],"tags":[],"class_list":["post-142051","post","type-post","status-publish","format-standard","has-post-thumbnail","hentry","category-noticias"],"yoast_head":"<!-- This site is optimized with the Yoast SEO plugin v27.4 - https:\/\/yoast.com\/product\/yoast-seo-wordpress\/ -->\n<title>Encabeza Gobernador VMCC Conmemoraci\u00f3n del D\u00eda de la Naci\u00f3n Pluricultural - NBCS Noticias<\/title>\n<meta name=\"robots\" content=\"index, follow, max-snippet:-1, max-image-preview:large, max-video-preview:-1\" \/>\n<link rel=\"canonical\" href=\"https:\/\/nbcs.mx\/?p=142051\" \/>\n<meta property=\"og:locale\" content=\"es_ES\" \/>\n<meta property=\"og:type\" content=\"article\" \/>\n<meta property=\"og:title\" content=\"Encabeza Gobernador VMCC Conmemoraci\u00f3n del D\u00eda de la Naci\u00f3n Pluricultural - NBCS Noticias\" \/>\n<meta property=\"og:description\" content=\"El gobernador de Baja California Sur, V\u00edctor Manuel Castro Cos\u00edo, encabez\u00f3 la ceremonia del DXXXII aniversario del D\u00eda de la\" \/>\n<meta property=\"og:url\" content=\"https:\/\/nbcs.mx\/?p=142051\" \/>\n<meta property=\"og:site_name\" content=\"NBCS Noticias\" \/>\n<meta property=\"article:publisher\" content=\"https:\/\/www.facebook.com\/NBCSnoticias\" \/>\n<meta property=\"article:author\" content=\"https:\/\/www.facebook.com\/NBCSnoticias\" \/>\n<meta property=\"article:published_time\" content=\"2024-10-12T21:59:23+00:00\" \/>\n<meta property=\"og:image\" content=\"https:\/\/nbcs.mx\/wp-content\/uploads\/2024\/10\/FOTO1-PRINCIPAL-1377-VMCC-CONMEMORACION.jpeg\" \/>\n\t<meta property=\"og:image:width\" content=\"1280\" \/>\n\t<meta property=\"og:image:height\" content=\"853\" \/>\n\t<meta property=\"og:image:type\" content=\"image\/jpeg\" \/>\n<meta name=\"author\" content=\"NBCS Noticias\" \/>\n<meta name=\"twitter:card\" content=\"summary_large_image\" \/>\n<meta name=\"twitter:creator\" content=\"@https:\/\/twitter.com\/NBCSnoticias\" \/>\n<meta name=\"twitter:site\" content=\"@NBCSnoticias\" \/>\n<meta name=\"twitter:label1\" content=\"Escrito por\" \/>\n\t<meta name=\"twitter:data1\" content=\"NBCS Noticias\" \/>\n\t<meta name=\"twitter:label2\" content=\"Tiempo de lectura\" \/>\n\t<meta name=\"twitter:data2\" content=\"2 minutos\" \/>\n<script type=\"application\/ld+json\" class=\"yoast-schema-graph\">{\"@context\":\"https:\\\/\\\/schema.org\",\"@graph\":[{\"@type\":\"Article\",\"@id\":\"https:\\\/\\\/nbcs.mx\\\/?p=142051#article\",\"isPartOf\":{\"@id\":\"https:\\\/\\\/nbcs.mx\\\/?p=142051\"},\"author\":{\"name\":\"NBCS Noticias\",\"@id\":\"https:\\\/\\\/nbcs.mx\\\/#\\\/schema\\\/person\\\/ece58bab9a7c1e87a4d28ec9ecd79ff4\"},\"headline\":\"Encabeza Gobernador VMCC Conmemoraci\u00f3n del D\u00eda de la Naci\u00f3n Pluricultural\",\"datePublished\":\"2024-10-12T21:59:23+00:00\",\"mainEntityOfPage\":{\"@id\":\"https:\\\/\\\/nbcs.mx\\\/?p=142051\"},\"wordCount\":312,\"commentCount\":0,\"publisher\":{\"@id\":\"https:\\\/\\\/nbcs.mx\\\/#organization\"},\"image\":{\"@id\":\"https:\\\/\\\/nbcs.mx\\\/?p=142051#primaryimage\"},\"thumbnailUrl\":\"https:\\\/\\\/nbcs.mx\\\/wp-content\\\/uploads\\\/2024\\\/10\\\/FOTO1-PRINCIPAL-1377-VMCC-CONMEMORACION.jpeg\",\"articleSection\":[\"Noticias\"],\"inLanguage\":\"es\",\"potentialAction\":[{\"@type\":\"CommentAction\",\"name\":\"Comment\",\"target\":[\"https:\\\/\\\/nbcs.mx\\\/?p=142051#respond\"]}]},{\"@type\":\"WebPage\",\"@id\":\"https:\\\/\\\/nbcs.mx\\\/?p=142051\",\"url\":\"https:\\\/\\\/nbcs.mx\\\/?p=142051\",\"name\":\"Encabeza Gobernador VMCC Conmemoraci\u00f3n del D\u00eda de la Naci\u00f3n Pluricultural - NBCS Noticias\",\"isPartOf\":{\"@id\":\"https:\\\/\\\/nbcs.mx\\\/#website\"},\"primaryImageOfPage\":{\"@id\":\"https:\\\/\\\/nbcs.mx\\\/?p=142051#primaryimage\"},\"image\":{\"@id\":\"https:\\\/\\\/nbcs.mx\\\/?p=142051#primaryimage\"},\"thumbnailUrl\":\"https:\\\/\\\/nbcs.mx\\\/wp-content\\\/uploads\\\/2024\\\/10\\\/FOTO1-PRINCIPAL-1377-VMCC-CONMEMORACION.jpeg\",\"datePublished\":\"2024-10-12T21:59:23+00:00\",\"breadcrumb\":{\"@id\":\"https:\\\/\\\/nbcs.mx\\\/?p=142051#breadcrumb\"},\"inLanguage\":\"es\",\"potentialAction\":[{\"@type\":\"ReadAction\",\"target\":[\"https:\\\/\\\/nbcs.mx\\\/?p=142051\"]}]},{\"@type\":\"ImageObject\",\"inLanguage\":\"es\",\"@id\":\"https:\\\/\\\/nbcs.mx\\\/?p=142051#primaryimage\",\"url\":\"https:\\\/\\\/nbcs.mx\\\/wp-content\\\/uploads\\\/2024\\\/10\\\/FOTO1-PRINCIPAL-1377-VMCC-CONMEMORACION.jpeg\",\"contentUrl\":\"https:\\\/\\\/nbcs.mx\\\/wp-content\\\/uploads\\\/2024\\\/10\\\/FOTO1-PRINCIPAL-1377-VMCC-CONMEMORACION.jpeg\",\"width\":1280,\"height\":853},{\"@type\":\"BreadcrumbList\",\"@id\":\"https:\\\/\\\/nbcs.mx\\\/?p=142051#breadcrumb\",\"itemListElement\":[{\"@type\":\"ListItem\",\"position\":1,\"name\":\"Portada\",\"item\":\"https:\\\/\\\/nbcs.mx\\\/\"},{\"@type\":\"ListItem\",\"position\":2,\"name\":\"Encabeza Gobernador VMCC Conmemoraci\u00f3n del D\u00eda de la Naci\u00f3n Pluricultural\"}]},{\"@type\":\"WebSite\",\"@id\":\"https:\\\/\\\/nbcs.mx\\\/#website\",\"url\":\"https:\\\/\\\/nbcs.mx\\\/\",\"name\":\"NBCS Noticias\",\"description\":\"Sitio web de noticias en Baja California Sur\",\"publisher\":{\"@id\":\"https:\\\/\\\/nbcs.mx\\\/#organization\"},\"potentialAction\":[{\"@type\":\"SearchAction\",\"target\":{\"@type\":\"EntryPoint\",\"urlTemplate\":\"https:\\\/\\\/nbcs.mx\\\/?s={search_term_string}\"},\"query-input\":{\"@type\":\"PropertyValueSpecification\",\"valueRequired\":true,\"valueName\":\"search_term_string\"}}],\"inLanguage\":\"es\"},{\"@type\":\"Organization\",\"@id\":\"https:\\\/\\\/nbcs.mx\\\/#organization\",\"name\":\"NBCS Noticias\",\"url\":\"https:\\\/\\\/nbcs.mx\\\/\",\"logo\":{\"@type\":\"ImageObject\",\"inLanguage\":\"es\",\"@id\":\"https:\\\/\\\/nbcs.mx\\\/#\\\/schema\\\/logo\\\/image\\\/\",\"url\":\"https:\\\/\\\/nbcs.mx\\\/wp-content\\\/uploads\\\/2018\\\/09\\\/057b69485e93575a5c2b1c1dde2dd297.jpeg\",\"contentUrl\":\"https:\\\/\\\/nbcs.mx\\\/wp-content\\\/uploads\\\/2018\\\/09\\\/057b69485e93575a5c2b1c1dde2dd297.jpeg\",\"width\":64,\"height\":64,\"caption\":\"NBCS Noticias\"},\"image\":{\"@id\":\"https:\\\/\\\/nbcs.mx\\\/#\\\/schema\\\/logo\\\/image\\\/\"},\"sameAs\":[\"https:\\\/\\\/www.facebook.com\\\/NBCSnoticias\",\"https:\\\/\\\/x.com\\\/NBCSnoticias\"]},{\"@type\":\"Person\",\"@id\":\"https:\\\/\\\/nbcs.mx\\\/#\\\/schema\\\/person\\\/ece58bab9a7c1e87a4d28ec9ecd79ff4\",\"name\":\"NBCS Noticias\",\"image\":{\"@type\":\"ImageObject\",\"inLanguage\":\"es\",\"@id\":\"https:\\\/\\\/secure.gravatar.com\\\/avatar\\\/4e52110cad1c4054b43271a0d14bbe9e2ea76aecd0e1097edfc670798d9ca1d4?s=96&d=blank&r=g\",\"url\":\"https:\\\/\\\/secure.gravatar.com\\\/avatar\\\/4e52110cad1c4054b43271a0d14bbe9e2ea76aecd0e1097edfc670798d9ca1d4?s=96&d=blank&r=g\",\"contentUrl\":\"https:\\\/\\\/secure.gravatar.com\\\/avatar\\\/4e52110cad1c4054b43271a0d14bbe9e2ea76aecd0e1097edfc670798d9ca1d4?s=96&d=blank&r=g\",\"caption\":\"NBCS Noticias\"},\"description\":\"\u00bfTienes fotos o video de alg\u00fan acto de posible negligencia, corrupci\u00f3n y abuso de autoridad? M\u00e1ndalo al WhatsApp de NBCS Noticias: 612 141 98 08\",\"sameAs\":[\"https:\\\/\\\/www.nbcs.mx\",\"https:\\\/\\\/www.facebook.com\\\/NBCSnoticias\",\"https:\\\/\\\/www.instagram.com\\\/nbcsnoticias\\\/\",\"https:\\\/\\\/x.com\\\/https:\\\/\\\/twitter.com\\\/NBCSnoticias\"]}]}<\/script>\n<!-- \/ Yoast SEO plugin. -->","yoast_head_json":{"title":"Encabeza Gobernador VMCC Conmemoraci\u00f3n del D\u00eda de la Naci\u00f3n Pluricultural - NBCS Noticias","robots":{"index":"index","follow":"follow","max-snippet":"max-snippet:-1","max-image-preview":"max-image-preview:large","max-video-preview":"max-video-preview:-1"},"canonical":"https:\/\/nbcs.mx\/?p=142051","og_locale":"es_ES","og_type":"article","og_title":"Encabeza Gobernador VMCC Conmemoraci\u00f3n del D\u00eda de la Naci\u00f3n Pluricultural - NBCS Noticias","og_description":"El gobernador de Baja California Sur, V\u00edctor Manuel Castro Cos\u00edo, encabez\u00f3 la ceremonia del DXXXII aniversario del D\u00eda de la","og_url":"https:\/\/nbcs.mx\/?p=142051","og_site_name":"NBCS Noticias","article_publisher":"https:\/\/www.facebook.com\/NBCSnoticias","article_author":"https:\/\/www.facebook.com\/NBCSnoticias","article_published_time":"2024-10-12T21:59:23+00:00","og_image":[{"width":1280,"height":853,"url":"https:\/\/nbcs.mx\/wp-content\/uploads\/2024\/10\/FOTO1-PRINCIPAL-1377-VMCC-CONMEMORACION.jpeg","type":"image\/jpeg"}],"author":"NBCS Noticias","twitter_card":"summary_large_image","twitter_creator":"@https:\/\/twitter.com\/NBCSnoticias","twitter_site":"@NBCSnoticias","twitter_misc":{"Escrito por":"NBCS Noticias","Tiempo de lectura":"2 minutos"},"schema":{"@context":"https:\/\/schema.org","@graph":[{"@type":"Article","@id":"https:\/\/nbcs.mx\/?p=142051#article","isPartOf":{"@id":"https:\/\/nbcs.mx\/?p=142051"},"author":{"name":"NBCS Noticias","@id":"https:\/\/nbcs.mx\/#\/schema\/person\/ece58bab9a7c1e87a4d28ec9ecd79ff4"},"headline":"Encabeza Gobernador VMCC Conmemoraci\u00f3n del D\u00eda de la Naci\u00f3n Pluricultural","datePublished":"2024-10-12T21:59:23+00:00","mainEntityOfPage":{"@id":"https:\/\/nbcs.mx\/?p=142051"},"wordCount":312,"commentCount":0,"publisher":{"@id":"https:\/\/nbcs.mx\/#organization"},"image":{"@id":"https:\/\/nbcs.mx\/?p=142051#primaryimage"},"thumbnailUrl":"https:\/\/nbcs.mx\/wp-content\/uploads\/2024\/10\/FOTO1-PRINCIPAL-1377-VMCC-CONMEMORACION.jpeg","articleSection":["Noticias"],"inLanguage":"es","potentialAction":[{"@type":"CommentAction","name":"Comment","target":["https:\/\/nbcs.mx\/?p=142051#respond"]}]},{"@type":"WebPage","@id":"https:\/\/nbcs.mx\/?p=142051","url":"https:\/\/nbcs.mx\/?p=142051","name":"Encabeza Gobernador VMCC Conmemoraci\u00f3n del D\u00eda de la Naci\u00f3n Pluricultural - NBCS Noticias","isPartOf":{"@id":"https:\/\/nbcs.mx\/#website"},"primaryImageOfPage":{"@id":"https:\/\/nbcs.mx\/?p=142051#primaryimage"},"image":{"@id":"https:\/\/nbcs.mx\/?p=142051#primaryimage"},"thumbnailUrl":"https:\/\/nbcs.mx\/wp-content\/uploads\/2024\/10\/FOTO1-PRINCIPAL-1377-VMCC-CONMEMORACION.jpeg","datePublished":"2024-10-12T21:59:23+00:00","breadcrumb":{"@id":"https:\/\/nbcs.mx\/?p=142051#breadcrumb"},"inLanguage":"es","potentialAction":[{"@type":"ReadAction","target":["https:\/\/nbcs.mx\/?p=142051"]}]},{"@type":"ImageObject","inLanguage":"es","@id":"https:\/\/nbcs.mx\/?p=142051#primaryimage","url":"https:\/\/nbcs.mx\/wp-content\/uploads\/2024\/10\/FOTO1-PRINCIPAL-1377-VMCC-CONMEMORACION.jpeg","contentUrl":"https:\/\/nbcs.mx\/wp-content\/uploads\/2024\/10\/FOTO1-PRINCIPAL-1377-VMCC-CONMEMORACION.jpeg","width":1280,"height":853},{"@type":"BreadcrumbList","@id":"https:\/\/nbcs.mx\/?p=142051#breadcrumb","itemListElement":[{"@type":"ListItem","position":1,"name":"Portada","item":"https:\/\/nbcs.mx\/"},{"@type":"ListItem","position":2,"name":"Encabeza Gobernador VMCC Conmemoraci\u00f3n del D\u00eda de la Naci\u00f3n Pluricultural"}]},{"@type":"WebSite","@id":"https:\/\/nbcs.mx\/#website","url":"https:\/\/nbcs.mx\/","name":"NBCS Noticias","description":"Sitio web de noticias en Baja California Sur","publisher":{"@id":"https:\/\/nbcs.mx\/#organization"},"potentialAction":[{"@type":"SearchAction","target":{"@type":"EntryPoint","urlTemplate":"https:\/\/nbcs.mx\/?s={search_term_string}"},"query-input":{"@type":"PropertyValueSpecification","valueRequired":true,"valueName":"search_term_string"}}],"inLanguage":"es"},{"@type":"Organization","@id":"https:\/\/nbcs.mx\/#organization","name":"NBCS Noticias","url":"https:\/\/nbcs.mx\/","logo":{"@type":"ImageObject","inLanguage":"es","@id":"https:\/\/nbcs.mx\/#\/schema\/logo\/image\/","url":"https:\/\/nbcs.mx\/wp-content\/uploads\/2018\/09\/057b69485e93575a5c2b1c1dde2dd297.jpeg","contentUrl":"https:\/\/nbcs.mx\/wp-content\/uploads\/2018\/09\/057b69485e93575a5c2b1c1dde2dd297.jpeg","width":64,"height":64,"caption":"NBCS Noticias"},"image":{"@id":"https:\/\/nbcs.mx\/#\/schema\/logo\/image\/"},"sameAs":["https:\/\/www.facebook.com\/NBCSnoticias","https:\/\/x.com\/NBCSnoticias"]},{"@type":"Person","@id":"https:\/\/nbcs.mx\/#\/schema\/person\/ece58bab9a7c1e87a4d28ec9ecd79ff4","name":"NBCS Noticias","image":{"@type":"ImageObject","inLanguage":"es","@id":"https:\/\/secure.gravatar.com\/avatar\/4e52110cad1c4054b43271a0d14bbe9e2ea76aecd0e1097edfc670798d9ca1d4?s=96&d=blank&r=g","url":"https:\/\/secure.gravatar.com\/avatar\/4e52110cad1c4054b43271a0d14bbe9e2ea76aecd0e1097edfc670798d9ca1d4?s=96&d=blank&r=g","contentUrl":"https:\/\/secure.gravatar.com\/avatar\/4e52110cad1c4054b43271a0d14bbe9e2ea76aecd0e1097edfc670798d9ca1d4?s=96&d=blank&r=g","caption":"NBCS Noticias"},"description":"\u00bfTienes fotos o video de alg\u00fan acto de posible negligencia, corrupci\u00f3n y abuso de autoridad? M\u00e1ndalo al WhatsApp de NBCS Noticias: 612 141 98 08","sameAs":["https:\/\/www.nbcs.mx","https:\/\/www.facebook.com\/NBCSnoticias","https:\/\/www.instagram.com\/nbcsnoticias\/","https:\/\/x.com\/https:\/\/twitter.com\/NBCSnoticias"]}]}},"jetpack_publicize_connections":[],"jetpack_featured_media_url":"https:\/\/nbcs.mx\/wp-content\/uploads\/2024\/10\/FOTO1-PRINCIPAL-1377-VMCC-CONMEMORACION.jpeg","jetpack_sharing_enabled":true,"_links":{"self":[{"href":"https:\/\/nbcs.mx\/index.php?rest_route=\/wp\/v2\/posts\/142051","targetHints":{"allow":["GET"]}}],"collection":[{"href":"https:\/\/nbcs.mx\/index.php?rest_route=\/wp\/v2\/posts"}],"about":[{"href":"https:\/\/nbcs.mx\/index.php?rest_route=\/wp\/v2\/types\/post"}],"author":[{"embeddable":true,"href":"https:\/\/nbcs.mx\/index.php?rest_route=\/wp\/v2\/users\/1"}],"replies":[{"embeddable":true,"href":"https:\/\/nbcs.mx\/index.php?rest_route=%2Fwp%2Fv2%2Fcomments&post=142051"}],"version-history":[{"count":1,"href":"https:\/\/nbcs.mx\/index.php?rest_route=\/wp\/v2\/posts\/142051\/revisions"}],"predecessor-version":[{"id":142053,"href":"https:\/\/nbcs.mx\/index.php?rest_route=\/wp\/v2\/posts\/142051\/revisions\/142053"}],"wp:featuredmedia":[{"embeddable":true,"href":"https:\/\/nbcs.mx\/index.php?rest_route=\/wp\/v2\/media\/142052"}],"wp:attachment":[{"href":"https:\/\/nbcs.mx\/index.php?rest_route=%2Fwp%2Fv2%2Fmedia&parent=142051"}],"wp:term":[{"taxonomy":"category","embeddable":true,"href":"https:\/\/nbcs.mx\/index.php?rest_route=%2Fwp%2Fv2%2Fcategories&post=142051"},{"taxonomy":"post_tag","embeddable":true,"href":"https:\/\/nbcs.mx\/index.php?rest_route=%2Fwp%2Fv2%2Ftags&post=142051"}],"curies":[{"name":"wp","href":"https:\/\/api.w.org\/{rel}","templated":true}]}}