{"id":142658,"date":"2024-10-29T20:30:18","date_gmt":"2024-10-30T03:30:18","guid":{"rendered":"https:\/\/nbcs.mx\/?p=142658"},"modified":"2024-10-29T20:30:18","modified_gmt":"2024-10-30T03:30:18","slug":"cemac-y-juzgado-civico-de-la-paz-formalizan-22-adopciones-responsables","status":"publish","type":"post","link":"https:\/\/nbcs.mx\/?p=142658","title":{"rendered":"CEMAC y Juzgado C\u00edvico de La Paz formalizan 22 adopciones responsables"},"content":{"rendered":"<p style=\"font-weight: 400; text-align: justify;\"><img loading=\"lazy\" decoding=\"async\" class=\" wp-image-142659 alignleft\" src=\"https:\/\/nbcs.mx\/wp-content\/uploads\/2024\/10\/CEMAC-y-Juzgado-Civico-de-La-Paz-formalizan-22-adopciones-responsables-572x492.jpg\" alt=\"\" width=\"333\" height=\"286\" srcset=\"https:\/\/nbcs.mx\/wp-content\/uploads\/2024\/10\/CEMAC-y-Juzgado-Civico-de-La-Paz-formalizan-22-adopciones-responsables-572x492.jpg 572w, https:\/\/nbcs.mx\/wp-content\/uploads\/2024\/10\/CEMAC-y-Juzgado-Civico-de-La-Paz-formalizan-22-adopciones-responsables-150x129.jpg 150w, https:\/\/nbcs.mx\/wp-content\/uploads\/2024\/10\/CEMAC-y-Juzgado-Civico-de-La-Paz-formalizan-22-adopciones-responsables-768x660.jpg 768w, https:\/\/nbcs.mx\/wp-content\/uploads\/2024\/10\/CEMAC-y-Juzgado-Civico-de-La-Paz-formalizan-22-adopciones-responsables.jpg 893w\" sizes=\"auto, (max-width: 333px) 100vw, 333px\" \/>Derivado de los trabajos conjuntos del Centro Municipal de Atenci\u00f3n Canina (CEMAC) y el Juzgado C\u00edvico de La Paz, 22 perros encontraron un nuevo hogar, con la adopci\u00f3n formal de las mascotas, dio a conocer la Coordinadora del centro, Kenia Angulo Guti\u00e9rrez.<\/p>\n<p style=\"font-weight: 400; text-align: justify;\">\n<p style=\"font-weight: 400; text-align: justify;\">Destac\u00f3 que gracias a las jornadas de adopciones que realiza CEMAC, habitualmente en la explanada del Palacio Municipal, as\u00ed como las pl\u00e1ticas, publicaciones en grupos de redes sociales, y recorridos dentro del centro, m\u00e1s personas conocen las labores que se realizan en pro del bienestar animal.<\/p>\n<p style=\"font-weight: 400; text-align: justify;\">\n<p style=\"font-weight: 400; text-align: justify;\">Indic\u00f3 que Snoppy, Bandido y Rocko son los perritos m\u00e1s recientes que han encontrado un lugar para vivir, labor que se formaliz\u00f3 a trav\u00e9s del Juzgado C\u00edvico. Cabe destacar, que despu\u00e9s del proceso de adopci\u00f3n, esta instancia municipal realiza visitas de supervisi\u00f3n en los domicilios de los nuevos due\u00f1os para corroborar que los canes se encuentran en buenas condiciones.<\/p>\n<p style=\"font-weight: 400; text-align: justify;\">\n<p style=\"font-weight: 400; text-align: justify;\">Finalmente, Angulo Guti\u00e9rrez, hizo una invitaci\u00f3n para que la ciudadan\u00eda se mantenga al pendiente de las redes sociales de \u201cAdopciones CEMAC\u201d, por si desean adoptar un perro, para brindarle hogar temporal o llev\u00e1rselo por una noche en \u201cpijamada\u201d, para garantizar la integraci\u00f3n a la familia. Tambi\u00e9n pueden comunicarse a los tel\u00e9fonos: 6121970180 y 6121970154.<\/p>\n","protected":false},"excerpt":{"rendered":"<p>Derivado de los trabajos conjuntos del Centro Municipal de Atenci\u00f3n Canina (CEMAC) y el Juzgado C\u00edvico de La Paz, 22<\/p>\n","protected":false},"author":1,"featured_media":142659,"comment_status":"open","ping_status":"closed","sticky":false,"template":"","format":"standard","meta":{"colormag_page_container_layout":"default_layout","colormag_page_sidebar_layout":"default_layout","_jetpack_memberships_contains_paid_content":false,"footnotes":"","jetpack_publicize_message":"","jetpack_publicize_feature_enabled":true,"jetpack_social_post_already_shared":true,"jetpack_social_options":{"image_generator_settings":{"template":"highway","default_image_id":0,"font":"","enabled":false},"version":2}},"categories":[40],"tags":[],"class_list":["post-142658","post","type-post","status-publish","format-standard","has-post-thumbnail","hentry","category-municipios"],"yoast_head":"<!-- This site is optimized with the Yoast SEO plugin v27.5 - https:\/\/yoast.com\/product\/yoast-seo-wordpress\/ -->\n<title>CEMAC y Juzgado C\u00edvico de La Paz formalizan 22 adopciones responsables - NBCS Noticias<\/title>\n<meta name=\"robots\" content=\"index, follow, max-snippet:-1, max-image-preview:large, max-video-preview:-1\" \/>\n<link rel=\"canonical\" href=\"https:\/\/nbcs.mx\/?p=142658\" \/>\n<meta property=\"og:locale\" content=\"es_ES\" \/>\n<meta property=\"og:type\" content=\"article\" \/>\n<meta property=\"og:title\" content=\"CEMAC y Juzgado C\u00edvico de La Paz formalizan 22 adopciones responsables - NBCS Noticias\" \/>\n<meta property=\"og:description\" content=\"Derivado de los trabajos conjuntos del Centro Municipal de Atenci\u00f3n Canina (CEMAC) y el Juzgado C\u00edvico de La Paz, 22\" \/>\n<meta property=\"og:url\" content=\"https:\/\/nbcs.mx\/?p=142658\" \/>\n<meta property=\"og:site_name\" content=\"NBCS Noticias\" \/>\n<meta property=\"article:publisher\" content=\"https:\/\/www.facebook.com\/NBCSnoticias\" \/>\n<meta property=\"article:author\" content=\"https:\/\/www.facebook.com\/NBCSnoticias\" \/>\n<meta property=\"article:published_time\" content=\"2024-10-30T03:30:18+00:00\" \/>\n<meta property=\"og:image\" content=\"https:\/\/nbcs.mx\/wp-content\/uploads\/2024\/10\/CEMAC-y-Juzgado-Civico-de-La-Paz-formalizan-22-adopciones-responsables.jpg\" \/>\n\t<meta property=\"og:image:width\" content=\"893\" \/>\n\t<meta property=\"og:image:height\" content=\"768\" \/>\n\t<meta property=\"og:image:type\" content=\"image\/jpeg\" \/>\n<meta name=\"author\" content=\"NBCS Noticias\" \/>\n<meta name=\"twitter:card\" content=\"summary_large_image\" \/>\n<meta name=\"twitter:creator\" content=\"@https:\/\/twitter.com\/NBCSnoticias\" \/>\n<meta name=\"twitter:site\" content=\"@NBCSnoticias\" \/>\n<meta name=\"twitter:label1\" content=\"Escrito por\" \/>\n\t<meta name=\"twitter:data1\" content=\"NBCS Noticias\" \/>\n\t<meta name=\"twitter:label2\" content=\"Tiempo de lectura\" \/>\n\t<meta name=\"twitter:data2\" content=\"2 minutos\" \/>\n<script type=\"application\/ld+json\" class=\"yoast-schema-graph\">{\"@context\":\"https:\\\/\\\/schema.org\",\"@graph\":[{\"@type\":\"Article\",\"@id\":\"https:\\\/\\\/nbcs.mx\\\/?p=142658#article\",\"isPartOf\":{\"@id\":\"https:\\\/\\\/nbcs.mx\\\/?p=142658\"},\"author\":{\"name\":\"NBCS Noticias\",\"@id\":\"https:\\\/\\\/nbcs.mx\\\/#\\\/schema\\\/person\\\/ece58bab9a7c1e87a4d28ec9ecd79ff4\"},\"headline\":\"CEMAC y Juzgado C\u00edvico de La Paz formalizan 22 adopciones responsables\",\"datePublished\":\"2024-10-30T03:30:18+00:00\",\"mainEntityOfPage\":{\"@id\":\"https:\\\/\\\/nbcs.mx\\\/?p=142658\"},\"wordCount\":229,\"commentCount\":0,\"publisher\":{\"@id\":\"https:\\\/\\\/nbcs.mx\\\/#organization\"},\"image\":{\"@id\":\"https:\\\/\\\/nbcs.mx\\\/?p=142658#primaryimage\"},\"thumbnailUrl\":\"https:\\\/\\\/nbcs.mx\\\/wp-content\\\/uploads\\\/2024\\\/10\\\/CEMAC-y-Juzgado-Civico-de-La-Paz-formalizan-22-adopciones-responsables.jpg\",\"articleSection\":[\"Municipios\"],\"inLanguage\":\"es\",\"potentialAction\":[{\"@type\":\"CommentAction\",\"name\":\"Comment\",\"target\":[\"https:\\\/\\\/nbcs.mx\\\/?p=142658#respond\"]}]},{\"@type\":\"WebPage\",\"@id\":\"https:\\\/\\\/nbcs.mx\\\/?p=142658\",\"url\":\"https:\\\/\\\/nbcs.mx\\\/?p=142658\",\"name\":\"CEMAC y Juzgado C\u00edvico de La Paz formalizan 22 adopciones responsables - NBCS Noticias\",\"isPartOf\":{\"@id\":\"https:\\\/\\\/nbcs.mx\\\/#website\"},\"primaryImageOfPage\":{\"@id\":\"https:\\\/\\\/nbcs.mx\\\/?p=142658#primaryimage\"},\"image\":{\"@id\":\"https:\\\/\\\/nbcs.mx\\\/?p=142658#primaryimage\"},\"thumbnailUrl\":\"https:\\\/\\\/nbcs.mx\\\/wp-content\\\/uploads\\\/2024\\\/10\\\/CEMAC-y-Juzgado-Civico-de-La-Paz-formalizan-22-adopciones-responsables.jpg\",\"datePublished\":\"2024-10-30T03:30:18+00:00\",\"breadcrumb\":{\"@id\":\"https:\\\/\\\/nbcs.mx\\\/?p=142658#breadcrumb\"},\"inLanguage\":\"es\",\"potentialAction\":[{\"@type\":\"ReadAction\",\"target\":[\"https:\\\/\\\/nbcs.mx\\\/?p=142658\"]}]},{\"@type\":\"ImageObject\",\"inLanguage\":\"es\",\"@id\":\"https:\\\/\\\/nbcs.mx\\\/?p=142658#primaryimage\",\"url\":\"https:\\\/\\\/nbcs.mx\\\/wp-content\\\/uploads\\\/2024\\\/10\\\/CEMAC-y-Juzgado-Civico-de-La-Paz-formalizan-22-adopciones-responsables.jpg\",\"contentUrl\":\"https:\\\/\\\/nbcs.mx\\\/wp-content\\\/uploads\\\/2024\\\/10\\\/CEMAC-y-Juzgado-Civico-de-La-Paz-formalizan-22-adopciones-responsables.jpg\",\"width\":893,\"height\":768},{\"@type\":\"BreadcrumbList\",\"@id\":\"https:\\\/\\\/nbcs.mx\\\/?p=142658#breadcrumb\",\"itemListElement\":[{\"@type\":\"ListItem\",\"position\":1,\"name\":\"Portada\",\"item\":\"https:\\\/\\\/nbcs.mx\\\/\"},{\"@type\":\"ListItem\",\"position\":2,\"name\":\"CEMAC y Juzgado C\u00edvico de La Paz formalizan 22 adopciones responsables\"}]},{\"@type\":\"WebSite\",\"@id\":\"https:\\\/\\\/nbcs.mx\\\/#website\",\"url\":\"https:\\\/\\\/nbcs.mx\\\/\",\"name\":\"NBCS Noticias\",\"description\":\"Sitio web de noticias en Baja California Sur\",\"publisher\":{\"@id\":\"https:\\\/\\\/nbcs.mx\\\/#organization\"},\"potentialAction\":[{\"@type\":\"SearchAction\",\"target\":{\"@type\":\"EntryPoint\",\"urlTemplate\":\"https:\\\/\\\/nbcs.mx\\\/?s={search_term_string}\"},\"query-input\":{\"@type\":\"PropertyValueSpecification\",\"valueRequired\":true,\"valueName\":\"search_term_string\"}}],\"inLanguage\":\"es\"},{\"@type\":\"Organization\",\"@id\":\"https:\\\/\\\/nbcs.mx\\\/#organization\",\"name\":\"NBCS Noticias\",\"url\":\"https:\\\/\\\/nbcs.mx\\\/\",\"logo\":{\"@type\":\"ImageObject\",\"inLanguage\":\"es\",\"@id\":\"https:\\\/\\\/nbcs.mx\\\/#\\\/schema\\\/logo\\\/image\\\/\",\"url\":\"https:\\\/\\\/nbcs.mx\\\/wp-content\\\/uploads\\\/2018\\\/09\\\/057b69485e93575a5c2b1c1dde2dd297.jpeg\",\"contentUrl\":\"https:\\\/\\\/nbcs.mx\\\/wp-content\\\/uploads\\\/2018\\\/09\\\/057b69485e93575a5c2b1c1dde2dd297.jpeg\",\"width\":64,\"height\":64,\"caption\":\"NBCS Noticias\"},\"image\":{\"@id\":\"https:\\\/\\\/nbcs.mx\\\/#\\\/schema\\\/logo\\\/image\\\/\"},\"sameAs\":[\"https:\\\/\\\/www.facebook.com\\\/NBCSnoticias\",\"https:\\\/\\\/x.com\\\/NBCSnoticias\"]},{\"@type\":\"Person\",\"@id\":\"https:\\\/\\\/nbcs.mx\\\/#\\\/schema\\\/person\\\/ece58bab9a7c1e87a4d28ec9ecd79ff4\",\"name\":\"NBCS Noticias\",\"image\":{\"@type\":\"ImageObject\",\"inLanguage\":\"es\",\"@id\":\"https:\\\/\\\/secure.gravatar.com\\\/avatar\\\/4e52110cad1c4054b43271a0d14bbe9e2ea76aecd0e1097edfc670798d9ca1d4?s=96&d=blank&r=g\",\"url\":\"https:\\\/\\\/secure.gravatar.com\\\/avatar\\\/4e52110cad1c4054b43271a0d14bbe9e2ea76aecd0e1097edfc670798d9ca1d4?s=96&d=blank&r=g\",\"contentUrl\":\"https:\\\/\\\/secure.gravatar.com\\\/avatar\\\/4e52110cad1c4054b43271a0d14bbe9e2ea76aecd0e1097edfc670798d9ca1d4?s=96&d=blank&r=g\",\"caption\":\"NBCS Noticias\"},\"description\":\"\u00bfTienes fotos o video de alg\u00fan acto de posible negligencia, corrupci\u00f3n y abuso de autoridad? M\u00e1ndalo al WhatsApp de NBCS Noticias: 612 141 98 08\",\"sameAs\":[\"https:\\\/\\\/www.nbcs.mx\",\"https:\\\/\\\/www.facebook.com\\\/NBCSnoticias\",\"https:\\\/\\\/www.instagram.com\\\/nbcsnoticias\\\/\",\"https:\\\/\\\/x.com\\\/https:\\\/\\\/twitter.com\\\/NBCSnoticias\"]}]}<\/script>\n<!-- \/ Yoast SEO plugin. -->","yoast_head_json":{"title":"CEMAC y Juzgado C\u00edvico de La Paz formalizan 22 adopciones responsables - NBCS Noticias","robots":{"index":"index","follow":"follow","max-snippet":"max-snippet:-1","max-image-preview":"max-image-preview:large","max-video-preview":"max-video-preview:-1"},"canonical":"https:\/\/nbcs.mx\/?p=142658","og_locale":"es_ES","og_type":"article","og_title":"CEMAC y Juzgado C\u00edvico de La Paz formalizan 22 adopciones responsables - NBCS Noticias","og_description":"Derivado de los trabajos conjuntos del Centro Municipal de Atenci\u00f3n Canina (CEMAC) y el Juzgado C\u00edvico de La Paz, 22","og_url":"https:\/\/nbcs.mx\/?p=142658","og_site_name":"NBCS Noticias","article_publisher":"https:\/\/www.facebook.com\/NBCSnoticias","article_author":"https:\/\/www.facebook.com\/NBCSnoticias","article_published_time":"2024-10-30T03:30:18+00:00","og_image":[{"width":893,"height":768,"url":"https:\/\/nbcs.mx\/wp-content\/uploads\/2024\/10\/CEMAC-y-Juzgado-Civico-de-La-Paz-formalizan-22-adopciones-responsables.jpg","type":"image\/jpeg"}],"author":"NBCS Noticias","twitter_card":"summary_large_image","twitter_creator":"@https:\/\/twitter.com\/NBCSnoticias","twitter_site":"@NBCSnoticias","twitter_misc":{"Escrito por":"NBCS Noticias","Tiempo de lectura":"2 minutos"},"schema":{"@context":"https:\/\/schema.org","@graph":[{"@type":"Article","@id":"https:\/\/nbcs.mx\/?p=142658#article","isPartOf":{"@id":"https:\/\/nbcs.mx\/?p=142658"},"author":{"name":"NBCS Noticias","@id":"https:\/\/nbcs.mx\/#\/schema\/person\/ece58bab9a7c1e87a4d28ec9ecd79ff4"},"headline":"CEMAC y Juzgado C\u00edvico de La Paz formalizan 22 adopciones responsables","datePublished":"2024-10-30T03:30:18+00:00","mainEntityOfPage":{"@id":"https:\/\/nbcs.mx\/?p=142658"},"wordCount":229,"commentCount":0,"publisher":{"@id":"https:\/\/nbcs.mx\/#organization"},"image":{"@id":"https:\/\/nbcs.mx\/?p=142658#primaryimage"},"thumbnailUrl":"https:\/\/nbcs.mx\/wp-content\/uploads\/2024\/10\/CEMAC-y-Juzgado-Civico-de-La-Paz-formalizan-22-adopciones-responsables.jpg","articleSection":["Municipios"],"inLanguage":"es","potentialAction":[{"@type":"CommentAction","name":"Comment","target":["https:\/\/nbcs.mx\/?p=142658#respond"]}]},{"@type":"WebPage","@id":"https:\/\/nbcs.mx\/?p=142658","url":"https:\/\/nbcs.mx\/?p=142658","name":"CEMAC y Juzgado C\u00edvico de La Paz formalizan 22 adopciones responsables - NBCS Noticias","isPartOf":{"@id":"https:\/\/nbcs.mx\/#website"},"primaryImageOfPage":{"@id":"https:\/\/nbcs.mx\/?p=142658#primaryimage"},"image":{"@id":"https:\/\/nbcs.mx\/?p=142658#primaryimage"},"thumbnailUrl":"https:\/\/nbcs.mx\/wp-content\/uploads\/2024\/10\/CEMAC-y-Juzgado-Civico-de-La-Paz-formalizan-22-adopciones-responsables.jpg","datePublished":"2024-10-30T03:30:18+00:00","breadcrumb":{"@id":"https:\/\/nbcs.mx\/?p=142658#breadcrumb"},"inLanguage":"es","potentialAction":[{"@type":"ReadAction","target":["https:\/\/nbcs.mx\/?p=142658"]}]},{"@type":"ImageObject","inLanguage":"es","@id":"https:\/\/nbcs.mx\/?p=142658#primaryimage","url":"https:\/\/nbcs.mx\/wp-content\/uploads\/2024\/10\/CEMAC-y-Juzgado-Civico-de-La-Paz-formalizan-22-adopciones-responsables.jpg","contentUrl":"https:\/\/nbcs.mx\/wp-content\/uploads\/2024\/10\/CEMAC-y-Juzgado-Civico-de-La-Paz-formalizan-22-adopciones-responsables.jpg","width":893,"height":768},{"@type":"BreadcrumbList","@id":"https:\/\/nbcs.mx\/?p=142658#breadcrumb","itemListElement":[{"@type":"ListItem","position":1,"name":"Portada","item":"https:\/\/nbcs.mx\/"},{"@type":"ListItem","position":2,"name":"CEMAC y Juzgado C\u00edvico de La Paz formalizan 22 adopciones responsables"}]},{"@type":"WebSite","@id":"https:\/\/nbcs.mx\/#website","url":"https:\/\/nbcs.mx\/","name":"NBCS Noticias","description":"Sitio web de noticias en Baja California Sur","publisher":{"@id":"https:\/\/nbcs.mx\/#organization"},"potentialAction":[{"@type":"SearchAction","target":{"@type":"EntryPoint","urlTemplate":"https:\/\/nbcs.mx\/?s={search_term_string}"},"query-input":{"@type":"PropertyValueSpecification","valueRequired":true,"valueName":"search_term_string"}}],"inLanguage":"es"},{"@type":"Organization","@id":"https:\/\/nbcs.mx\/#organization","name":"NBCS Noticias","url":"https:\/\/nbcs.mx\/","logo":{"@type":"ImageObject","inLanguage":"es","@id":"https:\/\/nbcs.mx\/#\/schema\/logo\/image\/","url":"https:\/\/nbcs.mx\/wp-content\/uploads\/2018\/09\/057b69485e93575a5c2b1c1dde2dd297.jpeg","contentUrl":"https:\/\/nbcs.mx\/wp-content\/uploads\/2018\/09\/057b69485e93575a5c2b1c1dde2dd297.jpeg","width":64,"height":64,"caption":"NBCS Noticias"},"image":{"@id":"https:\/\/nbcs.mx\/#\/schema\/logo\/image\/"},"sameAs":["https:\/\/www.facebook.com\/NBCSnoticias","https:\/\/x.com\/NBCSnoticias"]},{"@type":"Person","@id":"https:\/\/nbcs.mx\/#\/schema\/person\/ece58bab9a7c1e87a4d28ec9ecd79ff4","name":"NBCS Noticias","image":{"@type":"ImageObject","inLanguage":"es","@id":"https:\/\/secure.gravatar.com\/avatar\/4e52110cad1c4054b43271a0d14bbe9e2ea76aecd0e1097edfc670798d9ca1d4?s=96&d=blank&r=g","url":"https:\/\/secure.gravatar.com\/avatar\/4e52110cad1c4054b43271a0d14bbe9e2ea76aecd0e1097edfc670798d9ca1d4?s=96&d=blank&r=g","contentUrl":"https:\/\/secure.gravatar.com\/avatar\/4e52110cad1c4054b43271a0d14bbe9e2ea76aecd0e1097edfc670798d9ca1d4?s=96&d=blank&r=g","caption":"NBCS Noticias"},"description":"\u00bfTienes fotos o video de alg\u00fan acto de posible negligencia, corrupci\u00f3n y abuso de autoridad? M\u00e1ndalo al WhatsApp de NBCS Noticias: 612 141 98 08","sameAs":["https:\/\/www.nbcs.mx","https:\/\/www.facebook.com\/NBCSnoticias","https:\/\/www.instagram.com\/nbcsnoticias\/","https:\/\/x.com\/https:\/\/twitter.com\/NBCSnoticias"]}]}},"jetpack_publicize_connections":[],"jetpack_featured_media_url":"https:\/\/nbcs.mx\/wp-content\/uploads\/2024\/10\/CEMAC-y-Juzgado-Civico-de-La-Paz-formalizan-22-adopciones-responsables.jpg","jetpack_sharing_enabled":true,"_links":{"self":[{"href":"https:\/\/nbcs.mx\/index.php?rest_route=\/wp\/v2\/posts\/142658","targetHints":{"allow":["GET"]}}],"collection":[{"href":"https:\/\/nbcs.mx\/index.php?rest_route=\/wp\/v2\/posts"}],"about":[{"href":"https:\/\/nbcs.mx\/index.php?rest_route=\/wp\/v2\/types\/post"}],"author":[{"embeddable":true,"href":"https:\/\/nbcs.mx\/index.php?rest_route=\/wp\/v2\/users\/1"}],"replies":[{"embeddable":true,"href":"https:\/\/nbcs.mx\/index.php?rest_route=%2Fwp%2Fv2%2Fcomments&post=142658"}],"version-history":[{"count":1,"href":"https:\/\/nbcs.mx\/index.php?rest_route=\/wp\/v2\/posts\/142658\/revisions"}],"predecessor-version":[{"id":142660,"href":"https:\/\/nbcs.mx\/index.php?rest_route=\/wp\/v2\/posts\/142658\/revisions\/142660"}],"wp:featuredmedia":[{"embeddable":true,"href":"https:\/\/nbcs.mx\/index.php?rest_route=\/wp\/v2\/media\/142659"}],"wp:attachment":[{"href":"https:\/\/nbcs.mx\/index.php?rest_route=%2Fwp%2Fv2%2Fmedia&parent=142658"}],"wp:term":[{"taxonomy":"category","embeddable":true,"href":"https:\/\/nbcs.mx\/index.php?rest_route=%2Fwp%2Fv2%2Fcategories&post=142658"},{"taxonomy":"post_tag","embeddable":true,"href":"https:\/\/nbcs.mx\/index.php?rest_route=%2Fwp%2Fv2%2Ftags&post=142658"}],"curies":[{"name":"wp","href":"https:\/\/api.w.org\/{rel}","templated":true}]}}