{"id":143061,"date":"2024-11-09T11:55:10","date_gmt":"2024-11-09T18:55:10","guid":{"rendered":"https:\/\/nbcs.mx\/?p=143061"},"modified":"2024-11-09T11:55:10","modified_gmt":"2024-11-09T18:55:10","slug":"14-de-noviembre-reunion-publica-informativa-sobre-actualizacion-del-plan-subregional-de-desarrollo-urbano-en-loreto","status":"publish","type":"post","link":"https:\/\/nbcs.mx\/?p=143061","title":{"rendered":"14 de noviembre, reuni\u00f3n p\u00fablica informativa sobre actualizaci\u00f3n del plan Subregional de Desarrollo Urbano en Loreto"},"content":{"rendered":"<p style=\"font-weight: 400; text-align: justify;\"><img loading=\"lazy\" decoding=\"async\" class=\" wp-image-143063 alignleft\" src=\"https:\/\/nbcs.mx\/wp-content\/uploads\/2024\/11\/Reunion-PSDU-654x492.jpg\" alt=\"\" width=\"342\" height=\"257\" srcset=\"https:\/\/nbcs.mx\/wp-content\/uploads\/2024\/11\/Reunion-PSDU-654x492.jpg 654w, https:\/\/nbcs.mx\/wp-content\/uploads\/2024\/11\/Reunion-PSDU-1024x770.jpg 1024w, https:\/\/nbcs.mx\/wp-content\/uploads\/2024\/11\/Reunion-PSDU-150x113.jpg 150w, https:\/\/nbcs.mx\/wp-content\/uploads\/2024\/11\/Reunion-PSDU-768x578.jpg 768w, https:\/\/nbcs.mx\/wp-content\/uploads\/2024\/11\/Reunion-PSDU.jpg 1280w\" sizes=\"auto, (max-width: 342px) 100vw, 342px\" \/>El Lic. Dar\u00edo Davis Garayzar, Secretario de Bienestar y Desarrollo Econ\u00f3mico del H. XI Ayuntamiento de Loreto, anunci\u00f3 recientemente que para la tarde del pr\u00f3ximo d\u00eda Jueves 14 de noviembre del a\u00f1o en curso, se realizar\u00e1 reuni\u00f3n informativa p\u00fablica sobre los avances, las propuestas recibidas y las modificaciones realizadas para la actualizaci\u00f3n del Plan Subregional de Desarrollo Urbano que comprende el corredor Loreto-Nopol\u00f3-Notr\u00ed-Puerto-Escondido-Lig\u00fc\u00ed-Ensenada Blanca; la reuni\u00f3n se estar\u00e1 realizado en las instalaciones de Eco-Alianza de Loreto A.C. quedando por confirmar previo aviso, la hora precisa de la reuni\u00f3n.<\/p>\n<p style=\"font-weight: 400; text-align: justify;\">El funcionario municipal mencion\u00f3 que, en la administraci\u00f3n anterior el plazo acordado para la realizaci\u00f3n de las 3 mesas de trabajo y recepci\u00f3n de propuestas que marca la ley y la posterior actualizaci\u00f3n del PSDU era de 45 d\u00edas, periodo que result\u00f3 insuficiente por la falta de difusi\u00f3n y porque debido a la premura, se corr\u00eda el riesgo de tomar decisiones incorrectas que lejos de beneficiar, pod\u00edan tener un efecto contrario en las comunidades que integran el corredor.<\/p>\n<p style=\"font-weight: 400; text-align: justify;\">En consecuencia el Secretario de Bienestar y Desarrollo Econ\u00f3mico agreg\u00f3 que, atendiendo instrucciones de la Licenciada Paz del Alma Ochoa Amador, en aquel momento, en calidad de Virtual Presidenta Municipal Electa, se dieron a la tarea\u00a0 de gestionar como administraci\u00f3n municipal entrante, una extensi\u00f3n del plazo m\u00e1ximo de 120 d\u00edas, de manera que se aplicaran una mayor cantidad de mesas de di\u00e1logo, en donde se consideraran las propuestas de la ciudadan\u00eda, los distintos sectores sociales y econ\u00f3micos, la asesor\u00eda de\u00a0 profesionales, ecologistas y expertos en el tema, incluyendo la participaci\u00f3n adem\u00e1s de integrantes del Ejido Loreto.<\/p>\n<p style=\"font-weight: 400; text-align: justify;\">De esta manera Davis Garayzar abund\u00f3 que, de las reuniones celebradas en conjunto con la administraci\u00f3n anterior, una vez que entr\u00f3 en funciones el H. Xi Ayuntamiento, se han llevado a cabo tres mesas de trabajo m\u00e1s y en la pr\u00f3xima semana se estar\u00e1n dando otras dos adicionales, pr\u00e1cticamente para la afinaci\u00f3n de los \u00faltimos detalles. Al respecto dijo: \u201cHemos continuado con los di\u00e1logos en mesas de trabajo realizadas con distintos sectores y expertos en el tema para alcanzar acuerdos consensuados, buscando siempre el crecimiento econ\u00f3mico y el desarrollo social, pero anteponiendo el cuidado del medio ambiente y la sustentabilidad\u201d mencion\u00f3.<\/p>\n<p style=\"font-weight: 400; text-align: justify;\">Finalmente el Secretario de Bienestar y Desarrollo Econ\u00f3mico del H. XI Ayuntamiento de Loreto, aprovech\u00f3 para recordar a la ciudadan\u00eda que el pr\u00f3ximo d\u00eda 25 de noviembre vence el plazo para la recepci\u00f3n de propuestas, y a partir de esa fecha se cuenta con un per\u00edodo de 30 d\u00edas para informar y dar respuesta a quienes acudieron a las mesas de trabajo para presentar sus inquietudes, su problem\u00e1tica o cualquier otra situaci\u00f3n relacionada con la actualizaci\u00f3n del Plan Subregional de Desarrollo Municipal.<\/p>\n<p style=\"font-weight: 400; text-align: justify;\">\n","protected":false},"excerpt":{"rendered":"<p>El Lic. Dar\u00edo Davis Garayzar, Secretario de Bienestar y Desarrollo Econ\u00f3mico del H. XI Ayuntamiento de Loreto, anunci\u00f3 recientemente que<\/p>\n","protected":false},"author":1,"featured_media":143063,"comment_status":"open","ping_status":"closed","sticky":false,"template":"","format":"standard","meta":{"colormag_page_container_layout":"default_layout","colormag_page_sidebar_layout":"default_layout","_jetpack_memberships_contains_paid_content":false,"footnotes":"","jetpack_publicize_message":"","jetpack_publicize_feature_enabled":true,"jetpack_social_post_already_shared":true,"jetpack_social_options":{"image_generator_settings":{"template":"highway","default_image_id":0,"font":"","enabled":false},"version":2}},"categories":[40],"tags":[],"class_list":["post-143061","post","type-post","status-publish","format-standard","has-post-thumbnail","hentry","category-municipios"],"yoast_head":"<!-- This site is optimized with the Yoast SEO plugin v27.4 - https:\/\/yoast.com\/product\/yoast-seo-wordpress\/ -->\n<title>14 de noviembre, reuni\u00f3n p\u00fablica informativa sobre actualizaci\u00f3n del plan Subregional de Desarrollo Urbano en Loreto - NBCS Noticias<\/title>\n<meta name=\"robots\" content=\"index, follow, max-snippet:-1, max-image-preview:large, max-video-preview:-1\" \/>\n<link rel=\"canonical\" href=\"https:\/\/nbcs.mx\/?p=143061\" \/>\n<meta property=\"og:locale\" content=\"es_ES\" \/>\n<meta property=\"og:type\" content=\"article\" \/>\n<meta property=\"og:title\" content=\"14 de noviembre, reuni\u00f3n p\u00fablica informativa sobre actualizaci\u00f3n del plan Subregional de Desarrollo Urbano en Loreto - NBCS Noticias\" \/>\n<meta property=\"og:description\" content=\"El Lic. Dar\u00edo Davis Garayzar, Secretario de Bienestar y Desarrollo Econ\u00f3mico del H. XI Ayuntamiento de Loreto, anunci\u00f3 recientemente que\" \/>\n<meta property=\"og:url\" content=\"https:\/\/nbcs.mx\/?p=143061\" \/>\n<meta property=\"og:site_name\" content=\"NBCS Noticias\" \/>\n<meta property=\"article:publisher\" content=\"https:\/\/www.facebook.com\/NBCSnoticias\" \/>\n<meta property=\"article:author\" content=\"https:\/\/www.facebook.com\/NBCSnoticias\" \/>\n<meta property=\"article:published_time\" content=\"2024-11-09T18:55:10+00:00\" \/>\n<meta property=\"og:image\" content=\"https:\/\/nbcs.mx\/wp-content\/uploads\/2024\/11\/Reunion-PSDU.jpg\" \/>\n\t<meta property=\"og:image:width\" content=\"1280\" \/>\n\t<meta property=\"og:image:height\" content=\"963\" \/>\n\t<meta property=\"og:image:type\" content=\"image\/jpeg\" \/>\n<meta name=\"author\" content=\"NBCS Noticias\" \/>\n<meta name=\"twitter:card\" content=\"summary_large_image\" \/>\n<meta name=\"twitter:creator\" content=\"@https:\/\/twitter.com\/NBCSnoticias\" \/>\n<meta name=\"twitter:site\" content=\"@NBCSnoticias\" \/>\n<meta name=\"twitter:label1\" content=\"Escrito por\" \/>\n\t<meta name=\"twitter:data1\" content=\"NBCS Noticias\" \/>\n\t<meta name=\"twitter:label2\" content=\"Tiempo de lectura\" \/>\n\t<meta name=\"twitter:data2\" content=\"3 minutos\" \/>\n<script type=\"application\/ld+json\" class=\"yoast-schema-graph\">{\"@context\":\"https:\\\/\\\/schema.org\",\"@graph\":[{\"@type\":\"Article\",\"@id\":\"https:\\\/\\\/nbcs.mx\\\/?p=143061#article\",\"isPartOf\":{\"@id\":\"https:\\\/\\\/nbcs.mx\\\/?p=143061\"},\"author\":{\"name\":\"NBCS Noticias\",\"@id\":\"https:\\\/\\\/nbcs.mx\\\/#\\\/schema\\\/person\\\/ece58bab9a7c1e87a4d28ec9ecd79ff4\"},\"headline\":\"14 de noviembre, reuni\u00f3n p\u00fablica informativa sobre actualizaci\u00f3n del plan Subregional de Desarrollo Urbano en Loreto\",\"datePublished\":\"2024-11-09T18:55:10+00:00\",\"mainEntityOfPage\":{\"@id\":\"https:\\\/\\\/nbcs.mx\\\/?p=143061\"},\"wordCount\":508,\"commentCount\":0,\"publisher\":{\"@id\":\"https:\\\/\\\/nbcs.mx\\\/#organization\"},\"image\":{\"@id\":\"https:\\\/\\\/nbcs.mx\\\/?p=143061#primaryimage\"},\"thumbnailUrl\":\"https:\\\/\\\/nbcs.mx\\\/wp-content\\\/uploads\\\/2024\\\/11\\\/Reunion-PSDU.jpg\",\"articleSection\":[\"Municipios\"],\"inLanguage\":\"es\",\"potentialAction\":[{\"@type\":\"CommentAction\",\"name\":\"Comment\",\"target\":[\"https:\\\/\\\/nbcs.mx\\\/?p=143061#respond\"]}]},{\"@type\":\"WebPage\",\"@id\":\"https:\\\/\\\/nbcs.mx\\\/?p=143061\",\"url\":\"https:\\\/\\\/nbcs.mx\\\/?p=143061\",\"name\":\"14 de noviembre, reuni\u00f3n p\u00fablica informativa sobre actualizaci\u00f3n del plan Subregional de Desarrollo Urbano en Loreto - NBCS Noticias\",\"isPartOf\":{\"@id\":\"https:\\\/\\\/nbcs.mx\\\/#website\"},\"primaryImageOfPage\":{\"@id\":\"https:\\\/\\\/nbcs.mx\\\/?p=143061#primaryimage\"},\"image\":{\"@id\":\"https:\\\/\\\/nbcs.mx\\\/?p=143061#primaryimage\"},\"thumbnailUrl\":\"https:\\\/\\\/nbcs.mx\\\/wp-content\\\/uploads\\\/2024\\\/11\\\/Reunion-PSDU.jpg\",\"datePublished\":\"2024-11-09T18:55:10+00:00\",\"breadcrumb\":{\"@id\":\"https:\\\/\\\/nbcs.mx\\\/?p=143061#breadcrumb\"},\"inLanguage\":\"es\",\"potentialAction\":[{\"@type\":\"ReadAction\",\"target\":[\"https:\\\/\\\/nbcs.mx\\\/?p=143061\"]}]},{\"@type\":\"ImageObject\",\"inLanguage\":\"es\",\"@id\":\"https:\\\/\\\/nbcs.mx\\\/?p=143061#primaryimage\",\"url\":\"https:\\\/\\\/nbcs.mx\\\/wp-content\\\/uploads\\\/2024\\\/11\\\/Reunion-PSDU.jpg\",\"contentUrl\":\"https:\\\/\\\/nbcs.mx\\\/wp-content\\\/uploads\\\/2024\\\/11\\\/Reunion-PSDU.jpg\",\"width\":1280,\"height\":963},{\"@type\":\"BreadcrumbList\",\"@id\":\"https:\\\/\\\/nbcs.mx\\\/?p=143061#breadcrumb\",\"itemListElement\":[{\"@type\":\"ListItem\",\"position\":1,\"name\":\"Portada\",\"item\":\"https:\\\/\\\/nbcs.mx\\\/\"},{\"@type\":\"ListItem\",\"position\":2,\"name\":\"14 de noviembre, reuni\u00f3n p\u00fablica informativa sobre actualizaci\u00f3n del plan Subregional de Desarrollo Urbano en Loreto\"}]},{\"@type\":\"WebSite\",\"@id\":\"https:\\\/\\\/nbcs.mx\\\/#website\",\"url\":\"https:\\\/\\\/nbcs.mx\\\/\",\"name\":\"NBCS Noticias\",\"description\":\"Sitio web de noticias en Baja California Sur\",\"publisher\":{\"@id\":\"https:\\\/\\\/nbcs.mx\\\/#organization\"},\"potentialAction\":[{\"@type\":\"SearchAction\",\"target\":{\"@type\":\"EntryPoint\",\"urlTemplate\":\"https:\\\/\\\/nbcs.mx\\\/?s={search_term_string}\"},\"query-input\":{\"@type\":\"PropertyValueSpecification\",\"valueRequired\":true,\"valueName\":\"search_term_string\"}}],\"inLanguage\":\"es\"},{\"@type\":\"Organization\",\"@id\":\"https:\\\/\\\/nbcs.mx\\\/#organization\",\"name\":\"NBCS Noticias\",\"url\":\"https:\\\/\\\/nbcs.mx\\\/\",\"logo\":{\"@type\":\"ImageObject\",\"inLanguage\":\"es\",\"@id\":\"https:\\\/\\\/nbcs.mx\\\/#\\\/schema\\\/logo\\\/image\\\/\",\"url\":\"https:\\\/\\\/nbcs.mx\\\/wp-content\\\/uploads\\\/2018\\\/09\\\/057b69485e93575a5c2b1c1dde2dd297.jpeg\",\"contentUrl\":\"https:\\\/\\\/nbcs.mx\\\/wp-content\\\/uploads\\\/2018\\\/09\\\/057b69485e93575a5c2b1c1dde2dd297.jpeg\",\"width\":64,\"height\":64,\"caption\":\"NBCS Noticias\"},\"image\":{\"@id\":\"https:\\\/\\\/nbcs.mx\\\/#\\\/schema\\\/logo\\\/image\\\/\"},\"sameAs\":[\"https:\\\/\\\/www.facebook.com\\\/NBCSnoticias\",\"https:\\\/\\\/x.com\\\/NBCSnoticias\"]},{\"@type\":\"Person\",\"@id\":\"https:\\\/\\\/nbcs.mx\\\/#\\\/schema\\\/person\\\/ece58bab9a7c1e87a4d28ec9ecd79ff4\",\"name\":\"NBCS Noticias\",\"image\":{\"@type\":\"ImageObject\",\"inLanguage\":\"es\",\"@id\":\"https:\\\/\\\/secure.gravatar.com\\\/avatar\\\/4e52110cad1c4054b43271a0d14bbe9e2ea76aecd0e1097edfc670798d9ca1d4?s=96&d=blank&r=g\",\"url\":\"https:\\\/\\\/secure.gravatar.com\\\/avatar\\\/4e52110cad1c4054b43271a0d14bbe9e2ea76aecd0e1097edfc670798d9ca1d4?s=96&d=blank&r=g\",\"contentUrl\":\"https:\\\/\\\/secure.gravatar.com\\\/avatar\\\/4e52110cad1c4054b43271a0d14bbe9e2ea76aecd0e1097edfc670798d9ca1d4?s=96&d=blank&r=g\",\"caption\":\"NBCS Noticias\"},\"description\":\"\u00bfTienes fotos o video de alg\u00fan acto de posible negligencia, corrupci\u00f3n y abuso de autoridad? M\u00e1ndalo al WhatsApp de NBCS Noticias: 612 141 98 08\",\"sameAs\":[\"https:\\\/\\\/www.nbcs.mx\",\"https:\\\/\\\/www.facebook.com\\\/NBCSnoticias\",\"https:\\\/\\\/www.instagram.com\\\/nbcsnoticias\\\/\",\"https:\\\/\\\/x.com\\\/https:\\\/\\\/twitter.com\\\/NBCSnoticias\"]}]}<\/script>\n<!-- \/ Yoast SEO plugin. -->","yoast_head_json":{"title":"14 de noviembre, reuni\u00f3n p\u00fablica informativa sobre actualizaci\u00f3n del plan Subregional de Desarrollo Urbano en Loreto - NBCS Noticias","robots":{"index":"index","follow":"follow","max-snippet":"max-snippet:-1","max-image-preview":"max-image-preview:large","max-video-preview":"max-video-preview:-1"},"canonical":"https:\/\/nbcs.mx\/?p=143061","og_locale":"es_ES","og_type":"article","og_title":"14 de noviembre, reuni\u00f3n p\u00fablica informativa sobre actualizaci\u00f3n del plan Subregional de Desarrollo Urbano en Loreto - NBCS Noticias","og_description":"El Lic. Dar\u00edo Davis Garayzar, Secretario de Bienestar y Desarrollo Econ\u00f3mico del H. XI Ayuntamiento de Loreto, anunci\u00f3 recientemente que","og_url":"https:\/\/nbcs.mx\/?p=143061","og_site_name":"NBCS Noticias","article_publisher":"https:\/\/www.facebook.com\/NBCSnoticias","article_author":"https:\/\/www.facebook.com\/NBCSnoticias","article_published_time":"2024-11-09T18:55:10+00:00","og_image":[{"width":1280,"height":963,"url":"https:\/\/nbcs.mx\/wp-content\/uploads\/2024\/11\/Reunion-PSDU.jpg","type":"image\/jpeg"}],"author":"NBCS Noticias","twitter_card":"summary_large_image","twitter_creator":"@https:\/\/twitter.com\/NBCSnoticias","twitter_site":"@NBCSnoticias","twitter_misc":{"Escrito por":"NBCS Noticias","Tiempo de lectura":"3 minutos"},"schema":{"@context":"https:\/\/schema.org","@graph":[{"@type":"Article","@id":"https:\/\/nbcs.mx\/?p=143061#article","isPartOf":{"@id":"https:\/\/nbcs.mx\/?p=143061"},"author":{"name":"NBCS Noticias","@id":"https:\/\/nbcs.mx\/#\/schema\/person\/ece58bab9a7c1e87a4d28ec9ecd79ff4"},"headline":"14 de noviembre, reuni\u00f3n p\u00fablica informativa sobre actualizaci\u00f3n del plan Subregional de Desarrollo Urbano en Loreto","datePublished":"2024-11-09T18:55:10+00:00","mainEntityOfPage":{"@id":"https:\/\/nbcs.mx\/?p=143061"},"wordCount":508,"commentCount":0,"publisher":{"@id":"https:\/\/nbcs.mx\/#organization"},"image":{"@id":"https:\/\/nbcs.mx\/?p=143061#primaryimage"},"thumbnailUrl":"https:\/\/nbcs.mx\/wp-content\/uploads\/2024\/11\/Reunion-PSDU.jpg","articleSection":["Municipios"],"inLanguage":"es","potentialAction":[{"@type":"CommentAction","name":"Comment","target":["https:\/\/nbcs.mx\/?p=143061#respond"]}]},{"@type":"WebPage","@id":"https:\/\/nbcs.mx\/?p=143061","url":"https:\/\/nbcs.mx\/?p=143061","name":"14 de noviembre, reuni\u00f3n p\u00fablica informativa sobre actualizaci\u00f3n del plan Subregional de Desarrollo Urbano en Loreto - NBCS Noticias","isPartOf":{"@id":"https:\/\/nbcs.mx\/#website"},"primaryImageOfPage":{"@id":"https:\/\/nbcs.mx\/?p=143061#primaryimage"},"image":{"@id":"https:\/\/nbcs.mx\/?p=143061#primaryimage"},"thumbnailUrl":"https:\/\/nbcs.mx\/wp-content\/uploads\/2024\/11\/Reunion-PSDU.jpg","datePublished":"2024-11-09T18:55:10+00:00","breadcrumb":{"@id":"https:\/\/nbcs.mx\/?p=143061#breadcrumb"},"inLanguage":"es","potentialAction":[{"@type":"ReadAction","target":["https:\/\/nbcs.mx\/?p=143061"]}]},{"@type":"ImageObject","inLanguage":"es","@id":"https:\/\/nbcs.mx\/?p=143061#primaryimage","url":"https:\/\/nbcs.mx\/wp-content\/uploads\/2024\/11\/Reunion-PSDU.jpg","contentUrl":"https:\/\/nbcs.mx\/wp-content\/uploads\/2024\/11\/Reunion-PSDU.jpg","width":1280,"height":963},{"@type":"BreadcrumbList","@id":"https:\/\/nbcs.mx\/?p=143061#breadcrumb","itemListElement":[{"@type":"ListItem","position":1,"name":"Portada","item":"https:\/\/nbcs.mx\/"},{"@type":"ListItem","position":2,"name":"14 de noviembre, reuni\u00f3n p\u00fablica informativa sobre actualizaci\u00f3n del plan Subregional de Desarrollo Urbano en Loreto"}]},{"@type":"WebSite","@id":"https:\/\/nbcs.mx\/#website","url":"https:\/\/nbcs.mx\/","name":"NBCS Noticias","description":"Sitio web de noticias en Baja California Sur","publisher":{"@id":"https:\/\/nbcs.mx\/#organization"},"potentialAction":[{"@type":"SearchAction","target":{"@type":"EntryPoint","urlTemplate":"https:\/\/nbcs.mx\/?s={search_term_string}"},"query-input":{"@type":"PropertyValueSpecification","valueRequired":true,"valueName":"search_term_string"}}],"inLanguage":"es"},{"@type":"Organization","@id":"https:\/\/nbcs.mx\/#organization","name":"NBCS Noticias","url":"https:\/\/nbcs.mx\/","logo":{"@type":"ImageObject","inLanguage":"es","@id":"https:\/\/nbcs.mx\/#\/schema\/logo\/image\/","url":"https:\/\/nbcs.mx\/wp-content\/uploads\/2018\/09\/057b69485e93575a5c2b1c1dde2dd297.jpeg","contentUrl":"https:\/\/nbcs.mx\/wp-content\/uploads\/2018\/09\/057b69485e93575a5c2b1c1dde2dd297.jpeg","width":64,"height":64,"caption":"NBCS Noticias"},"image":{"@id":"https:\/\/nbcs.mx\/#\/schema\/logo\/image\/"},"sameAs":["https:\/\/www.facebook.com\/NBCSnoticias","https:\/\/x.com\/NBCSnoticias"]},{"@type":"Person","@id":"https:\/\/nbcs.mx\/#\/schema\/person\/ece58bab9a7c1e87a4d28ec9ecd79ff4","name":"NBCS Noticias","image":{"@type":"ImageObject","inLanguage":"es","@id":"https:\/\/secure.gravatar.com\/avatar\/4e52110cad1c4054b43271a0d14bbe9e2ea76aecd0e1097edfc670798d9ca1d4?s=96&d=blank&r=g","url":"https:\/\/secure.gravatar.com\/avatar\/4e52110cad1c4054b43271a0d14bbe9e2ea76aecd0e1097edfc670798d9ca1d4?s=96&d=blank&r=g","contentUrl":"https:\/\/secure.gravatar.com\/avatar\/4e52110cad1c4054b43271a0d14bbe9e2ea76aecd0e1097edfc670798d9ca1d4?s=96&d=blank&r=g","caption":"NBCS Noticias"},"description":"\u00bfTienes fotos o video de alg\u00fan acto de posible negligencia, corrupci\u00f3n y abuso de autoridad? M\u00e1ndalo al WhatsApp de NBCS Noticias: 612 141 98 08","sameAs":["https:\/\/www.nbcs.mx","https:\/\/www.facebook.com\/NBCSnoticias","https:\/\/www.instagram.com\/nbcsnoticias\/","https:\/\/x.com\/https:\/\/twitter.com\/NBCSnoticias"]}]}},"jetpack_publicize_connections":[],"jetpack_featured_media_url":"https:\/\/nbcs.mx\/wp-content\/uploads\/2024\/11\/Reunion-PSDU.jpg","jetpack_sharing_enabled":true,"_links":{"self":[{"href":"https:\/\/nbcs.mx\/index.php?rest_route=\/wp\/v2\/posts\/143061","targetHints":{"allow":["GET"]}}],"collection":[{"href":"https:\/\/nbcs.mx\/index.php?rest_route=\/wp\/v2\/posts"}],"about":[{"href":"https:\/\/nbcs.mx\/index.php?rest_route=\/wp\/v2\/types\/post"}],"author":[{"embeddable":true,"href":"https:\/\/nbcs.mx\/index.php?rest_route=\/wp\/v2\/users\/1"}],"replies":[{"embeddable":true,"href":"https:\/\/nbcs.mx\/index.php?rest_route=%2Fwp%2Fv2%2Fcomments&post=143061"}],"version-history":[{"count":1,"href":"https:\/\/nbcs.mx\/index.php?rest_route=\/wp\/v2\/posts\/143061\/revisions"}],"predecessor-version":[{"id":143064,"href":"https:\/\/nbcs.mx\/index.php?rest_route=\/wp\/v2\/posts\/143061\/revisions\/143064"}],"wp:featuredmedia":[{"embeddable":true,"href":"https:\/\/nbcs.mx\/index.php?rest_route=\/wp\/v2\/media\/143063"}],"wp:attachment":[{"href":"https:\/\/nbcs.mx\/index.php?rest_route=%2Fwp%2Fv2%2Fmedia&parent=143061"}],"wp:term":[{"taxonomy":"category","embeddable":true,"href":"https:\/\/nbcs.mx\/index.php?rest_route=%2Fwp%2Fv2%2Fcategories&post=143061"},{"taxonomy":"post_tag","embeddable":true,"href":"https:\/\/nbcs.mx\/index.php?rest_route=%2Fwp%2Fv2%2Ftags&post=143061"}],"curies":[{"name":"wp","href":"https:\/\/api.w.org\/{rel}","templated":true}]}}